{"id":137355,"date":"2019-04-15T13:18:09","date_gmt":"2019-04-15T10:18:09","guid":{"rendered":"http:\/\/www.tvturk.com\/index.php\/sehidin-silah-arkadaslarindan-vefa-ornegi\/"},"modified":"2019-04-15T13:18:15","modified_gmt":"2019-04-15T10:18:15","slug":"sehidin-silah-arkadaslarindan-vefa-ornegi","status":"publish","type":"post","link":"http:\/\/www.tvturk.com\/index.php\/sehidin-silah-arkadaslarindan-vefa-ornegi\/","title":{"rendered":"\u015eehidin silah arkada\u015flar\u0131ndan vefa \u00f6rne\u011fi"},"content":{"rendered":"<p>ZONGULDAK (\u0130HA) \u2013 \u015e\u0131rnak Cizre\u2019de F\u0131nd\u0131k Tabrunda askerlik yapan ve b\u00f6l\u00fcc\u00fc ter\u00f6r \u00f6rg\u00fctleriyle girdi\u011fi silahl\u0131 \u00e7at\u0131\u015fmada \u015fehit olan Piyade Er \u015eehit \u0130zzet Demircan\u2019a asker arkada\u015flar\u0131 mezar\u0131na ziyarette bulundu.<\/p>\n<p>1995-1996 y\u0131llar\u0131 aras\u0131nda \u015e\u0131rnak \u0130linin Cizre \u0130l\u00e7esi\u2019nde Gabar Da\u011f\u0131 eteklerinde F\u0131nd\u0131k Taburun da askerlik yapt\u0131\u011f\u0131 s\u0131rada b\u00f6l\u00fcc\u00fc ter\u00f6r \u00f6rg\u00fctleriyle girdi\u011fi silahl\u0131 \u00e7at\u0131\u015fmada \u015fehit olan Piyade Er \u015eehit \u0130zzet Demircan\u2019a asker arkada\u015flar\u0131 memleketi Zonguldak\u2019ta bulunan mezar\u0131na ziyarette bulundu. Zonguldak\u2019\u0131n \u00c7aycuma \u0130l\u00e7esi\u2019nde \u015eehit \u0130zzet Demircan 23 y\u0131l sonra asker arkada\u015flar\u0131 taraf\u0131ndan dualar e\u015fli\u011finde an\u0131ld\u0131.<\/p>\n<p>Bilecik, Gaziantep, \u00c7anakkale, Samsun, Manisa, Osmaniye, Hendek; D\u00fczce ve Bolu gibi bir\u00e7ok il ve il\u00e7elerden gelenlerin yan\u0131nda Bel\u00e7ika\u2019dan kalk\u0131p gelen, \u015eehit \u0130zzet Demircan\u2019\u0131n silah arkada\u015flar\u0131 y\u0131llar sonra arkada\u015flar\u0131na kavu\u015fman\u0131n buruklu\u011fu i\u00e7inde mezar\u0131 ba\u015f\u0131nda dualar ederek g\u00f6zya\u015flar\u0131n\u0131 tutamad\u0131lar. Kabristan ziyaretinin ard\u0131ndan \u015fehidin babas\u0131 \u015e\u00fckr\u00fc Demircan ile beraber \u015fehidin evlerini ziyaret eden \u015fehidin asker arkada\u015flar\u0131 ederek anne Nezahat Demircan\u2019\u0131n elini \u00f6pt\u00fcler.<\/p>\n<p>Demircan ailesinin 4 \u00e7ocu\u011fundan 2\u2019ncisi olan \u015eehit \u0130zzet Demircan, ya\u015fad\u0131\u011f\u0131 mahalleye ve apartmana ad\u0131 verildi. Ziyaretten dolay\u0131 memnuniyeti dile getiren baba \u015e\u00fckr\u00fc Demircan, \u201cAskerde \u015fehitler \u00f6lmez, vatan b\u00f6l\u00fcnmez derler ama Kur\u2019an da \u015fehitlere sak\u0131n \u00f6l\u00fcler demeyiniz, onlar Allah kat\u0131nda diridirler siz bilmezsiniz. \u0130nsanlar sadece sava\u015fta \u015fehit olmaz. Sokakta giderken, ailesine r\u0131z\u0131k kazan\u0131rken de \u015fehit olur. Allah-\u00fc Te\u00e2l\u00e2  M\u00fcsl\u00fcman karde\u015flerimize \u015fehit olmay\u0131 nail eylesin. Allah hepinizden raz\u0131 olsun, buralara kadar geldiniz\u201d dedi.<\/p>\n<p>Bel\u00e7ika\u2019da ya\u015fayan \u015fehit asker arkada\u015f\u0131 i\u00e7in gelen Bekir Ba\u015fkurt, her sene bir \u015fehit arkada\u015flar\u0131n\u0131 ziyaret edeceklerini belirterek, \u201cDaha \u00f6nceden planlanan ziyaretimiz bug\u00fcn ger\u00e7ekle\u015fti. \u015eehidimizi unutmad\u0131k, g\u00fczel yurdumun her b\u00f6lgesinden arkada\u015flar\u0131m\u0131zla geldik. Hepimiz Zonguldak\u2019ta toplan\u0131p \u00c7aycuma\u2019ya \u015fehidimizi, arkada\u015f\u0131m\u0131z\u0131 yerinde ziyaret ettik. Allah kabul eylesin\u201d dedi. Her sene taburlar\u0131nda \u015fehit olan askerler arkada\u015flar\u0131n\u0131 ziyaret ettiklerini belirten Bekir Ba\u015fkurt, \u201cBu program\u0131 d\u00fczenleyen arkada\u015flar\u0131m\u0131z var. Aylar \u00f6nce belirlenip, grubumuzda payla\u015f\u0131l\u0131r ve o g\u00fcn orada neredeyse hepimiz toplan\u0131r\u0131z.  \u0130lk olarak \u015eehit arkada\u015f\u0131m\u0131z \u0130rfan Yaln\u0131zo\u011flu\u2019nu ziyarette bulunduk. \u015eimdide \u015eehit \u0130zzet Demircan arkada\u015f\u0131m\u0131z\u0131 ziyarete geldik. \u0130n\u015fallah ara vermeden, kopmadan bu ziyaretlerimize devam etmeyi istiyoruz. \u00c7\u00fcnk\u00fc asker oca\u011f\u0131 ne kadar kutsalsa, arkada\u015fl\u0131k, karde\u015flik bizim i\u00e7in o kadar kutsald\u0131r. Bizler asker oca\u011f\u0131nda bunu \u00f6\u011frendik. Vatan\u0131m\u0131za, milletimize sad\u0131k kalmay\u0131, karde\u015fli\u011fin, arkada\u015fl\u0131\u011f\u0131n de\u011ferini \u00e7ok iyi anlad\u0131k. Bunun i\u00e7in devam ettirmeyi d\u00fc\u015f\u00fcn\u00fcyoruz\u201d \u015feklinde konu\u015ftu.<\/p>\n<p>Anne Nezahat Demircan, \u015fehit olan o\u011flu \u0130zzet\u2019e ziyarete gelen arkada\u015flar\u0131na hay\u0131rl\u0131 dualar\u0131n\u0131 ederek: \u201cBu duygular anlat\u0131lmaz, ya\u015fanmay\u0131nca bilinmez. Allah kimseye evlat ac\u0131s\u0131 vermesin, \u00e7ok zor bir \u015fey. Vatan sa\u011f olsun sizlerden de Allah raz\u0131 olsun \u201d diyerek g\u00fc\u00e7l\u00fckle konu\u015fabildi.<\/p>\n<p>\u015eehit askerin b\u00f6l\u00fck arkada\u015flar\u0131ndan Ak\u0131n Babada\u011f arkada\u015flar\u0131 ad\u0131na konu\u015farak, \u201c1995 ve 1996 y\u0131llar\u0131 aras\u0131nda \u015e\u0131rnak ilinde F\u0131nd\u0131k taburu Gabar da\u011flar\u0131nda PKK\u2019 ya kar\u015f\u0131 m\u00fccadele etmi\u015f arkada\u015f grubumuzdan baz\u0131lar\u0131 ile bir araya geldik. Bug\u00fcn burada \u0130zzet arkada\u015f\u0131m\u0131z\u0131n \u015fehitlik mertebesine ula\u015ft\u0131\u011f\u0131 \u00e7at\u0131\u015fmada, o g\u00fcn yan\u0131nda olan, onunla s\u0131rt s\u0131rta m\u00fccadele eden bizler, ailesine ziyarete geldik. Annemizin, babam\u0131z\u0131n elini \u00f6pt\u00fck. Bunun i\u00e7in ger\u00e7ekten mutluyuz, huzurluyuz. Ziyaretimizi Allah makbul eylesin. Ben annemize tekrar tekrar ba\u015f sa\u011fl\u0131\u011f\u0131 diliyoruz\u201d dedi.<\/p>\n<p>\u015eehit \u0130zzet\u2019in asker arkada\u015flar\u0131na ikramda bulunan Demircan ailesinin elleri \u00f6p\u00fcl\u00fcp, hay\u0131r dualar\u0131 al\u0131narak vedala\u015f\u0131ld\u0131.<div class=\"tiled-gallery type-rectangular tiled-gallery-unresized\" data-original-width=\"500\" data-carousel-extra='null' itemscope itemtype=\"http:\/\/schema.org\/ImageGallery\" > <div class=\"gallery-row\" style=\"width: 500px; height: 240px;\" data-original-width=\"500\" data-original-height=\"240\" > <div class=\"gallery-group images-1\" style=\"width: 319px; height: 240px;\" data-original-width=\"319\" data-original-height=\"240\" > <div class=\"tiled-gallery-item tiled-gallery-item-large\" itemprop=\"associatedMedia\" itemscope itemtype=\"http:\/\/schema.org\/ImageObject\"> <a href=\"http:\/\/www.tvturk.com\/index.php\/sehidin-silah-arkadaslarindan-vefa-ornegi\/sehidin-silah-arkadaslarindan-vefa-ornegi-3\/\" border=\"0\" itemprop=\"url\"> <meta itemprop=\"width\" content=\"315\"> <meta itemprop=\"height\" content=\"236\"> <img decoding=\"async\" class=\"\" data-attachment-id=\"137357\" data-orig-file=\"http:\/\/www.tvturk.com\/wp-content\/uploads\/2019\/04\/sehidin-silah-arkadaslarindan-vefa-ornegi_2c21991.jpg\" data-orig-size=\"1000,750\" data-comments-opened=\"\" data-image-meta=\"{&quot;aperture&quot;:&quot;0&quot;,&quot;credit&quot;:&quot;IHA&quot;,&quot;camera&quot;:&quot;&quot;,&quot;caption&quot;:&quot;ZONGULDAK\\u2019IN \\u00c7AYCUMA \\u0130L\\u00c7ES\\u0130\\u2019NDE \\u015eEH\\u0130T \\u0130ZZET DEM\\u0130RCAN 23 YIL SONRA ASKER ARKADA\\u015eLARI TARAFINDAN DUALAR E\\u015eL\\u0130\\u011e\\u0130NDE ANILDI. (G\\u00dcLCAN \\u00c7OLAK\\\/ZONGULDAK-\\u0130HA)&quot;,&quot;created_timestamp&quot;:&quot;0&quot;,&quot;copyright&quot;:&quot;\\u0130HLAS HABER AJANSI, www.iha.com.tr&quot;,&quot;focal_length&quot;:&quot;0&quot;,&quot;iso&quot;:&quot;0&quot;,&quot;shutter_speed&quot;:&quot;0&quot;,&quot;title&quot;:&quot;\\u015eEH\\u0130D\\u0130N S\\u0130LAH ARKADA\\u015eLARINDAN VEFA \\u00d6RNE\\u011e\\u0130 \\u015eEH\\u0130D\\u0130N ASKER ARKADA\\u015eLARI \\u0130ZZET DEM\\u0130RCAN\\u2019I MEZARI BA\\u015eINDA ANDI&quot;,&quot;orientation&quot;:&quot;0&quot;}\" data-image-title=\"\u015eehidin silah arkada\u015flar\u0131ndan vefa \u00f6rne\u011fi\" data-image-description=\"&lt;p&gt;\u015eehidin silah arkada\u015flar\u0131ndan vefa \u00f6rne\u011fi&lt;\/p&gt; \" data-medium-file=\"https:\/\/i0.wp.com\/www.tvturk.com\/wp-content\/uploads\/2019\/04\/sehidin-silah-arkadaslarindan-vefa-ornegi_2c21991.jpg?fit=300%2C225\" data-large-file=\"https:\/\/i0.wp.com\/www.tvturk.com\/wp-content\/uploads\/2019\/04\/sehidin-silah-arkadaslarindan-vefa-ornegi_2c21991.jpg?fit=1000%2C750\" src=\"https:\/\/i0.wp.com\/www.tvturk.com\/wp-content\/uploads\/2019\/04\/sehidin-silah-arkadaslarindan-vefa-ornegi_2c21991.jpg?w=315&#038;h=236\" srcset=\"https:\/\/i0.wp.com\/www.tvturk.com\/wp-content\/uploads\/2019\/04\/sehidin-silah-arkadaslarindan-vefa-ornegi_2c21991.jpg?w=1000 1000w, https:\/\/i0.wp.com\/www.tvturk.com\/wp-content\/uploads\/2019\/04\/sehidin-silah-arkadaslarindan-vefa-ornegi_2c21991.jpg?resize=150%2C113 150w, https:\/\/i0.wp.com\/www.tvturk.com\/wp-content\/uploads\/2019\/04\/sehidin-silah-arkadaslarindan-vefa-ornegi_2c21991.jpg?resize=300%2C225 300w, https:\/\/i0.wp.com\/www.tvturk.com\/wp-content\/uploads\/2019\/04\/sehidin-silah-arkadaslarindan-vefa-ornegi_2c21991.jpg?resize=768%2C576 768w\" width=\"315\" height=\"236\" loading=\"lazy\" data-original-width=\"315\" data-original-height=\"236\" itemprop=\"http:\/\/schema.org\/image\" title=\"\u015eehidin silah arkada\u015flar\u0131ndan vefa \u00f6rne\u011fi\" alt=\"\u015eehidin silah arkada\u015flar\u0131ndan vefa \u00f6rne\u011fi\" style=\"width: 315px; height: 236px;\" \/> <\/a> <\/div> <\/div> <!-- close group --> <div class=\"gallery-group images-2\" style=\"width: 181px; height: 240px;\" data-original-width=\"181\" data-original-height=\"240\" > <div class=\"tiled-gallery-item tiled-gallery-item-small\" itemprop=\"associatedMedia\" itemscope itemtype=\"http:\/\/schema.org\/ImageObject\"> <a href=\"http:\/\/www.tvturk.com\/index.php\/sehidin-silah-arkadaslarindan-vefa-ornegi\/sehidin-silah-arkadaslarindan-vefa-ornegi-4\/\" border=\"0\" itemprop=\"url\"> <meta itemprop=\"width\" content=\"177\"> <meta itemprop=\"height\" content=\"133\"> <img decoding=\"async\" class=\"\" data-attachment-id=\"137358\" data-orig-file=\"http:\/\/www.tvturk.com\/wp-content\/uploads\/2019\/04\/sehidin-silah-arkadaslarindan-vefa-ornegi_1309746.jpg\" data-orig-size=\"1000,750\" data-comments-opened=\"\" data-image-meta=\"{&quot;aperture&quot;:&quot;0&quot;,&quot;credit&quot;:&quot;IHA&quot;,&quot;camera&quot;:&quot;&quot;,&quot;caption&quot;:&quot;ZONGULDAK\\u2019IN \\u00c7AYCUMA \\u0130L\\u00c7ES\\u0130\\u2019NDE \\u015eEH\\u0130T \\u0130ZZET DEM\\u0130RCAN 23 YIL SONRA ASKER ARKADA\\u015eLARI TARAFINDAN DUALAR E\\u015eL\\u0130\\u011e\\u0130NDE ANILDI. (G\\u00dcLCAN \\u00c7OLAK\\\/ZONGULDAK-\\u0130HA)&quot;,&quot;created_timestamp&quot;:&quot;0&quot;,&quot;copyright&quot;:&quot;\\u0130HLAS HABER AJANSI, www.iha.com.tr&quot;,&quot;focal_length&quot;:&quot;0&quot;,&quot;iso&quot;:&quot;0&quot;,&quot;shutter_speed&quot;:&quot;0&quot;,&quot;title&quot;:&quot;\\u015eEH\\u0130D\\u0130N S\\u0130LAH ARKADA\\u015eLARINDAN VEFA \\u00d6RNE\\u011e\\u0130 \\u015eEH\\u0130D\\u0130N ASKER ARKADA\\u015eLARI \\u0130ZZET DEM\\u0130RCAN\\u2019I MEZARI BA\\u015eINDA ANDI&quot;,&quot;orientation&quot;:&quot;0&quot;}\" data-image-title=\"\u015eehidin silah arkada\u015flar\u0131ndan vefa \u00f6rne\u011fi\" data-image-description=\"&lt;p&gt;\u015eehidin silah arkada\u015flar\u0131ndan vefa \u00f6rne\u011fi&lt;\/p&gt; \" data-medium-file=\"https:\/\/i0.wp.com\/www.tvturk.com\/wp-content\/uploads\/2019\/04\/sehidin-silah-arkadaslarindan-vefa-ornegi_1309746.jpg?fit=300%2C225\" data-large-file=\"https:\/\/i0.wp.com\/www.tvturk.com\/wp-content\/uploads\/2019\/04\/sehidin-silah-arkadaslarindan-vefa-ornegi_1309746.jpg?fit=1000%2C750\" src=\"https:\/\/i0.wp.com\/www.tvturk.com\/wp-content\/uploads\/2019\/04\/sehidin-silah-arkadaslarindan-vefa-ornegi_1309746.jpg?w=177&#038;h=133\" srcset=\"https:\/\/i0.wp.com\/www.tvturk.com\/wp-content\/uploads\/2019\/04\/sehidin-silah-arkadaslarindan-vefa-ornegi_1309746.jpg?w=1000 1000w, https:\/\/i0.wp.com\/www.tvturk.com\/wp-content\/uploads\/2019\/04\/sehidin-silah-arkadaslarindan-vefa-ornegi_1309746.jpg?resize=150%2C113 150w, https:\/\/i0.wp.com\/www.tvturk.com\/wp-content\/uploads\/2019\/04\/sehidin-silah-arkadaslarindan-vefa-ornegi_1309746.jpg?resize=300%2C225 300w, https:\/\/i0.wp.com\/www.tvturk.com\/wp-content\/uploads\/2019\/04\/sehidin-silah-arkadaslarindan-vefa-ornegi_1309746.jpg?resize=768%2C576 768w\" width=\"177\" height=\"133\" loading=\"lazy\" data-original-width=\"177\" data-original-height=\"133\" itemprop=\"http:\/\/schema.org\/image\" title=\"\u015eehidin silah arkada\u015flar\u0131ndan vefa \u00f6rne\u011fi\" alt=\"\u015eehidin silah arkada\u015flar\u0131ndan vefa \u00f6rne\u011fi\" style=\"width: 177px; height: 133px;\" \/> <\/a> <\/div> <div class=\"tiled-gallery-item tiled-gallery-item-small\" itemprop=\"associatedMedia\" itemscope itemtype=\"http:\/\/schema.org\/ImageObject\"> <a href=\"http:\/\/www.tvturk.com\/index.php\/sehidin-silah-arkadaslarindan-vefa-ornegi\/sehidin-silah-arkadaslarindan-vefa-ornegi-5\/\" border=\"0\" itemprop=\"url\"> <meta itemprop=\"width\" content=\"177\"> <meta itemprop=\"height\" content=\"99\"> <img decoding=\"async\" class=\"\" data-attachment-id=\"137359\" data-orig-file=\"http:\/\/www.tvturk.com\/wp-content\/uploads\/2019\/04\/sehidin-silah-arkadaslarindan-vefa-ornegi_893f80d.jpg\" data-orig-size=\"1000,562\" data-comments-opened=\"\" data-image-meta=\"{&quot;aperture&quot;:&quot;0&quot;,&quot;credit&quot;:&quot;IHA&quot;,&quot;camera&quot;:&quot;&quot;,&quot;caption&quot;:&quot;ZONGULDAK\\u2019IN \\u00c7AYCUMA \\u0130L\\u00c7ES\\u0130\\u2019NDE \\u015eEH\\u0130T \\u0130ZZET DEM\\u0130RCAN 23 YIL SONRA ASKER ARKADA\\u015eLARI TARAFINDAN DUALAR E\\u015eL\\u0130\\u011e\\u0130NDE ANILDI. (G\\u00dcLCAN \\u00c7OLAK\\\/ZONGULDAK-\\u0130HA)&quot;,&quot;created_timestamp&quot;:&quot;0&quot;,&quot;copyright&quot;:&quot;\\u0130HLAS HABER AJANSI, www.iha.com.tr&quot;,&quot;focal_length&quot;:&quot;0&quot;,&quot;iso&quot;:&quot;0&quot;,&quot;shutter_speed&quot;:&quot;0&quot;,&quot;title&quot;:&quot;\\u015eEH\\u0130D\\u0130N S\\u0130LAH ARKADA\\u015eLARINDAN VEFA \\u00d6RNE\\u011e\\u0130 \\u015eEH\\u0130D\\u0130N ASKER ARKADA\\u015eLARI \\u0130ZZET DEM\\u0130RCAN\\u2019I MEZARI BA\\u015eINDA ANDI&quot;,&quot;orientation&quot;:&quot;0&quot;}\" data-image-title=\"\u015eehidin silah arkada\u015flar\u0131ndan vefa \u00f6rne\u011fi\" data-image-description=\"&lt;p&gt;\u015eehidin silah arkada\u015flar\u0131ndan vefa \u00f6rne\u011fi&lt;\/p&gt; \" data-medium-file=\"https:\/\/i0.wp.com\/www.tvturk.com\/wp-content\/uploads\/2019\/04\/sehidin-silah-arkadaslarindan-vefa-ornegi_893f80d.jpg?fit=300%2C169\" data-large-file=\"https:\/\/i0.wp.com\/www.tvturk.com\/wp-content\/uploads\/2019\/04\/sehidin-silah-arkadaslarindan-vefa-ornegi_893f80d.jpg?fit=1000%2C562\" src=\"https:\/\/i0.wp.com\/www.tvturk.com\/wp-content\/uploads\/2019\/04\/sehidin-silah-arkadaslarindan-vefa-ornegi_893f80d.jpg?w=177&#038;h=99\" srcset=\"https:\/\/i0.wp.com\/www.tvturk.com\/wp-content\/uploads\/2019\/04\/sehidin-silah-arkadaslarindan-vefa-ornegi_893f80d.jpg?w=1000 1000w, https:\/\/i0.wp.com\/www.tvturk.com\/wp-content\/uploads\/2019\/04\/sehidin-silah-arkadaslarindan-vefa-ornegi_893f80d.jpg?resize=150%2C84 150w, https:\/\/i0.wp.com\/www.tvturk.com\/wp-content\/uploads\/2019\/04\/sehidin-silah-arkadaslarindan-vefa-ornegi_893f80d.jpg?resize=300%2C169 300w, https:\/\/i0.wp.com\/www.tvturk.com\/wp-content\/uploads\/2019\/04\/sehidin-silah-arkadaslarindan-vefa-ornegi_893f80d.jpg?resize=768%2C432 768w, https:\/\/i0.wp.com\/www.tvturk.com\/wp-content\/uploads\/2019\/04\/sehidin-silah-arkadaslarindan-vefa-ornegi_893f80d.jpg?resize=200%2C113 200w\" width=\"177\" height=\"99\" loading=\"lazy\" data-original-width=\"177\" data-original-height=\"99\" itemprop=\"http:\/\/schema.org\/image\" title=\"\u015eehidin silah arkada\u015flar\u0131ndan vefa \u00f6rne\u011fi\" alt=\"\u015eehidin silah arkada\u015flar\u0131ndan vefa \u00f6rne\u011fi\" style=\"width: 177px; height: 99px;\" \/> <\/a> <\/div> <\/div> <!-- close group --> <\/div> <!-- close row --> <div class=\"gallery-row\" style=\"width: 500px; height: 189px;\" data-original-width=\"500\" data-original-height=\"189\" > <div class=\"gallery-group images-1\" style=\"width: 250px; height: 189px;\" data-original-width=\"250\" data-original-height=\"189\" > <div class=\"tiled-gallery-item tiled-gallery-item-small\" itemprop=\"associatedMedia\" itemscope itemtype=\"http:\/\/schema.org\/ImageObject\"> <a href=\"http:\/\/www.tvturk.com\/index.php\/sehidin-silah-arkadaslarindan-vefa-ornegi\/sehidin-silah-arkadaslarindan-vefa-ornegi-6\/\" border=\"0\" itemprop=\"url\"> <meta itemprop=\"width\" content=\"246\"> <meta itemprop=\"height\" content=\"185\"> <img decoding=\"async\" class=\"\" data-attachment-id=\"137360\" data-orig-file=\"http:\/\/www.tvturk.com\/wp-content\/uploads\/2019\/04\/sehidin-silah-arkadaslarindan-vefa-ornegi_dd6ec85.jpg\" data-orig-size=\"1000,750\" data-comments-opened=\"\" data-image-meta=\"{&quot;aperture&quot;:&quot;0&quot;,&quot;credit&quot;:&quot;IHA&quot;,&quot;camera&quot;:&quot;&quot;,&quot;caption&quot;:&quot;ZONGULDAK\\u2019IN \\u00c7AYCUMA \\u0130L\\u00c7ES\\u0130\\u2019NDE \\u015eEH\\u0130T \\u0130ZZET DEM\\u0130RCAN 23 YIL SONRA ASKER ARKADA\\u015eLARI TARAFINDAN DUALAR E\\u015eL\\u0130\\u011e\\u0130NDE ANILDI. (G\\u00dcLCAN \\u00c7OLAK\\\/ZONGULDAK-\\u0130HA)&quot;,&quot;created_timestamp&quot;:&quot;0&quot;,&quot;copyright&quot;:&quot;\\u0130HLAS HABER AJANSI, www.iha.com.tr&quot;,&quot;focal_length&quot;:&quot;0&quot;,&quot;iso&quot;:&quot;0&quot;,&quot;shutter_speed&quot;:&quot;0&quot;,&quot;title&quot;:&quot;\\u015eEH\\u0130D\\u0130N S\\u0130LAH ARKADA\\u015eLARINDAN VEFA \\u00d6RNE\\u011e\\u0130 \\u015eEH\\u0130D\\u0130N ASKER ARKADA\\u015eLARI \\u0130ZZET DEM\\u0130RCAN\\u2019I MEZARI BA\\u015eINDA ANDI&quot;,&quot;orientation&quot;:&quot;0&quot;}\" data-image-title=\"\u015eehidin silah arkada\u015flar\u0131ndan vefa \u00f6rne\u011fi\" data-image-description=\"&lt;p&gt;\u015eehidin silah arkada\u015flar\u0131ndan vefa \u00f6rne\u011fi&lt;\/p&gt; \" data-medium-file=\"https:\/\/i0.wp.com\/www.tvturk.com\/wp-content\/uploads\/2019\/04\/sehidin-silah-arkadaslarindan-vefa-ornegi_dd6ec85.jpg?fit=300%2C225\" data-large-file=\"https:\/\/i0.wp.com\/www.tvturk.com\/wp-content\/uploads\/2019\/04\/sehidin-silah-arkadaslarindan-vefa-ornegi_dd6ec85.jpg?fit=1000%2C750\" src=\"https:\/\/i0.wp.com\/www.tvturk.com\/wp-content\/uploads\/2019\/04\/sehidin-silah-arkadaslarindan-vefa-ornegi_dd6ec85.jpg?w=246&#038;h=185\" srcset=\"https:\/\/i0.wp.com\/www.tvturk.com\/wp-content\/uploads\/2019\/04\/sehidin-silah-arkadaslarindan-vefa-ornegi_dd6ec85.jpg?w=1000 1000w, https:\/\/i0.wp.com\/www.tvturk.com\/wp-content\/uploads\/2019\/04\/sehidin-silah-arkadaslarindan-vefa-ornegi_dd6ec85.jpg?resize=150%2C113 150w, https:\/\/i0.wp.com\/www.tvturk.com\/wp-content\/uploads\/2019\/04\/sehidin-silah-arkadaslarindan-vefa-ornegi_dd6ec85.jpg?resize=300%2C225 300w, https:\/\/i0.wp.com\/www.tvturk.com\/wp-content\/uploads\/2019\/04\/sehidin-silah-arkadaslarindan-vefa-ornegi_dd6ec85.jpg?resize=768%2C576 768w\" width=\"246\" height=\"185\" loading=\"lazy\" data-original-width=\"246\" data-original-height=\"185\" itemprop=\"http:\/\/schema.org\/image\" title=\"\u015eehidin silah arkada\u015flar\u0131ndan vefa \u00f6rne\u011fi\" alt=\"\u015eehidin silah arkada\u015flar\u0131ndan vefa \u00f6rne\u011fi\" style=\"width: 246px; height: 185px;\" \/> <\/a> <\/div> <\/div> <!-- close group --> <div class=\"gallery-group images-1\" style=\"width: 250px; height: 189px;\" data-original-width=\"250\" data-original-height=\"189\" > <div class=\"tiled-gallery-item tiled-gallery-item-small\" itemprop=\"associatedMedia\" itemscope itemtype=\"http:\/\/schema.org\/ImageObject\"> <a href=\"http:\/\/www.tvturk.com\/index.php\/sehidin-silah-arkadaslarindan-vefa-ornegi\/sehidin-silah-arkadaslarindan-vefa-ornegi-7\/\" border=\"0\" itemprop=\"url\"> <meta itemprop=\"width\" content=\"246\"> <meta itemprop=\"height\" content=\"185\"> <img decoding=\"async\" class=\"\" data-attachment-id=\"137361\" data-orig-file=\"http:\/\/www.tvturk.com\/wp-content\/uploads\/2019\/04\/sehidin-silah-arkadaslarindan-vefa-ornegi_862d3b9.jpg\" data-orig-size=\"1000,750\" data-comments-opened=\"\" data-image-meta=\"{&quot;aperture&quot;:&quot;0&quot;,&quot;credit&quot;:&quot;IHA&quot;,&quot;camera&quot;:&quot;&quot;,&quot;caption&quot;:&quot;ZONGULDAK\\u2019IN \\u00c7AYCUMA \\u0130L\\u00c7ES\\u0130\\u2019NDE \\u015eEH\\u0130T \\u0130ZZET DEM\\u0130RCAN 23 YIL SONRA ASKER ARKADA\\u015eLARI TARAFINDAN DUALAR E\\u015eL\\u0130\\u011e\\u0130NDE ANILDI. (G\\u00dcLCAN \\u00c7OLAK\\\/ZONGULDAK-\\u0130HA)&quot;,&quot;created_timestamp&quot;:&quot;0&quot;,&quot;copyright&quot;:&quot;\\u0130HLAS HABER AJANSI, www.iha.com.tr&quot;,&quot;focal_length&quot;:&quot;0&quot;,&quot;iso&quot;:&quot;0&quot;,&quot;shutter_speed&quot;:&quot;0&quot;,&quot;title&quot;:&quot;\\u015eEH\\u0130D\\u0130N S\\u0130LAH ARKADA\\u015eLARINDAN VEFA \\u00d6RNE\\u011e\\u0130 \\u015eEH\\u0130D\\u0130N ASKER ARKADA\\u015eLARI \\u0130ZZET DEM\\u0130RCAN\\u2019I MEZARI BA\\u015eINDA ANDI&quot;,&quot;orientation&quot;:&quot;0&quot;}\" data-image-title=\"\u015eehidin silah arkada\u015flar\u0131ndan vefa \u00f6rne\u011fi\" data-image-description=\"&lt;p&gt;\u015eehidin silah arkada\u015flar\u0131ndan vefa \u00f6rne\u011fi&lt;\/p&gt; \" data-medium-file=\"https:\/\/i0.wp.com\/www.tvturk.com\/wp-content\/uploads\/2019\/04\/sehidin-silah-arkadaslarindan-vefa-ornegi_862d3b9.jpg?fit=300%2C225\" data-large-file=\"https:\/\/i0.wp.com\/www.tvturk.com\/wp-content\/uploads\/2019\/04\/sehidin-silah-arkadaslarindan-vefa-ornegi_862d3b9.jpg?fit=1000%2C750\" src=\"https:\/\/i0.wp.com\/www.tvturk.com\/wp-content\/uploads\/2019\/04\/sehidin-silah-arkadaslarindan-vefa-ornegi_862d3b9.jpg?w=246&#038;h=185\" srcset=\"https:\/\/i0.wp.com\/www.tvturk.com\/wp-content\/uploads\/2019\/04\/sehidin-silah-arkadaslarindan-vefa-ornegi_862d3b9.jpg?w=1000 1000w, https:\/\/i0.wp.com\/www.tvturk.com\/wp-content\/uploads\/2019\/04\/sehidin-silah-arkadaslarindan-vefa-ornegi_862d3b9.jpg?resize=150%2C113 150w, https:\/\/i0.wp.com\/www.tvturk.com\/wp-content\/uploads\/2019\/04\/sehidin-silah-arkadaslarindan-vefa-ornegi_862d3b9.jpg?resize=300%2C225 300w, https:\/\/i0.wp.com\/www.tvturk.com\/wp-content\/uploads\/2019\/04\/sehidin-silah-arkadaslarindan-vefa-ornegi_862d3b9.jpg?resize=768%2C576 768w\" width=\"246\" height=\"185\" loading=\"lazy\" data-original-width=\"246\" data-original-height=\"185\" itemprop=\"http:\/\/schema.org\/image\" title=\"\u015eehidin silah arkada\u015flar\u0131ndan vefa \u00f6rne\u011fi\" alt=\"\u015eehidin silah arkada\u015flar\u0131ndan vefa \u00f6rne\u011fi\" style=\"width: 246px; height: 185px;\" \/> <\/a> <\/div> <\/div> <!-- close group --> <\/div> <!-- close row --> <div class=\"gallery-row\" style=\"width: 500px; height: 283px;\" data-original-width=\"500\" data-original-height=\"283\" > <div class=\"gallery-group images-1\" style=\"width: 500px; height: 283px;\" data-original-width=\"500\" data-original-height=\"283\" > <div class=\"tiled-gallery-item tiled-gallery-item-large\" itemprop=\"associatedMedia\" itemscope itemtype=\"http:\/\/schema.org\/ImageObject\"> <a href=\"http:\/\/www.tvturk.com\/index.php\/sehidin-silah-arkadaslarindan-vefa-ornegi\/sehidin-silah-arkadaslarindan-vefa-ornegi-8\/\" border=\"0\" itemprop=\"url\"> <meta itemprop=\"width\" content=\"496\"> <meta itemprop=\"height\" content=\"279\"> <img decoding=\"async\" class=\"\" data-attachment-id=\"137362\" data-orig-file=\"http:\/\/www.tvturk.com\/wp-content\/uploads\/2019\/04\/sehidin-silah-arkadaslarindan-vefa-ornegi_bce66e4.jpg\" data-orig-size=\"1000,562\" data-comments-opened=\"\" data-image-meta=\"{&quot;aperture&quot;:&quot;0&quot;,&quot;credit&quot;:&quot;IHA&quot;,&quot;camera&quot;:&quot;&quot;,&quot;caption&quot;:&quot;ZONGULDAK\\u2019IN \\u00c7AYCUMA \\u0130L\\u00c7ES\\u0130\\u2019NDE \\u015eEH\\u0130T \\u0130ZZET DEM\\u0130RCAN 23 YIL SONRA ASKER ARKADA\\u015eLARI TARAFINDAN DUALAR E\\u015eL\\u0130\\u011e\\u0130NDE ANILDI. (G\\u00dcLCAN \\u00c7OLAK\\\/ZONGULDAK-\\u0130HA)&quot;,&quot;created_timestamp&quot;:&quot;0&quot;,&quot;copyright&quot;:&quot;\\u0130HLAS HABER AJANSI, www.iha.com.tr&quot;,&quot;focal_length&quot;:&quot;0&quot;,&quot;iso&quot;:&quot;0&quot;,&quot;shutter_speed&quot;:&quot;0&quot;,&quot;title&quot;:&quot;\\u015eEH\\u0130D\\u0130N S\\u0130LAH ARKADA\\u015eLARINDAN VEFA \\u00d6RNE\\u011e\\u0130 \\u015eEH\\u0130D\\u0130N ASKER ARKADA\\u015eLARI \\u0130ZZET DEM\\u0130RCAN\\u2019I MEZARI BA\\u015eINDA ANDI&quot;,&quot;orientation&quot;:&quot;0&quot;}\" data-image-title=\"\u015eehidin silah arkada\u015flar\u0131ndan vefa \u00f6rne\u011fi\" data-image-description=\"&lt;p&gt;\u015eehidin silah arkada\u015flar\u0131ndan vefa \u00f6rne\u011fi&lt;\/p&gt; \" data-medium-file=\"https:\/\/i0.wp.com\/www.tvturk.com\/wp-content\/uploads\/2019\/04\/sehidin-silah-arkadaslarindan-vefa-ornegi_bce66e4.jpg?fit=300%2C169\" data-large-file=\"https:\/\/i0.wp.com\/www.tvturk.com\/wp-content\/uploads\/2019\/04\/sehidin-silah-arkadaslarindan-vefa-ornegi_bce66e4.jpg?fit=1000%2C562\" src=\"https:\/\/i0.wp.com\/www.tvturk.com\/wp-content\/uploads\/2019\/04\/sehidin-silah-arkadaslarindan-vefa-ornegi_bce66e4.jpg?w=496&#038;h=279\" srcset=\"https:\/\/i0.wp.com\/www.tvturk.com\/wp-content\/uploads\/2019\/04\/sehidin-silah-arkadaslarindan-vefa-ornegi_bce66e4.jpg?w=1000 1000w, https:\/\/i0.wp.com\/www.tvturk.com\/wp-content\/uploads\/2019\/04\/sehidin-silah-arkadaslarindan-vefa-ornegi_bce66e4.jpg?resize=150%2C84 150w, https:\/\/i0.wp.com\/www.tvturk.com\/wp-content\/uploads\/2019\/04\/sehidin-silah-arkadaslarindan-vefa-ornegi_bce66e4.jpg?resize=300%2C169 300w, https:\/\/i0.wp.com\/www.tvturk.com\/wp-content\/uploads\/2019\/04\/sehidin-silah-arkadaslarindan-vefa-ornegi_bce66e4.jpg?resize=768%2C432 768w, https:\/\/i0.wp.com\/www.tvturk.com\/wp-content\/uploads\/2019\/04\/sehidin-silah-arkadaslarindan-vefa-ornegi_bce66e4.jpg?resize=200%2C113 200w\" width=\"496\" height=\"279\" loading=\"lazy\" data-original-width=\"496\" data-original-height=\"279\" itemprop=\"http:\/\/schema.org\/image\" title=\"\u015eehidin silah arkada\u015flar\u0131ndan vefa \u00f6rne\u011fi\" alt=\"\u015eehidin silah arkada\u015flar\u0131ndan vefa \u00f6rne\u011fi\" style=\"width: 496px; height: 279px;\" \/> <\/a> <\/div> <\/div> <!-- close group --> <\/div> <!-- close row --> <\/div><\/p>\n","protected":false},"excerpt":{"rendered":"<p>ZONGULDAK\u2019IN \u00c7AYCUMA \u0130L\u00c7ES\u0130\u2019NDE \u015eEH\u0130T \u0130ZZET DEM\u0130RCAN 23 YIL SONRA ASKER ARKADA\u015eLARI TARAFINDAN DUALAR E\u015eL\u0130\u011e\u0130NDE ANILDI.<\/p>\n","protected":false},"author":1,"featured_media":137356,"comment_status":"closed","ping_status":"open","sticky":false,"template":"","format":"standard","meta":{"jetpack_post_was_ever_published":false,"_jetpack_newsletter_access":"","_jetpack_dont_email_post_to_subs":false,"_jetpack_newsletter_tier_id":0,"_jetpack_memberships_contains_paywalled_content":false,"_jetpack_memberships_contains_paid_content":false,"footnotes":"","jetpack_publicize_message":"","jetpack_publicize_feature_enabled":true,"jetpack_social_post_already_shared":true,"jetpack_social_options":{"image_generator_settings":{"template":"highway","default_image_id":0,"font":"","enabled":false},"version":2}},"categories":[1],"tags":[31290,1957,632,1907,546],"class_list":["post-137355","post","type-post","status-publish","format-standard","has-post-thumbnail","hentry","category-genel","tag-arkadaslarindan","tag-ornegi","tag-sehidin","tag-silah","tag-vefa"],"jetpack_publicize_connections":[],"jetpack_featured_media_url":"https:\/\/i0.wp.com\/www.tvturk.com\/wp-content\/uploads\/2019\/04\/sehidin-silah-arkadaslarindan-vefa-ornegi_ebe0ce4.jpg?fit=1000%2C750","jetpack_sharing_enabled":true,"jetpack_shortlink":"https:\/\/wp.me\/paKIfm-zJp","_links":{"self":[{"href":"http:\/\/www.tvturk.com\/index.php\/wp-json\/wp\/v2\/posts\/137355","targetHints":{"allow":["GET"]}}],"collection":[{"href":"http:\/\/www.tvturk.com\/index.php\/wp-json\/wp\/v2\/posts"}],"about":[{"href":"http:\/\/www.tvturk.com\/index.php\/wp-json\/wp\/v2\/types\/post"}],"author":[{"embeddable":true,"href":"http:\/\/www.tvturk.com\/index.php\/wp-json\/wp\/v2\/users\/1"}],"replies":[{"embeddable":true,"href":"http:\/\/www.tvturk.com\/index.php\/wp-json\/wp\/v2\/comments?post=137355"}],"version-history":[{"count":1,"href":"http:\/\/www.tvturk.com\/index.php\/wp-json\/wp\/v2\/posts\/137355\/revisions"}],"predecessor-version":[{"id":137363,"href":"http:\/\/www.tvturk.com\/index.php\/wp-json\/wp\/v2\/posts\/137355\/revisions\/137363"}],"wp:featuredmedia":[{"embeddable":true,"href":"http:\/\/www.tvturk.com\/index.php\/wp-json\/wp\/v2\/media\/137356"}],"wp:attachment":[{"href":"http:\/\/www.tvturk.com\/index.php\/wp-json\/wp\/v2\/media?parent=137355"}],"wp:term":[{"taxonomy":"category","embeddable":true,"href":"http:\/\/www.tvturk.com\/index.php\/wp-json\/wp\/v2\/categories?post=137355"},{"taxonomy":"post_tag","embeddable":true,"href":"http:\/\/www.tvturk.com\/index.php\/wp-json\/wp\/v2\/tags?post=137355"}],"curies":[{"name":"wp","href":"https:\/\/api.w.org\/{rel}","templated":true}]}}