{"id":137423,"date":"2019-04-15T13:48:08","date_gmt":"2019-04-15T10:48:08","guid":{"rendered":"http:\/\/www.tvturk.com\/index.php\/afrindeki-engellilere-yardim\/"},"modified":"2019-04-15T13:48:13","modified_gmt":"2019-04-15T10:48:13","slug":"afrindeki-engellilere-yardim","status":"publish","type":"post","link":"http:\/\/www.tvturk.com\/index.php\/afrindeki-engellilere-yardim\/","title":{"rendered":"Afrin\u2019deki engellilere yard\u0131m"},"content":{"rendered":"<p>\u0130HH \u0130nsani Yard\u0131m Vakf\u0131 ve Hatay Aile, \u00c7al\u0131\u015fma ve Sosyal Hizmetler \u0130l M\u00fcd\u00fcrl\u00fc\u011f\u00fc taraf\u0131ndan Suriye\u2019nin kuzeybat\u0131s\u0131ndaki Afrin il\u00e7e merkezinde ya\u015fayan bedensel ve zihinsel engelli bireylerin bulundu\u011fu 100 aileye insani yard\u0131m malzemesi ula\u015ft\u0131r\u0131ld\u0131.<\/p>\n<p>Hatay Aile, \u00c7al\u0131\u015fma ve Sosyal Hizmetler \u0130l M\u00fcd\u00fcr\u00fc Ali Sand\u0131k\u00e7\u0131, &#8220;Afrin\u2019deki ihtiya\u00e7 sahibi ve ma\u011fdur ailelere y\u00f6nelik yard\u0131m \u00e7al\u0131\u015fmalar\u0131 devam ediyor. \u0130HH \u0130nsani Yard\u0131m Vakf\u0131 ile birlikte il\u00e7ede ya\u015fayan bedensel ve zihinsel engellilerinde bulundu\u011fu 100 aileye daha yard\u0131m ula\u015ft\u0131rd\u0131k&#8221; dedi.<\/p>\n<p>\u0130HH Suriye \u00c7al\u0131\u015fmalar\u0131 Afrin Ofisi Sorumlusu Cengizhan \u00d6zdemir, &#8220;Hatay Aile, \u00c7al\u0131\u015fma ve Sosyal Hizmetler \u0130l M\u00fcd\u00fcrl\u00fc\u011f\u00fc ile beraber bedensel ve zihinsel engelli ailelere y\u00f6nelik Afrin\u2019de bir yard\u0131m organizasyonu d\u00fczenledik. Toplam 100 aileye g\u0131da kolisi, yatak, hijyen paketi, hasta bezi, koltuk de\u011fne\u011fi ve tekerlekli sandalye teslim ettik. Bu organizasyona maddi-manevi destek veren t\u00fcm herkese te\u015fekk\u00fcr ediyoruz&#8221; ifadelerini kulland\u0131.<\/p>\n<p>Yard\u0131m malzemelerini ta\u015f\u0131yan ara\u00e7lar\u0131n da\u011f\u0131t\u0131ma g\u00f6nderilmesi sebebiyle d\u00fczenlenen t\u00f6rene Hatay Aile, \u00c7al\u0131\u015fma ve Sosyal Hizmetler \u0130l M\u00fcd\u00fcr\u00fc Ali Sand\u0131k\u00e7\u0131, \u0130l M\u00fcd\u00fcr Yard\u0131mc\u0131s\u0131 Mehmet Ali G\u00fcven, Afrin Sosyal Hizmet Merkezi M\u00fcd\u00fcr\u00fc Nazl\u0131 \u015eeyh Hasan\u2019\u0131n yan\u0131 s\u0131ra AFAD Zeytin Dal\u0131 B\u00f6lgesi Koordinat\u00f6r\u00fc \u00d6mer Tosyal\u0131 ve \u0130HH Suriye \u00c7al\u0131\u015fmalar\u0131 Afrin Ofisi Sorumlusu Cengizhan \u00d6zdemir kat\u0131ld\u0131.<div class=\"tiled-gallery type-rectangular tiled-gallery-unresized\" data-original-width=\"500\" data-carousel-extra='null' itemscope itemtype=\"http:\/\/schema.org\/ImageGallery\" > <div class=\"gallery-row\" style=\"width: 500px; height: 224px;\" data-original-width=\"500\" data-original-height=\"224\" > <div class=\"gallery-group images-1\" style=\"width: 334px; height: 224px;\" data-original-width=\"334\" data-original-height=\"224\" > <div class=\"tiled-gallery-item tiled-gallery-item-large\" itemprop=\"associatedMedia\" itemscope itemtype=\"http:\/\/schema.org\/ImageObject\"> <a href=\"http:\/\/www.tvturk.com\/index.php\/afrindeki-engellilere-yardim\/afrindeki-engellilere-yardim-3\/\" border=\"0\" itemprop=\"url\"> <meta itemprop=\"width\" content=\"330\"> <meta itemprop=\"height\" content=\"220\"> <img decoding=\"async\" class=\"\" data-attachment-id=\"137425\" data-orig-file=\"http:\/\/www.tvturk.com\/wp-content\/uploads\/2019\/04\/afrindeki-engellilere-yardim_f452d3d.jpg\" data-orig-size=\"1000,666\" data-comments-opened=\"\" data-image-meta=\"{&quot;aperture&quot;:&quot;0&quot;,&quot;credit&quot;:&quot;IHA&quot;,&quot;camera&quot;:&quot;&quot;,&quot;caption&quot;:&quot;\\u0130HH \\u0130NSAN\\u0130 YARDIM VAKFI VE HATAY A\\u0130LE, \\u00c7ALI\\u015eMA VE SOSYAL H\\u0130ZMETLER \\u0130L M\\u00dcD\\u00dcRL\\u00dc\\u011e\\u00dc TARAFINDAN SUR\\u0130YE\\u2019N\\u0130N KUZEYBATISINDAK\\u0130 AFR\\u0130N \\u0130L\\u00c7E MERKEZ\\u0130NDE YA\\u015eAYAN BEDENSEL VE Z\\u0130H\\u0130NSEL ENGELL\\u0130 B\\u0130REYLER\\u0130N BULUNDU\\u011eU 100 A\\u0130LEYE \\u0130NSAN\\u0130 YARDIM MALZEMES\\u0130 ULA\\u015eTIRILDI. (ADEM KARAG\\u00d6Z\\\/HATAY-\\u0130HA)&quot;,&quot;created_timestamp&quot;:&quot;0&quot;,&quot;copyright&quot;:&quot;\\u0130HLAS HABER AJANSI, www.iha.com.tr&quot;,&quot;focal_length&quot;:&quot;0&quot;,&quot;iso&quot;:&quot;0&quot;,&quot;shutter_speed&quot;:&quot;0&quot;,&quot;title&quot;:&quot;AFR\\u0130N\\u2019DEK\\u0130 ENGELL\\u0130LERE YARDIM SUR\\u0130YE\\u2019N\\u0130N KUZEYBATISINDAK\\u0130 AFR\\u0130N \\u0130L\\u00c7E MERKEZ\\u0130NDE YA\\u015eAYAN BEDENSEL VE Z\\u0130H\\u0130NSEL ENGELL\\u0130 B\\u0130REYLER\\u0130N BULUNDU\\u011eU 100 A\\u0130LEYE \\u0130HH \\u0130NSAN\\u0130 YARDIM VAKFI VE HATAY A\\u0130LE, \\u00c7ALI\\u015eMA VE SOSYAL H\\u0130ZMETLER \\u0130L M\\u00dcD\\u00dcRL\\u00dc\\u011e\\u00dc TARAFINDAN \\u0130NSAN\\u0130 YARDIM MALZEMES\\u0130 ULA\\u015eTIRILDI&quot;,&quot;orientation&quot;:&quot;0&quot;}\" data-image-title=\"Afrin\u2019deki engellilere yard\u0131m\" data-image-description=\"&lt;p&gt;Afrin\u2019deki engellilere yard\u0131m&lt;\/p&gt; \" data-medium-file=\"https:\/\/i0.wp.com\/www.tvturk.com\/wp-content\/uploads\/2019\/04\/afrindeki-engellilere-yardim_f452d3d.jpg?fit=300%2C200\" data-large-file=\"https:\/\/i0.wp.com\/www.tvturk.com\/wp-content\/uploads\/2019\/04\/afrindeki-engellilere-yardim_f452d3d.jpg?fit=1000%2C666\" src=\"https:\/\/i0.wp.com\/www.tvturk.com\/wp-content\/uploads\/2019\/04\/afrindeki-engellilere-yardim_f452d3d.jpg?w=330&#038;h=220\" srcset=\"https:\/\/i0.wp.com\/www.tvturk.com\/wp-content\/uploads\/2019\/04\/afrindeki-engellilere-yardim_f452d3d.jpg?w=1000 1000w, https:\/\/i0.wp.com\/www.tvturk.com\/wp-content\/uploads\/2019\/04\/afrindeki-engellilere-yardim_f452d3d.jpg?resize=150%2C100 150w, https:\/\/i0.wp.com\/www.tvturk.com\/wp-content\/uploads\/2019\/04\/afrindeki-engellilere-yardim_f452d3d.jpg?resize=300%2C200 300w, https:\/\/i0.wp.com\/www.tvturk.com\/wp-content\/uploads\/2019\/04\/afrindeki-engellilere-yardim_f452d3d.jpg?resize=768%2C511 768w, https:\/\/i0.wp.com\/www.tvturk.com\/wp-content\/uploads\/2019\/04\/afrindeki-engellilere-yardim_f452d3d.jpg?resize=170%2C113 170w, https:\/\/i0.wp.com\/www.tvturk.com\/wp-content\/uploads\/2019\/04\/afrindeki-engellilere-yardim_f452d3d.jpg?resize=120%2C80 120w\" width=\"330\" height=\"220\" loading=\"lazy\" data-original-width=\"330\" data-original-height=\"220\" itemprop=\"http:\/\/schema.org\/image\" title=\"Afrin\u2019deki engellilere yard\u0131m\" alt=\"Afrin\u2019deki engellilere yard\u0131m\" style=\"width: 330px; height: 220px;\" \/> <\/a> <\/div> <\/div> <!-- close group --> <div class=\"gallery-group images-2\" style=\"width: 166px; height: 224px;\" data-original-width=\"166\" data-original-height=\"224\" > <div class=\"tiled-gallery-item tiled-gallery-item-small\" itemprop=\"associatedMedia\" itemscope itemtype=\"http:\/\/schema.org\/ImageObject\"> <a href=\"http:\/\/www.tvturk.com\/index.php\/afrindeki-engellilere-yardim\/afrindeki-engellilere-yardim-4\/\" border=\"0\" itemprop=\"url\"> <meta itemprop=\"width\" content=\"162\"> <meta itemprop=\"height\" content=\"108\"> <img decoding=\"async\" class=\"\" data-attachment-id=\"137426\" data-orig-file=\"http:\/\/www.tvturk.com\/wp-content\/uploads\/2019\/04\/afrindeki-engellilere-yardim_7ed1010.jpg\" data-orig-size=\"1000,666\" data-comments-opened=\"\" data-image-meta=\"{&quot;aperture&quot;:&quot;0&quot;,&quot;credit&quot;:&quot;IHA&quot;,&quot;camera&quot;:&quot;&quot;,&quot;caption&quot;:&quot;\\u0130HH \\u0130NSAN\\u0130 YARDIM VAKFI VE HATAY A\\u0130LE, \\u00c7ALI\\u015eMA VE SOSYAL H\\u0130ZMETLER \\u0130L M\\u00dcD\\u00dcRL\\u00dc\\u011e\\u00dc TARAFINDAN SUR\\u0130YE\\u2019N\\u0130N KUZEYBATISINDAK\\u0130 AFR\\u0130N \\u0130L\\u00c7E MERKEZ\\u0130NDE YA\\u015eAYAN BEDENSEL VE Z\\u0130H\\u0130NSEL ENGELL\\u0130 B\\u0130REYLER\\u0130N BULUNDU\\u011eU 100 A\\u0130LEYE \\u0130NSAN\\u0130 YARDIM MALZEMES\\u0130 ULA\\u015eTIRILDI. (ADEM KARAG\\u00d6Z\\\/HATAY-\\u0130HA)&quot;,&quot;created_timestamp&quot;:&quot;0&quot;,&quot;copyright&quot;:&quot;\\u0130HLAS HABER AJANSI, www.iha.com.tr&quot;,&quot;focal_length&quot;:&quot;0&quot;,&quot;iso&quot;:&quot;0&quot;,&quot;shutter_speed&quot;:&quot;0&quot;,&quot;title&quot;:&quot;AFR\\u0130N\\u2019DEK\\u0130 ENGELL\\u0130LERE YARDIM SUR\\u0130YE\\u2019N\\u0130N KUZEYBATISINDAK\\u0130 AFR\\u0130N \\u0130L\\u00c7E MERKEZ\\u0130NDE YA\\u015eAYAN BEDENSEL VE Z\\u0130H\\u0130NSEL ENGELL\\u0130 B\\u0130REYLER\\u0130N BULUNDU\\u011eU 100 A\\u0130LEYE \\u0130HH \\u0130NSAN\\u0130 YARDIM VAKFI VE HATAY A\\u0130LE, \\u00c7ALI\\u015eMA VE SOSYAL H\\u0130ZMETLER \\u0130L M\\u00dcD\\u00dcRL\\u00dc\\u011e\\u00dc TARAFINDAN \\u0130NSAN\\u0130 YARDIM MALZEMES\\u0130 ULA\\u015eTIRILDI&quot;,&quot;orientation&quot;:&quot;0&quot;}\" data-image-title=\"Afrin\u2019deki engellilere yard\u0131m\" data-image-description=\"&lt;p&gt;Afrin\u2019deki engellilere yard\u0131m&lt;\/p&gt; \" data-medium-file=\"https:\/\/i0.wp.com\/www.tvturk.com\/wp-content\/uploads\/2019\/04\/afrindeki-engellilere-yardim_7ed1010.jpg?fit=300%2C200\" data-large-file=\"https:\/\/i0.wp.com\/www.tvturk.com\/wp-content\/uploads\/2019\/04\/afrindeki-engellilere-yardim_7ed1010.jpg?fit=1000%2C666\" src=\"https:\/\/i0.wp.com\/www.tvturk.com\/wp-content\/uploads\/2019\/04\/afrindeki-engellilere-yardim_7ed1010.jpg?w=162&#038;h=108\" srcset=\"https:\/\/i0.wp.com\/www.tvturk.com\/wp-content\/uploads\/2019\/04\/afrindeki-engellilere-yardim_7ed1010.jpg?w=1000 1000w, https:\/\/i0.wp.com\/www.tvturk.com\/wp-content\/uploads\/2019\/04\/afrindeki-engellilere-yardim_7ed1010.jpg?resize=150%2C100 150w, https:\/\/i0.wp.com\/www.tvturk.com\/wp-content\/uploads\/2019\/04\/afrindeki-engellilere-yardim_7ed1010.jpg?resize=300%2C200 300w, https:\/\/i0.wp.com\/www.tvturk.com\/wp-content\/uploads\/2019\/04\/afrindeki-engellilere-yardim_7ed1010.jpg?resize=768%2C511 768w, https:\/\/i0.wp.com\/www.tvturk.com\/wp-content\/uploads\/2019\/04\/afrindeki-engellilere-yardim_7ed1010.jpg?resize=170%2C113 170w, https:\/\/i0.wp.com\/www.tvturk.com\/wp-content\/uploads\/2019\/04\/afrindeki-engellilere-yardim_7ed1010.jpg?resize=120%2C80 120w\" width=\"162\" height=\"108\" loading=\"lazy\" data-original-width=\"162\" data-original-height=\"108\" itemprop=\"http:\/\/schema.org\/image\" title=\"Afrin\u2019deki engellilere yard\u0131m\" alt=\"Afrin\u2019deki engellilere yard\u0131m\" style=\"width: 162px; height: 108px;\" \/> <\/a> <\/div> <div class=\"tiled-gallery-item tiled-gallery-item-small\" itemprop=\"associatedMedia\" itemscope itemtype=\"http:\/\/schema.org\/ImageObject\"> <a href=\"http:\/\/www.tvturk.com\/index.php\/afrindeki-engellilere-yardim\/afrindeki-engellilere-yardim-5\/\" border=\"0\" itemprop=\"url\"> <meta itemprop=\"width\" content=\"162\"> <meta itemprop=\"height\" content=\"108\"> <img decoding=\"async\" class=\"\" data-attachment-id=\"137427\" data-orig-file=\"http:\/\/www.tvturk.com\/wp-content\/uploads\/2019\/04\/afrindeki-engellilere-yardim_990265c.jpg\" data-orig-size=\"1000,666\" data-comments-opened=\"\" data-image-meta=\"{&quot;aperture&quot;:&quot;0&quot;,&quot;credit&quot;:&quot;IHA&quot;,&quot;camera&quot;:&quot;&quot;,&quot;caption&quot;:&quot;\\u0130HH \\u0130NSAN\\u0130 YARDIM VAKFI VE HATAY A\\u0130LE, \\u00c7ALI\\u015eMA VE SOSYAL H\\u0130ZMETLER \\u0130L M\\u00dcD\\u00dcRL\\u00dc\\u011e\\u00dc TARAFINDAN SUR\\u0130YE\\u2019N\\u0130N KUZEYBATISINDAK\\u0130 AFR\\u0130N \\u0130L\\u00c7E MERKEZ\\u0130NDE YA\\u015eAYAN BEDENSEL VE Z\\u0130H\\u0130NSEL ENGELL\\u0130 B\\u0130REYLER\\u0130N BULUNDU\\u011eU 100 A\\u0130LEYE \\u0130NSAN\\u0130 YARDIM MALZEMES\\u0130 ULA\\u015eTIRILDI. (ADEM KARAG\\u00d6Z\\\/HATAY-\\u0130HA)&quot;,&quot;created_timestamp&quot;:&quot;0&quot;,&quot;copyright&quot;:&quot;\\u0130HLAS HABER AJANSI, www.iha.com.tr&quot;,&quot;focal_length&quot;:&quot;0&quot;,&quot;iso&quot;:&quot;0&quot;,&quot;shutter_speed&quot;:&quot;0&quot;,&quot;title&quot;:&quot;AFR\\u0130N\\u2019DEK\\u0130 ENGELL\\u0130LERE YARDIM SUR\\u0130YE\\u2019N\\u0130N KUZEYBATISINDAK\\u0130 AFR\\u0130N \\u0130L\\u00c7E MERKEZ\\u0130NDE YA\\u015eAYAN BEDENSEL VE Z\\u0130H\\u0130NSEL ENGELL\\u0130 B\\u0130REYLER\\u0130N BULUNDU\\u011eU 100 A\\u0130LEYE \\u0130HH \\u0130NSAN\\u0130 YARDIM VAKFI VE HATAY A\\u0130LE, \\u00c7ALI\\u015eMA VE SOSYAL H\\u0130ZMETLER \\u0130L M\\u00dcD\\u00dcRL\\u00dc\\u011e\\u00dc TARAFINDAN \\u0130NSAN\\u0130 YARDIM MALZEMES\\u0130 ULA\\u015eTIRILDI&quot;,&quot;orientation&quot;:&quot;0&quot;}\" data-image-title=\"Afrin\u2019deki engellilere yard\u0131m\" data-image-description=\"&lt;p&gt;Afrin\u2019deki engellilere yard\u0131m&lt;\/p&gt; \" data-medium-file=\"https:\/\/i0.wp.com\/www.tvturk.com\/wp-content\/uploads\/2019\/04\/afrindeki-engellilere-yardim_990265c.jpg?fit=300%2C200\" data-large-file=\"https:\/\/i0.wp.com\/www.tvturk.com\/wp-content\/uploads\/2019\/04\/afrindeki-engellilere-yardim_990265c.jpg?fit=1000%2C666\" src=\"https:\/\/i0.wp.com\/www.tvturk.com\/wp-content\/uploads\/2019\/04\/afrindeki-engellilere-yardim_990265c.jpg?w=162&#038;h=108\" srcset=\"https:\/\/i0.wp.com\/www.tvturk.com\/wp-content\/uploads\/2019\/04\/afrindeki-engellilere-yardim_990265c.jpg?w=1000 1000w, https:\/\/i0.wp.com\/www.tvturk.com\/wp-content\/uploads\/2019\/04\/afrindeki-engellilere-yardim_990265c.jpg?resize=150%2C100 150w, https:\/\/i0.wp.com\/www.tvturk.com\/wp-content\/uploads\/2019\/04\/afrindeki-engellilere-yardim_990265c.jpg?resize=300%2C200 300w, https:\/\/i0.wp.com\/www.tvturk.com\/wp-content\/uploads\/2019\/04\/afrindeki-engellilere-yardim_990265c.jpg?resize=768%2C511 768w, https:\/\/i0.wp.com\/www.tvturk.com\/wp-content\/uploads\/2019\/04\/afrindeki-engellilere-yardim_990265c.jpg?resize=170%2C113 170w, https:\/\/i0.wp.com\/www.tvturk.com\/wp-content\/uploads\/2019\/04\/afrindeki-engellilere-yardim_990265c.jpg?resize=120%2C80 120w\" width=\"162\" height=\"108\" loading=\"lazy\" data-original-width=\"162\" data-original-height=\"108\" itemprop=\"http:\/\/schema.org\/image\" title=\"Afrin\u2019deki engellilere yard\u0131m\" alt=\"Afrin\u2019deki engellilere yard\u0131m\" style=\"width: 162px; height: 108px;\" \/> <\/a> <\/div> <\/div> <!-- close group --> <\/div> <!-- close row --> <div class=\"gallery-row\" style=\"width: 500px; height: 168px;\" data-original-width=\"500\" data-original-height=\"168\" > <div class=\"gallery-group images-1\" style=\"width: 250px; height: 168px;\" data-original-width=\"250\" data-original-height=\"168\" > <div class=\"tiled-gallery-item tiled-gallery-item-small\" itemprop=\"associatedMedia\" itemscope itemtype=\"http:\/\/schema.org\/ImageObject\"> <a href=\"http:\/\/www.tvturk.com\/index.php\/afrindeki-engellilere-yardim\/afrindeki-engellilere-yardim-6\/\" border=\"0\" itemprop=\"url\"> <meta itemprop=\"width\" content=\"246\"> <meta itemprop=\"height\" content=\"164\"> <img decoding=\"async\" class=\"\" data-attachment-id=\"137428\" data-orig-file=\"http:\/\/www.tvturk.com\/wp-content\/uploads\/2019\/04\/afrindeki-engellilere-yardim_75a036d.jpg\" data-orig-size=\"1000,666\" data-comments-opened=\"\" data-image-meta=\"{&quot;aperture&quot;:&quot;0&quot;,&quot;credit&quot;:&quot;IHA&quot;,&quot;camera&quot;:&quot;&quot;,&quot;caption&quot;:&quot;\\u0130HH \\u0130NSAN\\u0130 YARDIM VAKFI VE HATAY A\\u0130LE, \\u00c7ALI\\u015eMA VE SOSYAL H\\u0130ZMETLER \\u0130L M\\u00dcD\\u00dcRL\\u00dc\\u011e\\u00dc TARAFINDAN SUR\\u0130YE\\u2019N\\u0130N KUZEYBATISINDAK\\u0130 AFR\\u0130N \\u0130L\\u00c7E MERKEZ\\u0130NDE YA\\u015eAYAN BEDENSEL VE Z\\u0130H\\u0130NSEL ENGELL\\u0130 B\\u0130REYLER\\u0130N BULUNDU\\u011eU 100 A\\u0130LEYE \\u0130NSAN\\u0130 YARDIM MALZEMES\\u0130 ULA\\u015eTIRILDI. (ADEM KARAG\\u00d6Z\\\/HATAY-\\u0130HA)&quot;,&quot;created_timestamp&quot;:&quot;0&quot;,&quot;copyright&quot;:&quot;\\u0130HLAS HABER AJANSI, www.iha.com.tr&quot;,&quot;focal_length&quot;:&quot;0&quot;,&quot;iso&quot;:&quot;0&quot;,&quot;shutter_speed&quot;:&quot;0&quot;,&quot;title&quot;:&quot;AFR\\u0130N\\u2019DEK\\u0130 ENGELL\\u0130LERE YARDIM SUR\\u0130YE\\u2019N\\u0130N KUZEYBATISINDAK\\u0130 AFR\\u0130N \\u0130L\\u00c7E MERKEZ\\u0130NDE YA\\u015eAYAN BEDENSEL VE Z\\u0130H\\u0130NSEL ENGELL\\u0130 B\\u0130REYLER\\u0130N BULUNDU\\u011eU 100 A\\u0130LEYE \\u0130HH \\u0130NSAN\\u0130 YARDIM VAKFI VE HATAY A\\u0130LE, \\u00c7ALI\\u015eMA VE SOSYAL H\\u0130ZMETLER \\u0130L M\\u00dcD\\u00dcRL\\u00dc\\u011e\\u00dc TARAFINDAN \\u0130NSAN\\u0130 YARDIM MALZEMES\\u0130 ULA\\u015eTIRILDI&quot;,&quot;orientation&quot;:&quot;0&quot;}\" data-image-title=\"Afrin\u2019deki engellilere yard\u0131m\" data-image-description=\"&lt;p&gt;Afrin\u2019deki engellilere yard\u0131m&lt;\/p&gt; \" data-medium-file=\"https:\/\/i0.wp.com\/www.tvturk.com\/wp-content\/uploads\/2019\/04\/afrindeki-engellilere-yardim_75a036d.jpg?fit=300%2C200\" data-large-file=\"https:\/\/i0.wp.com\/www.tvturk.com\/wp-content\/uploads\/2019\/04\/afrindeki-engellilere-yardim_75a036d.jpg?fit=1000%2C666\" src=\"https:\/\/i0.wp.com\/www.tvturk.com\/wp-content\/uploads\/2019\/04\/afrindeki-engellilere-yardim_75a036d.jpg?w=246&#038;h=164\" srcset=\"https:\/\/i0.wp.com\/www.tvturk.com\/wp-content\/uploads\/2019\/04\/afrindeki-engellilere-yardim_75a036d.jpg?w=1000 1000w, https:\/\/i0.wp.com\/www.tvturk.com\/wp-content\/uploads\/2019\/04\/afrindeki-engellilere-yardim_75a036d.jpg?resize=150%2C100 150w, https:\/\/i0.wp.com\/www.tvturk.com\/wp-content\/uploads\/2019\/04\/afrindeki-engellilere-yardim_75a036d.jpg?resize=300%2C200 300w, https:\/\/i0.wp.com\/www.tvturk.com\/wp-content\/uploads\/2019\/04\/afrindeki-engellilere-yardim_75a036d.jpg?resize=768%2C511 768w, https:\/\/i0.wp.com\/www.tvturk.com\/wp-content\/uploads\/2019\/04\/afrindeki-engellilere-yardim_75a036d.jpg?resize=170%2C113 170w, https:\/\/i0.wp.com\/www.tvturk.com\/wp-content\/uploads\/2019\/04\/afrindeki-engellilere-yardim_75a036d.jpg?resize=120%2C80 120w\" width=\"246\" height=\"164\" loading=\"lazy\" data-original-width=\"246\" data-original-height=\"164\" itemprop=\"http:\/\/schema.org\/image\" title=\"Afrin\u2019deki engellilere yard\u0131m\" alt=\"Afrin\u2019deki engellilere yard\u0131m\" style=\"width: 246px; height: 164px;\" \/> <\/a> <\/div> <\/div> <!-- close group --> <div class=\"gallery-group images-1\" style=\"width: 250px; height: 168px;\" data-original-width=\"250\" data-original-height=\"168\" > <div class=\"tiled-gallery-item tiled-gallery-item-small\" itemprop=\"associatedMedia\" itemscope itemtype=\"http:\/\/schema.org\/ImageObject\"> <a href=\"http:\/\/www.tvturk.com\/index.php\/afrindeki-engellilere-yardim\/afrindeki-engellilere-yardim-7\/\" border=\"0\" itemprop=\"url\"> <meta itemprop=\"width\" content=\"246\"> <meta itemprop=\"height\" content=\"164\"> <img decoding=\"async\" class=\"\" data-attachment-id=\"137429\" data-orig-file=\"http:\/\/www.tvturk.com\/wp-content\/uploads\/2019\/04\/afrindeki-engellilere-yardim_4f10e03.jpg\" data-orig-size=\"1000,666\" data-comments-opened=\"\" data-image-meta=\"{&quot;aperture&quot;:&quot;0&quot;,&quot;credit&quot;:&quot;IHA&quot;,&quot;camera&quot;:&quot;&quot;,&quot;caption&quot;:&quot;\\u0130HH \\u0130NSAN\\u0130 YARDIM VAKFI VE HATAY A\\u0130LE, \\u00c7ALI\\u015eMA VE SOSYAL H\\u0130ZMETLER \\u0130L M\\u00dcD\\u00dcRL\\u00dc\\u011e\\u00dc TARAFINDAN SUR\\u0130YE\\u2019N\\u0130N KUZEYBATISINDAK\\u0130 AFR\\u0130N \\u0130L\\u00c7E MERKEZ\\u0130NDE YA\\u015eAYAN BEDENSEL VE Z\\u0130H\\u0130NSEL ENGELL\\u0130 B\\u0130REYLER\\u0130N BULUNDU\\u011eU 100 A\\u0130LEYE \\u0130NSAN\\u0130 YARDIM MALZEMES\\u0130 ULA\\u015eTIRILDI. (ADEM KARAG\\u00d6Z\\\/HATAY-\\u0130HA)&quot;,&quot;created_timestamp&quot;:&quot;0&quot;,&quot;copyright&quot;:&quot;\\u0130HLAS HABER AJANSI, www.iha.com.tr&quot;,&quot;focal_length&quot;:&quot;0&quot;,&quot;iso&quot;:&quot;0&quot;,&quot;shutter_speed&quot;:&quot;0&quot;,&quot;title&quot;:&quot;AFR\\u0130N\\u2019DEK\\u0130 ENGELL\\u0130LERE YARDIM SUR\\u0130YE\\u2019N\\u0130N KUZEYBATISINDAK\\u0130 AFR\\u0130N \\u0130L\\u00c7E MERKEZ\\u0130NDE YA\\u015eAYAN BEDENSEL VE Z\\u0130H\\u0130NSEL ENGELL\\u0130 B\\u0130REYLER\\u0130N BULUNDU\\u011eU 100 A\\u0130LEYE \\u0130HH \\u0130NSAN\\u0130 YARDIM VAKFI VE HATAY A\\u0130LE, \\u00c7ALI\\u015eMA VE SOSYAL H\\u0130ZMETLER \\u0130L M\\u00dcD\\u00dcRL\\u00dc\\u011e\\u00dc TARAFINDAN \\u0130NSAN\\u0130 YARDIM MALZEMES\\u0130 ULA\\u015eTIRILDI&quot;,&quot;orientation&quot;:&quot;0&quot;}\" data-image-title=\"Afrin\u2019deki engellilere yard\u0131m\" data-image-description=\"&lt;p&gt;Afrin\u2019deki engellilere yard\u0131m&lt;\/p&gt; \" data-medium-file=\"https:\/\/i0.wp.com\/www.tvturk.com\/wp-content\/uploads\/2019\/04\/afrindeki-engellilere-yardim_4f10e03.jpg?fit=300%2C200\" data-large-file=\"https:\/\/i0.wp.com\/www.tvturk.com\/wp-content\/uploads\/2019\/04\/afrindeki-engellilere-yardim_4f10e03.jpg?fit=1000%2C666\" src=\"https:\/\/i0.wp.com\/www.tvturk.com\/wp-content\/uploads\/2019\/04\/afrindeki-engellilere-yardim_4f10e03.jpg?w=246&#038;h=164\" srcset=\"https:\/\/i0.wp.com\/www.tvturk.com\/wp-content\/uploads\/2019\/04\/afrindeki-engellilere-yardim_4f10e03.jpg?w=1000 1000w, https:\/\/i0.wp.com\/www.tvturk.com\/wp-content\/uploads\/2019\/04\/afrindeki-engellilere-yardim_4f10e03.jpg?resize=150%2C100 150w, https:\/\/i0.wp.com\/www.tvturk.com\/wp-content\/uploads\/2019\/04\/afrindeki-engellilere-yardim_4f10e03.jpg?resize=300%2C200 300w, https:\/\/i0.wp.com\/www.tvturk.com\/wp-content\/uploads\/2019\/04\/afrindeki-engellilere-yardim_4f10e03.jpg?resize=768%2C511 768w, https:\/\/i0.wp.com\/www.tvturk.com\/wp-content\/uploads\/2019\/04\/afrindeki-engellilere-yardim_4f10e03.jpg?resize=170%2C113 170w, https:\/\/i0.wp.com\/www.tvturk.com\/wp-content\/uploads\/2019\/04\/afrindeki-engellilere-yardim_4f10e03.jpg?resize=120%2C80 120w\" width=\"246\" height=\"164\" loading=\"lazy\" data-original-width=\"246\" data-original-height=\"164\" itemprop=\"http:\/\/schema.org\/image\" title=\"Afrin\u2019deki engellilere yard\u0131m\" alt=\"Afrin\u2019deki engellilere yard\u0131m\" style=\"width: 246px; height: 164px;\" \/> <\/a> <\/div> <\/div> <!-- close group --> <\/div> <!-- close row --> <\/div><\/p>\n","protected":false},"excerpt":{"rendered":"<p>\u0130HH \u0130NSAN\u0130 YARDIM VAKFI VE HATAY A\u0130LE, \u00c7ALI\u015eMA VE SOSYAL H\u0130ZMETLER \u0130L M\u00dcD\u00dcRL\u00dc\u011e\u00dc TARAFINDAN SUR\u0130YE\u2019N\u0130N KUZEYBATISINDAK\u0130 AFR\u0130N \u0130L\u00c7E MERKEZ\u0130NDE YA\u015eAYAN BEDENSEL VE Z\u0130H\u0130NSEL ENGELL\u0130 B\u0130REYLER\u0130N BULUNDU\u011eU 100 A\u0130LEYE \u0130NSAN\u0130 YARDIM MALZEMES\u0130 ULA\u015eTIRILDI.<\/p>\n","protected":false},"author":1,"featured_media":137424,"comment_status":"closed","ping_status":"open","sticky":false,"template":"","format":"standard","meta":{"jetpack_post_was_ever_published":false,"_jetpack_newsletter_access":"","_jetpack_dont_email_post_to_subs":false,"_jetpack_newsletter_tier_id":0,"_jetpack_memberships_contains_paywalled_content":false,"_jetpack_memberships_contains_paid_content":false,"footnotes":"","jetpack_publicize_message":"","jetpack_publicize_feature_enabled":true,"jetpack_social_post_already_shared":true,"jetpack_social_options":{"image_generator_settings":{"template":"highway","default_image_id":0,"font":"","enabled":false},"version":2}},"categories":[1],"tags":[23683,1735,1736],"class_list":["post-137423","post","type-post","status-publish","format-standard","has-post-thumbnail","hentry","category-genel","tag-afrindeki","tag-engellilere","tag-yardim"],"jetpack_publicize_connections":[],"jetpack_featured_media_url":"https:\/\/i0.wp.com\/www.tvturk.com\/wp-content\/uploads\/2019\/04\/afrindeki-engellilere-yardim_88f88d1.jpg?fit=1000%2C666","jetpack_sharing_enabled":true,"jetpack_shortlink":"https:\/\/wp.me\/paKIfm-zKv","_links":{"self":[{"href":"http:\/\/www.tvturk.com\/index.php\/wp-json\/wp\/v2\/posts\/137423","targetHints":{"allow":["GET"]}}],"collection":[{"href":"http:\/\/www.tvturk.com\/index.php\/wp-json\/wp\/v2\/posts"}],"about":[{"href":"http:\/\/www.tvturk.com\/index.php\/wp-json\/wp\/v2\/types\/post"}],"author":[{"embeddable":true,"href":"http:\/\/www.tvturk.com\/index.php\/wp-json\/wp\/v2\/users\/1"}],"replies":[{"embeddable":true,"href":"http:\/\/www.tvturk.com\/index.php\/wp-json\/wp\/v2\/comments?post=137423"}],"version-history":[{"count":1,"href":"http:\/\/www.tvturk.com\/index.php\/wp-json\/wp\/v2\/posts\/137423\/revisions"}],"predecessor-version":[{"id":137430,"href":"http:\/\/www.tvturk.com\/index.php\/wp-json\/wp\/v2\/posts\/137423\/revisions\/137430"}],"wp:featuredmedia":[{"embeddable":true,"href":"http:\/\/www.tvturk.com\/index.php\/wp-json\/wp\/v2\/media\/137424"}],"wp:attachment":[{"href":"http:\/\/www.tvturk.com\/index.php\/wp-json\/wp\/v2\/media?parent=137423"}],"wp:term":[{"taxonomy":"category","embeddable":true,"href":"http:\/\/www.tvturk.com\/index.php\/wp-json\/wp\/v2\/categories?post=137423"},{"taxonomy":"post_tag","embeddable":true,"href":"http:\/\/www.tvturk.com\/index.php\/wp-json\/wp\/v2\/tags?post=137423"}],"curies":[{"name":"wp","href":"https:\/\/api.w.org\/{rel}","templated":true}]}}