{"id":137457,"date":"2019-04-15T14:11:22","date_gmt":"2019-04-15T11:11:22","guid":{"rendered":"http:\/\/www.tvturk.com\/index.php\/heyelanda-hayatini-kaybeden-kisi-son-yolculuguna-ugurlandi\/"},"modified":"2019-04-15T14:11:26","modified_gmt":"2019-04-15T11:11:26","slug":"heyelanda-hayatini-kaybeden-kisi-son-yolculuguna-ugurlandi","status":"publish","type":"post","link":"http:\/\/www.tvturk.com\/index.php\/heyelanda-hayatini-kaybeden-kisi-son-yolculuguna-ugurlandi\/","title":{"rendered":"Heyelanda hayat\u0131n\u0131 kaybeden ki\u015fi son yolculu\u011funa u\u011furland\u0131"},"content":{"rendered":"<p>Sakarya\u2019n\u0131n Arifiye il\u00e7esinde at\u0131\u015f poligonunda meydana gelen heyelan sonucu toprak alt\u0131nda kalarak hayat\u0131n\u0131 kaybeden \u0130srafil \u015een son yolculu\u011funa u\u011furland\u0131.<\/p>\n<p>Olay, d\u00fcn saat 14.45 s\u0131ralar\u0131nda Arifiye il\u00e7esi Cumhuriyet Mahallesi\u2019nde bulunan at\u0131\u015f poligonunda meydana geldi. B\u00f6lgede fidanc\u0131l\u0131k yapan 56 ya\u015f\u0131ndaki \u0130srafil \u015een, poligonda meydana gelen heyelan sonras\u0131nda topra\u011f\u0131n alt\u0131nda kalm\u0131\u015f, ekiplerce a\u011f\u0131r yaral\u0131 olarak kurtar\u0131larak kald\u0131r\u0131ld\u0131\u011f\u0131 hastanede yap\u0131lan t\u00fcm m\u00fcdahalelere ra\u011fmen hayat\u0131n\u0131 kaybetmi\u015fti. \u015een, Arifiye Cumhuriyet Mahallesi Kaynak Camii\u2019nde \u00f6\u011fle namaz\u0131na m\u00fcteakip k\u0131l\u0131nan cenaze namaz\u0131n\u0131n ard\u0131ndan son yolculu\u011funa u\u011furland\u0131.<\/p>\n<p>Cenaze namaz\u0131na \u015een\u2019in sevenlerinin yan\u0131 s\u0131ra Arifiye Belediye Ba\u015fkan\u0131 \u0130smail Karakulluk\u00e7u ve \u0130l Emniyet M\u00fcd\u00fcr Yard\u0131mc\u0131s\u0131 Cengiz Dan\u0131\u015fan\u2019da kat\u0131ld\u0131.<div class=\"tiled-gallery type-rectangular tiled-gallery-unresized\" data-original-width=\"500\" data-carousel-extra='null' itemscope itemtype=\"http:\/\/schema.org\/ImageGallery\" > <div class=\"gallery-row\" style=\"width: 500px; height: 224px;\" data-original-width=\"500\" data-original-height=\"224\" > <div class=\"gallery-group images-1\" style=\"width: 334px; height: 224px;\" data-original-width=\"334\" data-original-height=\"224\" > <div class=\"tiled-gallery-item tiled-gallery-item-large\" itemprop=\"associatedMedia\" itemscope itemtype=\"http:\/\/schema.org\/ImageObject\"> <a href=\"http:\/\/www.tvturk.com\/index.php\/heyelanda-hayatini-kaybeden-kisi-son-yolculuguna-ugurlandi\/heyelanda-hayatini-kaybeden-kisi-son-yolculuguna-ugurlandi-3\/\" border=\"0\" itemprop=\"url\"> <meta itemprop=\"width\" content=\"330\"> <meta itemprop=\"height\" content=\"220\"> <img decoding=\"async\" class=\"\" data-attachment-id=\"137459\" data-orig-file=\"http:\/\/www.tvturk.com\/wp-content\/uploads\/2019\/04\/heyelanda-hayatini-kaybeden-kisi-son-yolculuguna-ugurlandi_56637a9.jpg\" data-orig-size=\"1000,666\" data-comments-opened=\"\" data-image-meta=\"{&quot;aperture&quot;:&quot;0&quot;,&quot;credit&quot;:&quot;IHA&quot;,&quot;camera&quot;:&quot;&quot;,&quot;caption&quot;:&quot;SAKARYA\\u2019NIN AR\\u0130F\\u0130YE \\u0130L\\u00c7ES\\u0130NDE ATI\\u015e POL\\u0130GONUNDA MEYDANA GELEN HEYELAN SONUCU TOPRAK ALTINDA KALARAK HAYATINI KAYBEDEN \\u0130SRAF\\u0130L \\u015eEN SON YOLCULU\\u011eUNA U\\u011eURLANDI. (BURAK CAN TOKY\\u00dcREK - ORKUN KAYA\\\/SAKARYA-\\u0130HA)&quot;,&quot;created_timestamp&quot;:&quot;0&quot;,&quot;copyright&quot;:&quot;\\u0130HLAS HABER AJANSI, www.iha.com.tr&quot;,&quot;focal_length&quot;:&quot;0&quot;,&quot;iso&quot;:&quot;0&quot;,&quot;shutter_speed&quot;:&quot;0&quot;,&quot;title&quot;:&quot;HEYELANDA HAYATINI KAYBEDEN K\\u0130\\u015e\\u0130 SON YOLCULU\\u011eUNA U\\u011eURLANDI&quot;,&quot;orientation&quot;:&quot;0&quot;}\" data-image-title=\"Heyelanda hayat\u0131n\u0131 kaybeden ki\u015fi son yolculu\u011funa u\u011furland\u0131\" data-image-description=\"&lt;p&gt;Heyelanda hayat\u0131n\u0131 kaybeden ki\u015fi son yolculu\u011funa u\u011furland\u0131&lt;\/p&gt; \" data-medium-file=\"https:\/\/i0.wp.com\/www.tvturk.com\/wp-content\/uploads\/2019\/04\/heyelanda-hayatini-kaybeden-kisi-son-yolculuguna-ugurlandi_56637a9.jpg?fit=300%2C200\" data-large-file=\"https:\/\/i0.wp.com\/www.tvturk.com\/wp-content\/uploads\/2019\/04\/heyelanda-hayatini-kaybeden-kisi-son-yolculuguna-ugurlandi_56637a9.jpg?fit=1000%2C666\" src=\"https:\/\/i0.wp.com\/www.tvturk.com\/wp-content\/uploads\/2019\/04\/heyelanda-hayatini-kaybeden-kisi-son-yolculuguna-ugurlandi_56637a9.jpg?w=330&#038;h=220\" srcset=\"https:\/\/i0.wp.com\/www.tvturk.com\/wp-content\/uploads\/2019\/04\/heyelanda-hayatini-kaybeden-kisi-son-yolculuguna-ugurlandi_56637a9.jpg?w=1000 1000w, https:\/\/i0.wp.com\/www.tvturk.com\/wp-content\/uploads\/2019\/04\/heyelanda-hayatini-kaybeden-kisi-son-yolculuguna-ugurlandi_56637a9.jpg?resize=150%2C100 150w, https:\/\/i0.wp.com\/www.tvturk.com\/wp-content\/uploads\/2019\/04\/heyelanda-hayatini-kaybeden-kisi-son-yolculuguna-ugurlandi_56637a9.jpg?resize=300%2C200 300w, https:\/\/i0.wp.com\/www.tvturk.com\/wp-content\/uploads\/2019\/04\/heyelanda-hayatini-kaybeden-kisi-son-yolculuguna-ugurlandi_56637a9.jpg?resize=768%2C511 768w, https:\/\/i0.wp.com\/www.tvturk.com\/wp-content\/uploads\/2019\/04\/heyelanda-hayatini-kaybeden-kisi-son-yolculuguna-ugurlandi_56637a9.jpg?resize=170%2C113 170w, https:\/\/i0.wp.com\/www.tvturk.com\/wp-content\/uploads\/2019\/04\/heyelanda-hayatini-kaybeden-kisi-son-yolculuguna-ugurlandi_56637a9.jpg?resize=120%2C80 120w\" width=\"330\" height=\"220\" loading=\"lazy\" data-original-width=\"330\" data-original-height=\"220\" itemprop=\"http:\/\/schema.org\/image\" title=\"Heyelanda hayat\u0131n\u0131 kaybeden ki\u015fi son yolculu\u011funa u\u011furland\u0131\" alt=\"Heyelanda hayat\u0131n\u0131 kaybeden ki\u015fi son yolculu\u011funa u\u011furland\u0131\" style=\"width: 330px; height: 220px;\" \/> <\/a> <\/div> <\/div> <!-- close group --> <div class=\"gallery-group images-2\" style=\"width: 166px; height: 224px;\" data-original-width=\"166\" data-original-height=\"224\" > <div class=\"tiled-gallery-item tiled-gallery-item-small\" itemprop=\"associatedMedia\" itemscope itemtype=\"http:\/\/schema.org\/ImageObject\"> <a href=\"http:\/\/www.tvturk.com\/index.php\/heyelanda-hayatini-kaybeden-kisi-son-yolculuguna-ugurlandi\/heyelanda-hayatini-kaybeden-kisi-son-yolculuguna-ugurlandi-4\/\" border=\"0\" itemprop=\"url\"> <meta itemprop=\"width\" content=\"162\"> <meta itemprop=\"height\" content=\"108\"> <img decoding=\"async\" class=\"\" data-attachment-id=\"137460\" data-orig-file=\"http:\/\/www.tvturk.com\/wp-content\/uploads\/2019\/04\/heyelanda-hayatini-kaybeden-kisi-son-yolculuguna-ugurlandi_5352088.jpg\" data-orig-size=\"1000,666\" data-comments-opened=\"\" data-image-meta=\"{&quot;aperture&quot;:&quot;0&quot;,&quot;credit&quot;:&quot;IHA&quot;,&quot;camera&quot;:&quot;&quot;,&quot;caption&quot;:&quot;SAKARYA\\u2019NIN AR\\u0130F\\u0130YE \\u0130L\\u00c7ES\\u0130NDE ATI\\u015e POL\\u0130GONUNDA MEYDANA GELEN HEYELAN SONUCU TOPRAK ALTINDA KALARAK HAYATINI KAYBEDEN \\u0130SRAF\\u0130L \\u015eEN SON YOLCULU\\u011eUNA U\\u011eURLANDI. (BURAK CAN TOKY\\u00dcREK - ORKUN KAYA\\\/SAKARYA-\\u0130HA)&quot;,&quot;created_timestamp&quot;:&quot;0&quot;,&quot;copyright&quot;:&quot;\\u0130HLAS HABER AJANSI, www.iha.com.tr&quot;,&quot;focal_length&quot;:&quot;0&quot;,&quot;iso&quot;:&quot;0&quot;,&quot;shutter_speed&quot;:&quot;0&quot;,&quot;title&quot;:&quot;HEYELANDA HAYATINI KAYBEDEN K\\u0130\\u015e\\u0130 SON YOLCULU\\u011eUNA U\\u011eURLANDI&quot;,&quot;orientation&quot;:&quot;0&quot;}\" data-image-title=\"Heyelanda hayat\u0131n\u0131 kaybeden ki\u015fi son yolculu\u011funa u\u011furland\u0131\" data-image-description=\"&lt;p&gt;Heyelanda hayat\u0131n\u0131 kaybeden ki\u015fi son yolculu\u011funa u\u011furland\u0131&lt;\/p&gt; \" data-medium-file=\"https:\/\/i0.wp.com\/www.tvturk.com\/wp-content\/uploads\/2019\/04\/heyelanda-hayatini-kaybeden-kisi-son-yolculuguna-ugurlandi_5352088.jpg?fit=300%2C200\" data-large-file=\"https:\/\/i0.wp.com\/www.tvturk.com\/wp-content\/uploads\/2019\/04\/heyelanda-hayatini-kaybeden-kisi-son-yolculuguna-ugurlandi_5352088.jpg?fit=1000%2C666\" src=\"https:\/\/i0.wp.com\/www.tvturk.com\/wp-content\/uploads\/2019\/04\/heyelanda-hayatini-kaybeden-kisi-son-yolculuguna-ugurlandi_5352088.jpg?w=162&#038;h=108\" srcset=\"https:\/\/i0.wp.com\/www.tvturk.com\/wp-content\/uploads\/2019\/04\/heyelanda-hayatini-kaybeden-kisi-son-yolculuguna-ugurlandi_5352088.jpg?w=1000 1000w, https:\/\/i0.wp.com\/www.tvturk.com\/wp-content\/uploads\/2019\/04\/heyelanda-hayatini-kaybeden-kisi-son-yolculuguna-ugurlandi_5352088.jpg?resize=150%2C100 150w, https:\/\/i0.wp.com\/www.tvturk.com\/wp-content\/uploads\/2019\/04\/heyelanda-hayatini-kaybeden-kisi-son-yolculuguna-ugurlandi_5352088.jpg?resize=300%2C200 300w, https:\/\/i0.wp.com\/www.tvturk.com\/wp-content\/uploads\/2019\/04\/heyelanda-hayatini-kaybeden-kisi-son-yolculuguna-ugurlandi_5352088.jpg?resize=768%2C511 768w, https:\/\/i0.wp.com\/www.tvturk.com\/wp-content\/uploads\/2019\/04\/heyelanda-hayatini-kaybeden-kisi-son-yolculuguna-ugurlandi_5352088.jpg?resize=170%2C113 170w, https:\/\/i0.wp.com\/www.tvturk.com\/wp-content\/uploads\/2019\/04\/heyelanda-hayatini-kaybeden-kisi-son-yolculuguna-ugurlandi_5352088.jpg?resize=120%2C80 120w\" width=\"162\" height=\"108\" loading=\"lazy\" data-original-width=\"162\" data-original-height=\"108\" itemprop=\"http:\/\/schema.org\/image\" title=\"Heyelanda hayat\u0131n\u0131 kaybeden ki\u015fi son yolculu\u011funa u\u011furland\u0131\" alt=\"Heyelanda hayat\u0131n\u0131 kaybeden ki\u015fi son yolculu\u011funa u\u011furland\u0131\" style=\"width: 162px; height: 108px;\" \/> <\/a> <\/div> <div class=\"tiled-gallery-item tiled-gallery-item-small\" itemprop=\"associatedMedia\" itemscope itemtype=\"http:\/\/schema.org\/ImageObject\"> <a href=\"http:\/\/www.tvturk.com\/index.php\/heyelanda-hayatini-kaybeden-kisi-son-yolculuguna-ugurlandi\/heyelanda-hayatini-kaybeden-kisi-son-yolculuguna-ugurlandi-5\/\" border=\"0\" itemprop=\"url\"> <meta itemprop=\"width\" content=\"162\"> <meta itemprop=\"height\" content=\"108\"> <img decoding=\"async\" class=\"\" data-attachment-id=\"137461\" data-orig-file=\"http:\/\/www.tvturk.com\/wp-content\/uploads\/2019\/04\/heyelanda-hayatini-kaybeden-kisi-son-yolculuguna-ugurlandi_3bb002a.jpg\" data-orig-size=\"1000,666\" data-comments-opened=\"\" data-image-meta=\"{&quot;aperture&quot;:&quot;0&quot;,&quot;credit&quot;:&quot;IHA&quot;,&quot;camera&quot;:&quot;&quot;,&quot;caption&quot;:&quot;SAKARYA\\u2019NIN AR\\u0130F\\u0130YE \\u0130L\\u00c7ES\\u0130NDE ATI\\u015e POL\\u0130GONUNDA MEYDANA GELEN HEYELAN SONUCU TOPRAK ALTINDA KALARAK HAYATINI KAYBEDEN \\u0130SRAF\\u0130L \\u015eEN SON YOLCULU\\u011eUNA U\\u011eURLANDI. (BURAK CAN TOKY\\u00dcREK - ORKUN KAYA\\\/SAKARYA-\\u0130HA)&quot;,&quot;created_timestamp&quot;:&quot;0&quot;,&quot;copyright&quot;:&quot;\\u0130HLAS HABER AJANSI, www.iha.com.tr&quot;,&quot;focal_length&quot;:&quot;0&quot;,&quot;iso&quot;:&quot;0&quot;,&quot;shutter_speed&quot;:&quot;0&quot;,&quot;title&quot;:&quot;HEYELANDA HAYATINI KAYBEDEN K\\u0130\\u015e\\u0130 SON YOLCULU\\u011eUNA U\\u011eURLANDI&quot;,&quot;orientation&quot;:&quot;0&quot;}\" data-image-title=\"Heyelanda hayat\u0131n\u0131 kaybeden ki\u015fi son yolculu\u011funa u\u011furland\u0131\" data-image-description=\"&lt;p&gt;Heyelanda hayat\u0131n\u0131 kaybeden ki\u015fi son yolculu\u011funa u\u011furland\u0131&lt;\/p&gt; \" data-medium-file=\"https:\/\/i0.wp.com\/www.tvturk.com\/wp-content\/uploads\/2019\/04\/heyelanda-hayatini-kaybeden-kisi-son-yolculuguna-ugurlandi_3bb002a.jpg?fit=300%2C200\" data-large-file=\"https:\/\/i0.wp.com\/www.tvturk.com\/wp-content\/uploads\/2019\/04\/heyelanda-hayatini-kaybeden-kisi-son-yolculuguna-ugurlandi_3bb002a.jpg?fit=1000%2C666\" src=\"https:\/\/i0.wp.com\/www.tvturk.com\/wp-content\/uploads\/2019\/04\/heyelanda-hayatini-kaybeden-kisi-son-yolculuguna-ugurlandi_3bb002a.jpg?w=162&#038;h=108\" srcset=\"https:\/\/i0.wp.com\/www.tvturk.com\/wp-content\/uploads\/2019\/04\/heyelanda-hayatini-kaybeden-kisi-son-yolculuguna-ugurlandi_3bb002a.jpg?w=1000 1000w, https:\/\/i0.wp.com\/www.tvturk.com\/wp-content\/uploads\/2019\/04\/heyelanda-hayatini-kaybeden-kisi-son-yolculuguna-ugurlandi_3bb002a.jpg?resize=150%2C100 150w, https:\/\/i0.wp.com\/www.tvturk.com\/wp-content\/uploads\/2019\/04\/heyelanda-hayatini-kaybeden-kisi-son-yolculuguna-ugurlandi_3bb002a.jpg?resize=300%2C200 300w, https:\/\/i0.wp.com\/www.tvturk.com\/wp-content\/uploads\/2019\/04\/heyelanda-hayatini-kaybeden-kisi-son-yolculuguna-ugurlandi_3bb002a.jpg?resize=768%2C511 768w, https:\/\/i0.wp.com\/www.tvturk.com\/wp-content\/uploads\/2019\/04\/heyelanda-hayatini-kaybeden-kisi-son-yolculuguna-ugurlandi_3bb002a.jpg?resize=170%2C113 170w, https:\/\/i0.wp.com\/www.tvturk.com\/wp-content\/uploads\/2019\/04\/heyelanda-hayatini-kaybeden-kisi-son-yolculuguna-ugurlandi_3bb002a.jpg?resize=120%2C80 120w\" width=\"162\" height=\"108\" loading=\"lazy\" data-original-width=\"162\" data-original-height=\"108\" itemprop=\"http:\/\/schema.org\/image\" title=\"Heyelanda hayat\u0131n\u0131 kaybeden ki\u015fi son yolculu\u011funa u\u011furland\u0131\" alt=\"Heyelanda hayat\u0131n\u0131 kaybeden ki\u015fi son yolculu\u011funa u\u011furland\u0131\" style=\"width: 162px; height: 108px;\" \/> <\/a> <\/div> <\/div> <!-- close group --> <\/div> <!-- close row --> <div class=\"gallery-row\" style=\"width: 500px; height: 334px;\" data-original-width=\"500\" data-original-height=\"334\" > <div class=\"gallery-group images-1\" style=\"width: 500px; height: 334px;\" data-original-width=\"500\" data-original-height=\"334\" > <div class=\"tiled-gallery-item tiled-gallery-item-large\" itemprop=\"associatedMedia\" itemscope itemtype=\"http:\/\/schema.org\/ImageObject\"> <a href=\"http:\/\/www.tvturk.com\/index.php\/heyelanda-hayatini-kaybeden-kisi-son-yolculuguna-ugurlandi\/heyelanda-hayatini-kaybeden-kisi-son-yolculuguna-ugurlandi-6\/\" border=\"0\" itemprop=\"url\"> <meta itemprop=\"width\" content=\"496\"> <meta itemprop=\"height\" content=\"330\"> <img decoding=\"async\" class=\"\" data-attachment-id=\"137462\" data-orig-file=\"http:\/\/www.tvturk.com\/wp-content\/uploads\/2019\/04\/heyelanda-hayatini-kaybeden-kisi-son-yolculuguna-ugurlandi_c6d3e05.jpg\" data-orig-size=\"1000,666\" data-comments-opened=\"\" data-image-meta=\"{&quot;aperture&quot;:&quot;0&quot;,&quot;credit&quot;:&quot;IHA&quot;,&quot;camera&quot;:&quot;&quot;,&quot;caption&quot;:&quot;SAKARYA\\u2019NIN AR\\u0130F\\u0130YE \\u0130L\\u00c7ES\\u0130NDE ATI\\u015e POL\\u0130GONUNDA MEYDANA GELEN HEYELAN SONUCU TOPRAK ALTINDA KALARAK HAYATINI KAYBEDEN \\u0130SRAF\\u0130L \\u015eEN SON YOLCULU\\u011eUNA U\\u011eURLANDI. (BURAK CAN TOKY\\u00dcREK - ORKUN KAYA\\\/SAKARYA-\\u0130HA)&quot;,&quot;created_timestamp&quot;:&quot;0&quot;,&quot;copyright&quot;:&quot;\\u0130HLAS HABER AJANSI, www.iha.com.tr&quot;,&quot;focal_length&quot;:&quot;0&quot;,&quot;iso&quot;:&quot;0&quot;,&quot;shutter_speed&quot;:&quot;0&quot;,&quot;title&quot;:&quot;HEYELANDA HAYATINI KAYBEDEN K\\u0130\\u015e\\u0130 SON YOLCULU\\u011eUNA U\\u011eURLANDI&quot;,&quot;orientation&quot;:&quot;0&quot;}\" data-image-title=\"Heyelanda hayat\u0131n\u0131 kaybeden ki\u015fi son yolculu\u011funa u\u011furland\u0131\" data-image-description=\"&lt;p&gt;Heyelanda hayat\u0131n\u0131 kaybeden ki\u015fi son yolculu\u011funa u\u011furland\u0131&lt;\/p&gt; \" data-medium-file=\"https:\/\/i0.wp.com\/www.tvturk.com\/wp-content\/uploads\/2019\/04\/heyelanda-hayatini-kaybeden-kisi-son-yolculuguna-ugurlandi_c6d3e05.jpg?fit=300%2C200\" data-large-file=\"https:\/\/i0.wp.com\/www.tvturk.com\/wp-content\/uploads\/2019\/04\/heyelanda-hayatini-kaybeden-kisi-son-yolculuguna-ugurlandi_c6d3e05.jpg?fit=1000%2C666\" src=\"https:\/\/i0.wp.com\/www.tvturk.com\/wp-content\/uploads\/2019\/04\/heyelanda-hayatini-kaybeden-kisi-son-yolculuguna-ugurlandi_c6d3e05.jpg?w=496&#038;h=330\" srcset=\"https:\/\/i0.wp.com\/www.tvturk.com\/wp-content\/uploads\/2019\/04\/heyelanda-hayatini-kaybeden-kisi-son-yolculuguna-ugurlandi_c6d3e05.jpg?w=1000 1000w, https:\/\/i0.wp.com\/www.tvturk.com\/wp-content\/uploads\/2019\/04\/heyelanda-hayatini-kaybeden-kisi-son-yolculuguna-ugurlandi_c6d3e05.jpg?resize=150%2C100 150w, https:\/\/i0.wp.com\/www.tvturk.com\/wp-content\/uploads\/2019\/04\/heyelanda-hayatini-kaybeden-kisi-son-yolculuguna-ugurlandi_c6d3e05.jpg?resize=300%2C200 300w, https:\/\/i0.wp.com\/www.tvturk.com\/wp-content\/uploads\/2019\/04\/heyelanda-hayatini-kaybeden-kisi-son-yolculuguna-ugurlandi_c6d3e05.jpg?resize=768%2C511 768w, https:\/\/i0.wp.com\/www.tvturk.com\/wp-content\/uploads\/2019\/04\/heyelanda-hayatini-kaybeden-kisi-son-yolculuguna-ugurlandi_c6d3e05.jpg?resize=170%2C113 170w, https:\/\/i0.wp.com\/www.tvturk.com\/wp-content\/uploads\/2019\/04\/heyelanda-hayatini-kaybeden-kisi-son-yolculuguna-ugurlandi_c6d3e05.jpg?resize=120%2C80 120w\" width=\"496\" height=\"330\" loading=\"lazy\" data-original-width=\"496\" data-original-height=\"330\" itemprop=\"http:\/\/schema.org\/image\" title=\"Heyelanda hayat\u0131n\u0131 kaybeden ki\u015fi son yolculu\u011funa u\u011furland\u0131\" alt=\"Heyelanda hayat\u0131n\u0131 kaybeden ki\u015fi son yolculu\u011funa u\u011furland\u0131\" style=\"width: 496px; height: 330px;\" \/> <\/a> <\/div> <\/div> <!-- close group --> <\/div> <!-- close row --> <\/div><\/p>\n","protected":false},"excerpt":{"rendered":"<p>SAKARYA\u2019NIN AR\u0130F\u0130YE \u0130L\u00c7ES\u0130NDE ATI\u015e POL\u0130GONUNDA MEYDANA GELEN HEYELAN SONUCU TOPRAK ALTINDA KALARAK HAYATINI KAYBEDEN \u0130SRAF\u0130L \u015eEN SON YOLCULU\u011eUNA U\u011eURLANDI.<\/p>\n","protected":false},"author":1,"featured_media":137458,"comment_status":"closed","ping_status":"open","sticky":false,"template":"","format":"standard","meta":{"jetpack_post_was_ever_published":false,"_jetpack_newsletter_access":"","_jetpack_dont_email_post_to_subs":false,"_jetpack_newsletter_tier_id":0,"_jetpack_memberships_contains_paywalled_content":false,"_jetpack_memberships_contains_paid_content":false,"footnotes":"","jetpack_publicize_message":"","jetpack_publicize_feature_enabled":true,"jetpack_social_post_already_shared":true,"jetpack_social_options":{"image_generator_settings":{"template":"highway","default_image_id":0,"font":"","enabled":false},"version":2}},"categories":[1],"tags":[848,25820,1211,1012,1240,2516,2515],"class_list":["post-137457","post","type-post","status-publish","format-standard","has-post-thumbnail","hentry","category-genel","tag-hayatini","tag-heyelanda","tag-kaybeden","tag-kisi","tag-son","tag-ugurlandi","tag-yolculuguna"],"jetpack_publicize_connections":[],"jetpack_featured_media_url":"https:\/\/i0.wp.com\/www.tvturk.com\/wp-content\/uploads\/2019\/04\/heyelanda-hayatini-kaybeden-kisi-son-yolculuguna-ugurlandi_6f5f9aa.jpg?fit=1000%2C666","jetpack_sharing_enabled":true,"jetpack_shortlink":"https:\/\/wp.me\/paKIfm-zL3","_links":{"self":[{"href":"http:\/\/www.tvturk.com\/index.php\/wp-json\/wp\/v2\/posts\/137457","targetHints":{"allow":["GET"]}}],"collection":[{"href":"http:\/\/www.tvturk.com\/index.php\/wp-json\/wp\/v2\/posts"}],"about":[{"href":"http:\/\/www.tvturk.com\/index.php\/wp-json\/wp\/v2\/types\/post"}],"author":[{"embeddable":true,"href":"http:\/\/www.tvturk.com\/index.php\/wp-json\/wp\/v2\/users\/1"}],"replies":[{"embeddable":true,"href":"http:\/\/www.tvturk.com\/index.php\/wp-json\/wp\/v2\/comments?post=137457"}],"version-history":[{"count":1,"href":"http:\/\/www.tvturk.com\/index.php\/wp-json\/wp\/v2\/posts\/137457\/revisions"}],"predecessor-version":[{"id":137463,"href":"http:\/\/www.tvturk.com\/index.php\/wp-json\/wp\/v2\/posts\/137457\/revisions\/137463"}],"wp:featuredmedia":[{"embeddable":true,"href":"http:\/\/www.tvturk.com\/index.php\/wp-json\/wp\/v2\/media\/137458"}],"wp:attachment":[{"href":"http:\/\/www.tvturk.com\/index.php\/wp-json\/wp\/v2\/media?parent=137457"}],"wp:term":[{"taxonomy":"category","embeddable":true,"href":"http:\/\/www.tvturk.com\/index.php\/wp-json\/wp\/v2\/categories?post=137457"},{"taxonomy":"post_tag","embeddable":true,"href":"http:\/\/www.tvturk.com\/index.php\/wp-json\/wp\/v2\/tags?post=137457"}],"curies":[{"name":"wp","href":"https:\/\/api.w.org\/{rel}","templated":true}]}}