{"id":137481,"date":"2019-04-15T14:32:06","date_gmt":"2019-04-15T11:32:06","guid":{"rendered":"http:\/\/www.tvturk.com\/index.php\/yasemin-adar-balikesirin-gururu-oldu\/"},"modified":"2019-04-15T14:32:14","modified_gmt":"2019-04-15T11:32:14","slug":"yasemin-adar-balikesirin-gururu-oldu","status":"publish","type":"post","link":"http:\/\/www.tvturk.com\/index.php\/yasemin-adar-balikesirin-gururu-oldu\/","title":{"rendered":"Yasemin Adar Bal\u0131kesir\u2019in gururu oldu"},"content":{"rendered":"<p>Avrupa \u015eampiyonas\u0131nda 76 kiloda rakibi Martina Kuenz\u2019i ma\u011flup ederek alt\u0131n madalya kazanan Bal\u0131kesirli Milli G\u00fcre\u015f\u00e7i Yasemin Adar, aya\u011f\u0131n\u0131n tozu ile Bal\u0131kesir B\u00fcy\u00fck\u015fehir Belediye Ba\u015fkan\u0131 Y\u00fccel Y\u0131lmaz\u2019\u0131 ziyaret etti.  Ba\u015fkan Y\u0131lmaz \u015fampiyon Adar\u2019\u0131 alt\u0131n ile \u00f6d\u00fcllendirdi.<\/p>\n<p>Romanya\u2019da d\u00fczenlenen Avrupa G\u00fcre\u015f \u015eampiyonas\u0131nda 76 kiloda rakibi Martina Kuent\u2019i 6-1 ma\u011flup ederek alt\u0131n madalya kazanan Bal\u0131kesirli Milli G\u00fcre\u015f\u00e7i Yasemin Adar, memleketi Bal\u0131kesir\u2019e d\u00f6nd\u00fc. Yasemin Adar, \u015fampiyonada kazand\u0131\u011f\u0131 alt\u0131n madalyayla 4\u2019\u00fcnc\u00fc kez \u00fcst \u00fcste Avrupa \u015eampiyonu olmay\u0131 ba\u015fard\u0131. Bal\u0131kesir Valisi Ersin Yaz\u0131c\u0131, Bal\u0131kesir B\u00fcy\u00fck\u015fehir Belediye Ba\u015fkan\u0131 Y\u00fccel Y\u0131lmaz, \u0130l Emniyet M\u00fcd\u00fcr\u00fc Cengiz Zeybek, Milli G\u00fcre\u015f\u00e7i Yasemin Adar\u2019\u0131 kar\u015f\u0131layarak, tebrik ettiler.<\/p>\n<p>&#8220;Genlerimizde g\u00fcre\u015f var&#8221;<\/p>\n<p>Yasemin Adar\u2019\u0131 \u00f6nc\u00fc olarak kabul ettiklerini s\u00f6yleyen Ba\u015fkan Y\u0131lmaz, &#8220;Ben her zaman Bal\u0131kesir\u2019in genlerinde g\u00fcre\u015fin var oldu\u011funu s\u00f6yl\u00fcyordum. Yasemin karde\u015fim, \u015fehrimizin \u00f6nc\u00fc kad\u0131n g\u00fcre\u015f\u00e7isi ve 4 defa \u015fampiyon olarak T\u00fcrk Bayra\u011f\u0131n\u0131 Avrupa\u2019da dalgaland\u0131rd\u0131. \u0130n\u015fallah 2020\u2019de de olimpiyatlarda dereceye girmi\u015f birinci olmu\u015f sporcu olarak g\u00f6rmek istiyoruz. Bal\u0131kesir\u2019in gururu oldu kendisine te\u015fekk\u00fcr ediyoruz. Her zaman sporcular\u0131m\u0131z\u0131n yan\u0131nday\u0131z ve destekliyoruz&#8221; dedi.<\/p>\n<p>&#8220;Olimpiyat madalyas\u0131n\u0131 almak istiyorum&#8221;<\/p>\n<p>4. kez Avrupa \u015eampiyonu olman\u0131n mutlulu\u011fu ve gururu i\u00e7erisinde oldu\u011funu belirten Yasemin Adar, &#8220;Romanya\u2019da, B\u00fckre\u015f\u2019te \u0130stiklal Mar\u015f\u0131m\u0131z\u0131 okutup bayra\u011f\u0131m\u0131z\u0131 dalgaland\u0131rd\u0131m, \u00e7ok mutluyum. Bal\u0131kesir\u2019e gelir gelmezde sa\u011f olsun Y\u00fccel Ba\u015fkan\u0131m beni makam\u0131na kabul etti. Bal\u0131kesir\u2019i ve \u00fclkemi temsil etmekten gurur duyuyorum.  \u0130n\u015fallah daha nice d\u00f6rtlere diyoruz. \u00d6n\u00fcm\u00fczde daha \u00e7ok g\u00fczel m\u00fcsabakalar olacak. Bunlar\u0131n en \u00f6nemlisi d\u00fcnya \u015fampiyonas\u0131. D\u00fcnya \u015fampiyonas\u0131 bizim i\u00e7in \u00e7ok \u00f6nemli. \u00c7\u00fcnk\u00fc Tokyo Olimpiyatlar\u0131 \u00f6ncesinde kota alabilmek i\u00e7in ilk 6\u2019ya girmemiz gerekiyor. Hedefim \u015fuanda d\u00fcnya \u015fampiyonas\u0131nda \u00fclkemi en iyi \u015fekilde temsil edip tarih yazarak al\u0131nmam\u0131\u015f olimpiyat madalyas\u0131n\u0131 almak istiyorum\u201d \u015feklinde konu\u015ftu.<div class=\"tiled-gallery type-rectangular tiled-gallery-unresized\" data-original-width=\"500\" data-carousel-extra='null' itemscope itemtype=\"http:\/\/schema.org\/ImageGallery\" > <div class=\"gallery-row\" style=\"width: 500px; height: 224px;\" data-original-width=\"500\" data-original-height=\"224\" > <div class=\"gallery-group images-1\" style=\"width: 334px; height: 224px;\" data-original-width=\"334\" data-original-height=\"224\" > <div class=\"tiled-gallery-item tiled-gallery-item-large\" itemprop=\"associatedMedia\" itemscope itemtype=\"http:\/\/schema.org\/ImageObject\"> <a href=\"http:\/\/www.tvturk.com\/index.php\/yasemin-adar-balikesirin-gururu-oldu\/yasemin-adar-balikesirin-gururu-oldu-3\/\" border=\"0\" itemprop=\"url\"> <meta itemprop=\"width\" content=\"330\"> <meta itemprop=\"height\" content=\"220\"> <img decoding=\"async\" class=\"\" data-attachment-id=\"137483\" data-orig-file=\"http:\/\/www.tvturk.com\/wp-content\/uploads\/2019\/04\/yasemin-adar-balikesirin-gururu-oldu_8138f5f.jpg\" data-orig-size=\"1000,666\" data-comments-opened=\"\" data-image-meta=\"{&quot;aperture&quot;:&quot;0&quot;,&quot;credit&quot;:&quot;IHA&quot;,&quot;camera&quot;:&quot;&quot;,&quot;caption&quot;:&quot;AVRUPA \\u015eAMP\\u0130YONASINDA 76 K\\u0130LODA RAK\\u0130B\\u0130 MART\\u0130NA KUENZ\\u0027\\u0130 MA\\u011eLUP EDEREK ALTIN MADALYA KAZANAN BALIKES\\u0130RL\\u0130 M\\u0130LL\\u0130 G\\u00dcRE\\u015e\\u00c7\\u0130 YASEM\\u0130N ADAR, AYA\\u011eININ TOZU \\u0130LE BALIKES\\u0130R B\\u00dcY\\u00dcK\\u015eEH\\u0130R BELED\\u0130YE BA\\u015eKANI Y\\u00dcCEL YILMAZ\\u0027I Z\\u0130YARET ETT\\u0130. BA\\u015eKAN YILMAZ \\u015eAMP\\u0130YON ADAR\\u0027I ALTIN \\u0130LE \\u00d6D\\u00dcLLEND\\u0130RD\\u0130. (HASAN OTA\\u011e FIRINCIO\\u011eULLARI\\\/BALIKES\\u0130R-\\u0130HA)&quot;,&quot;created_timestamp&quot;:&quot;0&quot;,&quot;copyright&quot;:&quot;\\u0130HLAS HABER AJANSI, www.iha.com.tr&quot;,&quot;focal_length&quot;:&quot;0&quot;,&quot;iso&quot;:&quot;0&quot;,&quot;shutter_speed&quot;:&quot;0&quot;,&quot;title&quot;:&quot;YASEM\\u0130N ADAR BALIKES\\u0130R\\u0027\\u0130N GURURU OLDU BA\\u015eKAN YILMAZ: \\u0022G\\u00dcRE\\u015e BALIKES\\u0130R\\u0027\\u0130N GENLER\\u0130NDE VAR\\u0022&quot;,&quot;orientation&quot;:&quot;0&quot;}\" data-image-title=\"Yasemin Adar Bal\u0131kesir\u2019in gururu oldu\" data-image-description=\"&lt;p&gt;Yasemin Adar Bal\u0131kesir\u2019in gururu oldu&lt;\/p&gt; \" data-medium-file=\"https:\/\/i0.wp.com\/www.tvturk.com\/wp-content\/uploads\/2019\/04\/yasemin-adar-balikesirin-gururu-oldu_8138f5f.jpg?fit=300%2C200\" data-large-file=\"https:\/\/i0.wp.com\/www.tvturk.com\/wp-content\/uploads\/2019\/04\/yasemin-adar-balikesirin-gururu-oldu_8138f5f.jpg?fit=1000%2C666\" src=\"https:\/\/i0.wp.com\/www.tvturk.com\/wp-content\/uploads\/2019\/04\/yasemin-adar-balikesirin-gururu-oldu_8138f5f.jpg?w=330&#038;h=220\" srcset=\"https:\/\/i0.wp.com\/www.tvturk.com\/wp-content\/uploads\/2019\/04\/yasemin-adar-balikesirin-gururu-oldu_8138f5f.jpg?w=1000 1000w, https:\/\/i0.wp.com\/www.tvturk.com\/wp-content\/uploads\/2019\/04\/yasemin-adar-balikesirin-gururu-oldu_8138f5f.jpg?resize=150%2C100 150w, https:\/\/i0.wp.com\/www.tvturk.com\/wp-content\/uploads\/2019\/04\/yasemin-adar-balikesirin-gururu-oldu_8138f5f.jpg?resize=300%2C200 300w, https:\/\/i0.wp.com\/www.tvturk.com\/wp-content\/uploads\/2019\/04\/yasemin-adar-balikesirin-gururu-oldu_8138f5f.jpg?resize=768%2C511 768w, https:\/\/i0.wp.com\/www.tvturk.com\/wp-content\/uploads\/2019\/04\/yasemin-adar-balikesirin-gururu-oldu_8138f5f.jpg?resize=170%2C113 170w, https:\/\/i0.wp.com\/www.tvturk.com\/wp-content\/uploads\/2019\/04\/yasemin-adar-balikesirin-gururu-oldu_8138f5f.jpg?resize=120%2C80 120w\" width=\"330\" height=\"220\" loading=\"lazy\" data-original-width=\"330\" data-original-height=\"220\" itemprop=\"http:\/\/schema.org\/image\" title=\"Yasemin Adar Bal\u0131kesir\u2019in gururu oldu\" alt=\"Yasemin Adar Bal\u0131kesir\u2019in gururu oldu\" style=\"width: 330px; height: 220px;\" \/> <\/a> <\/div> <\/div> <!-- close group --> <div class=\"gallery-group images-2\" style=\"width: 166px; height: 224px;\" data-original-width=\"166\" data-original-height=\"224\" > <div class=\"tiled-gallery-item tiled-gallery-item-small\" itemprop=\"associatedMedia\" itemscope itemtype=\"http:\/\/schema.org\/ImageObject\"> <a href=\"http:\/\/www.tvturk.com\/index.php\/yasemin-adar-balikesirin-gururu-oldu\/yasemin-adar-balikesirin-gururu-oldu-4\/\" border=\"0\" itemprop=\"url\"> <meta itemprop=\"width\" content=\"162\"> <meta itemprop=\"height\" content=\"108\"> <img decoding=\"async\" class=\"\" data-attachment-id=\"137484\" data-orig-file=\"http:\/\/www.tvturk.com\/wp-content\/uploads\/2019\/04\/yasemin-adar-balikesirin-gururu-oldu_139df5e.jpg\" data-orig-size=\"1000,666\" data-comments-opened=\"\" data-image-meta=\"{&quot;aperture&quot;:&quot;0&quot;,&quot;credit&quot;:&quot;IHA&quot;,&quot;camera&quot;:&quot;&quot;,&quot;caption&quot;:&quot;AVRUPA \\u015eAMP\\u0130YONASINDA 76 K\\u0130LODA RAK\\u0130B\\u0130 MART\\u0130NA KUENZ\\u0027\\u0130 MA\\u011eLUP EDEREK ALTIN MADALYA KAZANAN BALIKES\\u0130RL\\u0130 M\\u0130LL\\u0130 G\\u00dcRE\\u015e\\u00c7\\u0130 YASEM\\u0130N ADAR, AYA\\u011eININ TOZU \\u0130LE BALIKES\\u0130R B\\u00dcY\\u00dcK\\u015eEH\\u0130R BELED\\u0130YE BA\\u015eKANI Y\\u00dcCEL YILMAZ\\u0027I Z\\u0130YARET ETT\\u0130. BA\\u015eKAN YILMAZ \\u015eAMP\\u0130YON ADAR\\u0027I ALTIN \\u0130LE \\u00d6D\\u00dcLLEND\\u0130RD\\u0130. (HASAN OTA\\u011e FIRINCIO\\u011eULLARI\\\/BALIKES\\u0130R-\\u0130HA)&quot;,&quot;created_timestamp&quot;:&quot;0&quot;,&quot;copyright&quot;:&quot;\\u0130HLAS HABER AJANSI, www.iha.com.tr&quot;,&quot;focal_length&quot;:&quot;0&quot;,&quot;iso&quot;:&quot;0&quot;,&quot;shutter_speed&quot;:&quot;0&quot;,&quot;title&quot;:&quot;YASEM\\u0130N ADAR BALIKES\\u0130R\\u0027\\u0130N GURURU OLDU BA\\u015eKAN YILMAZ: \\u0022G\\u00dcRE\\u015e BALIKES\\u0130R\\u0027\\u0130N GENLER\\u0130NDE VAR\\u0022&quot;,&quot;orientation&quot;:&quot;0&quot;}\" data-image-title=\"Yasemin Adar Bal\u0131kesir\u2019in gururu oldu\" data-image-description=\"&lt;p&gt;Yasemin Adar Bal\u0131kesir\u2019in gururu oldu&lt;\/p&gt; \" data-medium-file=\"https:\/\/i0.wp.com\/www.tvturk.com\/wp-content\/uploads\/2019\/04\/yasemin-adar-balikesirin-gururu-oldu_139df5e.jpg?fit=300%2C200\" data-large-file=\"https:\/\/i0.wp.com\/www.tvturk.com\/wp-content\/uploads\/2019\/04\/yasemin-adar-balikesirin-gururu-oldu_139df5e.jpg?fit=1000%2C666\" src=\"https:\/\/i0.wp.com\/www.tvturk.com\/wp-content\/uploads\/2019\/04\/yasemin-adar-balikesirin-gururu-oldu_139df5e.jpg?w=162&#038;h=108\" srcset=\"https:\/\/i0.wp.com\/www.tvturk.com\/wp-content\/uploads\/2019\/04\/yasemin-adar-balikesirin-gururu-oldu_139df5e.jpg?w=1000 1000w, https:\/\/i0.wp.com\/www.tvturk.com\/wp-content\/uploads\/2019\/04\/yasemin-adar-balikesirin-gururu-oldu_139df5e.jpg?resize=150%2C100 150w, https:\/\/i0.wp.com\/www.tvturk.com\/wp-content\/uploads\/2019\/04\/yasemin-adar-balikesirin-gururu-oldu_139df5e.jpg?resize=300%2C200 300w, https:\/\/i0.wp.com\/www.tvturk.com\/wp-content\/uploads\/2019\/04\/yasemin-adar-balikesirin-gururu-oldu_139df5e.jpg?resize=768%2C511 768w, https:\/\/i0.wp.com\/www.tvturk.com\/wp-content\/uploads\/2019\/04\/yasemin-adar-balikesirin-gururu-oldu_139df5e.jpg?resize=170%2C113 170w, https:\/\/i0.wp.com\/www.tvturk.com\/wp-content\/uploads\/2019\/04\/yasemin-adar-balikesirin-gururu-oldu_139df5e.jpg?resize=120%2C80 120w\" width=\"162\" height=\"108\" loading=\"lazy\" data-original-width=\"162\" data-original-height=\"108\" itemprop=\"http:\/\/schema.org\/image\" title=\"Yasemin Adar Bal\u0131kesir\u2019in gururu oldu\" alt=\"Yasemin Adar Bal\u0131kesir\u2019in gururu oldu\" style=\"width: 162px; height: 108px;\" \/> <\/a> <\/div> <div class=\"tiled-gallery-item tiled-gallery-item-small\" itemprop=\"associatedMedia\" itemscope itemtype=\"http:\/\/schema.org\/ImageObject\"> <a href=\"http:\/\/www.tvturk.com\/index.php\/yasemin-adar-balikesirin-gururu-oldu\/yasemin-adar-balikesirin-gururu-oldu-5\/\" border=\"0\" itemprop=\"url\"> <meta itemprop=\"width\" content=\"162\"> <meta itemprop=\"height\" content=\"108\"> <img decoding=\"async\" class=\"\" data-attachment-id=\"137485\" data-orig-file=\"http:\/\/www.tvturk.com\/wp-content\/uploads\/2019\/04\/yasemin-adar-balikesirin-gururu-oldu_517d68b.jpg\" data-orig-size=\"1000,666\" data-comments-opened=\"\" data-image-meta=\"{&quot;aperture&quot;:&quot;0&quot;,&quot;credit&quot;:&quot;IHA&quot;,&quot;camera&quot;:&quot;&quot;,&quot;caption&quot;:&quot;AVRUPA \\u015eAMP\\u0130YONASINDA 76 K\\u0130LODA RAK\\u0130B\\u0130 MART\\u0130NA KUENZ\\u0027\\u0130 MA\\u011eLUP EDEREK ALTIN MADALYA KAZANAN BALIKES\\u0130RL\\u0130 M\\u0130LL\\u0130 G\\u00dcRE\\u015e\\u00c7\\u0130 YASEM\\u0130N ADAR, AYA\\u011eININ TOZU \\u0130LE BALIKES\\u0130R B\\u00dcY\\u00dcK\\u015eEH\\u0130R BELED\\u0130YE BA\\u015eKANI Y\\u00dcCEL YILMAZ\\u0027I Z\\u0130YARET ETT\\u0130. BA\\u015eKAN YILMAZ \\u015eAMP\\u0130YON ADAR\\u0027I ALTIN \\u0130LE \\u00d6D\\u00dcLLEND\\u0130RD\\u0130. (HASAN OTA\\u011e FIRINCIO\\u011eULLARI\\\/BALIKES\\u0130R-\\u0130HA)&quot;,&quot;created_timestamp&quot;:&quot;0&quot;,&quot;copyright&quot;:&quot;\\u0130HLAS HABER AJANSI, www.iha.com.tr&quot;,&quot;focal_length&quot;:&quot;0&quot;,&quot;iso&quot;:&quot;0&quot;,&quot;shutter_speed&quot;:&quot;0&quot;,&quot;title&quot;:&quot;YASEM\\u0130N ADAR BALIKES\\u0130R\\u0027\\u0130N GURURU OLDU BA\\u015eKAN YILMAZ: \\u0022G\\u00dcRE\\u015e BALIKES\\u0130R\\u0027\\u0130N GENLER\\u0130NDE VAR\\u0022&quot;,&quot;orientation&quot;:&quot;0&quot;}\" data-image-title=\"Yasemin Adar Bal\u0131kesir\u2019in gururu oldu\" data-image-description=\"&lt;p&gt;Yasemin Adar Bal\u0131kesir\u2019in gururu oldu&lt;\/p&gt; \" data-medium-file=\"https:\/\/i0.wp.com\/www.tvturk.com\/wp-content\/uploads\/2019\/04\/yasemin-adar-balikesirin-gururu-oldu_517d68b.jpg?fit=300%2C200\" data-large-file=\"https:\/\/i0.wp.com\/www.tvturk.com\/wp-content\/uploads\/2019\/04\/yasemin-adar-balikesirin-gururu-oldu_517d68b.jpg?fit=1000%2C666\" src=\"https:\/\/i0.wp.com\/www.tvturk.com\/wp-content\/uploads\/2019\/04\/yasemin-adar-balikesirin-gururu-oldu_517d68b.jpg?w=162&#038;h=108\" srcset=\"https:\/\/i0.wp.com\/www.tvturk.com\/wp-content\/uploads\/2019\/04\/yasemin-adar-balikesirin-gururu-oldu_517d68b.jpg?w=1000 1000w, https:\/\/i0.wp.com\/www.tvturk.com\/wp-content\/uploads\/2019\/04\/yasemin-adar-balikesirin-gururu-oldu_517d68b.jpg?resize=150%2C100 150w, https:\/\/i0.wp.com\/www.tvturk.com\/wp-content\/uploads\/2019\/04\/yasemin-adar-balikesirin-gururu-oldu_517d68b.jpg?resize=300%2C200 300w, https:\/\/i0.wp.com\/www.tvturk.com\/wp-content\/uploads\/2019\/04\/yasemin-adar-balikesirin-gururu-oldu_517d68b.jpg?resize=768%2C511 768w, https:\/\/i0.wp.com\/www.tvturk.com\/wp-content\/uploads\/2019\/04\/yasemin-adar-balikesirin-gururu-oldu_517d68b.jpg?resize=170%2C113 170w, https:\/\/i0.wp.com\/www.tvturk.com\/wp-content\/uploads\/2019\/04\/yasemin-adar-balikesirin-gururu-oldu_517d68b.jpg?resize=120%2C80 120w\" width=\"162\" height=\"108\" loading=\"lazy\" data-original-width=\"162\" data-original-height=\"108\" itemprop=\"http:\/\/schema.org\/image\" title=\"Yasemin Adar Bal\u0131kesir\u2019in gururu oldu\" alt=\"Yasemin Adar Bal\u0131kesir\u2019in gururu oldu\" style=\"width: 162px; height: 108px;\" \/> <\/a> <\/div> <\/div> <!-- close group --> <\/div> <!-- close row --> <div class=\"gallery-row\" style=\"width: 500px; height: 334px;\" data-original-width=\"500\" data-original-height=\"334\" > <div class=\"gallery-group images-1\" style=\"width: 500px; height: 334px;\" data-original-width=\"500\" data-original-height=\"334\" > <div class=\"tiled-gallery-item tiled-gallery-item-large\" itemprop=\"associatedMedia\" itemscope itemtype=\"http:\/\/schema.org\/ImageObject\"> <a href=\"http:\/\/www.tvturk.com\/index.php\/yasemin-adar-balikesirin-gururu-oldu\/yasemin-adar-balikesirin-gururu-oldu-6\/\" border=\"0\" itemprop=\"url\"> <meta itemprop=\"width\" content=\"496\"> <meta itemprop=\"height\" content=\"330\"> <img decoding=\"async\" class=\"\" data-attachment-id=\"137486\" data-orig-file=\"http:\/\/www.tvturk.com\/wp-content\/uploads\/2019\/04\/yasemin-adar-balikesirin-gururu-oldu_2fb694d.jpg\" data-orig-size=\"1000,666\" data-comments-opened=\"\" data-image-meta=\"{&quot;aperture&quot;:&quot;0&quot;,&quot;credit&quot;:&quot;IHA&quot;,&quot;camera&quot;:&quot;&quot;,&quot;caption&quot;:&quot;AVRUPA \\u015eAMP\\u0130YONASINDA 76 K\\u0130LODA RAK\\u0130B\\u0130 MART\\u0130NA KUENZ\\u0027\\u0130 MA\\u011eLUP EDEREK ALTIN MADALYA KAZANAN BALIKES\\u0130RL\\u0130 M\\u0130LL\\u0130 G\\u00dcRE\\u015e\\u00c7\\u0130 YASEM\\u0130N ADAR, AYA\\u011eININ TOZU \\u0130LE BALIKES\\u0130R B\\u00dcY\\u00dcK\\u015eEH\\u0130R BELED\\u0130YE BA\\u015eKANI Y\\u00dcCEL YILMAZ\\u0027I Z\\u0130YARET ETT\\u0130. BA\\u015eKAN YILMAZ \\u015eAMP\\u0130YON ADAR\\u0027I ALTIN \\u0130LE \\u00d6D\\u00dcLLEND\\u0130RD\\u0130. (HASAN OTA\\u011e FIRINCIO\\u011eULLARI\\\/BALIKES\\u0130R-\\u0130HA)&quot;,&quot;created_timestamp&quot;:&quot;0&quot;,&quot;copyright&quot;:&quot;\\u0130HLAS HABER AJANSI, www.iha.com.tr&quot;,&quot;focal_length&quot;:&quot;0&quot;,&quot;iso&quot;:&quot;0&quot;,&quot;shutter_speed&quot;:&quot;0&quot;,&quot;title&quot;:&quot;YASEM\\u0130N ADAR BALIKES\\u0130R\\u0027\\u0130N GURURU OLDU BA\\u015eKAN YILMAZ: \\u0022G\\u00dcRE\\u015e BALIKES\\u0130R\\u0027\\u0130N GENLER\\u0130NDE VAR\\u0022&quot;,&quot;orientation&quot;:&quot;0&quot;}\" data-image-title=\"Yasemin Adar Bal\u0131kesir\u2019in gururu oldu\" data-image-description=\"&lt;p&gt;Yasemin Adar Bal\u0131kesir\u2019in gururu oldu&lt;\/p&gt; \" data-medium-file=\"https:\/\/i0.wp.com\/www.tvturk.com\/wp-content\/uploads\/2019\/04\/yasemin-adar-balikesirin-gururu-oldu_2fb694d.jpg?fit=300%2C200\" data-large-file=\"https:\/\/i0.wp.com\/www.tvturk.com\/wp-content\/uploads\/2019\/04\/yasemin-adar-balikesirin-gururu-oldu_2fb694d.jpg?fit=1000%2C666\" src=\"https:\/\/i0.wp.com\/www.tvturk.com\/wp-content\/uploads\/2019\/04\/yasemin-adar-balikesirin-gururu-oldu_2fb694d.jpg?w=496&#038;h=330\" srcset=\"https:\/\/i0.wp.com\/www.tvturk.com\/wp-content\/uploads\/2019\/04\/yasemin-adar-balikesirin-gururu-oldu_2fb694d.jpg?w=1000 1000w, https:\/\/i0.wp.com\/www.tvturk.com\/wp-content\/uploads\/2019\/04\/yasemin-adar-balikesirin-gururu-oldu_2fb694d.jpg?resize=150%2C100 150w, https:\/\/i0.wp.com\/www.tvturk.com\/wp-content\/uploads\/2019\/04\/yasemin-adar-balikesirin-gururu-oldu_2fb694d.jpg?resize=300%2C200 300w, https:\/\/i0.wp.com\/www.tvturk.com\/wp-content\/uploads\/2019\/04\/yasemin-adar-balikesirin-gururu-oldu_2fb694d.jpg?resize=768%2C511 768w, https:\/\/i0.wp.com\/www.tvturk.com\/wp-content\/uploads\/2019\/04\/yasemin-adar-balikesirin-gururu-oldu_2fb694d.jpg?resize=170%2C113 170w, https:\/\/i0.wp.com\/www.tvturk.com\/wp-content\/uploads\/2019\/04\/yasemin-adar-balikesirin-gururu-oldu_2fb694d.jpg?resize=120%2C80 120w\" width=\"496\" height=\"330\" loading=\"lazy\" data-original-width=\"496\" data-original-height=\"330\" itemprop=\"http:\/\/schema.org\/image\" title=\"Yasemin Adar Bal\u0131kesir\u2019in gururu oldu\" alt=\"Yasemin Adar Bal\u0131kesir\u2019in gururu oldu\" style=\"width: 496px; height: 330px;\" \/> <\/a> <\/div> <\/div> <!-- close group --> <\/div> <!-- close row --> <\/div><\/p>\n","protected":false},"excerpt":{"rendered":"<p>AVRUPA \u015eAMP\u0130YONASINDA 76 K\u0130LODA RAK\u0130B\u0130 MART\u0130NA KUENZ&#8217;\u0130 MA\u011eLUP EDEREK ALTIN MADALYA KAZANAN BALIKES\u0130RL\u0130 M\u0130LL\u0130 G\u00dcRE\u015e\u00c7\u0130 YASEM\u0130N ADAR, AYA\u011eININ TOZU \u0130LE BALIKES\u0130R B\u00dcY\u00dcK\u015eEH\u0130R BELED\u0130YE BA\u015eKANI Y\u00dcCEL YILMAZ&#8217;I Z\u0130YARET ETT\u0130.  BA\u015eKAN YILMAZ \u015eAMP\u0130YON ADAR&#8217;I ALTIN \u0130LE \u00d6D\u00dcLLEND\u0130RD\u0130.<\/p>\n","protected":false},"author":1,"featured_media":137482,"comment_status":"closed","ping_status":"open","sticky":false,"template":"","format":"standard","meta":{"jetpack_post_was_ever_published":false,"_jetpack_newsletter_access":"","_jetpack_dont_email_post_to_subs":false,"_jetpack_newsletter_tier_id":0,"_jetpack_memberships_contains_paywalled_content":false,"_jetpack_memberships_contains_paid_content":false,"footnotes":"","jetpack_publicize_message":"","jetpack_publicize_feature_enabled":true,"jetpack_social_post_already_shared":true,"jetpack_social_options":{"image_generator_settings":{"template":"highway","default_image_id":0,"font":"","enabled":false},"version":2}},"categories":[1],"tags":[28404,11559,1343,77,8330],"class_list":["post-137481","post","type-post","status-publish","format-standard","has-post-thumbnail","hentry","category-genel","tag-adar","tag-balikesirin","tag-gururu","tag-oldu","tag-yasemin"],"jetpack_publicize_connections":[],"jetpack_featured_media_url":"https:\/\/i0.wp.com\/www.tvturk.com\/wp-content\/uploads\/2019\/04\/yasemin-adar-balikesirin-gururu-oldu_44c9d42.jpg?fit=1000%2C666","jetpack_sharing_enabled":true,"jetpack_shortlink":"https:\/\/wp.me\/paKIfm-zLr","_links":{"self":[{"href":"http:\/\/www.tvturk.com\/index.php\/wp-json\/wp\/v2\/posts\/137481","targetHints":{"allow":["GET"]}}],"collection":[{"href":"http:\/\/www.tvturk.com\/index.php\/wp-json\/wp\/v2\/posts"}],"about":[{"href":"http:\/\/www.tvturk.com\/index.php\/wp-json\/wp\/v2\/types\/post"}],"author":[{"embeddable":true,"href":"http:\/\/www.tvturk.com\/index.php\/wp-json\/wp\/v2\/users\/1"}],"replies":[{"embeddable":true,"href":"http:\/\/www.tvturk.com\/index.php\/wp-json\/wp\/v2\/comments?post=137481"}],"version-history":[{"count":1,"href":"http:\/\/www.tvturk.com\/index.php\/wp-json\/wp\/v2\/posts\/137481\/revisions"}],"predecessor-version":[{"id":137487,"href":"http:\/\/www.tvturk.com\/index.php\/wp-json\/wp\/v2\/posts\/137481\/revisions\/137487"}],"wp:featuredmedia":[{"embeddable":true,"href":"http:\/\/www.tvturk.com\/index.php\/wp-json\/wp\/v2\/media\/137482"}],"wp:attachment":[{"href":"http:\/\/www.tvturk.com\/index.php\/wp-json\/wp\/v2\/media?parent=137481"}],"wp:term":[{"taxonomy":"category","embeddable":true,"href":"http:\/\/www.tvturk.com\/index.php\/wp-json\/wp\/v2\/categories?post=137481"},{"taxonomy":"post_tag","embeddable":true,"href":"http:\/\/www.tvturk.com\/index.php\/wp-json\/wp\/v2\/tags?post=137481"}],"curies":[{"name":"wp","href":"https:\/\/api.w.org\/{rel}","templated":true}]}}