{"id":137497,"date":"2019-04-15T14:46:01","date_gmt":"2019-04-15T11:46:01","guid":{"rendered":"http:\/\/www.tvturk.com\/index.php\/sudan-halki-geri-adim-atmiyor\/"},"modified":"2019-04-15T14:46:04","modified_gmt":"2019-04-15T11:46:04","slug":"sudan-halki-geri-adim-atmiyor","status":"publish","type":"post","link":"http:\/\/www.tvturk.com\/index.php\/sudan-halki-geri-adim-atmiyor\/","title":{"rendered":"Sudan halk\u0131 geri ad\u0131m atm\u0131yor"},"content":{"rendered":"<p>Sudan halk\u0131, 30 y\u0131l boyunca \u00fclkeyi y\u00f6neten Devlet Ba\u015fkan\u0131 \u00d6mer El Be\u015fir\u2019in g\u00f6revden al\u0131nmas\u0131na ra\u011fmen ba\u015fkent Hartum sokaklar\u0131nda eylemlerine devam ediyor.<\/p>\n<p>Sudan\u2019da hayat pahal\u0131l\u0131\u011f\u0131na kar\u015f\u0131 ba\u015flat\u0131lan eylemler k\u0131sa s\u00fcrede Devlet Ba\u015fkan\u0131 \u00d6mer El Be\u015fir\u2019in istifas\u0131n\u0131 talep eden protestolara d\u00f6n\u00fc\u015fm\u00fc\u015ft\u00fc. Halk, aylarca s\u00fcren g\u00f6sterilerin ard\u0131ndan Be\u015fir\u2019in ge\u00e7ti\u011fimiz g\u00fcnlerde g\u00f6revden al\u0131narak ge\u00e7ici askeri y\u00f6netimin olu\u015fturulmas\u0131na ra\u011fmen eylemlerini s\u00fcrd\u00fcr\u00fcyor. Savunma Bakanl\u0131\u011f\u0131 \u00f6n\u00fcnde eylemlerine ara vermeden devam edenler, bir an evvel sivil y\u00f6netime ge\u00e7ilmesini talep ediyor. Meydanlar\u0131 bir an bile bo\u015f b\u0131rakmayan halk, Awad ibni Avf\u2019\u0131n istifas\u0131n\u0131n ard\u0131ndan halk\u0131n yan\u0131nda bir duru\u015f sergileyen ve Sudan Askeri Ge\u00e7i\u015f Konseyi\u2019nin yeni Ba\u015fkan\u0131 olan Orgeneral Abdulfettah el-Burhan\u2019\u0131n s\u00f6zlerini tutmas\u0131n\u0131 bekliyor. Yollar\u0131n ve k\u00f6pr\u00fclerin kapal\u0131 oldu\u011fu ba\u015fkent Hartum\u2019da eylemlerine ara vermeden devam eden siviller eski Devlet Ba\u015fkan\u0131 El Be\u015fir ba\u015fta olmak \u00fczere eski h\u00fck\u00fcmet liderlerinin cezaland\u0131r\u0131lmas\u0131n\u0131 ve mal varl\u0131klar\u0131na el konulmas\u0131n\u0131 istiyor.<\/p>\n<p>Halk, talepleri kar\u015f\u0131lanana kadar meydanlar\u0131 terk etmeyece\u011fini ifade ediyor.<\/p>\n<p>Sudan\u2019da askeri konsey, eski h\u00fck\u00fcmet \u00fcyelerini tutuklad\u0131<\/p>\n<p>Sudan\u2019da askeri darbenin ard\u0131ndan kurulan ge\u00e7ici askeri konsey icraatlar\u0131na ba\u015flad\u0131. Eski h\u00fck\u00fcmet \u00fcyelerini tutuklayan ge\u00e7ici askeri konsey, muhalefeti bir sonraki ba\u015fbakan\u0131 se\u00e7meye \u00e7a\u011f\u0131rd\u0131. Ge\u00e7ici askeri konsey s\u00f6zc\u00fcs\u00fc, se\u00e7imin uygulanaca\u011f\u0131 s\u00f6z\u00fcn\u00fc verdi. D\u00fcn d\u00fczenlenen bas\u0131n toplant\u0131s\u0131nda konu\u015fan S\u00f6zc\u00fc Shams Ad-din Shanto, askeri konseyin muhalefet partilerinin kabul etti\u011fi sivil h\u00fck\u00fcmeti &#8220;uygulamaya haz\u0131r&#8221; oldu\u011funu s\u00f6yledi. S\u00f6zc\u00fc Shanto, \u201cBa\u015fbakan\u0131 biz atamayaca\u011f\u0131z. Onlar birini se\u00e7ecek\u201d dedi. Eylemcileri oturduklar\u0131 yerden zorla kald\u0131rmayacaklar\u0131n\u0131 s\u00f6zlerine ekleyen s\u00f6zc\u00fc, eylemcilere seslenerek normal hayat\u0131n devam etmesine izin verilmesi \u00e7a\u011fr\u0131s\u0131nda bulundu.  Barikatlar\u0131n kald\u0131r\u0131lmas\u0131 gerekti\u011fini s\u00f6zlerine ekleyen Shams Ad-din Shanto, \u201cEline silah alanlara ho\u015fg\u00f6r\u00fc g\u00f6sterilmeyecek\u201d dedi.<div class=\"tiled-gallery type-rectangular tiled-gallery-unresized\" data-original-width=\"500\" data-carousel-extra='null' itemscope itemtype=\"http:\/\/schema.org\/ImageGallery\" > <div class=\"gallery-row\" style=\"width: 500px; height: 224px;\" data-original-width=\"500\" data-original-height=\"224\" > <div class=\"gallery-group images-1\" style=\"width: 334px; height: 224px;\" data-original-width=\"334\" data-original-height=\"224\" > <div class=\"tiled-gallery-item tiled-gallery-item-large\" itemprop=\"associatedMedia\" itemscope itemtype=\"http:\/\/schema.org\/ImageObject\"> <a href=\"http:\/\/www.tvturk.com\/index.php\/sudan-halki-geri-adim-atmiyor\/sudan-halki-geri-adim-atmiyor-3\/\" border=\"0\" itemprop=\"url\"> <meta itemprop=\"width\" content=\"330\"> <meta itemprop=\"height\" content=\"220\"> <img decoding=\"async\" class=\"\" data-attachment-id=\"137499\" data-orig-file=\"http:\/\/www.tvturk.com\/wp-content\/uploads\/2019\/04\/sudan-halki-geri-adim-atmiyor_a7161e4.jpg\" data-orig-size=\"1000,666\" data-comments-opened=\"\" data-image-meta=\"{&quot;aperture&quot;:&quot;0&quot;,&quot;credit&quot;:&quot;IHA&quot;,&quot;camera&quot;:&quot;&quot;,&quot;caption&quot;:&quot;SUDAN HALKI, 30 YIL BOYUNCA \\u00dcLKEY\\u0130 Y\\u00d6NETEN DEVLET BA\\u015eKANI \\u00d6MER EL BE\\u015e\\u0130R\\u2019\\u0130N G\\u00d6REVDEN ALINMASINA RA\\u011eMEN BA\\u015eKENT HARTUM SOKAKLARINDA EYLEMLER\\u0130NE DEVAM ED\\u0130YOR. (M\\u00dc\\u015eTAK SAYGIN\\\/HARTUM-\\u0130HA)&quot;,&quot;created_timestamp&quot;:&quot;0&quot;,&quot;copyright&quot;:&quot;\\u0130HLAS HABER AJANSI, www.iha.com.tr&quot;,&quot;focal_length&quot;:&quot;0&quot;,&quot;iso&quot;:&quot;0&quot;,&quot;shutter_speed&quot;:&quot;0&quot;,&quot;title&quot;:&quot;SUDAN HALKI GER\\u0130 ADIM ATMIYOR&quot;,&quot;orientation&quot;:&quot;0&quot;}\" data-image-title=\"Sudan halk\u0131 geri ad\u0131m atm\u0131yor\" data-image-description=\"&lt;p&gt;Sudan halk\u0131 geri ad\u0131m atm\u0131yor&lt;\/p&gt; \" data-medium-file=\"https:\/\/i0.wp.com\/www.tvturk.com\/wp-content\/uploads\/2019\/04\/sudan-halki-geri-adim-atmiyor_a7161e4.jpg?fit=300%2C200\" data-large-file=\"https:\/\/i0.wp.com\/www.tvturk.com\/wp-content\/uploads\/2019\/04\/sudan-halki-geri-adim-atmiyor_a7161e4.jpg?fit=1000%2C666\" src=\"https:\/\/i0.wp.com\/www.tvturk.com\/wp-content\/uploads\/2019\/04\/sudan-halki-geri-adim-atmiyor_a7161e4.jpg?w=330&#038;h=220\" srcset=\"https:\/\/i0.wp.com\/www.tvturk.com\/wp-content\/uploads\/2019\/04\/sudan-halki-geri-adim-atmiyor_a7161e4.jpg?w=1000 1000w, https:\/\/i0.wp.com\/www.tvturk.com\/wp-content\/uploads\/2019\/04\/sudan-halki-geri-adim-atmiyor_a7161e4.jpg?resize=150%2C100 150w, https:\/\/i0.wp.com\/www.tvturk.com\/wp-content\/uploads\/2019\/04\/sudan-halki-geri-adim-atmiyor_a7161e4.jpg?resize=300%2C200 300w, https:\/\/i0.wp.com\/www.tvturk.com\/wp-content\/uploads\/2019\/04\/sudan-halki-geri-adim-atmiyor_a7161e4.jpg?resize=768%2C511 768w, https:\/\/i0.wp.com\/www.tvturk.com\/wp-content\/uploads\/2019\/04\/sudan-halki-geri-adim-atmiyor_a7161e4.jpg?resize=170%2C113 170w, https:\/\/i0.wp.com\/www.tvturk.com\/wp-content\/uploads\/2019\/04\/sudan-halki-geri-adim-atmiyor_a7161e4.jpg?resize=120%2C80 120w\" width=\"330\" height=\"220\" loading=\"lazy\" data-original-width=\"330\" data-original-height=\"220\" itemprop=\"http:\/\/schema.org\/image\" title=\"Sudan halk\u0131 geri ad\u0131m atm\u0131yor\" alt=\"Sudan halk\u0131 geri ad\u0131m atm\u0131yor\" style=\"width: 330px; height: 220px;\" \/> <\/a> <\/div> <\/div> <!-- close group --> <div class=\"gallery-group images-2\" style=\"width: 166px; height: 224px;\" data-original-width=\"166\" data-original-height=\"224\" > <div class=\"tiled-gallery-item tiled-gallery-item-small\" itemprop=\"associatedMedia\" itemscope itemtype=\"http:\/\/schema.org\/ImageObject\"> <a href=\"http:\/\/www.tvturk.com\/index.php\/sudan-halki-geri-adim-atmiyor\/sudan-halki-geri-adim-atmiyor-4\/\" border=\"0\" itemprop=\"url\"> <meta itemprop=\"width\" content=\"162\"> <meta itemprop=\"height\" content=\"108\"> <img decoding=\"async\" class=\"\" data-attachment-id=\"137500\" data-orig-file=\"http:\/\/www.tvturk.com\/wp-content\/uploads\/2019\/04\/sudan-halki-geri-adim-atmiyor_c48b743.jpg\" data-orig-size=\"1000,666\" data-comments-opened=\"\" data-image-meta=\"{&quot;aperture&quot;:&quot;0&quot;,&quot;credit&quot;:&quot;IHA&quot;,&quot;camera&quot;:&quot;&quot;,&quot;caption&quot;:&quot;SUDAN HALKI, 30 YIL BOYUNCA \\u00dcLKEY\\u0130 Y\\u00d6NETEN DEVLET BA\\u015eKANI \\u00d6MER EL BE\\u015e\\u0130R\\u2019\\u0130N G\\u00d6REVDEN ALINMASINA RA\\u011eMEN BA\\u015eKENT HARTUM SOKAKLARINDA EYLEMLER\\u0130NE DEVAM ED\\u0130YOR. (M\\u00dc\\u015eTAK SAYGIN\\\/HARTUM-\\u0130HA)&quot;,&quot;created_timestamp&quot;:&quot;0&quot;,&quot;copyright&quot;:&quot;\\u0130HLAS HABER AJANSI, www.iha.com.tr&quot;,&quot;focal_length&quot;:&quot;0&quot;,&quot;iso&quot;:&quot;0&quot;,&quot;shutter_speed&quot;:&quot;0&quot;,&quot;title&quot;:&quot;SUDAN HALKI GER\\u0130 ADIM ATMIYOR&quot;,&quot;orientation&quot;:&quot;0&quot;}\" data-image-title=\"Sudan halk\u0131 geri ad\u0131m atm\u0131yor\" data-image-description=\"&lt;p&gt;Sudan halk\u0131 geri ad\u0131m atm\u0131yor&lt;\/p&gt; \" data-medium-file=\"https:\/\/i0.wp.com\/www.tvturk.com\/wp-content\/uploads\/2019\/04\/sudan-halki-geri-adim-atmiyor_c48b743.jpg?fit=300%2C200\" data-large-file=\"https:\/\/i0.wp.com\/www.tvturk.com\/wp-content\/uploads\/2019\/04\/sudan-halki-geri-adim-atmiyor_c48b743.jpg?fit=1000%2C666\" src=\"https:\/\/i0.wp.com\/www.tvturk.com\/wp-content\/uploads\/2019\/04\/sudan-halki-geri-adim-atmiyor_c48b743.jpg?w=162&#038;h=108\" srcset=\"https:\/\/i0.wp.com\/www.tvturk.com\/wp-content\/uploads\/2019\/04\/sudan-halki-geri-adim-atmiyor_c48b743.jpg?w=1000 1000w, https:\/\/i0.wp.com\/www.tvturk.com\/wp-content\/uploads\/2019\/04\/sudan-halki-geri-adim-atmiyor_c48b743.jpg?resize=150%2C100 150w, https:\/\/i0.wp.com\/www.tvturk.com\/wp-content\/uploads\/2019\/04\/sudan-halki-geri-adim-atmiyor_c48b743.jpg?resize=300%2C200 300w, https:\/\/i0.wp.com\/www.tvturk.com\/wp-content\/uploads\/2019\/04\/sudan-halki-geri-adim-atmiyor_c48b743.jpg?resize=768%2C511 768w, https:\/\/i0.wp.com\/www.tvturk.com\/wp-content\/uploads\/2019\/04\/sudan-halki-geri-adim-atmiyor_c48b743.jpg?resize=170%2C113 170w, https:\/\/i0.wp.com\/www.tvturk.com\/wp-content\/uploads\/2019\/04\/sudan-halki-geri-adim-atmiyor_c48b743.jpg?resize=120%2C80 120w\" width=\"162\" height=\"108\" loading=\"lazy\" data-original-width=\"162\" data-original-height=\"108\" itemprop=\"http:\/\/schema.org\/image\" title=\"Sudan halk\u0131 geri ad\u0131m atm\u0131yor\" alt=\"Sudan halk\u0131 geri ad\u0131m atm\u0131yor\" style=\"width: 162px; height: 108px;\" \/> <\/a> <\/div> <div class=\"tiled-gallery-item tiled-gallery-item-small\" itemprop=\"associatedMedia\" itemscope itemtype=\"http:\/\/schema.org\/ImageObject\"> <a href=\"http:\/\/www.tvturk.com\/index.php\/sudan-halki-geri-adim-atmiyor\/sudan-halki-geri-adim-atmiyor-5\/\" border=\"0\" itemprop=\"url\"> <meta itemprop=\"width\" content=\"162\"> <meta itemprop=\"height\" content=\"108\"> <img decoding=\"async\" class=\"\" data-attachment-id=\"137501\" data-orig-file=\"http:\/\/www.tvturk.com\/wp-content\/uploads\/2019\/04\/sudan-halki-geri-adim-atmiyor_3ea317a.jpg\" data-orig-size=\"1000,666\" data-comments-opened=\"\" data-image-meta=\"{&quot;aperture&quot;:&quot;0&quot;,&quot;credit&quot;:&quot;IHA&quot;,&quot;camera&quot;:&quot;&quot;,&quot;caption&quot;:&quot;SUDAN HALKI, 30 YIL BOYUNCA \\u00dcLKEY\\u0130 Y\\u00d6NETEN DEVLET BA\\u015eKANI \\u00d6MER EL BE\\u015e\\u0130R\\u2019\\u0130N G\\u00d6REVDEN ALINMASINA RA\\u011eMEN BA\\u015eKENT HARTUM SOKAKLARINDA EYLEMLER\\u0130NE DEVAM ED\\u0130YOR. (M\\u00dc\\u015eTAK SAYGIN\\\/HARTUM-\\u0130HA)&quot;,&quot;created_timestamp&quot;:&quot;0&quot;,&quot;copyright&quot;:&quot;\\u0130HLAS HABER AJANSI, www.iha.com.tr&quot;,&quot;focal_length&quot;:&quot;0&quot;,&quot;iso&quot;:&quot;0&quot;,&quot;shutter_speed&quot;:&quot;0&quot;,&quot;title&quot;:&quot;SUDAN HALKI GER\\u0130 ADIM ATMIYOR&quot;,&quot;orientation&quot;:&quot;0&quot;}\" data-image-title=\"Sudan halk\u0131 geri ad\u0131m atm\u0131yor\" data-image-description=\"&lt;p&gt;Sudan halk\u0131 geri ad\u0131m atm\u0131yor&lt;\/p&gt; \" data-medium-file=\"https:\/\/i0.wp.com\/www.tvturk.com\/wp-content\/uploads\/2019\/04\/sudan-halki-geri-adim-atmiyor_3ea317a.jpg?fit=300%2C200\" data-large-file=\"https:\/\/i0.wp.com\/www.tvturk.com\/wp-content\/uploads\/2019\/04\/sudan-halki-geri-adim-atmiyor_3ea317a.jpg?fit=1000%2C666\" src=\"https:\/\/i0.wp.com\/www.tvturk.com\/wp-content\/uploads\/2019\/04\/sudan-halki-geri-adim-atmiyor_3ea317a.jpg?w=162&#038;h=108\" srcset=\"https:\/\/i0.wp.com\/www.tvturk.com\/wp-content\/uploads\/2019\/04\/sudan-halki-geri-adim-atmiyor_3ea317a.jpg?w=1000 1000w, https:\/\/i0.wp.com\/www.tvturk.com\/wp-content\/uploads\/2019\/04\/sudan-halki-geri-adim-atmiyor_3ea317a.jpg?resize=150%2C100 150w, https:\/\/i0.wp.com\/www.tvturk.com\/wp-content\/uploads\/2019\/04\/sudan-halki-geri-adim-atmiyor_3ea317a.jpg?resize=300%2C200 300w, https:\/\/i0.wp.com\/www.tvturk.com\/wp-content\/uploads\/2019\/04\/sudan-halki-geri-adim-atmiyor_3ea317a.jpg?resize=768%2C511 768w, https:\/\/i0.wp.com\/www.tvturk.com\/wp-content\/uploads\/2019\/04\/sudan-halki-geri-adim-atmiyor_3ea317a.jpg?resize=170%2C113 170w, https:\/\/i0.wp.com\/www.tvturk.com\/wp-content\/uploads\/2019\/04\/sudan-halki-geri-adim-atmiyor_3ea317a.jpg?resize=120%2C80 120w\" width=\"162\" height=\"108\" loading=\"lazy\" data-original-width=\"162\" data-original-height=\"108\" itemprop=\"http:\/\/schema.org\/image\" title=\"Sudan halk\u0131 geri ad\u0131m atm\u0131yor\" alt=\"Sudan halk\u0131 geri ad\u0131m atm\u0131yor\" style=\"width: 162px; height: 108px;\" \/> <\/a> <\/div> <\/div> <!-- close group --> <\/div> <!-- close row --> <\/div><\/p>\n","protected":false},"excerpt":{"rendered":"<p>SUDAN HALKI, 30 YIL BOYUNCA \u00dcLKEY\u0130 Y\u00d6NETEN DEVLET BA\u015eKANI \u00d6MER EL BE\u015e\u0130R\u2019\u0130N G\u00d6REVDEN ALINMASINA RA\u011eMEN BA\u015eKENT HARTUM SOKAKLARINDA EYLEMLER\u0130NE DEVAM ED\u0130YOR.<\/p>\n","protected":false},"author":1,"featured_media":137498,"comment_status":"closed","ping_status":"open","sticky":false,"template":"","format":"standard","meta":{"jetpack_post_was_ever_published":false,"_jetpack_newsletter_access":"","_jetpack_dont_email_post_to_subs":false,"_jetpack_newsletter_tier_id":0,"_jetpack_memberships_contains_paywalled_content":false,"_jetpack_memberships_contains_paid_content":false,"footnotes":"","jetpack_publicize_message":"","jetpack_publicize_feature_enabled":true,"jetpack_social_post_already_shared":true,"jetpack_social_options":{"image_generator_settings":{"template":"highway","default_image_id":0,"font":"","enabled":false},"version":2}},"categories":[10],"tags":[7429,31304,592,3154,11919],"class_list":["post-137497","post","type-post","status-publish","format-standard","has-post-thumbnail","hentry","category-dunya","tag-adim","tag-atmiyor","tag-geri","tag-halki","tag-sudan"],"jetpack_publicize_connections":[],"jetpack_featured_media_url":"https:\/\/i0.wp.com\/www.tvturk.com\/wp-content\/uploads\/2019\/04\/sudan-halki-geri-adim-atmiyor_cf9c71f.jpg?fit=1000%2C480","jetpack_sharing_enabled":true,"jetpack_shortlink":"https:\/\/wp.me\/paKIfm-zLH","_links":{"self":[{"href":"http:\/\/www.tvturk.com\/index.php\/wp-json\/wp\/v2\/posts\/137497","targetHints":{"allow":["GET"]}}],"collection":[{"href":"http:\/\/www.tvturk.com\/index.php\/wp-json\/wp\/v2\/posts"}],"about":[{"href":"http:\/\/www.tvturk.com\/index.php\/wp-json\/wp\/v2\/types\/post"}],"author":[{"embeddable":true,"href":"http:\/\/www.tvturk.com\/index.php\/wp-json\/wp\/v2\/users\/1"}],"replies":[{"embeddable":true,"href":"http:\/\/www.tvturk.com\/index.php\/wp-json\/wp\/v2\/comments?post=137497"}],"version-history":[{"count":1,"href":"http:\/\/www.tvturk.com\/index.php\/wp-json\/wp\/v2\/posts\/137497\/revisions"}],"predecessor-version":[{"id":137502,"href":"http:\/\/www.tvturk.com\/index.php\/wp-json\/wp\/v2\/posts\/137497\/revisions\/137502"}],"wp:featuredmedia":[{"embeddable":true,"href":"http:\/\/www.tvturk.com\/index.php\/wp-json\/wp\/v2\/media\/137498"}],"wp:attachment":[{"href":"http:\/\/www.tvturk.com\/index.php\/wp-json\/wp\/v2\/media?parent=137497"}],"wp:term":[{"taxonomy":"category","embeddable":true,"href":"http:\/\/www.tvturk.com\/index.php\/wp-json\/wp\/v2\/categories?post=137497"},{"taxonomy":"post_tag","embeddable":true,"href":"http:\/\/www.tvturk.com\/index.php\/wp-json\/wp\/v2\/tags?post=137497"}],"curies":[{"name":"wp","href":"https:\/\/api.w.org\/{rel}","templated":true}]}}