{"id":137671,"date":"2019-04-15T16:23:14","date_gmt":"2019-04-15T13:23:14","guid":{"rendered":"http:\/\/www.tvturk.com\/index.php\/agacta-mahsur-kalan-yavru-kedinin-imdadina-itfaiye-ekibi-yetisti\/"},"modified":"2019-04-15T16:23:16","modified_gmt":"2019-04-15T13:23:16","slug":"agacta-mahsur-kalan-yavru-kedinin-imdadina-itfaiye-ekibi-yetisti","status":"publish","type":"post","link":"http:\/\/www.tvturk.com\/index.php\/agacta-mahsur-kalan-yavru-kedinin-imdadina-itfaiye-ekibi-yetisti\/","title":{"rendered":"A\u011fa\u00e7ta mahsur kalan yavru kedinin imdad\u0131na itfaiye ekibi yeti\u015fti"},"content":{"rendered":"<p>Zonguldak\u2019\u0131n so\u011fuksu semtinde a\u011fa\u00e7ta mahsur kalan yavru kedinin imdad\u0131na itfaiye ekipleri yeti\u015fti. Yavru kedinin a\u011fa\u00e7ta sesini duyan vatanda\u015flar kediyi kendi \u00e7abalar\u0131yla  indirmeye \u00e7al\u0131\u015fsa da ba\u015far\u0131 olamad\u0131. Bunun \u00fczerine \u00e7evredeki vatanda\u015flar\u0131n haber vermesi \u00fczerine kediyi kurtarmak i\u00e7in itfaiye ekibi \u00e7a\u011fr\u0131ld\u0131. \u0130tfaiye ekiplerinin uzun s\u00fcren \u00e7al\u0131\u015fmalar\u0131 sonras\u0131nda yavru kedi a\u011fa\u00e7tan kurtar\u0131larak soka\u011fa sal\u0131nd\u0131. \u0130tfaiye ekiplerinin yapt\u0131\u011f\u0131 anlaml\u0131 harekete vatanda\u015flarda te\u015fekk\u00fcr etti.<div class=\"tiled-gallery type-rectangular tiled-gallery-unresized\" data-original-width=\"500\" data-carousel-extra='null' itemscope itemtype=\"http:\/\/schema.org\/ImageGallery\" > <div class=\"gallery-row\" style=\"width: 500px; height: 671px;\" data-original-width=\"500\" data-original-height=\"671\" > <div class=\"gallery-group images-1\" style=\"width: 500px; height: 671px;\" data-original-width=\"500\" data-original-height=\"671\" > <div class=\"tiled-gallery-item tiled-gallery-item-large\" itemprop=\"associatedMedia\" itemscope itemtype=\"http:\/\/schema.org\/ImageObject\"> <a href=\"http:\/\/www.tvturk.com\/index.php\/agacta-mahsur-kalan-yavru-kedinin-imdadina-itfaiye-ekibi-yetisti\/agacta-mahsur-kalan-yavru-kedinin-imdadina-itfaiye-ekibi-yetisti-3\/\" border=\"0\" itemprop=\"url\"> <meta itemprop=\"width\" content=\"496\"> <meta itemprop=\"height\" content=\"667\"> <img decoding=\"async\" class=\"\" data-attachment-id=\"137673\" data-orig-file=\"http:\/\/www.tvturk.com\/wp-content\/uploads\/2019\/04\/agacta-mahsur-kalan-yavru-kedinin-imdadina-itfaiye-ekibi-yetisti_4fd06c3.jpg\" data-orig-size=\"714,960\" data-comments-opened=\"\" data-image-meta=\"{&quot;aperture&quot;:&quot;0&quot;,&quot;credit&quot;:&quot;IHA&quot;,&quot;camera&quot;:&quot;&quot;,&quot;caption&quot;:&quot;A\\u011eA\\u00c7TA KALAN YAVRU KED\\u0130N\\u0130N \\u0130MDADINA \\u0130TFA\\u0130YE EK\\u0130B\\u0130 YET\\u0130\\u015eT\\u0130. (\\u0130HA\\\/ZONGULDAK-\\u0130HA)&quot;,&quot;created_timestamp&quot;:&quot;0&quot;,&quot;copyright&quot;:&quot;\\u0130HLAS HABER AJANSI, www.iha.com.tr&quot;,&quot;focal_length&quot;:&quot;0&quot;,&quot;iso&quot;:&quot;0&quot;,&quot;shutter_speed&quot;:&quot;0&quot;,&quot;title&quot;:&quot;A\\u011eA\\u00c7TA MAHSUR KALAN YAVRU KED\\u0130N\\u0130N \\u0130MDADINA \\u0130TFA\\u0130YE EK\\u0130B\\u0130 YET\\u0130\\u015eT\\u0130&quot;,&quot;orientation&quot;:&quot;0&quot;}\" data-image-title=\"A\u011fa\u00e7ta mahsur kalan yavru kedinin imdad\u0131na itfaiye ekibi yeti\u015fti\" data-image-description=\"&lt;p&gt;A\u011fa\u00e7ta mahsur kalan yavru kedinin imdad\u0131na itfaiye ekibi yeti\u015fti&lt;\/p&gt; \" data-medium-file=\"https:\/\/i0.wp.com\/www.tvturk.com\/wp-content\/uploads\/2019\/04\/agacta-mahsur-kalan-yavru-kedinin-imdadina-itfaiye-ekibi-yetisti_4fd06c3.jpg?fit=223%2C300\" data-large-file=\"https:\/\/i0.wp.com\/www.tvturk.com\/wp-content\/uploads\/2019\/04\/agacta-mahsur-kalan-yavru-kedinin-imdadina-itfaiye-ekibi-yetisti_4fd06c3.jpg?fit=714%2C960\" src=\"https:\/\/i0.wp.com\/www.tvturk.com\/wp-content\/uploads\/2019\/04\/agacta-mahsur-kalan-yavru-kedinin-imdadina-itfaiye-ekibi-yetisti_4fd06c3.jpg?w=496&#038;h=667\" srcset=\"https:\/\/i0.wp.com\/www.tvturk.com\/wp-content\/uploads\/2019\/04\/agacta-mahsur-kalan-yavru-kedinin-imdadina-itfaiye-ekibi-yetisti_4fd06c3.jpg?w=714 714w, https:\/\/i0.wp.com\/www.tvturk.com\/wp-content\/uploads\/2019\/04\/agacta-mahsur-kalan-yavru-kedinin-imdadina-itfaiye-ekibi-yetisti_4fd06c3.jpg?resize=112%2C150 112w, https:\/\/i0.wp.com\/www.tvturk.com\/wp-content\/uploads\/2019\/04\/agacta-mahsur-kalan-yavru-kedinin-imdadina-itfaiye-ekibi-yetisti_4fd06c3.jpg?resize=223%2C300 223w\" width=\"496\" height=\"667\" loading=\"lazy\" data-original-width=\"496\" data-original-height=\"667\" itemprop=\"http:\/\/schema.org\/image\" title=\"A\u011fa\u00e7ta mahsur kalan yavru kedinin imdad\u0131na itfaiye ekibi yeti\u015fti\" alt=\"A\u011fa\u00e7ta mahsur kalan yavru kedinin imdad\u0131na itfaiye ekibi yeti\u015fti\" style=\"width: 496px; height: 667px;\" \/> <\/a> <\/div> <\/div> <!-- close group --> <\/div> <!-- close row --> <\/div><\/p>\n","protected":false},"excerpt":{"rendered":"<p>A\u011eA\u00c7TA KALAN YAVRU KED\u0130N\u0130N \u0130MDADINA \u0130TFA\u0130YE EK\u0130B\u0130 YET\u0130\u015eT\u0130.<\/p>\n","protected":false},"author":1,"featured_media":137672,"comment_status":"closed","ping_status":"open","sticky":false,"template":"","format":"standard","meta":{"jetpack_post_was_ever_published":false,"_jetpack_newsletter_access":"","_jetpack_dont_email_post_to_subs":false,"_jetpack_newsletter_tier_id":0,"_jetpack_memberships_contains_paywalled_content":false,"_jetpack_memberships_contains_paid_content":false,"footnotes":"","jetpack_publicize_message":"","jetpack_publicize_feature_enabled":true,"jetpack_social_post_already_shared":true,"jetpack_social_options":{"image_generator_settings":{"template":"highway","default_image_id":0,"font":"","enabled":false},"version":2}},"categories":[1],"tags":[13628,2948,10134,764,1274,12323,2381,1239,10135],"class_list":["post-137671","post","type-post","status-publish","format-standard","has-post-thumbnail","hentry","category-genel","tag-agacta","tag-ekibi","tag-imdadina","tag-itfaiye","tag-kalan","tag-kedinin","tag-mahsur","tag-yavru","tag-yetisti"],"jetpack_publicize_connections":[],"jetpack_featured_media_url":"https:\/\/i0.wp.com\/www.tvturk.com\/wp-content\/uploads\/2019\/04\/agacta-mahsur-kalan-yavru-kedinin-imdadina-itfaiye-ekibi-yetisti_3626b87.jpg?fit=750%2C1000","jetpack_sharing_enabled":true,"jetpack_shortlink":"https:\/\/wp.me\/paKIfm-zOv","_links":{"self":[{"href":"http:\/\/www.tvturk.com\/index.php\/wp-json\/wp\/v2\/posts\/137671","targetHints":{"allow":["GET"]}}],"collection":[{"href":"http:\/\/www.tvturk.com\/index.php\/wp-json\/wp\/v2\/posts"}],"about":[{"href":"http:\/\/www.tvturk.com\/index.php\/wp-json\/wp\/v2\/types\/post"}],"author":[{"embeddable":true,"href":"http:\/\/www.tvturk.com\/index.php\/wp-json\/wp\/v2\/users\/1"}],"replies":[{"embeddable":true,"href":"http:\/\/www.tvturk.com\/index.php\/wp-json\/wp\/v2\/comments?post=137671"}],"version-history":[{"count":1,"href":"http:\/\/www.tvturk.com\/index.php\/wp-json\/wp\/v2\/posts\/137671\/revisions"}],"predecessor-version":[{"id":137674,"href":"http:\/\/www.tvturk.com\/index.php\/wp-json\/wp\/v2\/posts\/137671\/revisions\/137674"}],"wp:featuredmedia":[{"embeddable":true,"href":"http:\/\/www.tvturk.com\/index.php\/wp-json\/wp\/v2\/media\/137672"}],"wp:attachment":[{"href":"http:\/\/www.tvturk.com\/index.php\/wp-json\/wp\/v2\/media?parent=137671"}],"wp:term":[{"taxonomy":"category","embeddable":true,"href":"http:\/\/www.tvturk.com\/index.php\/wp-json\/wp\/v2\/categories?post=137671"},{"taxonomy":"post_tag","embeddable":true,"href":"http:\/\/www.tvturk.com\/index.php\/wp-json\/wp\/v2\/tags?post=137671"}],"curies":[{"name":"wp","href":"https:\/\/api.w.org\/{rel}","templated":true}]}}