{"id":13775,"date":"2019-02-08T18:38:46","date_gmt":"2019-02-08T15:38:46","guid":{"rendered":"http:\/\/www.tvturk.com\/index.php\/otomobille-carpisan-motosikletli-yaralandi-kaza-ani-kameraya-yansidi\/"},"modified":"2019-02-08T18:38:48","modified_gmt":"2019-02-08T15:38:48","slug":"otomobille-carpisan-motosikletli-yaralandi-kaza-ani-kameraya-yansidi","status":"publish","type":"post","link":"http:\/\/www.tvturk.com\/index.php\/otomobille-carpisan-motosikletli-yaralandi-kaza-ani-kameraya-yansidi\/","title":{"rendered":"Otomobille \u00e7arp\u0131\u015fan motosikletli yaraland\u0131, kaza an\u0131 kameraya yans\u0131d\u0131"},"content":{"rendered":"<p>\u0130zmir\u2019in Tire il\u00e7esinde otomobil ile \u00e7arp\u0131\u015fan motosikletli yaraland\u0131, kaza an\u0131 g\u00fcvenlik kameras\u0131na yans\u0131d\u0131.<\/p>\n<p>Kaza, Tire \u0130stasyon Caddesinde meydana geldi. 64 NR 008 plakal\u0131 otomobilin s\u00fcr\u00fcc\u00fcs\u00fc, Cumhuriyet Meydan\u0131 istikametine seyrederken, yolun kar\u015f\u0131 taraf\u0131nda bulunan akaryak\u0131t istasyonuna girmek i\u00e7in sola k\u0131rd\u0131. Bu s\u0131rada kar\u015f\u0131 y\u00f6nden gelen \u00d6nder K. idaresindeki 35 YGN 81 plakal\u0131 motosiklet, duramad\u0131 ve otomobile \u00e7arpt\u0131. \u00c7arpman\u0131n etkisiyle motosiklet s\u00fcr\u00fcc\u00fcs\u00fc savrulurken, kazay\u0131 g\u00f6ren vatanda\u015flar sa\u011fl\u0131k g\u00f6revlilerine haber verdi. Olay yerine gelen ekipler, \u00d6nder K.\u2019ye ilk m\u00fcdahaleyi yapt\u0131ktan sonra talihsiz adam\u0131 Tire Devlet Hastanesi\u2019ne kald\u0131rd\u0131. Motosiklet s\u00fcr\u00fcc\u00fcs\u00fcn\u00fcn hayati tehlikesinin bulunmad\u0131\u011f\u0131 \u00f6\u011frenildi. Polis, kazayla ilgili soru\u015fturma ba\u015flatt\u0131.<\/p>\n<p>Kameralara yans\u0131d\u0131<\/p>\n<p>Tire\u2019de meydana gelen trafik kazas\u0131, b\u00f6lgede bulunan akaryak\u0131t istasyonunun g\u00fcvenlik kameras\u0131na yans\u0131d\u0131. Olduk\u00e7a net bir \u015fekilde g\u00f6r\u00fclen kazada, \u00f6nce otomobil yolun kar\u015f\u0131s\u0131nda bulunan akaryak\u0131t istasyonuna girmek i\u00e7in hamle yaparken \u00d6nder K.\u2019nin kulland\u0131\u011f\u0131 motosiklet duramay\u0131nca araca \u00e7arp\u0131yor. Kazan\u0131n ard\u0131ndan \u00e7evredeki vatanda\u015flar\u0131n motosiklet kullan\u0131c\u0131s\u0131na yard\u0131ma ko\u015fmas\u0131 da kamera g\u00f6r\u00fcnt\u00fclerinde olduk\u00e7a net bir \u015fekilde g\u00f6r\u00fcl\u00fcyor.<div class=\"tiled-gallery type-rectangular tiled-gallery-unresized\" data-original-width=\"500\" data-carousel-extra='null' itemscope itemtype=\"http:\/\/schema.org\/ImageGallery\" > <div class=\"gallery-row\" style=\"width: 500px; height: 129px;\" data-original-width=\"500\" data-original-height=\"129\" > <div class=\"gallery-group images-1\" style=\"width: 227px; height: 129px;\" data-original-width=\"227\" data-original-height=\"129\" > <div class=\"tiled-gallery-item tiled-gallery-item-small\" itemprop=\"associatedMedia\" itemscope itemtype=\"http:\/\/schema.org\/ImageObject\"> <a href=\"http:\/\/www.tvturk.com\/index.php\/otomobille-carpisan-motosikletli-yaralandi-kaza-ani-kameraya-yansidi\/otomobille-carpisan-motosikletli-yaralandi-kaza-ani-kameraya-yansidi-3\/\" border=\"0\" itemprop=\"url\"> <meta itemprop=\"width\" content=\"223\"> <meta itemprop=\"height\" content=\"125\"> <img decoding=\"async\" class=\"\" data-attachment-id=\"13777\" data-orig-file=\"http:\/\/www.tvturk.com\/wp-content\/uploads\/2019\/02\/otomobille-carpisan-motosikletli-yaralandi-kaza-ani-kameraya-yansidi_6f114c2.jpg\" data-orig-size=\"1000,562\" data-comments-opened=\"\" data-image-meta=\"{&quot;aperture&quot;:&quot;0&quot;,&quot;credit&quot;:&quot;IHA&quot;,&quot;camera&quot;:&quot;&quot;,&quot;caption&quot;:&quot;\\u0130ZM\\u0130R\\u2019\\u0130N T\\u0130RE \\u0130L\\u00c7ES\\u0130NDE OTOMOB\\u0130L \\u0130LE \\u00c7ARPI\\u015eAN MOTOS\\u0130KLETL\\u0130 YARALANDI, KAZA ANI G\\u00dcVENL\\u0130K KAMERASINA YANSIDI. (YAKUP FAT\\u0130H \\u015eA\\u015eMAZ\\\/\\u0130ZM\\u0130R-\\u0130HA)&quot;,&quot;created_timestamp&quot;:&quot;0&quot;,&quot;copyright&quot;:&quot;\\u0130HLAS HABER AJANSI, www.iha.com.tr&quot;,&quot;focal_length&quot;:&quot;0&quot;,&quot;iso&quot;:&quot;0&quot;,&quot;shutter_speed&quot;:&quot;0&quot;,&quot;title&quot;:&quot;OTOMOB\\u0130LLE \\u00c7ARPI\\u015eAN MOTOS\\u0130KLETL\\u0130 YARALANDI, KAZA ANI KAMERAYA YANSIDI&quot;,&quot;orientation&quot;:&quot;0&quot;}\" data-image-title=\"Otomobille \u00e7arp\u0131\u015fan motosikletli yaraland\u0131, kaza an\u0131 kameraya yans\u0131d\u0131\" data-image-description=\"&lt;p&gt;Otomobille \u00e7arp\u0131\u015fan motosikletli yaraland\u0131, kaza an\u0131 kameraya yans\u0131d\u0131&lt;\/p&gt; \" data-medium-file=\"https:\/\/i0.wp.com\/www.tvturk.com\/wp-content\/uploads\/2019\/02\/otomobille-carpisan-motosikletli-yaralandi-kaza-ani-kameraya-yansidi_6f114c2.jpg?fit=300%2C169\" data-large-file=\"https:\/\/i0.wp.com\/www.tvturk.com\/wp-content\/uploads\/2019\/02\/otomobille-carpisan-motosikletli-yaralandi-kaza-ani-kameraya-yansidi_6f114c2.jpg?fit=1000%2C562\" src=\"https:\/\/i0.wp.com\/www.tvturk.com\/wp-content\/uploads\/2019\/02\/otomobille-carpisan-motosikletli-yaralandi-kaza-ani-kameraya-yansidi_6f114c2.jpg?w=223&#038;h=125\" srcset=\"https:\/\/i0.wp.com\/www.tvturk.com\/wp-content\/uploads\/2019\/02\/otomobille-carpisan-motosikletli-yaralandi-kaza-ani-kameraya-yansidi_6f114c2.jpg?w=1000 1000w, https:\/\/i0.wp.com\/www.tvturk.com\/wp-content\/uploads\/2019\/02\/otomobille-carpisan-motosikletli-yaralandi-kaza-ani-kameraya-yansidi_6f114c2.jpg?resize=150%2C84 150w, https:\/\/i0.wp.com\/www.tvturk.com\/wp-content\/uploads\/2019\/02\/otomobille-carpisan-motosikletli-yaralandi-kaza-ani-kameraya-yansidi_6f114c2.jpg?resize=300%2C169 300w, https:\/\/i0.wp.com\/www.tvturk.com\/wp-content\/uploads\/2019\/02\/otomobille-carpisan-motosikletli-yaralandi-kaza-ani-kameraya-yansidi_6f114c2.jpg?resize=768%2C432 768w, https:\/\/i0.wp.com\/www.tvturk.com\/wp-content\/uploads\/2019\/02\/otomobille-carpisan-motosikletli-yaralandi-kaza-ani-kameraya-yansidi_6f114c2.jpg?resize=200%2C113 200w\" width=\"223\" height=\"125\" loading=\"lazy\" data-original-width=\"223\" data-original-height=\"125\" itemprop=\"http:\/\/schema.org\/image\" title=\"Otomobille \u00e7arp\u0131\u015fan motosikletli yaraland\u0131, kaza an\u0131 kameraya yans\u0131d\u0131\" alt=\"Otomobille \u00e7arp\u0131\u015fan motosikletli yaraland\u0131, kaza an\u0131 kameraya yans\u0131d\u0131\" style=\"width: 223px; height: 125px;\" \/> <\/a> <\/div> <\/div> <!-- close group --> <div class=\"gallery-group images-1\" style=\"width: 273px; height: 129px;\" data-original-width=\"273\" data-original-height=\"129\" > <div class=\"tiled-gallery-item tiled-gallery-item-large\" itemprop=\"associatedMedia\" itemscope itemtype=\"http:\/\/schema.org\/ImageObject\"> <a href=\"http:\/\/www.tvturk.com\/index.php\/otomobille-carpisan-motosikletli-yaralandi-kaza-ani-kameraya-yansidi\/otomobille-carpisan-motosikletli-yaralandi-kaza-ani-kameraya-yansidi-4\/\" border=\"0\" itemprop=\"url\"> <meta itemprop=\"width\" content=\"269\"> <meta itemprop=\"height\" content=\"125\"> <img decoding=\"async\" class=\"\" data-attachment-id=\"13778\" data-orig-file=\"http:\/\/www.tvturk.com\/wp-content\/uploads\/2019\/02\/otomobille-carpisan-motosikletli-yaralandi-kaza-ani-kameraya-yansidi_9e10ebd.jpg\" data-orig-size=\"1000,464\" data-comments-opened=\"\" data-image-meta=\"{&quot;aperture&quot;:&quot;0&quot;,&quot;credit&quot;:&quot;IHA&quot;,&quot;camera&quot;:&quot;&quot;,&quot;caption&quot;:&quot;\\u0130ZM\\u0130R\\u2019\\u0130N T\\u0130RE \\u0130L\\u00c7ES\\u0130NDE OTOMOB\\u0130L \\u0130LE \\u00c7ARPI\\u015eAN MOTOS\\u0130KLETL\\u0130 YARALANDI, KAZA ANI G\\u00dcVENL\\u0130K KAMERASINA YANSIDI. (YAKUP FAT\\u0130H \\u015eA\\u015eMAZ\\\/\\u0130ZM\\u0130R-\\u0130HA)&quot;,&quot;created_timestamp&quot;:&quot;0&quot;,&quot;copyright&quot;:&quot;\\u0130HLAS HABER AJANSI, www.iha.com.tr&quot;,&quot;focal_length&quot;:&quot;0&quot;,&quot;iso&quot;:&quot;0&quot;,&quot;shutter_speed&quot;:&quot;0&quot;,&quot;title&quot;:&quot;OTOMOB\\u0130LLE \\u00c7ARPI\\u015eAN MOTOS\\u0130KLETL\\u0130 YARALANDI, KAZA ANI KAMERAYA YANSIDI&quot;,&quot;orientation&quot;:&quot;0&quot;}\" data-image-title=\"Otomobille \u00e7arp\u0131\u015fan motosikletli yaraland\u0131, kaza an\u0131 kameraya yans\u0131d\u0131\" data-image-description=\"&lt;p&gt;Otomobille \u00e7arp\u0131\u015fan motosikletli yaraland\u0131, kaza an\u0131 kameraya yans\u0131d\u0131&lt;\/p&gt; \" data-medium-file=\"https:\/\/i0.wp.com\/www.tvturk.com\/wp-content\/uploads\/2019\/02\/otomobille-carpisan-motosikletli-yaralandi-kaza-ani-kameraya-yansidi_9e10ebd.jpg?fit=300%2C139\" data-large-file=\"https:\/\/i0.wp.com\/www.tvturk.com\/wp-content\/uploads\/2019\/02\/otomobille-carpisan-motosikletli-yaralandi-kaza-ani-kameraya-yansidi_9e10ebd.jpg?fit=1000%2C464\" src=\"https:\/\/i0.wp.com\/www.tvturk.com\/wp-content\/uploads\/2019\/02\/otomobille-carpisan-motosikletli-yaralandi-kaza-ani-kameraya-yansidi_9e10ebd.jpg?w=269&#038;h=125\" srcset=\"https:\/\/i0.wp.com\/www.tvturk.com\/wp-content\/uploads\/2019\/02\/otomobille-carpisan-motosikletli-yaralandi-kaza-ani-kameraya-yansidi_9e10ebd.jpg?w=1000 1000w, https:\/\/i0.wp.com\/www.tvturk.com\/wp-content\/uploads\/2019\/02\/otomobille-carpisan-motosikletli-yaralandi-kaza-ani-kameraya-yansidi_9e10ebd.jpg?resize=150%2C70 150w, https:\/\/i0.wp.com\/www.tvturk.com\/wp-content\/uploads\/2019\/02\/otomobille-carpisan-motosikletli-yaralandi-kaza-ani-kameraya-yansidi_9e10ebd.jpg?resize=300%2C139 300w, https:\/\/i0.wp.com\/www.tvturk.com\/wp-content\/uploads\/2019\/02\/otomobille-carpisan-motosikletli-yaralandi-kaza-ani-kameraya-yansidi_9e10ebd.jpg?resize=768%2C356 768w\" width=\"269\" height=\"125\" loading=\"lazy\" data-original-width=\"269\" data-original-height=\"125\" itemprop=\"http:\/\/schema.org\/image\" title=\"Otomobille \u00e7arp\u0131\u015fan motosikletli yaraland\u0131, kaza an\u0131 kameraya yans\u0131d\u0131\" alt=\"Otomobille \u00e7arp\u0131\u015fan motosikletli yaraland\u0131, kaza an\u0131 kameraya yans\u0131d\u0131\" style=\"width: 269px; height: 125px;\" \/> <\/a> <\/div> <\/div> <!-- close group --> <\/div> <!-- close row --> <\/div><\/p>\n","protected":false},"excerpt":{"rendered":"<p>\u0130ZM\u0130R\u2019\u0130N T\u0130RE \u0130L\u00c7ES\u0130NDE OTOMOB\u0130L \u0130LE \u00c7ARPI\u015eAN MOTOS\u0130KLETL\u0130 YARALANDI, KAZA ANI G\u00dcVENL\u0130K KAMERASINA YANSIDI.<\/p>\n","protected":false},"author":1,"featured_media":13776,"comment_status":"closed","ping_status":"open","sticky":false,"template":"","format":"standard","meta":{"jetpack_post_was_ever_published":false,"_jetpack_newsletter_access":"","_jetpack_dont_email_post_to_subs":false,"_jetpack_newsletter_tier_id":0,"_jetpack_memberships_contains_paywalled_content":false,"_jetpack_memberships_contains_paid_content":false,"footnotes":"","jetpack_publicize_message":"","jetpack_publicize_feature_enabled":true,"jetpack_social_post_already_shared":false,"jetpack_social_options":{"image_generator_settings":{"template":"highway","default_image_id":0,"font":"","enabled":false},"version":2}},"categories":[655],"tags":[3320,6863,4329,852,6864,1270,1948,6701],"class_list":["post-13775","post","type-post","status-publish","format-standard","has-post-thumbnail","hentry","category-son-dakika","tag-ani","tag-carpisan","tag-kameraya","tag-kaza","tag-motosikletli","tag-otomobille","tag-yansidi","tag-yaralandi"],"jetpack_publicize_connections":[],"jetpack_featured_media_url":"https:\/\/i0.wp.com\/www.tvturk.com\/wp-content\/uploads\/2019\/02\/otomobille-carpisan-motosikletli-yaralandi-kaza-ani-kameraya-yansidi_3e71ec3.jpg?fit=1000%2C750","jetpack_sharing_enabled":true,"jetpack_shortlink":"https:\/\/wp.me\/paKIfm-3Ab","_links":{"self":[{"href":"http:\/\/www.tvturk.com\/index.php\/wp-json\/wp\/v2\/posts\/13775","targetHints":{"allow":["GET"]}}],"collection":[{"href":"http:\/\/www.tvturk.com\/index.php\/wp-json\/wp\/v2\/posts"}],"about":[{"href":"http:\/\/www.tvturk.com\/index.php\/wp-json\/wp\/v2\/types\/post"}],"author":[{"embeddable":true,"href":"http:\/\/www.tvturk.com\/index.php\/wp-json\/wp\/v2\/users\/1"}],"replies":[{"embeddable":true,"href":"http:\/\/www.tvturk.com\/index.php\/wp-json\/wp\/v2\/comments?post=13775"}],"version-history":[{"count":1,"href":"http:\/\/www.tvturk.com\/index.php\/wp-json\/wp\/v2\/posts\/13775\/revisions"}],"predecessor-version":[{"id":13779,"href":"http:\/\/www.tvturk.com\/index.php\/wp-json\/wp\/v2\/posts\/13775\/revisions\/13779"}],"wp:featuredmedia":[{"embeddable":true,"href":"http:\/\/www.tvturk.com\/index.php\/wp-json\/wp\/v2\/media\/13776"}],"wp:attachment":[{"href":"http:\/\/www.tvturk.com\/index.php\/wp-json\/wp\/v2\/media?parent=13775"}],"wp:term":[{"taxonomy":"category","embeddable":true,"href":"http:\/\/www.tvturk.com\/index.php\/wp-json\/wp\/v2\/categories?post=13775"},{"taxonomy":"post_tag","embeddable":true,"href":"http:\/\/www.tvturk.com\/index.php\/wp-json\/wp\/v2\/tags?post=13775"}],"curies":[{"name":"wp","href":"https:\/\/api.w.org\/{rel}","templated":true}]}}