{"id":137977,"date":"2019-04-15T23:13:15","date_gmt":"2019-04-15T20:13:15","guid":{"rendered":"http:\/\/www.tvturk.com\/index.php\/kardesinin-cenazesini-bulmak-icin-yardim-bekliyor\/"},"modified":"2019-04-15T23:13:18","modified_gmt":"2019-04-15T20:13:18","slug":"kardesinin-cenazesini-bulmak-icin-yardim-bekliyor","status":"publish","type":"post","link":"http:\/\/www.tvturk.com\/index.php\/kardesinin-cenazesini-bulmak-icin-yardim-bekliyor\/","title":{"rendered":"Karde\u015finin cenazesini bulmak i\u00e7in yard\u0131m bekliyor"},"content":{"rendered":"<p>Batman\u2019da 8 Nisan\u2019da arac\u0131n Dicle Nehri\u2019ne u\u00e7mas\u0131 sonucu cesedi bulunan Hayriye Ar\u0131ca\u2019n\u0131n e\u015fi Burhan Ar\u0131ca\u2019n\u0131n da ayn\u0131 ara\u00e7ta oldu\u011funu s\u00f6yleyen a\u011fabey Orhan Ar\u0131ca, karde\u015finin cenazesinin bulunmas\u0131 i\u00e7in yard\u0131m bekledi\u011fini s\u00f6yledi.<\/p>\n<p>\u0130hlas Haber Ajans\u0131 (\u0130HA) muhabirine konu\u015fan Orhan Ar\u0131ca, olay\u0131n bir kaza oldu\u011funu d\u00fc\u015f\u00fcnd\u00fcklerini belirtti. Orhan Ar\u0131ca, \u201cKarde\u015fimin de ayn\u0131 ara\u00e7ta oldu\u011funu d\u00fc\u015f\u00fcn\u00fcyoruz. Ancak ne AFAD ne de emniyet yetkilileri herhangi bir arama \u00e7al\u0131\u015fmas\u0131 y\u00fcr\u00fctm\u00fcyorlar. Karde\u015fimle ilgili ortaya at\u0131lan i\u015fsiz iddialar\u0131 da as\u0131ls\u0131zd\u0131r. SGK kay\u0131tlar\u0131na bak\u0131ld\u0131\u011f\u0131 zaman son 6,5 y\u0131lda 5 y\u0131ll\u0131k sigorta giri\u015fi mevcuttur\u201d dedi.<\/p>\n<p>Hasankeyf\u2019te \u00f6nceki hafta Dicle Nehri\u2019nde bulunan Hayriye Ar\u0131ca\u2019n\u0131n cesedi sonras\u0131 ayn\u0131 ara\u00e7ta oldu\u011fu tahmin edilen e\u015fi Burhan Ar\u0131ca\u2019n\u0131n hala kay\u0131p oldu\u011funu belirten a\u011fabeyi Orhan Ar\u0131ca, yetkililerden arama \u00e7al\u0131\u015fmas\u0131 yapmas\u0131 i\u00e7in yard\u0131m istedi. Olay\u0131n cinayet olmad\u0131\u011f\u0131n\u0131 ve kaza ihtimalinin y\u00fcksek oldu\u011funu belirten Orhan Ar\u0131ca, \u201cBurhan Ar\u0131ca bug\u00fcne kadar e\u015fine bir fiske vurmu\u015f bir e\u015f de\u011fildir. Kendisini seviyordu ve bu olay y\u00fczde y\u00fcz kazad\u0131r. \u0130lk g\u00fcnden beri olay yerine vak\u0131f\u0131z. \u0130ntihar s\u00f6z konusu de\u011fil, cinayet s\u00f6z konusu de\u011fil. Kesinlikle kazad\u0131r. Arac\u0131n g\u00f6r\u00fcnt\u00fclerine bakt\u0131ktan sonra emin olduk. Ara\u00e7 k\u00f6pr\u00fcden a\u015fa\u011f\u0131ya yuvarlanm\u0131\u015f. Muhtemelen 5 metre y\u00fckseklikten arac\u0131n kendi a\u011f\u0131rl\u0131\u011f\u0131 da yakla\u015f\u0131k bir ton 200 kilodur. Burun k\u0131sm\u0131 komple gitmi\u015f, radyat\u00f6r\u00fc, farlar\u0131 bir \u015fey kalmam\u0131\u015f. Bu bir kazad\u0131r, biz cenazemizi bir haftad\u0131r kendi imkanlar\u0131m\u0131zla ar\u0131yoruz ve cenazemizi bulam\u0131yoruz. B\u00fct\u00fcn akrabalar\u0131m\u0131z seferber olmu\u015f, emniyet yetkililerine, yetkili mercilere m\u00fcracaatta bulunmu\u015fuz. Hi\u00e7bir yerden destek alam\u0131yoruz. Biz b\u00fcy\u00fcklerimizden bize yard\u0131mc\u0131 olmalar\u0131n\u0131 istiyoruz. B\u00fct\u00fcn y\u00f6re halk\u0131n\u0131n ve k\u00f6yl\u00fclerin de el birli\u011fi ile cenazemizi bulup topra\u011fa kavu\u015fturmak istiyoruz. Bu bir insanl\u0131k g\u00f6revidir, m\u00fcmk\u00fcnse yard\u0131m edin&#8221; diye konu\u015ftu.<\/p>\n<p>&#8220;Yetkililer arama \u00e7al\u0131\u015fmas\u0131 yapm\u0131yor&#8221;<\/p>\n<p>AFAD ekiplerinin ilk g\u00fcn geldi\u011fini ve arac\u0131 \u00e7\u0131kard\u0131ktan sonra \u00e7al\u0131\u015fmalar\u0131 sonland\u0131rd\u0131klar\u0131n\u0131 belirten Orhan Ar\u0131ca, a\u00e7\u0131klamalar\u0131n\u0131 \u015f\u00f6yle s\u00fcrd\u00fcrd\u00fc:<\/p>\n<p>&#8220;Burhan Ar\u0131ca 6,5 y\u0131l Manisa\u2019da ikamet etmi\u015f ve toplamda 5 y\u0131la yak\u0131n SGK giri\u015fi mevcuttur sigortal\u0131 \u00e7al\u0131\u015ft\u0131\u011f\u0131na dair. Hakkari\u2019de de 3,5 ay \u00e7al\u0131\u015fm\u0131\u015ft\u0131r. B\u00fct\u00fcn belgelerde mevcuttur i\u015fsiz de\u011fildi kendisi. Burhan Hasankeyf\u2019e gitmeden \u00f6nce e\u015fi ile bir g\u00fcn \u00f6ncesinden ara\u00e7 kiralam\u0131\u015ft\u0131r. Biz arac\u0131 A\u011fr\u0131\u2019ya gidip e\u015fi ile beraber oradaki resmi i\u015flemleri halledecekler diye kiralad\u0131\u011f\u0131na inan\u0131yorduk. Ara\u00e7 kiraland\u0131ktan sonra gelip e\u015fini evden alm\u0131\u015f. Fakat \u00e7ocu\u011fu uyudu\u011fu i\u00e7in \u00e7ocu\u011fun ba\u015f\u0131nda biri olsun diye annemi gidip \u00e7ar\u015f\u0131dan alm\u0131\u015flar ve \u00e7ocu\u011fun ba\u015f\u0131na b\u0131rakm\u0131\u015flar. Annem nereye diye sormu\u015f, \u2018Bir s\u0131k\u0131nt\u0131 yok. Yemek yiyece\u011fiz, \u00e7ay i\u00e7ece\u011fiz, sohbet edip gelece\u011fiz\u2019 demi\u015fler. Bu \u015fekilde \u00e7ocu\u011fu anneme emanet edip gitmi\u015fler. Hasankeyf\u2019e gittikleri ile ilgili bilgimiz yok. Sonradan \u00f6\u011frendik ki Hasankeyf Seyir Cafe\u2019ye gitmi\u015fler. \u00c7ay i\u00e7eceklermi\u015f, \u00e7ay da demlik oldu\u011fu i\u00e7in \u00e7ar\u015f\u0131ya gitmi\u015fler. \u00c7ay veya yemek i\u00e7in durmu\u015flar. Kar\u015f\u0131ya ge\u00e7mi\u015fler orada tak\u0131ld\u0131ktan sonra \u015felale yoluna ilerlemi\u015fler. \u015eelale yoluna ba\u011flant\u0131l\u0131 olan ikinci k\u00f6pr\u00fc var. \u0130kinci k\u00f6pr\u00fcde de muhtemelen karde\u015fimde renk k\u00f6rl\u00fc\u011f\u00fc var, tav\u015fan k\u00f6rl\u00fc\u011f\u00fc denilen gece g\u00f6remiyor. O esnada art\u0131k tart\u0131\u015fm\u0131\u015flar m\u0131 nas\u0131l olmu\u015fsa muhtemelen k\u00f6pr\u00fcden u\u00e7mu\u015flar a\u015fa\u011f\u0131ya. Zaten k\u00f6pr\u00fcye paralel bir yol oldu\u011fu i\u00e7in ve bir t\u00fcmsek oldu\u011fundan ara\u00e7 \u00fc\u00e7\u00fcnc\u00fc viteste ve kontak anahtar\u0131 \u00fczerinde muhtemelen oradan u\u00e7tuklar\u0131n\u0131 d\u00fc\u015f\u00fcn\u00fcyoruz. Karde\u015fimin cenazesi \u00e7\u0131kt\u0131ktan sonra birtak\u0131m \u015feyler ayd\u0131nl\u0131\u011fa kavu\u015facak. Bir haftad\u0131r orada arama \u00e7al\u0131\u015fmas\u0131 yap\u0131yoruz. Yetkililerden ricam\u0131z bu olay\u0131 ayd\u0131nlatal\u0131m, dosyay\u0131 kapatal\u0131m. Bu olay bug\u00fcn benim ba\u015f\u0131ma geldi, ba\u015fkas\u0131n\u0131n da ba\u015f\u0131na gelebilir. Ortada bir cenaze var, topra\u011fa kavu\u015ftural\u0131m. \u0130nsanl\u0131k nam\u0131na herkesin yard\u0131m etmesi gerekiyor. Yetkili mercilerin h\u0131zland\u0131rmas\u0131 i\u00e7in m\u00fcdahale etmesi laz\u0131m. Valiye dilek\u00e7e yazd\u0131k, emniyete dilek\u00e7e gitmi\u015f, AFAD\u2019a bildirilmi\u015f, fakat hi\u00e7bir geli\u015fme yok. Bilmedi\u011fimiz ba\u015fka bir \u015fey varsa bizde aramayal\u0131m.\u201d<div class=\"tiled-gallery type-rectangular tiled-gallery-unresized\" data-original-width=\"500\" data-carousel-extra='null' itemscope itemtype=\"http:\/\/schema.org\/ImageGallery\" > <div class=\"gallery-row\" style=\"width: 500px; height: 242px;\" data-original-width=\"500\" data-original-height=\"242\" > <div class=\"gallery-group images-1\" style=\"width: 362px; height: 242px;\" data-original-width=\"362\" data-original-height=\"242\" > <div class=\"tiled-gallery-item tiled-gallery-item-large\" itemprop=\"associatedMedia\" itemscope itemtype=\"http:\/\/schema.org\/ImageObject\"> <a href=\"http:\/\/www.tvturk.com\/index.php\/kardesinin-cenazesini-bulmak-icin-yardim-bekliyor\/kardesinin-cenazesini-bulmak-icin-yardim-bekliyor-3\/\" border=\"0\" itemprop=\"url\"> <meta itemprop=\"width\" content=\"358\"> <meta itemprop=\"height\" content=\"238\"> <img decoding=\"async\" class=\"\" data-attachment-id=\"137979\" data-orig-file=\"http:\/\/www.tvturk.com\/wp-content\/uploads\/2019\/04\/kardesinin-cenazesini-bulmak-icin-yardim-bekliyor_d495052.jpg\" data-orig-size=\"1000,664\" data-comments-opened=\"\" data-image-meta=\"{&quot;aperture&quot;:&quot;0&quot;,&quot;credit&quot;:&quot;IHA&quot;,&quot;camera&quot;:&quot;&quot;,&quot;caption&quot;:&quot;BURHAN ARICA KEND\\u0130 \\u0130MKANLARI \\u0130LE ARAMA \\u00c7ALI\\u015eMALARINI S\\u00dcRD\\u00dcRD\\u00dcKLER\\u0130N\\u0130 S\\u00d6YLED\\u0130 (H\\u00dcSEY\\u0130N SAKAR - OSMAN ARSLAN\\\/BATMAN-\\u0130HA)&quot;,&quot;created_timestamp&quot;:&quot;0&quot;,&quot;copyright&quot;:&quot;\\u0130HLAS HABER AJANSI, www.iha.com.tr&quot;,&quot;focal_length&quot;:&quot;0&quot;,&quot;iso&quot;:&quot;0&quot;,&quot;shutter_speed&quot;:&quot;0&quot;,&quot;title&quot;:&quot;KARDE\\u015e\\u0130N\\u0130N CENAZES\\u0130N\\u0130 BULMAK \\u0130\\u00c7\\u0130N YARDIM BEKL\\u0130YOR D\\u0130CLE NEHR\\u0130\\u0027NE D\\u00dc\\u015eEN ARA\\u00c7TA KARDE\\u015e\\u0130N\\u0130N DE BULUNDU\\u011eUNU BEL\\u0130RTEN ORHAN ARICA: \\u201cKARDE\\u015e\\u0130M\\u0130N CENAZES\\u0130N\\u0130 BULMAK \\u0130ST\\u0130YORUZ\\u201d&quot;,&quot;orientation&quot;:&quot;0&quot;}\" data-image-title=\"Karde\u015finin cenazesini bulmak i\u00e7in yard\u0131m bekliyor\" data-image-description=\"&lt;p&gt;Karde\u015finin cenazesini bulmak i\u00e7in yard\u0131m bekliyor&lt;\/p&gt; \" data-medium-file=\"https:\/\/i0.wp.com\/www.tvturk.com\/wp-content\/uploads\/2019\/04\/kardesinin-cenazesini-bulmak-icin-yardim-bekliyor_d495052.jpg?fit=300%2C199\" data-large-file=\"https:\/\/i0.wp.com\/www.tvturk.com\/wp-content\/uploads\/2019\/04\/kardesinin-cenazesini-bulmak-icin-yardim-bekliyor_d495052.jpg?fit=1000%2C664\" src=\"https:\/\/i0.wp.com\/www.tvturk.com\/wp-content\/uploads\/2019\/04\/kardesinin-cenazesini-bulmak-icin-yardim-bekliyor_d495052.jpg?w=358&#038;h=238\" srcset=\"https:\/\/i0.wp.com\/www.tvturk.com\/wp-content\/uploads\/2019\/04\/kardesinin-cenazesini-bulmak-icin-yardim-bekliyor_d495052.jpg?w=1000 1000w, https:\/\/i0.wp.com\/www.tvturk.com\/wp-content\/uploads\/2019\/04\/kardesinin-cenazesini-bulmak-icin-yardim-bekliyor_d495052.jpg?resize=150%2C100 150w, https:\/\/i0.wp.com\/www.tvturk.com\/wp-content\/uploads\/2019\/04\/kardesinin-cenazesini-bulmak-icin-yardim-bekliyor_d495052.jpg?resize=300%2C200 300w, https:\/\/i0.wp.com\/www.tvturk.com\/wp-content\/uploads\/2019\/04\/kardesinin-cenazesini-bulmak-icin-yardim-bekliyor_d495052.jpg?resize=768%2C510 768w, https:\/\/i0.wp.com\/www.tvturk.com\/wp-content\/uploads\/2019\/04\/kardesinin-cenazesini-bulmak-icin-yardim-bekliyor_d495052.jpg?resize=170%2C113 170w, https:\/\/i0.wp.com\/www.tvturk.com\/wp-content\/uploads\/2019\/04\/kardesinin-cenazesini-bulmak-icin-yardim-bekliyor_d495052.jpg?resize=120%2C80 120w\" width=\"358\" height=\"238\" loading=\"lazy\" data-original-width=\"358\" data-original-height=\"238\" itemprop=\"http:\/\/schema.org\/image\" title=\"Karde\u015finin cenazesini bulmak i\u00e7in yard\u0131m bekliyor\" alt=\"Karde\u015finin cenazesini bulmak i\u00e7in yard\u0131m bekliyor\" style=\"width: 358px; height: 238px;\" \/> <\/a> <\/div> <\/div> <!-- close group --> <div class=\"gallery-group images-1\" style=\"width: 138px; height: 242px;\" data-original-width=\"138\" data-original-height=\"242\" > <div class=\"tiled-gallery-item tiled-gallery-item-small\" itemprop=\"associatedMedia\" itemscope itemtype=\"http:\/\/schema.org\/ImageObject\"> <a href=\"http:\/\/www.tvturk.com\/index.php\/kardesinin-cenazesini-bulmak-icin-yardim-bekliyor\/kardesinin-cenazesini-bulmak-icin-yardim-bekliyor-4\/\" border=\"0\" itemprop=\"url\"> <meta itemprop=\"width\" content=\"134\"> <meta itemprop=\"height\" content=\"238\"> <img decoding=\"async\" class=\"\" data-attachment-id=\"137980\" data-orig-file=\"http:\/\/www.tvturk.com\/wp-content\/uploads\/2019\/04\/kardesinin-cenazesini-bulmak-icin-yardim-bekliyor_a1f2b5e.jpg\" data-orig-size=\"562,1000\" data-comments-opened=\"\" data-image-meta=\"{&quot;aperture&quot;:&quot;0&quot;,&quot;credit&quot;:&quot;IHA&quot;,&quot;camera&quot;:&quot;&quot;,&quot;caption&quot;:&quot;D\\u0130CLE NEHR\\u0130 KENARINDA CESED\\u0130 BULUNAN HAYR\\u0130YE ARICA (H\\u00dcSEY\\u0130N SAKAR - OSMAN ARSLAN\\\/BATMAN-\\u0130HA)&quot;,&quot;created_timestamp&quot;:&quot;0&quot;,&quot;copyright&quot;:&quot;\\u0130HLAS HABER AJANSI, www.iha.com.tr&quot;,&quot;focal_length&quot;:&quot;0&quot;,&quot;iso&quot;:&quot;0&quot;,&quot;shutter_speed&quot;:&quot;0&quot;,&quot;title&quot;:&quot;KARDE\\u015e\\u0130N\\u0130N CENAZES\\u0130N\\u0130 BULMAK \\u0130\\u00c7\\u0130N YARDIM BEKL\\u0130YOR D\\u0130CLE NEHR\\u0130\\u0027NE D\\u00dc\\u015eEN ARA\\u00c7TA KARDE\\u015e\\u0130N\\u0130N DE BULUNDU\\u011eUNU BEL\\u0130RTEN ORHAN ARICA: \\u201cKARDE\\u015e\\u0130M\\u0130N CENAZES\\u0130N\\u0130 BULMAK \\u0130ST\\u0130YORUZ\\u201d&quot;,&quot;orientation&quot;:&quot;0&quot;}\" data-image-title=\"Karde\u015finin cenazesini bulmak i\u00e7in yard\u0131m bekliyor\" data-image-description=\"&lt;p&gt;Karde\u015finin cenazesini bulmak i\u00e7in yard\u0131m bekliyor&lt;\/p&gt; \" data-medium-file=\"https:\/\/i0.wp.com\/www.tvturk.com\/wp-content\/uploads\/2019\/04\/kardesinin-cenazesini-bulmak-icin-yardim-bekliyor_a1f2b5e.jpg?fit=169%2C300\" data-large-file=\"https:\/\/i0.wp.com\/www.tvturk.com\/wp-content\/uploads\/2019\/04\/kardesinin-cenazesini-bulmak-icin-yardim-bekliyor_a1f2b5e.jpg?fit=562%2C1000\" src=\"https:\/\/i0.wp.com\/www.tvturk.com\/wp-content\/uploads\/2019\/04\/kardesinin-cenazesini-bulmak-icin-yardim-bekliyor_a1f2b5e.jpg?w=134&#038;h=238\" srcset=\"https:\/\/i0.wp.com\/www.tvturk.com\/wp-content\/uploads\/2019\/04\/kardesinin-cenazesini-bulmak-icin-yardim-bekliyor_a1f2b5e.jpg?w=562 562w, https:\/\/i0.wp.com\/www.tvturk.com\/wp-content\/uploads\/2019\/04\/kardesinin-cenazesini-bulmak-icin-yardim-bekliyor_a1f2b5e.jpg?resize=84%2C150 84w, https:\/\/i0.wp.com\/www.tvturk.com\/wp-content\/uploads\/2019\/04\/kardesinin-cenazesini-bulmak-icin-yardim-bekliyor_a1f2b5e.jpg?resize=169%2C300 169w\" width=\"134\" height=\"238\" loading=\"lazy\" data-original-width=\"134\" data-original-height=\"238\" itemprop=\"http:\/\/schema.org\/image\" title=\"Karde\u015finin cenazesini bulmak i\u00e7in yard\u0131m bekliyor\" alt=\"Karde\u015finin cenazesini bulmak i\u00e7in yard\u0131m bekliyor\" style=\"width: 134px; height: 238px;\" \/> <\/a> <\/div> <\/div> <!-- close group --> <\/div> <!-- close row --> <div class=\"gallery-row\" style=\"width: 500px; height: 508px;\" data-original-width=\"500\" data-original-height=\"508\" > <div class=\"gallery-group images-1\" style=\"width: 500px; height: 508px;\" data-original-width=\"500\" data-original-height=\"508\" > <div class=\"tiled-gallery-item tiled-gallery-item-large\" itemprop=\"associatedMedia\" itemscope itemtype=\"http:\/\/schema.org\/ImageObject\"> <a href=\"http:\/\/www.tvturk.com\/index.php\/kardesinin-cenazesini-bulmak-icin-yardim-bekliyor\/kardesinin-cenazesini-bulmak-icin-yardim-bekliyor-5\/\" border=\"0\" itemprop=\"url\"> <meta itemprop=\"width\" content=\"496\"> <meta itemprop=\"height\" content=\"504\"> <img decoding=\"async\" class=\"\" data-attachment-id=\"137981\" data-orig-file=\"http:\/\/www.tvturk.com\/wp-content\/uploads\/2019\/04\/kardesinin-cenazesini-bulmak-icin-yardim-bekliyor_034557e.jpg\" data-orig-size=\"647,657\" data-comments-opened=\"\" data-image-meta=\"{&quot;aperture&quot;:&quot;0&quot;,&quot;credit&quot;:&quot;IHA&quot;,&quot;camera&quot;:&quot;&quot;,&quot;caption&quot;:&quot;KAYIP BURHAN ARICA\\u0027NIN DA CENAZES\\u0130N\\u0130N BULUNMASI \\u0130STEN\\u0130YOR (H\\u00dcSEY\\u0130N SAKAR - OSMAN ARSLAN\\\/BATMAN-\\u0130HA)&quot;,&quot;created_timestamp&quot;:&quot;1555398660&quot;,&quot;copyright&quot;:&quot;\\u0130HLAS HABER AJANSI, www.iha.com.tr&quot;,&quot;focal_length&quot;:&quot;0&quot;,&quot;iso&quot;:&quot;0&quot;,&quot;shutter_speed&quot;:&quot;0&quot;,&quot;title&quot;:&quot;KARDE\\u015e\\u0130N\\u0130N CENAZES\\u0130N\\u0130 BULMAK \\u0130\\u00c7\\u0130N YARDIM BEKL\\u0130YOR D\\u0130CLE NEHR\\u0130\\u0027NE D\\u00dc\\u015eEN ARA\\u00c7TA KARDE\\u015e\\u0130N\\u0130N DE BULUNDU\\u011eUNU BEL\\u0130RTEN ORHAN ARICA: \\u201cKARDE\\u015e\\u0130M\\u0130N CENAZES\\u0130N\\u0130 BULMAK \\u0130ST\\u0130YORUZ\\u201d&quot;,&quot;orientation&quot;:&quot;0&quot;}\" data-image-title=\"Karde\u015finin cenazesini bulmak i\u00e7in yard\u0131m bekliyor\" data-image-description=\"&lt;p&gt;Karde\u015finin cenazesini bulmak i\u00e7in yard\u0131m bekliyor&lt;\/p&gt; \" data-medium-file=\"https:\/\/i0.wp.com\/www.tvturk.com\/wp-content\/uploads\/2019\/04\/kardesinin-cenazesini-bulmak-icin-yardim-bekliyor_034557e.jpg?fit=295%2C300\" data-large-file=\"https:\/\/i0.wp.com\/www.tvturk.com\/wp-content\/uploads\/2019\/04\/kardesinin-cenazesini-bulmak-icin-yardim-bekliyor_034557e.jpg?fit=647%2C657\" src=\"https:\/\/i0.wp.com\/www.tvturk.com\/wp-content\/uploads\/2019\/04\/kardesinin-cenazesini-bulmak-icin-yardim-bekliyor_034557e.jpg?w=496&#038;h=504\" srcset=\"https:\/\/i0.wp.com\/www.tvturk.com\/wp-content\/uploads\/2019\/04\/kardesinin-cenazesini-bulmak-icin-yardim-bekliyor_034557e.jpg?w=647 647w, https:\/\/i0.wp.com\/www.tvturk.com\/wp-content\/uploads\/2019\/04\/kardesinin-cenazesini-bulmak-icin-yardim-bekliyor_034557e.jpg?resize=148%2C150 148w, https:\/\/i0.wp.com\/www.tvturk.com\/wp-content\/uploads\/2019\/04\/kardesinin-cenazesini-bulmak-icin-yardim-bekliyor_034557e.jpg?resize=295%2C300 295w\" width=\"496\" height=\"504\" loading=\"lazy\" data-original-width=\"496\" data-original-height=\"504\" itemprop=\"http:\/\/schema.org\/image\" title=\"Karde\u015finin cenazesini bulmak i\u00e7in yard\u0131m bekliyor\" alt=\"Karde\u015finin cenazesini bulmak i\u00e7in yard\u0131m bekliyor\" style=\"width: 496px; height: 504px;\" \/> <\/a> <\/div> <\/div> <!-- close group --> <\/div> <!-- close row --> <\/div><\/p>\n","protected":false},"excerpt":{"rendered":"<p>A\u011eABEY ORHAN ARICA, KARDE\u015e\u0130M\u0130N CENAZES\u0130N\u0130 BULMAK \u0130ST\u0130YORUZ<\/p>\n","protected":false},"author":1,"featured_media":137978,"comment_status":"closed","ping_status":"open","sticky":false,"template":"","format":"standard","meta":{"jetpack_post_was_ever_published":false,"_jetpack_newsletter_access":"","_jetpack_dont_email_post_to_subs":false,"_jetpack_newsletter_tier_id":0,"_jetpack_memberships_contains_paywalled_content":false,"_jetpack_memberships_contains_paid_content":false,"footnotes":"","jetpack_publicize_message":"","jetpack_publicize_feature_enabled":true,"jetpack_social_post_already_shared":true,"jetpack_social_options":{"image_generator_settings":{"template":"highway","default_image_id":0,"font":"","enabled":false},"version":2}},"categories":[1],"tags":[4378,31369,24116,44,26090,1736],"class_list":["post-137977","post","type-post","status-publish","format-standard","has-post-thumbnail","hentry","category-genel","tag-bekliyor","tag-bulmak","tag-cenazesini","tag-icin","tag-kardesinin","tag-yardim"],"jetpack_publicize_connections":[],"jetpack_featured_media_url":"https:\/\/i0.wp.com\/www.tvturk.com\/wp-content\/uploads\/2019\/04\/kardesinin-cenazesini-bulmak-icin-yardim-bekliyor_83a8416.jpg?fit=1000%2C664","jetpack_sharing_enabled":true,"jetpack_shortlink":"https:\/\/wp.me\/paKIfm-zTr","_links":{"self":[{"href":"http:\/\/www.tvturk.com\/index.php\/wp-json\/wp\/v2\/posts\/137977","targetHints":{"allow":["GET"]}}],"collection":[{"href":"http:\/\/www.tvturk.com\/index.php\/wp-json\/wp\/v2\/posts"}],"about":[{"href":"http:\/\/www.tvturk.com\/index.php\/wp-json\/wp\/v2\/types\/post"}],"author":[{"embeddable":true,"href":"http:\/\/www.tvturk.com\/index.php\/wp-json\/wp\/v2\/users\/1"}],"replies":[{"embeddable":true,"href":"http:\/\/www.tvturk.com\/index.php\/wp-json\/wp\/v2\/comments?post=137977"}],"version-history":[{"count":1,"href":"http:\/\/www.tvturk.com\/index.php\/wp-json\/wp\/v2\/posts\/137977\/revisions"}],"predecessor-version":[{"id":137982,"href":"http:\/\/www.tvturk.com\/index.php\/wp-json\/wp\/v2\/posts\/137977\/revisions\/137982"}],"wp:featuredmedia":[{"embeddable":true,"href":"http:\/\/www.tvturk.com\/index.php\/wp-json\/wp\/v2\/media\/137978"}],"wp:attachment":[{"href":"http:\/\/www.tvturk.com\/index.php\/wp-json\/wp\/v2\/media?parent=137977"}],"wp:term":[{"taxonomy":"category","embeddable":true,"href":"http:\/\/www.tvturk.com\/index.php\/wp-json\/wp\/v2\/categories?post=137977"},{"taxonomy":"post_tag","embeddable":true,"href":"http:\/\/www.tvturk.com\/index.php\/wp-json\/wp\/v2\/tags?post=137977"}],"curies":[{"name":"wp","href":"https:\/\/api.w.org\/{rel}","templated":true}]}}