{"id":138025,"date":"2019-04-16T09:16:54","date_gmt":"2019-04-16T06:16:54","guid":{"rendered":"http:\/\/www.tvturk.com\/index.php\/turk-hafiz-feyza-nergiz-kuran-i-kerim-yarismasinda-dunya-ikincisi-oldu\/"},"modified":"2019-04-16T09:16:54","modified_gmt":"2019-04-16T06:16:54","slug":"turk-hafiz-feyza-nergiz-kuran-i-kerim-yarismasinda-dunya-ikincisi-oldu","status":"publish","type":"post","link":"http:\/\/www.tvturk.com\/index.php\/turk-hafiz-feyza-nergiz-kuran-i-kerim-yarismasinda-dunya-ikincisi-oldu\/","title":{"rendered":"T\u00fcrk haf\u0131z Feyza Nergiz, Kur\u2019an-\u0131 Kerim yar\u0131\u015fmas\u0131nda d\u00fcnya ikincisi oldu"},"content":{"rendered":"<p>\u0130ran\u2019\u0131n ba\u015fkenti Tahran\u2019da d\u00fczenlenen Uluslararas\u0131 Kur\u2019an-\u0131 Kerim okuma yar\u0131\u015fmas\u0131nda T\u00fcrkiye\u2019yi temsil eden Feyza Nergiz d\u00fcnya ikincisi oldu.<\/p>\n<p>\u0130ran\u2019\u0131n ba\u015fkenti Tahran\u2019da 10 Nisan \u00c7ar\u015famba g\u00fcn\u00fc ba\u015flayan ve be\u015f g\u00fcn s\u00fcren bu y\u0131l 36. Uluslararas\u0131 Kur\u2019an-\u0131 Kerim Okuma Yar\u0131\u015fmas\u0131na T\u00fcrkiye\u2019yi temsilen kat\u0131lan Feyza Nergiz, 18 ya\u015f alt\u0131 kad\u0131nlar kategorisinde d\u00fcnya ikincisi oldu.<\/p>\n<p>\u0130hlas Haber Ajans\u0131na a\u00e7\u0131klama yapan Feyza Nergiz, \u0130ran\u2019da d\u00fczenlenen Kur\u2019an-\u0131 Kerim Okuma Yar\u0131\u015fmas\u0131nda d\u00fcnya ikincisi olman\u0131n kendisi i\u00e7in ayr\u0131ca \u00f6nemli oldu\u011funu belirterek, &#8220;Bu \u00f6d\u00fcl\u00fc \u0130ran\u2019da alm\u0131\u015f olmam benim i\u00e7in ayr\u0131ca \u00f6nemli. Burada bir\u00e7ok \u0130slam \u00fclkesinden gelen haf\u0131z ve temsilcilerle tan\u0131\u015fmak, bir araya gelmek bizi daha da cesaretlendiriyor&#8221; dedi.<\/p>\n<p>Feyza Nergiz ayn\u0131 zamanda annesi olan Ay\u015fe Nergiz\u2019in kendisine Kuran\u2019\u0131 sevdirdi\u011fini s\u00f6yleyerek, &#8220;Annem ayn\u0131 zamanda Kur\u2019an-\u0131 Kerim \u00f6\u011fretmeni. Annemi kendi \u00f6\u011frencileri ile birlikte her g\u00f6rd\u00fc\u011f\u00fcmde onlara \u00f6zenirdim ve ben de onlarla birlikte yar\u0131\u015fmalara kat\u0131lmaya ba\u015flad\u0131m. Ard\u0131ndan T\u00fcrkiye birincili\u011fini kazand\u0131m&#8221; ifadelerini kulland\u0131.<\/p>\n<p>\u0130ran\u2019da d\u00fczenlenen Uluslararas\u0131 Kuran\u0131 Kerim Okuma Yar\u0131\u015fmas\u0131na 63 \u00fclkeden 123 temsilci kat\u0131l\u0131rken, T\u00fcrkiye\u2019den haf\u0131zl\u0131k ve k\u0131raat kategorilerinden 4 yar\u0131\u015fmac\u0131 yer ald\u0131.<\/p>\n","protected":false},"excerpt":{"rendered":"<p>T\u00dcRK HAFIZ FEYZA NERG\u0130Z, KUR\u2019AN-I KER\u0130M YARI\u015eMASINDA D\u00dcNYA \u0130K\u0130NC\u0130S\u0130 OLDU<\/p>\n","protected":false},"author":1,"featured_media":138026,"comment_status":"closed","ping_status":"open","sticky":false,"template":"","format":"standard","meta":{"jetpack_post_was_ever_published":false,"_jetpack_newsletter_access":"","_jetpack_dont_email_post_to_subs":false,"_jetpack_newsletter_tier_id":0,"_jetpack_memberships_contains_paywalled_content":false,"_jetpack_memberships_contains_paid_content":false,"footnotes":"","jetpack_publicize_message":"","jetpack_publicize_feature_enabled":true,"jetpack_social_post_already_shared":true,"jetpack_social_options":{"image_generator_settings":{"template":"highway","default_image_id":0,"font":"","enabled":false},"version":2}},"categories":[10],"tags":[349,31378,14270,454,13792,6275,31379,77,957,450],"class_list":["post-138025","post","type-post","status-publish","format-standard","has-post-thumbnail","hentry","category-dunya","tag-dunya","tag-feyza","tag-hafiz","tag-ikincisi","tag-kerim","tag-kuran-i","tag-nergiz","tag-oldu","tag-turk","tag-yarismasinda"],"jetpack_publicize_connections":[],"jetpack_featured_media_url":"https:\/\/i0.wp.com\/www.tvturk.com\/wp-content\/uploads\/2019\/04\/turk-hafiz-feyza-nergiz-kuran-i-kerim-yarismasinda-dunya-ikincisi-oldu_35b9c6c.jpg?fit=1000%2C674","jetpack_sharing_enabled":true,"jetpack_shortlink":"https:\/\/wp.me\/paKIfm-zUd","_links":{"self":[{"href":"http:\/\/www.tvturk.com\/index.php\/wp-json\/wp\/v2\/posts\/138025","targetHints":{"allow":["GET"]}}],"collection":[{"href":"http:\/\/www.tvturk.com\/index.php\/wp-json\/wp\/v2\/posts"}],"about":[{"href":"http:\/\/www.tvturk.com\/index.php\/wp-json\/wp\/v2\/types\/post"}],"author":[{"embeddable":true,"href":"http:\/\/www.tvturk.com\/index.php\/wp-json\/wp\/v2\/users\/1"}],"replies":[{"embeddable":true,"href":"http:\/\/www.tvturk.com\/index.php\/wp-json\/wp\/v2\/comments?post=138025"}],"version-history":[{"count":0,"href":"http:\/\/www.tvturk.com\/index.php\/wp-json\/wp\/v2\/posts\/138025\/revisions"}],"wp:featuredmedia":[{"embeddable":true,"href":"http:\/\/www.tvturk.com\/index.php\/wp-json\/wp\/v2\/media\/138026"}],"wp:attachment":[{"href":"http:\/\/www.tvturk.com\/index.php\/wp-json\/wp\/v2\/media?parent=138025"}],"wp:term":[{"taxonomy":"category","embeddable":true,"href":"http:\/\/www.tvturk.com\/index.php\/wp-json\/wp\/v2\/categories?post=138025"},{"taxonomy":"post_tag","embeddable":true,"href":"http:\/\/www.tvturk.com\/index.php\/wp-json\/wp\/v2\/tags?post=138025"}],"curies":[{"name":"wp","href":"https:\/\/api.w.org\/{rel}","templated":true}]}}