{"id":138064,"date":"2019-04-16T09:52:59","date_gmt":"2019-04-16T06:52:59","guid":{"rendered":"http:\/\/www.tvturk.com\/index.php\/buyukcekmecede-vatandaslar-parklara-akin-ediyor\/"},"modified":"2019-04-16T09:53:04","modified_gmt":"2019-04-16T06:53:04","slug":"buyukcekmecede-vatandaslar-parklara-akin-ediyor","status":"publish","type":"post","link":"http:\/\/www.tvturk.com\/index.php\/buyukcekmecede-vatandaslar-parklara-akin-ediyor\/","title":{"rendered":"B\u00fcy\u00fck\u00e7ekmece\u2019de vatanda\u015flar parklara ak\u0131n ediyor"},"content":{"rendered":"<p>B\u00fcy\u00fck\u00e7ekmece\u2019de bahar\u0131n gelmesiyle birlikte il\u00e7ede bulunan t\u00fcm park ve ye\u015fil alanlarda bak\u0131m \u00e7al\u0131\u015fmalar\u0131 ger\u00e7ekle\u015ftiriliyor, vatanda\u015flar parklara ve ye\u015fil alanlara ak\u0131n ediyor.<\/p>\n<p>B\u00fcy\u00fck\u00e7ekmece Belediyesi, bahar\u0131n gelmesiyle birlikte il\u00e7ede bulunan t\u00fcm park ve ye\u015fil alanlarda bak\u0131m \u00e7al\u0131\u015fmalar\u0131 ger\u00e7ekle\u015ftiriyor, vatanda\u015flar parklara ve ye\u015fil alanlara ak\u0131n ediyor.<\/p>\n<p>Ba\u015fkan Akg\u00fcn ye\u015fil alanlar\u0131 artt\u0131r\u0131yor<\/p>\n<p>B\u00fcy\u00fck\u00e7ekmece Belediyesi Park ve Bah\u00e7eler M\u00fcd\u00fcrl\u00fc\u011f\u00fc ekiplerinin yapt\u0131\u011f\u0131 \u00e7al\u0131\u015fmalar sayesinde yeni park ve ye\u015fil alanlar kazanmaya devam eden B\u00fcy\u00fck\u00e7ekmece\u2019nin pek \u00e7ok noktas\u0131nda \u00e7al\u0131\u015fmalar yap\u0131l\u0131yor. Bu y\u0131l da Ba\u015fkan Akg\u00fcn\u2019\u00fcn hedefi il\u00e7eye yeni ye\u015fil alanlar ve park alanlar\u0131n\u0131n kazand\u0131r\u0131lmas\u0131 olurken vatanda\u015flar da il\u00e7edeki ye\u015fil alanlarda keyifli vakit ge\u00e7iriyor.<\/p>\n<p>2019-2023 hizmet d\u00f6neminde park ve ye\u015fil alanlar\u0131 artt\u0131r\u0131c\u0131 onlarca proje haz\u0131rlan\u0131rken B\u00fcy\u00fck\u00e7ekmece Belediye Ba\u015fkan\u0131 Hasan Akg\u00fcn\u2019\u00fcn talimatlar\u0131 do\u011frultusunda ger\u00e7ekle\u015ftirilen ye\u015fil alan projeleri B\u00fcy\u00fck\u00e7ekmece\u2019nin bug\u00fcnk\u00fc do\u011fas\u0131na sahip olmas\u0131n\u0131 sa\u011flad\u0131. Yap\u0131lan \u00e7al\u0131\u015fmalarla vatanda\u015flara kaliteli hizmet sunmay\u0131 hedefleyen Ba\u015fkan Akg\u00fcn ve ekibi, il\u00e7enin do\u011fas\u0131n\u0131 korumak ve g\u00fczelle\u015ftirmek i\u00e7in \u00e7al\u0131\u015fmalar\u0131n\u0131 s\u00fcrd\u00fcr\u00fcyor.<div class=\"tiled-gallery type-rectangular tiled-gallery-unresized\" data-original-width=\"500\" data-carousel-extra='null' itemscope itemtype=\"http:\/\/schema.org\/ImageGallery\" > <div class=\"gallery-row\" style=\"width: 500px; height: 244px;\" data-original-width=\"500\" data-original-height=\"244\" > <div class=\"gallery-group images-1\" style=\"width: 324px; height: 244px;\" data-original-width=\"324\" data-original-height=\"244\" > <div class=\"tiled-gallery-item tiled-gallery-item-large\" itemprop=\"associatedMedia\" itemscope itemtype=\"http:\/\/schema.org\/ImageObject\"> <a href=\"http:\/\/www.tvturk.com\/index.php\/buyukcekmecede-vatandaslar-parklara-akin-ediyor\/buyukcekmecede-vatandaslar-parklara-akin-ediyor-3\/\" border=\"0\" itemprop=\"url\"> <meta itemprop=\"width\" content=\"320\"> <meta itemprop=\"height\" content=\"240\"> <img decoding=\"async\" class=\"\" data-attachment-id=\"138066\" data-orig-file=\"http:\/\/www.tvturk.com\/wp-content\/uploads\/2019\/04\/buyukcekmecede-vatandaslar-parklara-akin-ediyor_20ee66a.jpg\" data-orig-size=\"1000,750\" data-comments-opened=\"\" data-image-meta=\"{&quot;aperture&quot;:&quot;0&quot;,&quot;credit&quot;:&quot;IHA&quot;,&quot;camera&quot;:&quot;&quot;,&quot;caption&quot;:&quot;B\\u00dcY\\u00dcK\\u00c7EKMECE\\u2019DE BAHARIN GELMES\\u0130YLE B\\u0130RL\\u0130KTE \\u0130L\\u00c7EDE BULUNAN T\\u00dcM PARK VE YE\\u015e\\u0130L ALANLARDA BAKIM \\u00c7ALI\\u015eMALARI GER\\u00c7EKLE\\u015eT\\u0130R\\u0130L\\u0130YOR, VATANDA\\u015eLAR PARKLARA VE YE\\u015e\\u0130L ALANLARA AKIN ED\\u0130YOR. (\\u0130HA\\\/\\u0130STANBUL-\\u0130HA)&quot;,&quot;created_timestamp&quot;:&quot;0&quot;,&quot;copyright&quot;:&quot;\\u0130HLAS HABER AJANSI, www.iha.com.tr&quot;,&quot;focal_length&quot;:&quot;0&quot;,&quot;iso&quot;:&quot;0&quot;,&quot;shutter_speed&quot;:&quot;0&quot;,&quot;title&quot;:&quot;B\\u00dcY\\u00dcK\\u00c7EKMECE\\u2019DE VATANDA\\u015eLAR PARKLARA AKIN ED\\u0130YOR B\\u00dcY\\u00dcK\\u00c7EKMECE\\u2019DE BAHAR MEVS\\u0130M\\u0130 B\\u0130R BA\\u015eKA G\\u00dcZEL&quot;,&quot;orientation&quot;:&quot;0&quot;}\" data-image-title=\"B\u00fcy\u00fck\u00e7ekmece\u2019de vatanda\u015flar parklara ak\u0131n ediyor\" data-image-description=\"&lt;p&gt;B\u00fcy\u00fck\u00e7ekmece\u2019de vatanda\u015flar parklara ak\u0131n ediyor&lt;\/p&gt; \" data-medium-file=\"https:\/\/i0.wp.com\/www.tvturk.com\/wp-content\/uploads\/2019\/04\/buyukcekmecede-vatandaslar-parklara-akin-ediyor_20ee66a.jpg?fit=300%2C225\" data-large-file=\"https:\/\/i0.wp.com\/www.tvturk.com\/wp-content\/uploads\/2019\/04\/buyukcekmecede-vatandaslar-parklara-akin-ediyor_20ee66a.jpg?fit=1000%2C750\" src=\"https:\/\/i0.wp.com\/www.tvturk.com\/wp-content\/uploads\/2019\/04\/buyukcekmecede-vatandaslar-parklara-akin-ediyor_20ee66a.jpg?w=320&#038;h=240\" srcset=\"https:\/\/i0.wp.com\/www.tvturk.com\/wp-content\/uploads\/2019\/04\/buyukcekmecede-vatandaslar-parklara-akin-ediyor_20ee66a.jpg?w=1000 1000w, https:\/\/i0.wp.com\/www.tvturk.com\/wp-content\/uploads\/2019\/04\/buyukcekmecede-vatandaslar-parklara-akin-ediyor_20ee66a.jpg?resize=150%2C113 150w, https:\/\/i0.wp.com\/www.tvturk.com\/wp-content\/uploads\/2019\/04\/buyukcekmecede-vatandaslar-parklara-akin-ediyor_20ee66a.jpg?resize=300%2C225 300w, https:\/\/i0.wp.com\/www.tvturk.com\/wp-content\/uploads\/2019\/04\/buyukcekmecede-vatandaslar-parklara-akin-ediyor_20ee66a.jpg?resize=768%2C576 768w\" width=\"320\" height=\"240\" loading=\"lazy\" data-original-width=\"320\" data-original-height=\"240\" itemprop=\"http:\/\/schema.org\/image\" title=\"B\u00fcy\u00fck\u00e7ekmece\u2019de vatanda\u015flar parklara ak\u0131n ediyor\" alt=\"B\u00fcy\u00fck\u00e7ekmece\u2019de vatanda\u015flar parklara ak\u0131n ediyor\" style=\"width: 320px; height: 240px;\" \/> <\/a> <\/div> <\/div> <!-- close group --> <div class=\"gallery-group images-2\" style=\"width: 176px; height: 244px;\" data-original-width=\"176\" data-original-height=\"244\" > <div class=\"tiled-gallery-item tiled-gallery-item-small\" itemprop=\"associatedMedia\" itemscope itemtype=\"http:\/\/schema.org\/ImageObject\"> <a href=\"http:\/\/www.tvturk.com\/index.php\/buyukcekmecede-vatandaslar-parklara-akin-ediyor\/buyukcekmecede-vatandaslar-parklara-akin-ediyor-4\/\" border=\"0\" itemprop=\"url\"> <meta itemprop=\"width\" content=\"172\"> <meta itemprop=\"height\" content=\"118\"> <img decoding=\"async\" class=\"\" data-attachment-id=\"138067\" data-orig-file=\"http:\/\/www.tvturk.com\/wp-content\/uploads\/2019\/04\/buyukcekmecede-vatandaslar-parklara-akin-ediyor_b15733f.jpg\" data-orig-size=\"1000,685\" data-comments-opened=\"\" data-image-meta=\"{&quot;aperture&quot;:&quot;0&quot;,&quot;credit&quot;:&quot;IHA&quot;,&quot;camera&quot;:&quot;&quot;,&quot;caption&quot;:&quot;B\\u00dcY\\u00dcK\\u00c7EKMECE\\u2019DE BAHARIN GELMES\\u0130YLE B\\u0130RL\\u0130KTE \\u0130L\\u00c7EDE BULUNAN T\\u00dcM PARK VE YE\\u015e\\u0130L ALANLARDA BAKIM \\u00c7ALI\\u015eMALARI GER\\u00c7EKLE\\u015eT\\u0130R\\u0130L\\u0130YOR, VATANDA\\u015eLAR PARKLARA VE YE\\u015e\\u0130L ALANLARA AKIN ED\\u0130YOR. (\\u0130HA\\\/\\u0130STANBUL-\\u0130HA)&quot;,&quot;created_timestamp&quot;:&quot;0&quot;,&quot;copyright&quot;:&quot;\\u0130HLAS HABER AJANSI, www.iha.com.tr&quot;,&quot;focal_length&quot;:&quot;0&quot;,&quot;iso&quot;:&quot;0&quot;,&quot;shutter_speed&quot;:&quot;0&quot;,&quot;title&quot;:&quot;B\\u00dcY\\u00dcK\\u00c7EKMECE\\u2019DE VATANDA\\u015eLAR PARKLARA AKIN ED\\u0130YOR B\\u00dcY\\u00dcK\\u00c7EKMECE\\u2019DE BAHAR MEVS\\u0130M\\u0130 B\\u0130R BA\\u015eKA G\\u00dcZEL&quot;,&quot;orientation&quot;:&quot;0&quot;}\" data-image-title=\"B\u00fcy\u00fck\u00e7ekmece\u2019de vatanda\u015flar parklara ak\u0131n ediyor\" data-image-description=\"&lt;p&gt;B\u00fcy\u00fck\u00e7ekmece\u2019de vatanda\u015flar parklara ak\u0131n ediyor&lt;\/p&gt; \" data-medium-file=\"https:\/\/i0.wp.com\/www.tvturk.com\/wp-content\/uploads\/2019\/04\/buyukcekmecede-vatandaslar-parklara-akin-ediyor_b15733f.jpg?fit=300%2C206\" data-large-file=\"https:\/\/i0.wp.com\/www.tvturk.com\/wp-content\/uploads\/2019\/04\/buyukcekmecede-vatandaslar-parklara-akin-ediyor_b15733f.jpg?fit=1000%2C685\" src=\"https:\/\/i0.wp.com\/www.tvturk.com\/wp-content\/uploads\/2019\/04\/buyukcekmecede-vatandaslar-parklara-akin-ediyor_b15733f.jpg?w=172&#038;h=118\" srcset=\"https:\/\/i0.wp.com\/www.tvturk.com\/wp-content\/uploads\/2019\/04\/buyukcekmecede-vatandaslar-parklara-akin-ediyor_b15733f.jpg?w=1000 1000w, https:\/\/i0.wp.com\/www.tvturk.com\/wp-content\/uploads\/2019\/04\/buyukcekmecede-vatandaslar-parklara-akin-ediyor_b15733f.jpg?resize=150%2C103 150w, https:\/\/i0.wp.com\/www.tvturk.com\/wp-content\/uploads\/2019\/04\/buyukcekmecede-vatandaslar-parklara-akin-ediyor_b15733f.jpg?resize=300%2C206 300w, https:\/\/i0.wp.com\/www.tvturk.com\/wp-content\/uploads\/2019\/04\/buyukcekmecede-vatandaslar-parklara-akin-ediyor_b15733f.jpg?resize=768%2C526 768w, https:\/\/i0.wp.com\/www.tvturk.com\/wp-content\/uploads\/2019\/04\/buyukcekmecede-vatandaslar-parklara-akin-ediyor_b15733f.jpg?resize=80%2C55 80w\" width=\"172\" height=\"118\" loading=\"lazy\" data-original-width=\"172\" data-original-height=\"118\" itemprop=\"http:\/\/schema.org\/image\" title=\"B\u00fcy\u00fck\u00e7ekmece\u2019de vatanda\u015flar parklara ak\u0131n ediyor\" alt=\"B\u00fcy\u00fck\u00e7ekmece\u2019de vatanda\u015flar parklara ak\u0131n ediyor\" style=\"width: 172px; height: 118px;\" \/> <\/a> <\/div> <div class=\"tiled-gallery-item tiled-gallery-item-small\" itemprop=\"associatedMedia\" itemscope itemtype=\"http:\/\/schema.org\/ImageObject\"> <a href=\"http:\/\/www.tvturk.com\/index.php\/buyukcekmecede-vatandaslar-parklara-akin-ediyor\/buyukcekmecede-vatandaslar-parklara-akin-ediyor-5\/\" border=\"0\" itemprop=\"url\"> <meta itemprop=\"width\" content=\"172\"> <meta itemprop=\"height\" content=\"118\"> <img decoding=\"async\" class=\"\" data-attachment-id=\"138068\" data-orig-file=\"http:\/\/www.tvturk.com\/wp-content\/uploads\/2019\/04\/buyukcekmecede-vatandaslar-parklara-akin-ediyor_003ef13.jpg\" data-orig-size=\"1000,690\" data-comments-opened=\"\" data-image-meta=\"{&quot;aperture&quot;:&quot;0&quot;,&quot;credit&quot;:&quot;IHA&quot;,&quot;camera&quot;:&quot;&quot;,&quot;caption&quot;:&quot;B\\u00dcY\\u00dcK\\u00c7EKMECE\\u2019DE BAHARIN GELMES\\u0130YLE B\\u0130RL\\u0130KTE \\u0130L\\u00c7EDE BULUNAN T\\u00dcM PARK VE YE\\u015e\\u0130L ALANLARDA BAKIM \\u00c7ALI\\u015eMALARI GER\\u00c7EKLE\\u015eT\\u0130R\\u0130L\\u0130YOR, VATANDA\\u015eLAR PARKLARA VE YE\\u015e\\u0130L ALANLARA AKIN ED\\u0130YOR. (\\u0130HA\\\/\\u0130STANBUL-\\u0130HA)&quot;,&quot;created_timestamp&quot;:&quot;0&quot;,&quot;copyright&quot;:&quot;\\u0130HLAS HABER AJANSI, www.iha.com.tr&quot;,&quot;focal_length&quot;:&quot;0&quot;,&quot;iso&quot;:&quot;0&quot;,&quot;shutter_speed&quot;:&quot;0&quot;,&quot;title&quot;:&quot;B\\u00dcY\\u00dcK\\u00c7EKMECE\\u2019DE VATANDA\\u015eLAR PARKLARA AKIN ED\\u0130YOR B\\u00dcY\\u00dcK\\u00c7EKMECE\\u2019DE BAHAR MEVS\\u0130M\\u0130 B\\u0130R BA\\u015eKA G\\u00dcZEL&quot;,&quot;orientation&quot;:&quot;0&quot;}\" data-image-title=\"B\u00fcy\u00fck\u00e7ekmece\u2019de vatanda\u015flar parklara ak\u0131n ediyor\" data-image-description=\"&lt;p&gt;B\u00fcy\u00fck\u00e7ekmece\u2019de vatanda\u015flar parklara ak\u0131n ediyor&lt;\/p&gt; \" data-medium-file=\"https:\/\/i0.wp.com\/www.tvturk.com\/wp-content\/uploads\/2019\/04\/buyukcekmecede-vatandaslar-parklara-akin-ediyor_003ef13.jpg?fit=300%2C207\" data-large-file=\"https:\/\/i0.wp.com\/www.tvturk.com\/wp-content\/uploads\/2019\/04\/buyukcekmecede-vatandaslar-parklara-akin-ediyor_003ef13.jpg?fit=1000%2C690\" src=\"https:\/\/i0.wp.com\/www.tvturk.com\/wp-content\/uploads\/2019\/04\/buyukcekmecede-vatandaslar-parklara-akin-ediyor_003ef13.jpg?w=172&#038;h=118\" srcset=\"https:\/\/i0.wp.com\/www.tvturk.com\/wp-content\/uploads\/2019\/04\/buyukcekmecede-vatandaslar-parklara-akin-ediyor_003ef13.jpg?w=1000 1000w, https:\/\/i0.wp.com\/www.tvturk.com\/wp-content\/uploads\/2019\/04\/buyukcekmecede-vatandaslar-parklara-akin-ediyor_003ef13.jpg?resize=150%2C104 150w, https:\/\/i0.wp.com\/www.tvturk.com\/wp-content\/uploads\/2019\/04\/buyukcekmecede-vatandaslar-parklara-akin-ediyor_003ef13.jpg?resize=300%2C207 300w, https:\/\/i0.wp.com\/www.tvturk.com\/wp-content\/uploads\/2019\/04\/buyukcekmecede-vatandaslar-parklara-akin-ediyor_003ef13.jpg?resize=768%2C530 768w, https:\/\/i0.wp.com\/www.tvturk.com\/wp-content\/uploads\/2019\/04\/buyukcekmecede-vatandaslar-parklara-akin-ediyor_003ef13.jpg?resize=80%2C55 80w\" width=\"172\" height=\"118\" loading=\"lazy\" data-original-width=\"172\" data-original-height=\"118\" itemprop=\"http:\/\/schema.org\/image\" title=\"B\u00fcy\u00fck\u00e7ekmece\u2019de vatanda\u015flar parklara ak\u0131n ediyor\" alt=\"B\u00fcy\u00fck\u00e7ekmece\u2019de vatanda\u015flar parklara ak\u0131n ediyor\" style=\"width: 172px; height: 118px;\" \/> <\/a> <\/div> <\/div> <!-- close group --> <\/div> <!-- close row --> <div class=\"gallery-row\" style=\"width: 500px; height: 177px;\" data-original-width=\"500\" data-original-height=\"177\" > <div class=\"gallery-group images-1\" style=\"width: 246px; height: 177px;\" data-original-width=\"246\" data-original-height=\"177\" > <div class=\"tiled-gallery-item tiled-gallery-item-small\" itemprop=\"associatedMedia\" itemscope itemtype=\"http:\/\/schema.org\/ImageObject\"> <a href=\"http:\/\/www.tvturk.com\/index.php\/buyukcekmecede-vatandaslar-parklara-akin-ediyor\/buyukcekmecede-vatandaslar-parklara-akin-ediyor-6\/\" border=\"0\" itemprop=\"url\"> <meta itemprop=\"width\" content=\"242\"> <meta itemprop=\"height\" content=\"173\"> <img decoding=\"async\" class=\"\" data-attachment-id=\"138069\" data-orig-file=\"http:\/\/www.tvturk.com\/wp-content\/uploads\/2019\/04\/buyukcekmecede-vatandaslar-parklara-akin-ediyor_1ce07d7.jpg\" data-orig-size=\"1000,714\" data-comments-opened=\"\" data-image-meta=\"{&quot;aperture&quot;:&quot;0&quot;,&quot;credit&quot;:&quot;IHA&quot;,&quot;camera&quot;:&quot;&quot;,&quot;caption&quot;:&quot;B\\u00dcY\\u00dcK\\u00c7EKMECE\\u2019DE BAHARIN GELMES\\u0130YLE B\\u0130RL\\u0130KTE \\u0130L\\u00c7EDE BULUNAN T\\u00dcM PARK VE YE\\u015e\\u0130L ALANLARDA BAKIM \\u00c7ALI\\u015eMALARI GER\\u00c7EKLE\\u015eT\\u0130R\\u0130L\\u0130YOR, VATANDA\\u015eLAR PARKLARA VE YE\\u015e\\u0130L ALANLARA AKIN ED\\u0130YOR. (\\u0130HA\\\/\\u0130STANBUL-\\u0130HA)&quot;,&quot;created_timestamp&quot;:&quot;0&quot;,&quot;copyright&quot;:&quot;\\u0130HLAS HABER AJANSI, www.iha.com.tr&quot;,&quot;focal_length&quot;:&quot;0&quot;,&quot;iso&quot;:&quot;0&quot;,&quot;shutter_speed&quot;:&quot;0&quot;,&quot;title&quot;:&quot;B\\u00dcY\\u00dcK\\u00c7EKMECE\\u2019DE VATANDA\\u015eLAR PARKLARA AKIN ED\\u0130YOR B\\u00dcY\\u00dcK\\u00c7EKMECE\\u2019DE BAHAR MEVS\\u0130M\\u0130 B\\u0130R BA\\u015eKA G\\u00dcZEL&quot;,&quot;orientation&quot;:&quot;0&quot;}\" data-image-title=\"B\u00fcy\u00fck\u00e7ekmece\u2019de vatanda\u015flar parklara ak\u0131n ediyor\" data-image-description=\"&lt;p&gt;B\u00fcy\u00fck\u00e7ekmece\u2019de vatanda\u015flar parklara ak\u0131n ediyor&lt;\/p&gt; \" data-medium-file=\"https:\/\/i0.wp.com\/www.tvturk.com\/wp-content\/uploads\/2019\/04\/buyukcekmecede-vatandaslar-parklara-akin-ediyor_1ce07d7.jpg?fit=300%2C214\" data-large-file=\"https:\/\/i0.wp.com\/www.tvturk.com\/wp-content\/uploads\/2019\/04\/buyukcekmecede-vatandaslar-parklara-akin-ediyor_1ce07d7.jpg?fit=1000%2C714\" src=\"https:\/\/i0.wp.com\/www.tvturk.com\/wp-content\/uploads\/2019\/04\/buyukcekmecede-vatandaslar-parklara-akin-ediyor_1ce07d7.jpg?w=242&#038;h=173\" srcset=\"https:\/\/i0.wp.com\/www.tvturk.com\/wp-content\/uploads\/2019\/04\/buyukcekmecede-vatandaslar-parklara-akin-ediyor_1ce07d7.jpg?w=1000 1000w, https:\/\/i0.wp.com\/www.tvturk.com\/wp-content\/uploads\/2019\/04\/buyukcekmecede-vatandaslar-parklara-akin-ediyor_1ce07d7.jpg?resize=150%2C107 150w, https:\/\/i0.wp.com\/www.tvturk.com\/wp-content\/uploads\/2019\/04\/buyukcekmecede-vatandaslar-parklara-akin-ediyor_1ce07d7.jpg?resize=300%2C214 300w, https:\/\/i0.wp.com\/www.tvturk.com\/wp-content\/uploads\/2019\/04\/buyukcekmecede-vatandaslar-parklara-akin-ediyor_1ce07d7.jpg?resize=768%2C548 768w\" width=\"242\" height=\"173\" loading=\"lazy\" data-original-width=\"242\" data-original-height=\"173\" itemprop=\"http:\/\/schema.org\/image\" title=\"B\u00fcy\u00fck\u00e7ekmece\u2019de vatanda\u015flar parklara ak\u0131n ediyor\" alt=\"B\u00fcy\u00fck\u00e7ekmece\u2019de vatanda\u015flar parklara ak\u0131n ediyor\" style=\"width: 242px; height: 173px;\" \/> <\/a> <\/div> <\/div> <!-- close group --> <div class=\"gallery-group images-1\" style=\"width: 254px; height: 177px;\" data-original-width=\"254\" data-original-height=\"177\" > <div class=\"tiled-gallery-item tiled-gallery-item-large\" itemprop=\"associatedMedia\" itemscope itemtype=\"http:\/\/schema.org\/ImageObject\"> <a href=\"http:\/\/www.tvturk.com\/index.php\/buyukcekmecede-vatandaslar-parklara-akin-ediyor\/buyukcekmecede-vatandaslar-parklara-akin-ediyor-7\/\" border=\"0\" itemprop=\"url\"> <meta itemprop=\"width\" content=\"250\"> <meta itemprop=\"height\" content=\"173\"> <img decoding=\"async\" class=\"\" data-attachment-id=\"138070\" data-orig-file=\"http:\/\/www.tvturk.com\/wp-content\/uploads\/2019\/04\/buyukcekmecede-vatandaslar-parklara-akin-ediyor_9bbbf98.jpg\" data-orig-size=\"1000,693\" data-comments-opened=\"\" data-image-meta=\"{&quot;aperture&quot;:&quot;0&quot;,&quot;credit&quot;:&quot;IHA&quot;,&quot;camera&quot;:&quot;&quot;,&quot;caption&quot;:&quot;B\\u00dcY\\u00dcK\\u00c7EKMECE\\u2019DE BAHARIN GELMES\\u0130YLE B\\u0130RL\\u0130KTE \\u0130L\\u00c7EDE BULUNAN T\\u00dcM PARK VE YE\\u015e\\u0130L ALANLARDA BAKIM \\u00c7ALI\\u015eMALARI GER\\u00c7EKLE\\u015eT\\u0130R\\u0130L\\u0130YOR, VATANDA\\u015eLAR PARKLARA VE YE\\u015e\\u0130L ALANLARA AKIN ED\\u0130YOR. (\\u0130HA\\\/\\u0130STANBUL-\\u0130HA)&quot;,&quot;created_timestamp&quot;:&quot;0&quot;,&quot;copyright&quot;:&quot;\\u0130HLAS HABER AJANSI, www.iha.com.tr&quot;,&quot;focal_length&quot;:&quot;0&quot;,&quot;iso&quot;:&quot;0&quot;,&quot;shutter_speed&quot;:&quot;0&quot;,&quot;title&quot;:&quot;B\\u00dcY\\u00dcK\\u00c7EKMECE\\u2019DE VATANDA\\u015eLAR PARKLARA AKIN ED\\u0130YOR B\\u00dcY\\u00dcK\\u00c7EKMECE\\u2019DE BAHAR MEVS\\u0130M\\u0130 B\\u0130R BA\\u015eKA G\\u00dcZEL&quot;,&quot;orientation&quot;:&quot;0&quot;}\" data-image-title=\"B\u00fcy\u00fck\u00e7ekmece\u2019de vatanda\u015flar parklara ak\u0131n ediyor\" data-image-description=\"&lt;p&gt;B\u00fcy\u00fck\u00e7ekmece\u2019de vatanda\u015flar parklara ak\u0131n ediyor&lt;\/p&gt; \" data-medium-file=\"https:\/\/i0.wp.com\/www.tvturk.com\/wp-content\/uploads\/2019\/04\/buyukcekmecede-vatandaslar-parklara-akin-ediyor_9bbbf98.jpg?fit=300%2C208\" data-large-file=\"https:\/\/i0.wp.com\/www.tvturk.com\/wp-content\/uploads\/2019\/04\/buyukcekmecede-vatandaslar-parklara-akin-ediyor_9bbbf98.jpg?fit=1000%2C693\" src=\"https:\/\/i0.wp.com\/www.tvturk.com\/wp-content\/uploads\/2019\/04\/buyukcekmecede-vatandaslar-parklara-akin-ediyor_9bbbf98.jpg?w=250&#038;h=173\" srcset=\"https:\/\/i0.wp.com\/www.tvturk.com\/wp-content\/uploads\/2019\/04\/buyukcekmecede-vatandaslar-parklara-akin-ediyor_9bbbf98.jpg?w=1000 1000w, https:\/\/i0.wp.com\/www.tvturk.com\/wp-content\/uploads\/2019\/04\/buyukcekmecede-vatandaslar-parklara-akin-ediyor_9bbbf98.jpg?resize=150%2C104 150w, https:\/\/i0.wp.com\/www.tvturk.com\/wp-content\/uploads\/2019\/04\/buyukcekmecede-vatandaslar-parklara-akin-ediyor_9bbbf98.jpg?resize=300%2C208 300w, https:\/\/i0.wp.com\/www.tvturk.com\/wp-content\/uploads\/2019\/04\/buyukcekmecede-vatandaslar-parklara-akin-ediyor_9bbbf98.jpg?resize=768%2C532 768w, https:\/\/i0.wp.com\/www.tvturk.com\/wp-content\/uploads\/2019\/04\/buyukcekmecede-vatandaslar-parklara-akin-ediyor_9bbbf98.jpg?resize=80%2C55 80w\" width=\"250\" height=\"173\" loading=\"lazy\" data-original-width=\"250\" data-original-height=\"173\" itemprop=\"http:\/\/schema.org\/image\" title=\"B\u00fcy\u00fck\u00e7ekmece\u2019de vatanda\u015flar parklara ak\u0131n ediyor\" alt=\"B\u00fcy\u00fck\u00e7ekmece\u2019de vatanda\u015flar parklara ak\u0131n ediyor\" style=\"width: 250px; height: 173px;\" \/> <\/a> <\/div> <\/div> <!-- close group --> <\/div> <!-- close row --> <\/div><\/p>\n","protected":false},"excerpt":{"rendered":"<p>B\u00dcY\u00dcK\u00c7EKMECE\u2019DE BAHARIN GELMES\u0130YLE B\u0130RL\u0130KTE \u0130L\u00c7EDE BULUNAN T\u00dcM PARK VE YE\u015e\u0130L ALANLARDA BAKIM \u00c7ALI\u015eMALARI GER\u00c7EKLE\u015eT\u0130R\u0130L\u0130YOR, VATANDA\u015eLAR PARKLARA VE YE\u015e\u0130L ALANLARA AKIN ED\u0130YOR.<\/p>\n","protected":false},"author":1,"featured_media":138065,"comment_status":"closed","ping_status":"open","sticky":false,"template":"","format":"standard","meta":{"jetpack_post_was_ever_published":false,"_jetpack_newsletter_access":"","_jetpack_dont_email_post_to_subs":false,"_jetpack_newsletter_tier_id":0,"_jetpack_memberships_contains_paywalled_content":false,"_jetpack_memberships_contains_paid_content":false,"footnotes":"","jetpack_publicize_message":"","jetpack_publicize_feature_enabled":true,"jetpack_social_post_already_shared":true,"jetpack_social_options":{"image_generator_settings":{"template":"highway","default_image_id":0,"font":"","enabled":false},"version":2}},"categories":[1],"tags":[328,5881,523,4083,2344],"class_list":["post-138064","post","type-post","status-publish","format-standard","has-post-thumbnail","hentry","category-genel","tag-akin","tag-buyukcekmecede","tag-ediyor","tag-parklara","tag-vatandaslar"],"jetpack_publicize_connections":[],"jetpack_featured_media_url":"https:\/\/i0.wp.com\/www.tvturk.com\/wp-content\/uploads\/2019\/04\/buyukcekmecede-vatandaslar-parklara-akin-ediyor_e3a1649.jpg?fit=1000%2C698","jetpack_sharing_enabled":true,"jetpack_shortlink":"https:\/\/wp.me\/paKIfm-zUQ","_links":{"self":[{"href":"http:\/\/www.tvturk.com\/index.php\/wp-json\/wp\/v2\/posts\/138064","targetHints":{"allow":["GET"]}}],"collection":[{"href":"http:\/\/www.tvturk.com\/index.php\/wp-json\/wp\/v2\/posts"}],"about":[{"href":"http:\/\/www.tvturk.com\/index.php\/wp-json\/wp\/v2\/types\/post"}],"author":[{"embeddable":true,"href":"http:\/\/www.tvturk.com\/index.php\/wp-json\/wp\/v2\/users\/1"}],"replies":[{"embeddable":true,"href":"http:\/\/www.tvturk.com\/index.php\/wp-json\/wp\/v2\/comments?post=138064"}],"version-history":[{"count":1,"href":"http:\/\/www.tvturk.com\/index.php\/wp-json\/wp\/v2\/posts\/138064\/revisions"}],"predecessor-version":[{"id":138071,"href":"http:\/\/www.tvturk.com\/index.php\/wp-json\/wp\/v2\/posts\/138064\/revisions\/138071"}],"wp:featuredmedia":[{"embeddable":true,"href":"http:\/\/www.tvturk.com\/index.php\/wp-json\/wp\/v2\/media\/138065"}],"wp:attachment":[{"href":"http:\/\/www.tvturk.com\/index.php\/wp-json\/wp\/v2\/media?parent=138064"}],"wp:term":[{"taxonomy":"category","embeddable":true,"href":"http:\/\/www.tvturk.com\/index.php\/wp-json\/wp\/v2\/categories?post=138064"},{"taxonomy":"post_tag","embeddable":true,"href":"http:\/\/www.tvturk.com\/index.php\/wp-json\/wp\/v2\/tags?post=138064"}],"curies":[{"name":"wp","href":"https:\/\/api.w.org\/{rel}","templated":true}]}}