{"id":138282,"date":"2019-04-16T11:07:10","date_gmt":"2019-04-16T08:07:10","guid":{"rendered":"http:\/\/www.tvturk.com\/index.php\/bursada-belediyelerde-baskanlarin-yardimcilari-belli-oldu\/"},"modified":"2019-04-16T11:07:12","modified_gmt":"2019-04-16T08:07:12","slug":"bursada-belediyelerde-baskanlarin-yardimcilari-belli-oldu","status":"publish","type":"post","link":"http:\/\/www.tvturk.com\/index.php\/bursada-belediyelerde-baskanlarin-yardimcilari-belli-oldu\/","title":{"rendered":"Bursa\u2019da belediyelerde ba\u015fkanlar\u0131n yard\u0131mc\u0131lar\u0131 belli oldu"},"content":{"rendered":"<p>Bursa B\u00fcy\u00fck\u015fehir Belediye Ba\u015fkan\u0131 Alinur Akta\u015f, yeni d\u00f6nemde ba\u015fkanl\u0131\u011fa vekalet edecek 5 ismi belirledi. \u0130l\u00e7e belediyelerindeki ba\u015fkan yard\u0131mc\u0131lar\u0131 da koltu\u011fa oturdu<\/p>\n<p>Bursa B\u00fcy\u00fck\u015fehir Belediye Meclisi\u2019nin ge\u00e7ti\u011fimiz hafta sonu yap\u0131lan ilk oturumunda meclis ba\u015fkan vekilleri ve ihtisas komisyonu \u00fcyeleri belirlenmi\u015fti. Ba\u015fkan Akta\u015f, Belediye Ba\u015fkanl\u0131\u011f\u0131\u2019na vekalet etmek \u00fczere meclis \u00fcyeleri aras\u0131ndan 4, eski dan\u0131\u015fman kadrosundan da bir ismi vekil olarak tayin etti.<\/p>\n<p>B\u00fcy\u00fck\u015fehir Belediye Meclisi\u2019ninOsmangazili\u00fcyesiMurat Demir, \u0130neg\u00f6ll\u00fc \u00fcyesiHalide Serpil \u015eahin, Y\u0131ld\u0131r\u0131ml\u0131 \u00fcyesiAhmet Y\u0131ld\u0131zile Yeni\u015fehirli \u00fcyesiS\u00fcleyman \u00c7elikse\u00e7ilmi\u015f ba\u015fkan vekilleri oldular.Akta\u015f, ge\u00e7en d\u00f6nemDan\u0131\u015fma Kurulu\u2019nda bulunanAK Parti Bursa \u0130l Kad\u0131n Kollar\u0131 Ba\u015fkan\u0131G\u00fclten Kap\u0131c\u0131o\u011flu\u2019nu da d\u0131\u015far\u0131dan ba\u015fkanvekili olarak se\u00e7ti.<\/p>\n<p>Osmangazi Belediyesi\u2019nde ise eski kadro de\u011fi\u015fmedi. Hasan H\u00fcseyin Erd\u00f6nmez, Yunus \u015eahin, Halil D\u00f6ner ve Cem K\u00fcr\u015fat Hasano\u011flu yeniden ba\u015fkan yard\u0131mc\u0131s\u0131 olarak atand\u0131.<\/p>\n<p>Y\u0131ld\u0131r\u0131m\u2019da ise Ali Mollasalih, Servet Hocao\u011flullar\u0131, Ya\u015far Elmas ve Yusuf Demirok ba\u015fkan yard\u0131mc\u0131s\u0131 olmu\u015ftu.<\/p>\n<p>Ge\u00e7ti\u011fimiz hafta sonu Mustafa Bozbey\u2019den m\u00fchr\u00fc devrelan Turgay Erdem de Osman Ayradilli, Remzi \u00c7\u0131nar, Zafer Y\u0131ld\u0131z ve Adem Vural\u2019\u0131 ba\u015fkan yard\u0131mc\u0131s\u0131 olarak g\u00f6revlendirdi. Ba\u015fkan yard\u0131mc\u0131lar\u0131 g\u00f6revlerine ba\u015flarken hemen hemen t\u00fcm belediyelerin de ilk meclis toplant\u0131lar\u0131 ger\u00e7ekle\u015fmi\u015f oldu.<div class=\"tiled-gallery type-rectangular tiled-gallery-unresized\" data-original-width=\"500\" data-carousel-extra='null' itemscope itemtype=\"http:\/\/schema.org\/ImageGallery\" > <div class=\"gallery-row\" style=\"width: 500px; height: 334px;\" data-original-width=\"500\" data-original-height=\"334\" > <div class=\"gallery-group images-1\" style=\"width: 500px; height: 334px;\" data-original-width=\"500\" data-original-height=\"334\" > <div class=\"tiled-gallery-item tiled-gallery-item-large\" itemprop=\"associatedMedia\" itemscope itemtype=\"http:\/\/schema.org\/ImageObject\"> <a href=\"http:\/\/www.tvturk.com\/index.php\/bursada-belediyelerde-baskanlarin-yardimcilari-belli-oldu\/bursada-belediyelerde-baskanlarin-yardimcilari-belli-oldu-3\/\" border=\"0\" itemprop=\"url\"> <meta itemprop=\"width\" content=\"496\"> <meta itemprop=\"height\" content=\"330\"> <img decoding=\"async\" class=\"\" data-attachment-id=\"138284\" data-orig-file=\"http:\/\/www.tvturk.com\/wp-content\/uploads\/2019\/04\/bursada-belediyelerde-baskanlarin-yardimcilari-belli-oldu_ee2a5de.jpg\" data-orig-size=\"1000,666\" data-comments-opened=\"\" data-image-meta=\"{&quot;aperture&quot;:&quot;0&quot;,&quot;credit&quot;:&quot;IHA&quot;,&quot;camera&quot;:&quot;&quot;,&quot;caption&quot;:&quot;BA\\u015eKAN AL\\u0130NUR AKTA\\u015e YARDIMCILARINI BEL\\u0130RLED\\u0130 (\\u0130HA\\\/BURSA-\\u0130HA)&quot;,&quot;created_timestamp&quot;:&quot;0&quot;,&quot;copyright&quot;:&quot;\\u0130HLAS HABER AJANSI, www.iha.com.tr&quot;,&quot;focal_length&quot;:&quot;0&quot;,&quot;iso&quot;:&quot;0&quot;,&quot;shutter_speed&quot;:&quot;0&quot;,&quot;title&quot;:&quot;BURSA\\u0027DA BELED\\u0130YELERDE BA\\u015eKANLARIN YARDIMCILARI BELL\\u0130 OLDU&quot;,&quot;orientation&quot;:&quot;0&quot;}\" data-image-title=\"Bursa\u2019da belediyelerde ba\u015fkanlar\u0131n yard\u0131mc\u0131lar\u0131 belli oldu\" data-image-description=\"&lt;p&gt;Bursa\u2019da belediyelerde ba\u015fkanlar\u0131n yard\u0131mc\u0131lar\u0131 belli oldu&lt;\/p&gt; \" data-medium-file=\"https:\/\/i0.wp.com\/www.tvturk.com\/wp-content\/uploads\/2019\/04\/bursada-belediyelerde-baskanlarin-yardimcilari-belli-oldu_ee2a5de.jpg?fit=300%2C200\" data-large-file=\"https:\/\/i0.wp.com\/www.tvturk.com\/wp-content\/uploads\/2019\/04\/bursada-belediyelerde-baskanlarin-yardimcilari-belli-oldu_ee2a5de.jpg?fit=1000%2C666\" src=\"https:\/\/i0.wp.com\/www.tvturk.com\/wp-content\/uploads\/2019\/04\/bursada-belediyelerde-baskanlarin-yardimcilari-belli-oldu_ee2a5de.jpg?w=496&#038;h=330\" srcset=\"https:\/\/i0.wp.com\/www.tvturk.com\/wp-content\/uploads\/2019\/04\/bursada-belediyelerde-baskanlarin-yardimcilari-belli-oldu_ee2a5de.jpg?w=1000 1000w, https:\/\/i0.wp.com\/www.tvturk.com\/wp-content\/uploads\/2019\/04\/bursada-belediyelerde-baskanlarin-yardimcilari-belli-oldu_ee2a5de.jpg?resize=150%2C100 150w, https:\/\/i0.wp.com\/www.tvturk.com\/wp-content\/uploads\/2019\/04\/bursada-belediyelerde-baskanlarin-yardimcilari-belli-oldu_ee2a5de.jpg?resize=300%2C200 300w, https:\/\/i0.wp.com\/www.tvturk.com\/wp-content\/uploads\/2019\/04\/bursada-belediyelerde-baskanlarin-yardimcilari-belli-oldu_ee2a5de.jpg?resize=768%2C511 768w, https:\/\/i0.wp.com\/www.tvturk.com\/wp-content\/uploads\/2019\/04\/bursada-belediyelerde-baskanlarin-yardimcilari-belli-oldu_ee2a5de.jpg?resize=170%2C113 170w, https:\/\/i0.wp.com\/www.tvturk.com\/wp-content\/uploads\/2019\/04\/bursada-belediyelerde-baskanlarin-yardimcilari-belli-oldu_ee2a5de.jpg?resize=120%2C80 120w\" width=\"496\" height=\"330\" loading=\"lazy\" data-original-width=\"496\" data-original-height=\"330\" itemprop=\"http:\/\/schema.org\/image\" title=\"Bursa\u2019da belediyelerde ba\u015fkanlar\u0131n yard\u0131mc\u0131lar\u0131 belli oldu\" alt=\"Bursa\u2019da belediyelerde ba\u015fkanlar\u0131n yard\u0131mc\u0131lar\u0131 belli oldu\" style=\"width: 496px; height: 330px;\" \/> <\/a> <\/div> <\/div> <!-- close group --> <\/div> <!-- close row --> <\/div><\/p>\n","protected":false},"excerpt":{"rendered":"<p>BA\u015eKAN AL\u0130NUR AKTA\u015e YARDIMCILARINI BEL\u0130RLED\u0130<\/p>\n","protected":false},"author":1,"featured_media":138283,"comment_status":"closed","ping_status":"open","sticky":false,"template":"","format":"standard","meta":{"jetpack_post_was_ever_published":false,"_jetpack_newsletter_access":"","_jetpack_dont_email_post_to_subs":false,"_jetpack_newsletter_tier_id":0,"_jetpack_memberships_contains_paywalled_content":false,"_jetpack_memberships_contains_paid_content":false,"footnotes":"","jetpack_publicize_message":"","jetpack_publicize_feature_enabled":true,"jetpack_social_post_already_shared":true,"jetpack_social_options":{"image_generator_settings":{"template":"highway","default_image_id":0,"font":"","enabled":false},"version":2}},"categories":[1],"tags":[31439,30251,612,1032,77,12270],"class_list":["post-138282","post","type-post","status-publish","format-standard","has-post-thumbnail","hentry","category-genel","tag-baskanlarin","tag-belediyelerde","tag-belli","tag-bursada","tag-oldu","tag-yardimcilari"],"jetpack_publicize_connections":[],"jetpack_featured_media_url":"https:\/\/i0.wp.com\/www.tvturk.com\/wp-content\/uploads\/2019\/04\/bursada-belediyelerde-baskanlarin-yardimcilari-belli-oldu_37780e9.jpg?fit=1000%2C666","jetpack_sharing_enabled":true,"jetpack_shortlink":"https:\/\/wp.me\/paKIfm-zYm","_links":{"self":[{"href":"http:\/\/www.tvturk.com\/index.php\/wp-json\/wp\/v2\/posts\/138282","targetHints":{"allow":["GET"]}}],"collection":[{"href":"http:\/\/www.tvturk.com\/index.php\/wp-json\/wp\/v2\/posts"}],"about":[{"href":"http:\/\/www.tvturk.com\/index.php\/wp-json\/wp\/v2\/types\/post"}],"author":[{"embeddable":true,"href":"http:\/\/www.tvturk.com\/index.php\/wp-json\/wp\/v2\/users\/1"}],"replies":[{"embeddable":true,"href":"http:\/\/www.tvturk.com\/index.php\/wp-json\/wp\/v2\/comments?post=138282"}],"version-history":[{"count":1,"href":"http:\/\/www.tvturk.com\/index.php\/wp-json\/wp\/v2\/posts\/138282\/revisions"}],"predecessor-version":[{"id":138285,"href":"http:\/\/www.tvturk.com\/index.php\/wp-json\/wp\/v2\/posts\/138282\/revisions\/138285"}],"wp:featuredmedia":[{"embeddable":true,"href":"http:\/\/www.tvturk.com\/index.php\/wp-json\/wp\/v2\/media\/138283"}],"wp:attachment":[{"href":"http:\/\/www.tvturk.com\/index.php\/wp-json\/wp\/v2\/media?parent=138282"}],"wp:term":[{"taxonomy":"category","embeddable":true,"href":"http:\/\/www.tvturk.com\/index.php\/wp-json\/wp\/v2\/categories?post=138282"},{"taxonomy":"post_tag","embeddable":true,"href":"http:\/\/www.tvturk.com\/index.php\/wp-json\/wp\/v2\/tags?post=138282"}],"curies":[{"name":"wp","href":"https:\/\/api.w.org\/{rel}","templated":true}]}}