{"id":138439,"date":"2019-04-16T12:07:52","date_gmt":"2019-04-16T09:07:52","guid":{"rendered":"http:\/\/www.tvturk.com\/index.php\/dua-lipa-multeci-kampini-ziyaret-etti\/"},"modified":"2019-04-16T12:07:55","modified_gmt":"2019-04-16T09:07:55","slug":"dua-lipa-multeci-kampini-ziyaret-etti","status":"publish","type":"post","link":"http:\/\/www.tvturk.com\/index.php\/dua-lipa-multeci-kampini-ziyaret-etti\/","title":{"rendered":"Dua Lipa, m\u00fclteci kamp\u0131n\u0131 ziyaret etti"},"content":{"rendered":"<p>Grammy \u00f6d\u00fcll\u00fc \u015fark\u0131c\u0131 Dua Lipa, UNICEF destek\u00e7isi olarak gitti\u011fi L\u00fcbnan\u2019da Suriyeli m\u00fclteci \u00e7ocuklarla bir araya geldi.<\/p>\n<p>UNICEF destek\u00e7isi, Arnavut as\u0131ll\u0131 \u015fark\u0131c\u0131 Dua Lipa, L\u00fcbnan\u2019da UNICEF\u2019in koruma alt\u0131na ald\u0131\u011f\u0131 \u00e7ocuklarla bulu\u015ftu. \u0130lk \u00f6nce Filistinli \u00f6ks\u00fcz ve yetimlerle bir araya gelen Dua Lipa, g\u00fcnl\u00fck hayatta ya\u015fad\u0131klar\u0131 sorunlar hakk\u0131nda \u00e7ocuklardan bilgi ald\u0131. Ard\u0131ndan gen\u00e7lerle bir araya gelen Lipa, m\u00fcltecilerin ya\u015fad\u0131\u011f\u0131 e\u011fitim, i\u015f ve f\u0131rsat engelleri hakk\u0131nda konu\u015ftu.<\/p>\n<p>Filistinli m\u00fcltecilerin kamp\u0131n\u0131n ard\u0131ndan Lipa, Beka Vadisinde L\u00fcbnanl\u0131 sivil toplum kurulu\u015flar\u0131n\u0131n kurdu\u011fu Suriyeli m\u00fcltecilerin kamp\u0131na gitti. Suriyeli m\u00fcltecilerin bulundu\u011fu kampta a\u00e7\u0131klamalarda bulunan Lipa, \u201c\u00d6zellikle bir g\u00f6\u00e7men ailenin \u00e7ocu\u011fu olarak, \u0130ngiltere\u2019de do\u011fmu\u015f, hayallerini ya\u015fama imk\u00e2n\u0131 bulmu\u015f biri olarak, bana bir \u015fans verildi\u011fi i\u00e7in \u015fansl\u0131 hissediyorum. \u00c7\u00fcnk\u00fc benim imkan\u0131m vard\u0131 ve her \u00e7ocu\u011fun bu imkanlara sahip olmas\u0131 gerekti\u011fini d\u00fc\u015f\u00fcn\u00fcyorum. Herkes, istedikleri yerde geli\u015fme ve kendilerini yeti\u015ftirme f\u0131rsat\u0131 bulmal\u0131\u201d ifadelerini kulland\u0131.<\/p>\n<p>L\u00fcbnan\u2019da 1 milyondan fazla Suriyeli m\u00fclteci bulunuyor. M\u00fcltecilerin yar\u0131s\u0131n\u0131 olu\u015fturan \u00e7ocuklar\u0131n \u00e7o\u011fu \u015fiddete ve istismara maruz kalm\u0131\u015f ve sa\u011fl\u0131k hizmetlerine ve e\u011fitime eri\u015fme konusunda s\u0131k\u0131nt\u0131 \u00e7ekmeye devam ediyor.<\/p>\n<p>UNICEF ile ilk yolculu\u011funa \u00e7\u0131kan Londra do\u011fumlu Dua Lipa, 1992\u2019de Balkanlar\u2019daki i\u00e7 kar\u0131\u015f\u0131kl\u0131ktan ka\u00e7an Kosoval\u0131 bir ailenin \u00e7ocu\u011fu. 1995 y\u0131l\u0131nda do\u011fan Lipa\u2019n\u0131n ailesi, ayr\u0131ld\u0131ktan 11 y\u0131l sonra \u00fclkelerine d\u00f6nerek, anavatanlar\u0131nda tekrar ya\u015fama imkan\u0131 bulmu\u015ftu.<div class=\"tiled-gallery type-rectangular tiled-gallery-unresized\" data-original-width=\"500\" data-carousel-extra='null' itemscope itemtype=\"http:\/\/schema.org\/ImageGallery\" > <div class=\"gallery-row\" style=\"width: 500px; height: 353px;\" data-original-width=\"500\" data-original-height=\"353\" > <div class=\"gallery-group images-2\" style=\"width: 217px; height: 353px;\" data-original-width=\"217\" data-original-height=\"353\" > <div class=\"tiled-gallery-item tiled-gallery-item-small\" itemprop=\"associatedMedia\" itemscope itemtype=\"http:\/\/schema.org\/ImageObject\"> <a href=\"http:\/\/www.tvturk.com\/index.php\/dua-lipa-multeci-kampini-ziyaret-etti\/dua-lipa-multeci-kampini-ziyaret-etti-3\/\" border=\"0\" itemprop=\"url\"> <meta itemprop=\"width\" content=\"213\"> <meta itemprop=\"height\" content=\"160\"> <img decoding=\"async\" class=\"\" data-attachment-id=\"138441\" data-orig-file=\"http:\/\/www.tvturk.com\/wp-content\/uploads\/2019\/04\/dua-lipa-multeci-kampini-ziyaret-etti_208495d.jpg\" data-orig-size=\"1000,750\" data-comments-opened=\"\" data-image-meta=\"{&quot;aperture&quot;:&quot;0&quot;,&quot;credit&quot;:&quot;IHA&quot;,&quot;camera&quot;:&quot;&quot;,&quot;caption&quot;:&quot;GRAMMY \\u00d6D\\u00dcLL\\u00dc \\u015eARKICI DUA L\\u0130PA, UNICEF DESTEK\\u00c7\\u0130S\\u0130 OLARAK G\\u0130TT\\u0130\\u011e\\u0130 L\\u00dcBNAN\\u2019DA SUR\\u0130YEL\\u0130 M\\u00dcLTEC\\u0130 \\u00c7OCUKLARLA B\\u0130R ARAYA GELD\\u0130. (\\u0130HA\\\/BEYRUT-\\u0130HA)&quot;,&quot;created_timestamp&quot;:&quot;0&quot;,&quot;copyright&quot;:&quot;\\u0130HLAS HABER AJANSI, www.iha.com.tr&quot;,&quot;focal_length&quot;:&quot;0&quot;,&quot;iso&quot;:&quot;0&quot;,&quot;shutter_speed&quot;:&quot;0&quot;,&quot;title&quot;:&quot;DUA L\\u0130PA, M\\u00dcLTEC\\u0130 KAMPINI Z\\u0130YARET ETT\\u0130&quot;,&quot;orientation&quot;:&quot;0&quot;}\" data-image-title=\"Dua Lipa, m\u00fclteci kamp\u0131n\u0131 ziyaret etti\" data-image-description=\"&lt;p&gt;Dua Lipa, m\u00fclteci kamp\u0131n\u0131 ziyaret etti&lt;\/p&gt; \" data-medium-file=\"https:\/\/i0.wp.com\/www.tvturk.com\/wp-content\/uploads\/2019\/04\/dua-lipa-multeci-kampini-ziyaret-etti_208495d.jpg?fit=300%2C225\" data-large-file=\"https:\/\/i0.wp.com\/www.tvturk.com\/wp-content\/uploads\/2019\/04\/dua-lipa-multeci-kampini-ziyaret-etti_208495d.jpg?fit=1000%2C750\" src=\"https:\/\/i0.wp.com\/www.tvturk.com\/wp-content\/uploads\/2019\/04\/dua-lipa-multeci-kampini-ziyaret-etti_208495d.jpg?w=213&#038;h=160\" srcset=\"https:\/\/i0.wp.com\/www.tvturk.com\/wp-content\/uploads\/2019\/04\/dua-lipa-multeci-kampini-ziyaret-etti_208495d.jpg?w=1000 1000w, https:\/\/i0.wp.com\/www.tvturk.com\/wp-content\/uploads\/2019\/04\/dua-lipa-multeci-kampini-ziyaret-etti_208495d.jpg?resize=150%2C113 150w, https:\/\/i0.wp.com\/www.tvturk.com\/wp-content\/uploads\/2019\/04\/dua-lipa-multeci-kampini-ziyaret-etti_208495d.jpg?resize=300%2C225 300w, https:\/\/i0.wp.com\/www.tvturk.com\/wp-content\/uploads\/2019\/04\/dua-lipa-multeci-kampini-ziyaret-etti_208495d.jpg?resize=768%2C576 768w\" width=\"213\" height=\"160\" loading=\"lazy\" data-original-width=\"213\" data-original-height=\"160\" itemprop=\"http:\/\/schema.org\/image\" title=\"Dua Lipa, m\u00fclteci kamp\u0131n\u0131 ziyaret etti\" alt=\"Dua Lipa, m\u00fclteci kamp\u0131n\u0131 ziyaret etti\" style=\"width: 213px; height: 160px;\" \/> <\/a> <\/div> <div class=\"tiled-gallery-item tiled-gallery-item-small\" itemprop=\"associatedMedia\" itemscope itemtype=\"http:\/\/schema.org\/ImageObject\"> <a href=\"http:\/\/www.tvturk.com\/index.php\/dua-lipa-multeci-kampini-ziyaret-etti\/dua-lipa-multeci-kampini-ziyaret-etti-4\/\" border=\"0\" itemprop=\"url\"> <meta itemprop=\"width\" content=\"213\"> <meta itemprop=\"height\" content=\"185\"> <img decoding=\"async\" class=\"\" data-attachment-id=\"138442\" data-orig-file=\"http:\/\/www.tvturk.com\/wp-content\/uploads\/2019\/04\/dua-lipa-multeci-kampini-ziyaret-etti_d44e550.jpg\" data-orig-size=\"900,782\" data-comments-opened=\"\" data-image-meta=\"{&quot;aperture&quot;:&quot;0&quot;,&quot;credit&quot;:&quot;IHA&quot;,&quot;camera&quot;:&quot;&quot;,&quot;caption&quot;:&quot;GRAMMY \\u00d6D\\u00dcLL\\u00dc \\u015eARKICI DUA L\\u0130PA, UNICEF DESTEK\\u00c7\\u0130S\\u0130 OLARAK G\\u0130TT\\u0130\\u011e\\u0130 L\\u00dcBNAN\\u2019DA SUR\\u0130YEL\\u0130 M\\u00dcLTEC\\u0130 \\u00c7OCUKLARLA B\\u0130R ARAYA GELD\\u0130. (\\u0130HA\\\/BEYRUT-\\u0130HA)&quot;,&quot;created_timestamp&quot;:&quot;1555445160&quot;,&quot;copyright&quot;:&quot;\\u0130HLAS HABER AJANSI, www.iha.com.tr&quot;,&quot;focal_length&quot;:&quot;0&quot;,&quot;iso&quot;:&quot;0&quot;,&quot;shutter_speed&quot;:&quot;0&quot;,&quot;title&quot;:&quot;DUA L\\u0130PA, M\\u00dcLTEC\\u0130 KAMPINI Z\\u0130YARET ETT\\u0130&quot;,&quot;orientation&quot;:&quot;0&quot;}\" data-image-title=\"Dua Lipa, m\u00fclteci kamp\u0131n\u0131 ziyaret etti\" data-image-description=\"&lt;p&gt;Dua Lipa, m\u00fclteci kamp\u0131n\u0131 ziyaret etti&lt;\/p&gt; \" data-medium-file=\"https:\/\/i0.wp.com\/www.tvturk.com\/wp-content\/uploads\/2019\/04\/dua-lipa-multeci-kampini-ziyaret-etti_d44e550.jpg?fit=300%2C261\" data-large-file=\"https:\/\/i0.wp.com\/www.tvturk.com\/wp-content\/uploads\/2019\/04\/dua-lipa-multeci-kampini-ziyaret-etti_d44e550.jpg?fit=900%2C782\" src=\"https:\/\/i0.wp.com\/www.tvturk.com\/wp-content\/uploads\/2019\/04\/dua-lipa-multeci-kampini-ziyaret-etti_d44e550.jpg?w=213&#038;h=185\" srcset=\"https:\/\/i0.wp.com\/www.tvturk.com\/wp-content\/uploads\/2019\/04\/dua-lipa-multeci-kampini-ziyaret-etti_d44e550.jpg?w=900 900w, https:\/\/i0.wp.com\/www.tvturk.com\/wp-content\/uploads\/2019\/04\/dua-lipa-multeci-kampini-ziyaret-etti_d44e550.jpg?resize=150%2C130 150w, https:\/\/i0.wp.com\/www.tvturk.com\/wp-content\/uploads\/2019\/04\/dua-lipa-multeci-kampini-ziyaret-etti_d44e550.jpg?resize=300%2C261 300w, https:\/\/i0.wp.com\/www.tvturk.com\/wp-content\/uploads\/2019\/04\/dua-lipa-multeci-kampini-ziyaret-etti_d44e550.jpg?resize=768%2C667 768w\" width=\"213\" height=\"185\" loading=\"lazy\" data-original-width=\"213\" data-original-height=\"185\" itemprop=\"http:\/\/schema.org\/image\" title=\"Dua Lipa, m\u00fclteci kamp\u0131n\u0131 ziyaret etti\" alt=\"Dua Lipa, m\u00fclteci kamp\u0131n\u0131 ziyaret etti\" style=\"width: 213px; height: 185px;\" \/> <\/a> <\/div> <\/div> <!-- close group --> <div class=\"gallery-group images-1\" style=\"width: 283px; height: 353px;\" data-original-width=\"283\" data-original-height=\"353\" > <div class=\"tiled-gallery-item tiled-gallery-item-large\" itemprop=\"associatedMedia\" itemscope itemtype=\"http:\/\/schema.org\/ImageObject\"> <a href=\"http:\/\/www.tvturk.com\/index.php\/dua-lipa-multeci-kampini-ziyaret-etti\/dua-lipa-multeci-kampini-ziyaret-etti-5\/\" border=\"0\" itemprop=\"url\"> <meta itemprop=\"width\" content=\"279\"> <meta itemprop=\"height\" content=\"349\"> <img decoding=\"async\" class=\"\" data-attachment-id=\"138443\" data-orig-file=\"http:\/\/www.tvturk.com\/wp-content\/uploads\/2019\/04\/dua-lipa-multeci-kampini-ziyaret-etti_fe25b4b.jpg\" data-orig-size=\"800,1000\" data-comments-opened=\"\" data-image-meta=\"{&quot;aperture&quot;:&quot;0&quot;,&quot;credit&quot;:&quot;IHA&quot;,&quot;camera&quot;:&quot;&quot;,&quot;caption&quot;:&quot;GRAMMY \\u00d6D\\u00dcLL\\u00dc \\u015eARKICI DUA L\\u0130PA, UNICEF DESTEK\\u00c7\\u0130S\\u0130 OLARAK G\\u0130TT\\u0130\\u011e\\u0130 L\\u00dcBNAN\\u2019DA SUR\\u0130YEL\\u0130 M\\u00dcLTEC\\u0130 \\u00c7OCUKLARLA B\\u0130R ARAYA GELD\\u0130. (\\u0130HA\\\/BEYRUT-\\u0130HA)&quot;,&quot;created_timestamp&quot;:&quot;0&quot;,&quot;copyright&quot;:&quot;\\u0130HLAS HABER AJANSI, www.iha.com.tr&quot;,&quot;focal_length&quot;:&quot;0&quot;,&quot;iso&quot;:&quot;0&quot;,&quot;shutter_speed&quot;:&quot;0&quot;,&quot;title&quot;:&quot;DUA L\\u0130PA, M\\u00dcLTEC\\u0130 KAMPINI Z\\u0130YARET ETT\\u0130&quot;,&quot;orientation&quot;:&quot;0&quot;}\" data-image-title=\"Dua Lipa, m\u00fclteci kamp\u0131n\u0131 ziyaret etti\" data-image-description=\"&lt;p&gt;Dua Lipa, m\u00fclteci kamp\u0131n\u0131 ziyaret etti&lt;\/p&gt; \" data-medium-file=\"https:\/\/i0.wp.com\/www.tvturk.com\/wp-content\/uploads\/2019\/04\/dua-lipa-multeci-kampini-ziyaret-etti_fe25b4b.jpg?fit=240%2C300\" data-large-file=\"https:\/\/i0.wp.com\/www.tvturk.com\/wp-content\/uploads\/2019\/04\/dua-lipa-multeci-kampini-ziyaret-etti_fe25b4b.jpg?fit=800%2C1000\" src=\"https:\/\/i0.wp.com\/www.tvturk.com\/wp-content\/uploads\/2019\/04\/dua-lipa-multeci-kampini-ziyaret-etti_fe25b4b.jpg?w=279&#038;h=349\" srcset=\"https:\/\/i0.wp.com\/www.tvturk.com\/wp-content\/uploads\/2019\/04\/dua-lipa-multeci-kampini-ziyaret-etti_fe25b4b.jpg?w=800 800w, https:\/\/i0.wp.com\/www.tvturk.com\/wp-content\/uploads\/2019\/04\/dua-lipa-multeci-kampini-ziyaret-etti_fe25b4b.jpg?resize=120%2C150 120w, https:\/\/i0.wp.com\/www.tvturk.com\/wp-content\/uploads\/2019\/04\/dua-lipa-multeci-kampini-ziyaret-etti_fe25b4b.jpg?resize=240%2C300 240w, https:\/\/i0.wp.com\/www.tvturk.com\/wp-content\/uploads\/2019\/04\/dua-lipa-multeci-kampini-ziyaret-etti_fe25b4b.jpg?resize=768%2C960 768w\" width=\"279\" height=\"349\" loading=\"lazy\" data-original-width=\"279\" data-original-height=\"349\" itemprop=\"http:\/\/schema.org\/image\" title=\"Dua Lipa, m\u00fclteci kamp\u0131n\u0131 ziyaret etti\" alt=\"Dua Lipa, m\u00fclteci kamp\u0131n\u0131 ziyaret etti\" style=\"width: 279px; height: 349px;\" \/> <\/a> <\/div> <\/div> <!-- close group --> <\/div> <!-- close row --> <\/div><\/p>\n","protected":false},"excerpt":{"rendered":"<p>GRAMMY \u00d6D\u00dcLL\u00dc \u015eARKICI DUA L\u0130PA, UNICEF DESTEK\u00c7\u0130S\u0130 OLARAK G\u0130TT\u0130\u011e\u0130 L\u00dcBNAN\u2019DA SUR\u0130YEL\u0130 M\u00dcLTEC\u0130 \u00c7OCUKLARLA B\u0130R ARAYA GELD\u0130.<\/p>\n","protected":false},"author":1,"featured_media":138440,"comment_status":"closed","ping_status":"open","sticky":false,"template":"","format":"standard","meta":{"jetpack_post_was_ever_published":false,"_jetpack_newsletter_access":"","_jetpack_dont_email_post_to_subs":false,"_jetpack_newsletter_tier_id":0,"_jetpack_memberships_contains_paywalled_content":false,"_jetpack_memberships_contains_paid_content":false,"footnotes":"","jetpack_publicize_message":"","jetpack_publicize_feature_enabled":true,"jetpack_social_post_already_shared":true,"jetpack_social_options":{"image_generator_settings":{"template":"highway","default_image_id":0,"font":"","enabled":false},"version":2}},"categories":[10],"tags":[7402,207,25261,31470,2168,150],"class_list":["post-138439","post","type-post","status-publish","format-standard","has-post-thumbnail","hentry","category-dunya","tag-dua","tag-etti","tag-kampini","tag-lipa","tag-multeci","tag-ziyaret"],"jetpack_publicize_connections":[],"jetpack_featured_media_url":"https:\/\/i0.wp.com\/www.tvturk.com\/wp-content\/uploads\/2019\/04\/dua-lipa-multeci-kampini-ziyaret-etti_65e080a.jpg?fit=1000%2C750","jetpack_sharing_enabled":true,"jetpack_shortlink":"https:\/\/wp.me\/paKIfm-A0T","_links":{"self":[{"href":"http:\/\/www.tvturk.com\/index.php\/wp-json\/wp\/v2\/posts\/138439","targetHints":{"allow":["GET"]}}],"collection":[{"href":"http:\/\/www.tvturk.com\/index.php\/wp-json\/wp\/v2\/posts"}],"about":[{"href":"http:\/\/www.tvturk.com\/index.php\/wp-json\/wp\/v2\/types\/post"}],"author":[{"embeddable":true,"href":"http:\/\/www.tvturk.com\/index.php\/wp-json\/wp\/v2\/users\/1"}],"replies":[{"embeddable":true,"href":"http:\/\/www.tvturk.com\/index.php\/wp-json\/wp\/v2\/comments?post=138439"}],"version-history":[{"count":1,"href":"http:\/\/www.tvturk.com\/index.php\/wp-json\/wp\/v2\/posts\/138439\/revisions"}],"predecessor-version":[{"id":138444,"href":"http:\/\/www.tvturk.com\/index.php\/wp-json\/wp\/v2\/posts\/138439\/revisions\/138444"}],"wp:featuredmedia":[{"embeddable":true,"href":"http:\/\/www.tvturk.com\/index.php\/wp-json\/wp\/v2\/media\/138440"}],"wp:attachment":[{"href":"http:\/\/www.tvturk.com\/index.php\/wp-json\/wp\/v2\/media?parent=138439"}],"wp:term":[{"taxonomy":"category","embeddable":true,"href":"http:\/\/www.tvturk.com\/index.php\/wp-json\/wp\/v2\/categories?post=138439"},{"taxonomy":"post_tag","embeddable":true,"href":"http:\/\/www.tvturk.com\/index.php\/wp-json\/wp\/v2\/tags?post=138439"}],"curies":[{"name":"wp","href":"https:\/\/api.w.org\/{rel}","templated":true}]}}