{"id":139017,"date":"2019-04-16T16:54:53","date_gmt":"2019-04-16T13:54:53","guid":{"rendered":"http:\/\/www.tvturk.com\/index.php\/madriddeki-bomba-ihbari-asilsiz-cikti\/"},"modified":"2019-04-16T16:54:53","modified_gmt":"2019-04-16T13:54:53","slug":"madriddeki-bomba-ihbari-asilsiz-cikti","status":"publish","type":"post","link":"http:\/\/www.tvturk.com\/index.php\/madriddeki-bomba-ihbari-asilsiz-cikti\/","title":{"rendered":"Madrid\u2019deki bomba ihbar\u0131 as\u0131ls\u0131z \u00e7\u0131kt\u0131"},"content":{"rendered":"<p>Avustralya\u2019n\u0131n \u0130spanya B\u00fcy\u00fckel\u00e7ili\u011fine y\u00f6nelik yap\u0131lan bomba ihbar\u0131n\u0131n, el\u00e7ili\u011fin bulundu\u011fu g\u00f6kdelende yap\u0131lan arama sonucu as\u0131ls\u0131z oldu\u011fu ortaya \u00e7\u0131kt\u0131.<\/p>\n<p>Avustralya\u2019n\u0131n \u0130spanya B\u00fcy\u00fckel\u00e7ili\u011fine y\u00f6nelik bomba ihbar\u0131 yap\u0131lm\u0131\u015f, B\u00fcy\u00fckel\u00e7ili\u011fin bulundu\u011fu g\u00f6kdelen bo\u015falt\u0131lm\u0131\u015ft\u0131. B\u00f6lgeyi kordon alt\u0131na alan Madrid polisi, arama \u00e7al\u0131\u015fmalar\u0131na ba\u015flam\u0131\u015ft\u0131. Saatler s\u00fcren araman\u0131n sonunda polis, bomba ihbar\u0131n\u0131n as\u0131ls\u0131z oldu\u011funu a\u00e7\u0131klad\u0131. Polisten yap\u0131lan a\u00e7\u0131klamada, &#8220;\u0130hbar\u0131n kayna\u011f\u0131n\u0131n tespit edilmesi i\u00e7in \u00e7al\u0131\u015f\u0131yoruz. Tahliye edilen insanlar\u0131n binaya d\u00f6nmesine izin verilmi\u015ftir&#8221; denildi.<\/p>\n<p>Bo\u015falt\u0131lan Torre Espacio g\u00f6kdeleninde Avustralya ile birlikte, Kanada, \u0130ngiltere ve Hollanda\u2019n\u0131n B\u00fcy\u00fckel\u00e7ili\u011fi bulunuyor.<\/p>\n","protected":false},"excerpt":{"rendered":"<p>AVUSTRALYA\u2019NIN \u0130SPANYA B\u00dcY\u00dcKEL\u00c7\u0130L\u0130\u011e\u0130N\u0130N BULUNDU\u011eU TORRE ESPAC\u0130O G\u00d6KDELEN\u0130NE YAPILAN BOMBA \u0130HBARI ASILSIZ \u00c7IKTI<\/p>\n","protected":false},"author":1,"featured_media":139018,"comment_status":"closed","ping_status":"open","sticky":false,"template":"","format":"standard","meta":{"jetpack_post_was_ever_published":false,"_jetpack_newsletter_access":"","_jetpack_dont_email_post_to_subs":false,"_jetpack_newsletter_tier_id":0,"_jetpack_memberships_contains_paywalled_content":false,"_jetpack_memberships_contains_paid_content":false,"footnotes":"","jetpack_publicize_message":"","jetpack_publicize_feature_enabled":true,"jetpack_social_post_already_shared":true,"jetpack_social_options":{"image_generator_settings":{"template":"highway","default_image_id":0,"font":"","enabled":false},"version":2}},"categories":[10],"tags":[2589,4024,1202,11839,31562],"class_list":["post-139017","post","type-post","status-publish","format-standard","has-post-thumbnail","hentry","category-dunya","tag-asilsiz","tag-bomba","tag-cikti","tag-ihbari","tag-madriddeki"],"jetpack_publicize_connections":[],"jetpack_featured_media_url":"https:\/\/i0.wp.com\/www.tvturk.com\/wp-content\/uploads\/2019\/04\/madriddeki-bomba-ihbari-asilsiz-cikti_557f5f6.jpg?fit=666%2C1000","jetpack_sharing_enabled":true,"jetpack_shortlink":"https:\/\/wp.me\/paKIfm-Aad","_links":{"self":[{"href":"http:\/\/www.tvturk.com\/index.php\/wp-json\/wp\/v2\/posts\/139017","targetHints":{"allow":["GET"]}}],"collection":[{"href":"http:\/\/www.tvturk.com\/index.php\/wp-json\/wp\/v2\/posts"}],"about":[{"href":"http:\/\/www.tvturk.com\/index.php\/wp-json\/wp\/v2\/types\/post"}],"author":[{"embeddable":true,"href":"http:\/\/www.tvturk.com\/index.php\/wp-json\/wp\/v2\/users\/1"}],"replies":[{"embeddable":true,"href":"http:\/\/www.tvturk.com\/index.php\/wp-json\/wp\/v2\/comments?post=139017"}],"version-history":[{"count":0,"href":"http:\/\/www.tvturk.com\/index.php\/wp-json\/wp\/v2\/posts\/139017\/revisions"}],"wp:featuredmedia":[{"embeddable":true,"href":"http:\/\/www.tvturk.com\/index.php\/wp-json\/wp\/v2\/media\/139018"}],"wp:attachment":[{"href":"http:\/\/www.tvturk.com\/index.php\/wp-json\/wp\/v2\/media?parent=139017"}],"wp:term":[{"taxonomy":"category","embeddable":true,"href":"http:\/\/www.tvturk.com\/index.php\/wp-json\/wp\/v2\/categories?post=139017"},{"taxonomy":"post_tag","embeddable":true,"href":"http:\/\/www.tvturk.com\/index.php\/wp-json\/wp\/v2\/tags?post=139017"}],"curies":[{"name":"wp","href":"https:\/\/api.w.org\/{rel}","templated":true}]}}