{"id":139123,"date":"2019-04-16T18:22:11","date_gmt":"2019-04-16T15:22:11","guid":{"rendered":"http:\/\/www.tvturk.com\/index.php\/tunc-soyer-anitkabiri-ziyaret-etti\/"},"modified":"2019-04-16T18:22:14","modified_gmt":"2019-04-16T15:22:14","slug":"tunc-soyer-anitkabiri-ziyaret-etti","status":"publish","type":"post","link":"http:\/\/www.tvturk.com\/index.php\/tunc-soyer-anitkabiri-ziyaret-etti\/","title":{"rendered":"Tun\u00e7 Soyer, An\u0131tkabir\u2019i ziyaret etti"},"content":{"rendered":"<p>\u0130zmir B\u00fcy\u00fck\u015fehir Belediye Ba\u015fkan\u0131 Tun\u00e7 Soyer, mazbatas\u0131n\u0131 almas\u0131n\u0131n ard\u0131ndan An\u0131tkabir\u2019i ziyaret etti.<\/p>\n<p>\u0130zmir B\u00fcy\u00fck\u015fehir Belediye Ba\u015fkan\u0131 Tun\u00e7 Soyer, mazbatas\u0131n\u0131 almas\u0131n\u0131n ard\u0131ndan An\u0131tkabir\u2019i ziyaret etti. Atat\u00fcrk\u2019\u00fcn mozolesine \u00e7elenk b\u0131rakan Soyer, sonras\u0131nda Misak-\u0131 Milli Kulesine giderek An\u0131tkabir \u00d6zel Defterini imzalad\u0131. Soyer, \u00f6zel deftere \u015funlar\u0131 yazd\u0131:<\/p>\n<p>&#8220;Aziz Atam, Say\u0131n Genel Ba\u015fkan\u0131m; Bug\u00fcn huzurunuza 5 y\u0131l i\u00e7in g\u00f6rev yapmak \u00fczere, 31 Mart 2019 tarihinde se\u00e7ilen \u0130zmir B\u00fcy\u00fck\u015fehir Belediye Ba\u015fkan\u0131 ve 25 il\u00e7enin ba\u015fkanlar\u0131yla s\u00f6z vermeye geldik. Biliyoruz ki, \u00f6zg\u00fcrl\u00fck nefes kadar hayatidir ve bu topraklarda 100 y\u0131ld\u0131r \u00f6zg\u00fcrce nefes al\u0131yorsak sizin sayenizdedir. Rahat uyuyun, emanetinizi can\u0131m\u0131z gibi koruyaca\u011f\u0131z. Bunun yolunun, birlik ve beraberli\u011fimize sahip \u00e7\u0131kmaktan ge\u00e7ti\u011fini \u00f6\u011frendik. O nedenle, birbirimize s\u0131ms\u0131k\u0131 sar\u0131l\u0131p, \u2019Yurtta bar\u0131\u015f, cihanda bar\u0131\u015f\u2019 \u015fiar\u0131yla, karde\u015flik mayas\u0131n\u0131 \u00e7o\u011faltaca\u011f\u0131z. Ak\u0131l, vicdan ve cesaretle devrimlerinizin ayd\u0131nl\u0131\u011f\u0131ndan feyz al\u0131p, \u0130zmir\u2019i d\u00fcnyan\u0131n en m\u00fcreffeh kentlerinden biri yapaca\u011f\u0131z. Y\u0131lmayaca\u011f\u0131z, yorulmayaca\u011f\u0131z \u00e7ok \u00e7al\u0131\u015faca\u011f\u0131z. Biliyoruz ki, siz \u0130zmir\u2019in g\u00fczel kalpli insanlar\u0131n\u0131n her daim y\u00fcre\u011findesiniz. G\u00fcc\u00fcm\u00fcz\u00fcn kayna\u011f\u0131 bu, aziz hat\u0131ran\u0131za \u015ferefle ve gururla sahip \u00e7\u0131kaca\u011f\u0131z. Asla unutmayaca\u011f\u0131z ki, \u2019Egemenlik, kay\u0131ts\u0131z \u015farts\u0131z milletindir\u2019 ve T\u00fcrkiye Cumhuriyeti ilelebet payidar kalacakt\u0131r.&#8221;<div class=\"tiled-gallery type-rectangular tiled-gallery-unresized\" data-original-width=\"500\" data-carousel-extra='null' itemscope itemtype=\"http:\/\/schema.org\/ImageGallery\" > <div class=\"gallery-row\" style=\"width: 500px; height: 251px;\" data-original-width=\"500\" data-original-height=\"251\" > <div class=\"gallery-group images-1\" style=\"width: 334px; height: 251px;\" data-original-width=\"334\" data-original-height=\"251\" > <div class=\"tiled-gallery-item tiled-gallery-item-large\" itemprop=\"associatedMedia\" itemscope itemtype=\"http:\/\/schema.org\/ImageObject\"> <a href=\"http:\/\/www.tvturk.com\/index.php\/tunc-soyer-anitkabiri-ziyaret-etti\/tunc-soyer-anitkabiri-ziyaret-etti-3\/\" border=\"0\" itemprop=\"url\"> <meta itemprop=\"width\" content=\"330\"> <meta itemprop=\"height\" content=\"247\"> <img decoding=\"async\" class=\"\" data-attachment-id=\"139125\" data-orig-file=\"http:\/\/www.tvturk.com\/wp-content\/uploads\/2019\/04\/tunc-soyer-anitkabiri-ziyaret-etti_002963a.jpg\" data-orig-size=\"1000,750\" data-comments-opened=\"\" data-image-meta=\"{&quot;aperture&quot;:&quot;0&quot;,&quot;credit&quot;:&quot;IHA&quot;,&quot;camera&quot;:&quot;&quot;,&quot;caption&quot;:&quot;\\u0130ZM\\u0130R B\\u00dcY\\u00dcK\\u015eEH\\u0130R BELED\\u0130YE BA\\u015eKANI TUN\\u00c7 SOYER, MAZBATASINI ALMASININ ARDINDAN ANITKAB\\u0130R\\u0027\\u0130 Z\\u0130YARET ETT\\u0130. (MEVL\\u00dcT HASG\\u00dcL - NURULLAH GEYLAN\\u0130\\\/ANKARA-\\u0130HA)&quot;,&quot;created_timestamp&quot;:&quot;0&quot;,&quot;copyright&quot;:&quot;\\u0130HLAS HABER AJANSI, www.iha.com.tr&quot;,&quot;focal_length&quot;:&quot;0&quot;,&quot;iso&quot;:&quot;0&quot;,&quot;shutter_speed&quot;:&quot;0&quot;,&quot;title&quot;:&quot;TUN\\u00c7 SOYER, ANITKAB\\u0130R\\u0027\\u0130 Z\\u0130YARET ETT\\u0130&quot;,&quot;orientation&quot;:&quot;0&quot;}\" data-image-title=\"Tun\u00e7 Soyer, An\u0131tkabir\u2019i ziyaret etti\" data-image-description=\"&lt;p&gt;Tun\u00e7 Soyer, An\u0131tkabir\u2019i ziyaret etti&lt;\/p&gt; \" data-medium-file=\"https:\/\/i0.wp.com\/www.tvturk.com\/wp-content\/uploads\/2019\/04\/tunc-soyer-anitkabiri-ziyaret-etti_002963a.jpg?fit=300%2C225\" data-large-file=\"https:\/\/i0.wp.com\/www.tvturk.com\/wp-content\/uploads\/2019\/04\/tunc-soyer-anitkabiri-ziyaret-etti_002963a.jpg?fit=1000%2C750\" src=\"https:\/\/i0.wp.com\/www.tvturk.com\/wp-content\/uploads\/2019\/04\/tunc-soyer-anitkabiri-ziyaret-etti_002963a.jpg?w=330&#038;h=247\" srcset=\"https:\/\/i0.wp.com\/www.tvturk.com\/wp-content\/uploads\/2019\/04\/tunc-soyer-anitkabiri-ziyaret-etti_002963a.jpg?w=1000 1000w, https:\/\/i0.wp.com\/www.tvturk.com\/wp-content\/uploads\/2019\/04\/tunc-soyer-anitkabiri-ziyaret-etti_002963a.jpg?resize=150%2C113 150w, https:\/\/i0.wp.com\/www.tvturk.com\/wp-content\/uploads\/2019\/04\/tunc-soyer-anitkabiri-ziyaret-etti_002963a.jpg?resize=300%2C225 300w, https:\/\/i0.wp.com\/www.tvturk.com\/wp-content\/uploads\/2019\/04\/tunc-soyer-anitkabiri-ziyaret-etti_002963a.jpg?resize=768%2C576 768w\" width=\"330\" height=\"247\" loading=\"lazy\" data-original-width=\"330\" data-original-height=\"247\" itemprop=\"http:\/\/schema.org\/image\" title=\"Tun\u00e7 Soyer, An\u0131tkabir\u2019i ziyaret etti\" alt=\"Tun\u00e7 Soyer, An\u0131tkabir\u2019i ziyaret etti\" style=\"width: 330px; height: 247px;\" \/> <\/a> <\/div> <\/div> <!-- close group --> <div class=\"gallery-group images-2\" style=\"width: 166px; height: 251px;\" data-original-width=\"166\" data-original-height=\"251\" > <div class=\"tiled-gallery-item tiled-gallery-item-small\" itemprop=\"associatedMedia\" itemscope itemtype=\"http:\/\/schema.org\/ImageObject\"> <a href=\"http:\/\/www.tvturk.com\/index.php\/tunc-soyer-anitkabiri-ziyaret-etti\/tunc-soyer-anitkabiri-ziyaret-etti-4\/\" border=\"0\" itemprop=\"url\"> <meta itemprop=\"width\" content=\"162\"> <meta itemprop=\"height\" content=\"122\"> <img decoding=\"async\" class=\"\" data-attachment-id=\"139126\" data-orig-file=\"http:\/\/www.tvturk.com\/wp-content\/uploads\/2019\/04\/tunc-soyer-anitkabiri-ziyaret-etti_dc302bc.jpg\" data-orig-size=\"1000,750\" data-comments-opened=\"\" data-image-meta=\"{&quot;aperture&quot;:&quot;0&quot;,&quot;credit&quot;:&quot;IHA&quot;,&quot;camera&quot;:&quot;&quot;,&quot;caption&quot;:&quot;\\u0130ZM\\u0130R B\\u00dcY\\u00dcK\\u015eEH\\u0130R BELED\\u0130YE BA\\u015eKANI TUN\\u00c7 SOYER, MAZBATASINI ALMASININ ARDINDAN ANITKAB\\u0130R\\u0027\\u0130 Z\\u0130YARET ETT\\u0130. (MEVL\\u00dcT HASG\\u00dcL - NURULLAH GEYLAN\\u0130\\\/ANKARA-\\u0130HA)&quot;,&quot;created_timestamp&quot;:&quot;0&quot;,&quot;copyright&quot;:&quot;\\u0130HLAS HABER AJANSI, www.iha.com.tr&quot;,&quot;focal_length&quot;:&quot;0&quot;,&quot;iso&quot;:&quot;0&quot;,&quot;shutter_speed&quot;:&quot;0&quot;,&quot;title&quot;:&quot;TUN\\u00c7 SOYER, ANITKAB\\u0130R\\u0027\\u0130 Z\\u0130YARET ETT\\u0130&quot;,&quot;orientation&quot;:&quot;0&quot;}\" data-image-title=\"Tun\u00e7 Soyer, An\u0131tkabir\u2019i ziyaret etti\" data-image-description=\"&lt;p&gt;Tun\u00e7 Soyer, An\u0131tkabir\u2019i ziyaret etti&lt;\/p&gt; \" data-medium-file=\"https:\/\/i0.wp.com\/www.tvturk.com\/wp-content\/uploads\/2019\/04\/tunc-soyer-anitkabiri-ziyaret-etti_dc302bc.jpg?fit=300%2C225\" data-large-file=\"https:\/\/i0.wp.com\/www.tvturk.com\/wp-content\/uploads\/2019\/04\/tunc-soyer-anitkabiri-ziyaret-etti_dc302bc.jpg?fit=1000%2C750\" src=\"https:\/\/i0.wp.com\/www.tvturk.com\/wp-content\/uploads\/2019\/04\/tunc-soyer-anitkabiri-ziyaret-etti_dc302bc.jpg?w=162&#038;h=122\" srcset=\"https:\/\/i0.wp.com\/www.tvturk.com\/wp-content\/uploads\/2019\/04\/tunc-soyer-anitkabiri-ziyaret-etti_dc302bc.jpg?w=1000 1000w, https:\/\/i0.wp.com\/www.tvturk.com\/wp-content\/uploads\/2019\/04\/tunc-soyer-anitkabiri-ziyaret-etti_dc302bc.jpg?resize=150%2C113 150w, https:\/\/i0.wp.com\/www.tvturk.com\/wp-content\/uploads\/2019\/04\/tunc-soyer-anitkabiri-ziyaret-etti_dc302bc.jpg?resize=300%2C225 300w, https:\/\/i0.wp.com\/www.tvturk.com\/wp-content\/uploads\/2019\/04\/tunc-soyer-anitkabiri-ziyaret-etti_dc302bc.jpg?resize=768%2C576 768w\" width=\"162\" height=\"122\" loading=\"lazy\" data-original-width=\"162\" data-original-height=\"122\" itemprop=\"http:\/\/schema.org\/image\" title=\"Tun\u00e7 Soyer, An\u0131tkabir\u2019i ziyaret etti\" alt=\"Tun\u00e7 Soyer, An\u0131tkabir\u2019i ziyaret etti\" style=\"width: 162px; height: 122px;\" \/> <\/a> <\/div> <div class=\"tiled-gallery-item tiled-gallery-item-small\" itemprop=\"associatedMedia\" itemscope itemtype=\"http:\/\/schema.org\/ImageObject\"> <a href=\"http:\/\/www.tvturk.com\/index.php\/tunc-soyer-anitkabiri-ziyaret-etti\/tunc-soyer-anitkabiri-ziyaret-etti-5\/\" border=\"0\" itemprop=\"url\"> <meta itemprop=\"width\" content=\"162\"> <meta itemprop=\"height\" content=\"121\"> <img decoding=\"async\" class=\"\" data-attachment-id=\"139127\" data-orig-file=\"http:\/\/www.tvturk.com\/wp-content\/uploads\/2019\/04\/tunc-soyer-anitkabiri-ziyaret-etti_2ab2bfa.jpg\" data-orig-size=\"1000,750\" data-comments-opened=\"\" data-image-meta=\"{&quot;aperture&quot;:&quot;0&quot;,&quot;credit&quot;:&quot;IHA&quot;,&quot;camera&quot;:&quot;&quot;,&quot;caption&quot;:&quot;\\u0130ZM\\u0130R B\\u00dcY\\u00dcK\\u015eEH\\u0130R BELED\\u0130YE BA\\u015eKANI TUN\\u00c7 SOYER, MAZBATASINI ALMASININ ARDINDAN ANITKAB\\u0130R\\u0027\\u0130 Z\\u0130YARET ETT\\u0130. (MEVL\\u00dcT HASG\\u00dcL - NURULLAH GEYLAN\\u0130\\\/ANKARA-\\u0130HA)&quot;,&quot;created_timestamp&quot;:&quot;0&quot;,&quot;copyright&quot;:&quot;\\u0130HLAS HABER AJANSI, www.iha.com.tr&quot;,&quot;focal_length&quot;:&quot;0&quot;,&quot;iso&quot;:&quot;0&quot;,&quot;shutter_speed&quot;:&quot;0&quot;,&quot;title&quot;:&quot;TUN\\u00c7 SOYER, ANITKAB\\u0130R\\u0027\\u0130 Z\\u0130YARET ETT\\u0130&quot;,&quot;orientation&quot;:&quot;0&quot;}\" data-image-title=\"Tun\u00e7 Soyer, An\u0131tkabir\u2019i ziyaret etti\" data-image-description=\"&lt;p&gt;Tun\u00e7 Soyer, An\u0131tkabir\u2019i ziyaret etti&lt;\/p&gt; \" data-medium-file=\"https:\/\/i0.wp.com\/www.tvturk.com\/wp-content\/uploads\/2019\/04\/tunc-soyer-anitkabiri-ziyaret-etti_2ab2bfa.jpg?fit=300%2C225\" data-large-file=\"https:\/\/i0.wp.com\/www.tvturk.com\/wp-content\/uploads\/2019\/04\/tunc-soyer-anitkabiri-ziyaret-etti_2ab2bfa.jpg?fit=1000%2C750\" src=\"https:\/\/i0.wp.com\/www.tvturk.com\/wp-content\/uploads\/2019\/04\/tunc-soyer-anitkabiri-ziyaret-etti_2ab2bfa.jpg?w=162&#038;h=121\" srcset=\"https:\/\/i0.wp.com\/www.tvturk.com\/wp-content\/uploads\/2019\/04\/tunc-soyer-anitkabiri-ziyaret-etti_2ab2bfa.jpg?w=1000 1000w, https:\/\/i0.wp.com\/www.tvturk.com\/wp-content\/uploads\/2019\/04\/tunc-soyer-anitkabiri-ziyaret-etti_2ab2bfa.jpg?resize=150%2C113 150w, https:\/\/i0.wp.com\/www.tvturk.com\/wp-content\/uploads\/2019\/04\/tunc-soyer-anitkabiri-ziyaret-etti_2ab2bfa.jpg?resize=300%2C225 300w, https:\/\/i0.wp.com\/www.tvturk.com\/wp-content\/uploads\/2019\/04\/tunc-soyer-anitkabiri-ziyaret-etti_2ab2bfa.jpg?resize=768%2C576 768w\" width=\"162\" height=\"121\" loading=\"lazy\" data-original-width=\"162\" data-original-height=\"121\" itemprop=\"http:\/\/schema.org\/image\" title=\"Tun\u00e7 Soyer, An\u0131tkabir\u2019i ziyaret etti\" alt=\"Tun\u00e7 Soyer, An\u0131tkabir\u2019i ziyaret etti\" style=\"width: 162px; height: 121px;\" \/> <\/a> <\/div> <\/div> <!-- close group --> <\/div> <!-- close row --> <\/div><\/p>\n","protected":false},"excerpt":{"rendered":"<p>\u0130ZM\u0130R B\u00dcY\u00dcK\u015eEH\u0130R BELED\u0130YE BA\u015eKANI TUN\u00c7 SOYER, MAZBATASINI ALMASININ ARDINDAN ANITKAB\u0130R&#8217;\u0130 Z\u0130YARET ETT\u0130.<\/p>\n","protected":false},"author":1,"featured_media":139124,"comment_status":"closed","ping_status":"open","sticky":false,"template":"","format":"standard","meta":{"jetpack_post_was_ever_published":false,"_jetpack_newsletter_access":"","_jetpack_dont_email_post_to_subs":false,"_jetpack_newsletter_tier_id":0,"_jetpack_memberships_contains_paywalled_content":false,"_jetpack_memberships_contains_paid_content":false,"footnotes":"","jetpack_publicize_message":"","jetpack_publicize_feature_enabled":true,"jetpack_social_post_already_shared":true,"jetpack_social_options":{"image_generator_settings":{"template":"highway","default_image_id":0,"font":"","enabled":false},"version":2}},"categories":[1],"tags":[30086,207,4580,11623,150],"class_list":["post-139123","post","type-post","status-publish","format-standard","has-post-thumbnail","hentry","category-genel","tag-anitkabiri","tag-etti","tag-soyer","tag-tunc","tag-ziyaret"],"jetpack_publicize_connections":[],"jetpack_featured_media_url":"https:\/\/i0.wp.com\/www.tvturk.com\/wp-content\/uploads\/2019\/04\/tunc-soyer-anitkabiri-ziyaret-etti_adad8bb.jpg?fit=1000%2C750","jetpack_sharing_enabled":true,"jetpack_shortlink":"https:\/\/wp.me\/paKIfm-AbV","_links":{"self":[{"href":"http:\/\/www.tvturk.com\/index.php\/wp-json\/wp\/v2\/posts\/139123","targetHints":{"allow":["GET"]}}],"collection":[{"href":"http:\/\/www.tvturk.com\/index.php\/wp-json\/wp\/v2\/posts"}],"about":[{"href":"http:\/\/www.tvturk.com\/index.php\/wp-json\/wp\/v2\/types\/post"}],"author":[{"embeddable":true,"href":"http:\/\/www.tvturk.com\/index.php\/wp-json\/wp\/v2\/users\/1"}],"replies":[{"embeddable":true,"href":"http:\/\/www.tvturk.com\/index.php\/wp-json\/wp\/v2\/comments?post=139123"}],"version-history":[{"count":1,"href":"http:\/\/www.tvturk.com\/index.php\/wp-json\/wp\/v2\/posts\/139123\/revisions"}],"predecessor-version":[{"id":139128,"href":"http:\/\/www.tvturk.com\/index.php\/wp-json\/wp\/v2\/posts\/139123\/revisions\/139128"}],"wp:featuredmedia":[{"embeddable":true,"href":"http:\/\/www.tvturk.com\/index.php\/wp-json\/wp\/v2\/media\/139124"}],"wp:attachment":[{"href":"http:\/\/www.tvturk.com\/index.php\/wp-json\/wp\/v2\/media?parent=139123"}],"wp:term":[{"taxonomy":"category","embeddable":true,"href":"http:\/\/www.tvturk.com\/index.php\/wp-json\/wp\/v2\/categories?post=139123"},{"taxonomy":"post_tag","embeddable":true,"href":"http:\/\/www.tvturk.com\/index.php\/wp-json\/wp\/v2\/tags?post=139123"}],"curies":[{"name":"wp","href":"https:\/\/api.w.org\/{rel}","templated":true}]}}