{"id":139193,"date":"2019-04-16T19:29:41","date_gmt":"2019-04-16T16:29:41","guid":{"rendered":"http:\/\/www.tvturk.com\/index.php\/atiker-konyaspor-ankaragucu-maci-hazirliklarina-devam-etti\/"},"modified":"2019-04-16T19:29:44","modified_gmt":"2019-04-16T16:29:44","slug":"atiker-konyaspor-ankaragucu-maci-hazirliklarina-devam-etti","status":"publish","type":"post","link":"http:\/\/www.tvturk.com\/index.php\/atiker-konyaspor-ankaragucu-maci-hazirliklarina-devam-etti\/","title":{"rendered":"Atiker Konyaspor, Ankarag\u00fcc\u00fc ma\u00e7\u0131 haz\u0131rl\u0131klar\u0131na devam etti"},"content":{"rendered":"<p>Atiker Konyaspor, bir g\u00fcnl\u00fck aran\u0131n ard\u0131ndan MKE Ankarag\u00fcc\u00fc ile oynayaca\u011f\u0131 kar\u015f\u0131la\u015fman\u0131n haz\u0131rl\u0131klar\u0131na devam etti.<\/p>\n<p>Atiker Konyaspor Kayac\u0131k Tesisleri\u2019nde yapt\u0131\u011f\u0131 antrenmanla MKE Ankarag\u00fcc\u00fc ile 29. haftada oynayaca\u011f\u0131 kar\u015f\u0131la\u015fman\u0131n haz\u0131rl\u0131klar\u0131na devam etti. Teknik Direkt\u00f6r Aykut Kocaman ve yard\u0131mc\u0131 antren\u00f6rler y\u00f6netiminde ger\u00e7ekle\u015fen antrenmana tak\u0131mdan ayr\u0131 \u00e7al\u0131\u015fan ve tedavilerine devam edilen Ali \u00c7amdal\u0131, Serkan K\u0131r\u0131nt\u0131l\u0131, Volkan F\u0131nd\u0131kl\u0131, Deni Milosevic, Moryke Fofana ve Petar Filipovic kat\u0131lmad\u0131. Ko\u015fu ve \u0131s\u0131nma hareketleri ile ba\u015flayan antrenman 2 grupta oynanan 6\u2019ya 3 ile devam etti. Oyuncular minyat\u00fcr kalelerde oynanan topla oyunun ard\u0131ndan yap\u0131lan \u00e7ift kale ma\u00e7 ile antrenman\u0131 tamamlad\u0131.<div class=\"tiled-gallery type-rectangular tiled-gallery-unresized\" data-original-width=\"500\" data-carousel-extra='null' itemscope itemtype=\"http:\/\/schema.org\/ImageGallery\" > <div class=\"gallery-row\" style=\"width: 500px; height: 215px;\" data-original-width=\"500\" data-original-height=\"215\" > <div class=\"gallery-group images-1\" style=\"width: 312px; height: 215px;\" data-original-width=\"312\" data-original-height=\"215\" > <div class=\"tiled-gallery-item tiled-gallery-item-large\" itemprop=\"associatedMedia\" itemscope itemtype=\"http:\/\/schema.org\/ImageObject\"> <a href=\"http:\/\/www.tvturk.com\/index.php\/atiker-konyaspor-ankaragucu-maci-hazirliklarina-devam-etti\/atiker-konyaspor-ankaragucu-maci-hazirliklarina-devam-etti-3\/\" border=\"0\" itemprop=\"url\"> <meta itemprop=\"width\" content=\"308\"> <meta itemprop=\"height\" content=\"211\"> <img decoding=\"async\" class=\"\" data-attachment-id=\"139195\" data-orig-file=\"http:\/\/www.tvturk.com\/wp-content\/uploads\/2019\/04\/atiker-konyaspor-ankaragucu-maci-hazirliklarina-devam-etti_846348a.jpg\" data-orig-size=\"1000,684\" data-comments-opened=\"\" data-image-meta=\"{&quot;aperture&quot;:&quot;0&quot;,&quot;credit&quot;:&quot;IHA&quot;,&quot;camera&quot;:&quot;&quot;,&quot;caption&quot;:&quot;AT\\u0130KER KONYASPOR, B\\u0130R G\\u00dcNL\\u00dcK ARANIN ARDINDAN KAYACIK TES\\u0130SLER\\u0130\\u2019NDE YAPTI\\u011eI ANTRENMANLA MKE ANKARAG\\u00dcC\\u00dc \\u0130LE 29. HAFTADA OYNAYACA\\u011eI KAR\\u015eILA\\u015eMANIN HAZIRLIKLARINA DEVAM ETT\\u0130. (\\u0130BRAH\\u0130M YETK\\u0130N\\\/KONYA-\\u0130HA)&quot;,&quot;created_timestamp&quot;:&quot;0&quot;,&quot;copyright&quot;:&quot;\\u0130HLAS HABER AJANSI, www.iha.com.tr&quot;,&quot;focal_length&quot;:&quot;0&quot;,&quot;iso&quot;:&quot;0&quot;,&quot;shutter_speed&quot;:&quot;0&quot;,&quot;title&quot;:&quot;AT\\u0130KER KONYASPOR, ANKARAG\\u00dcC\\u00dc MA\\u00c7I HAZIRLIKLARINA DEVAM ETT\\u0130&quot;,&quot;orientation&quot;:&quot;0&quot;}\" data-image-title=\"Atiker Konyaspor, Ankarag\u00fcc\u00fc ma\u00e7\u0131 haz\u0131rl\u0131klar\u0131na devam etti\" data-image-description=\"&lt;p&gt;Atiker Konyaspor, Ankarag\u00fcc\u00fc ma\u00e7\u0131 haz\u0131rl\u0131klar\u0131na devam etti&lt;\/p&gt; \" data-medium-file=\"https:\/\/i0.wp.com\/www.tvturk.com\/wp-content\/uploads\/2019\/04\/atiker-konyaspor-ankaragucu-maci-hazirliklarina-devam-etti_846348a.jpg?fit=300%2C205\" data-large-file=\"https:\/\/i0.wp.com\/www.tvturk.com\/wp-content\/uploads\/2019\/04\/atiker-konyaspor-ankaragucu-maci-hazirliklarina-devam-etti_846348a.jpg?fit=1000%2C684\" src=\"https:\/\/i0.wp.com\/www.tvturk.com\/wp-content\/uploads\/2019\/04\/atiker-konyaspor-ankaragucu-maci-hazirliklarina-devam-etti_846348a.jpg?w=308&#038;h=211\" srcset=\"https:\/\/i0.wp.com\/www.tvturk.com\/wp-content\/uploads\/2019\/04\/atiker-konyaspor-ankaragucu-maci-hazirliklarina-devam-etti_846348a.jpg?w=1000 1000w, https:\/\/i0.wp.com\/www.tvturk.com\/wp-content\/uploads\/2019\/04\/atiker-konyaspor-ankaragucu-maci-hazirliklarina-devam-etti_846348a.jpg?resize=150%2C103 150w, https:\/\/i0.wp.com\/www.tvturk.com\/wp-content\/uploads\/2019\/04\/atiker-konyaspor-ankaragucu-maci-hazirliklarina-devam-etti_846348a.jpg?resize=300%2C205 300w, https:\/\/i0.wp.com\/www.tvturk.com\/wp-content\/uploads\/2019\/04\/atiker-konyaspor-ankaragucu-maci-hazirliklarina-devam-etti_846348a.jpg?resize=768%2C525 768w, https:\/\/i0.wp.com\/www.tvturk.com\/wp-content\/uploads\/2019\/04\/atiker-konyaspor-ankaragucu-maci-hazirliklarina-devam-etti_846348a.jpg?resize=80%2C55 80w\" width=\"308\" height=\"211\" loading=\"lazy\" data-original-width=\"308\" data-original-height=\"211\" itemprop=\"http:\/\/schema.org\/image\" title=\"Atiker Konyaspor, Ankarag\u00fcc\u00fc ma\u00e7\u0131 haz\u0131rl\u0131klar\u0131na devam etti\" alt=\"Atiker Konyaspor, Ankarag\u00fcc\u00fc ma\u00e7\u0131 haz\u0131rl\u0131klar\u0131na devam etti\" style=\"width: 308px; height: 211px;\" \/> <\/a> <\/div> <\/div> <!-- close group --> <div class=\"gallery-group images-2\" style=\"width: 188px; height: 215px;\" data-original-width=\"188\" data-original-height=\"215\" > <div class=\"tiled-gallery-item tiled-gallery-item-small\" itemprop=\"associatedMedia\" itemscope itemtype=\"http:\/\/schema.org\/ImageObject\"> <a href=\"http:\/\/www.tvturk.com\/index.php\/atiker-konyaspor-ankaragucu-maci-hazirliklarina-devam-etti\/atiker-konyaspor-ankaragucu-maci-hazirliklarina-devam-etti-4\/\" border=\"0\" itemprop=\"url\"> <meta itemprop=\"width\" content=\"184\"> <meta itemprop=\"height\" content=\"112\"> <img decoding=\"async\" class=\"\" data-attachment-id=\"139196\" data-orig-file=\"http:\/\/www.tvturk.com\/wp-content\/uploads\/2019\/04\/atiker-konyaspor-ankaragucu-maci-hazirliklarina-devam-etti_ce565c8.jpg\" data-orig-size=\"1000,607\" data-comments-opened=\"\" data-image-meta=\"{&quot;aperture&quot;:&quot;0&quot;,&quot;credit&quot;:&quot;IHA&quot;,&quot;camera&quot;:&quot;&quot;,&quot;caption&quot;:&quot;AT\\u0130KER KONYASPOR, B\\u0130R G\\u00dcNL\\u00dcK ARANIN ARDINDAN KAYACIK TES\\u0130SLER\\u0130\\u2019NDE YAPTI\\u011eI ANTRENMANLA MKE ANKARAG\\u00dcC\\u00dc \\u0130LE 29. HAFTADA OYNAYACA\\u011eI KAR\\u015eILA\\u015eMANIN HAZIRLIKLARINA DEVAM ETT\\u0130. (\\u0130BRAH\\u0130M YETK\\u0130N\\\/KONYA-\\u0130HA)&quot;,&quot;created_timestamp&quot;:&quot;0&quot;,&quot;copyright&quot;:&quot;\\u0130HLAS HABER AJANSI, www.iha.com.tr&quot;,&quot;focal_length&quot;:&quot;0&quot;,&quot;iso&quot;:&quot;0&quot;,&quot;shutter_speed&quot;:&quot;0&quot;,&quot;title&quot;:&quot;AT\\u0130KER KONYASPOR, ANKARAG\\u00dcC\\u00dc MA\\u00c7I HAZIRLIKLARINA DEVAM ETT\\u0130&quot;,&quot;orientation&quot;:&quot;0&quot;}\" data-image-title=\"Atiker Konyaspor, Ankarag\u00fcc\u00fc ma\u00e7\u0131 haz\u0131rl\u0131klar\u0131na devam etti\" data-image-description=\"&lt;p&gt;Atiker Konyaspor, Ankarag\u00fcc\u00fc ma\u00e7\u0131 haz\u0131rl\u0131klar\u0131na devam etti&lt;\/p&gt; \" data-medium-file=\"https:\/\/i0.wp.com\/www.tvturk.com\/wp-content\/uploads\/2019\/04\/atiker-konyaspor-ankaragucu-maci-hazirliklarina-devam-etti_ce565c8.jpg?fit=300%2C182\" data-large-file=\"https:\/\/i0.wp.com\/www.tvturk.com\/wp-content\/uploads\/2019\/04\/atiker-konyaspor-ankaragucu-maci-hazirliklarina-devam-etti_ce565c8.jpg?fit=1000%2C607\" src=\"https:\/\/i0.wp.com\/www.tvturk.com\/wp-content\/uploads\/2019\/04\/atiker-konyaspor-ankaragucu-maci-hazirliklarina-devam-etti_ce565c8.jpg?w=184&#038;h=112\" srcset=\"https:\/\/i0.wp.com\/www.tvturk.com\/wp-content\/uploads\/2019\/04\/atiker-konyaspor-ankaragucu-maci-hazirliklarina-devam-etti_ce565c8.jpg?w=1000 1000w, https:\/\/i0.wp.com\/www.tvturk.com\/wp-content\/uploads\/2019\/04\/atiker-konyaspor-ankaragucu-maci-hazirliklarina-devam-etti_ce565c8.jpg?resize=150%2C91 150w, https:\/\/i0.wp.com\/www.tvturk.com\/wp-content\/uploads\/2019\/04\/atiker-konyaspor-ankaragucu-maci-hazirliklarina-devam-etti_ce565c8.jpg?resize=300%2C182 300w, https:\/\/i0.wp.com\/www.tvturk.com\/wp-content\/uploads\/2019\/04\/atiker-konyaspor-ankaragucu-maci-hazirliklarina-devam-etti_ce565c8.jpg?resize=768%2C466 768w, https:\/\/i0.wp.com\/www.tvturk.com\/wp-content\/uploads\/2019\/04\/atiker-konyaspor-ankaragucu-maci-hazirliklarina-devam-etti_ce565c8.jpg?resize=187%2C113 187w\" width=\"184\" height=\"112\" loading=\"lazy\" data-original-width=\"184\" data-original-height=\"112\" itemprop=\"http:\/\/schema.org\/image\" title=\"Atiker Konyaspor, Ankarag\u00fcc\u00fc ma\u00e7\u0131 haz\u0131rl\u0131klar\u0131na devam etti\" alt=\"Atiker Konyaspor, Ankarag\u00fcc\u00fc ma\u00e7\u0131 haz\u0131rl\u0131klar\u0131na devam etti\" style=\"width: 184px; height: 112px;\" \/> <\/a> <\/div> <div class=\"tiled-gallery-item tiled-gallery-item-small\" itemprop=\"associatedMedia\" itemscope itemtype=\"http:\/\/schema.org\/ImageObject\"> <a href=\"http:\/\/www.tvturk.com\/index.php\/atiker-konyaspor-ankaragucu-maci-hazirliklarina-devam-etti\/atiker-konyaspor-ankaragucu-maci-hazirliklarina-devam-etti-5\/\" border=\"0\" itemprop=\"url\"> <meta itemprop=\"width\" content=\"184\"> <meta itemprop=\"height\" content=\"95\"> <img decoding=\"async\" class=\"\" data-attachment-id=\"139197\" data-orig-file=\"http:\/\/www.tvturk.com\/wp-content\/uploads\/2019\/04\/atiker-konyaspor-ankaragucu-maci-hazirliklarina-devam-etti_8fc4880.jpg\" data-orig-size=\"1000,519\" data-comments-opened=\"\" data-image-meta=\"{&quot;aperture&quot;:&quot;0&quot;,&quot;credit&quot;:&quot;IHA&quot;,&quot;camera&quot;:&quot;&quot;,&quot;caption&quot;:&quot;AT\\u0130KER KONYASPOR, B\\u0130R G\\u00dcNL\\u00dcK ARANIN ARDINDAN KAYACIK TES\\u0130SLER\\u0130\\u2019NDE YAPTI\\u011eI ANTRENMANLA MKE ANKARAG\\u00dcC\\u00dc \\u0130LE 29. HAFTADA OYNAYACA\\u011eI KAR\\u015eILA\\u015eMANIN HAZIRLIKLARINA DEVAM ETT\\u0130. (\\u0130BRAH\\u0130M YETK\\u0130N\\\/KONYA-\\u0130HA)&quot;,&quot;created_timestamp&quot;:&quot;0&quot;,&quot;copyright&quot;:&quot;\\u0130HLAS HABER AJANSI, www.iha.com.tr&quot;,&quot;focal_length&quot;:&quot;0&quot;,&quot;iso&quot;:&quot;0&quot;,&quot;shutter_speed&quot;:&quot;0&quot;,&quot;title&quot;:&quot;AT\\u0130KER KONYASPOR, ANKARAG\\u00dcC\\u00dc MA\\u00c7I HAZIRLIKLARINA DEVAM ETT\\u0130&quot;,&quot;orientation&quot;:&quot;0&quot;}\" data-image-title=\"Atiker Konyaspor, Ankarag\u00fcc\u00fc ma\u00e7\u0131 haz\u0131rl\u0131klar\u0131na devam etti\" data-image-description=\"&lt;p&gt;Atiker Konyaspor, Ankarag\u00fcc\u00fc ma\u00e7\u0131 haz\u0131rl\u0131klar\u0131na devam etti&lt;\/p&gt; \" data-medium-file=\"https:\/\/i0.wp.com\/www.tvturk.com\/wp-content\/uploads\/2019\/04\/atiker-konyaspor-ankaragucu-maci-hazirliklarina-devam-etti_8fc4880.jpg?fit=300%2C156\" data-large-file=\"https:\/\/i0.wp.com\/www.tvturk.com\/wp-content\/uploads\/2019\/04\/atiker-konyaspor-ankaragucu-maci-hazirliklarina-devam-etti_8fc4880.jpg?fit=1000%2C519\" src=\"https:\/\/i0.wp.com\/www.tvturk.com\/wp-content\/uploads\/2019\/04\/atiker-konyaspor-ankaragucu-maci-hazirliklarina-devam-etti_8fc4880.jpg?w=184&#038;h=95\" srcset=\"https:\/\/i0.wp.com\/www.tvturk.com\/wp-content\/uploads\/2019\/04\/atiker-konyaspor-ankaragucu-maci-hazirliklarina-devam-etti_8fc4880.jpg?w=1000 1000w, https:\/\/i0.wp.com\/www.tvturk.com\/wp-content\/uploads\/2019\/04\/atiker-konyaspor-ankaragucu-maci-hazirliklarina-devam-etti_8fc4880.jpg?resize=150%2C78 150w, https:\/\/i0.wp.com\/www.tvturk.com\/wp-content\/uploads\/2019\/04\/atiker-konyaspor-ankaragucu-maci-hazirliklarina-devam-etti_8fc4880.jpg?resize=300%2C156 300w, https:\/\/i0.wp.com\/www.tvturk.com\/wp-content\/uploads\/2019\/04\/atiker-konyaspor-ankaragucu-maci-hazirliklarina-devam-etti_8fc4880.jpg?resize=768%2C399 768w, https:\/\/i0.wp.com\/www.tvturk.com\/wp-content\/uploads\/2019\/04\/atiker-konyaspor-ankaragucu-maci-hazirliklarina-devam-etti_8fc4880.jpg?resize=780%2C400 780w\" width=\"184\" height=\"95\" loading=\"lazy\" data-original-width=\"184\" data-original-height=\"95\" itemprop=\"http:\/\/schema.org\/image\" title=\"Atiker Konyaspor, Ankarag\u00fcc\u00fc ma\u00e7\u0131 haz\u0131rl\u0131klar\u0131na devam etti\" alt=\"Atiker Konyaspor, Ankarag\u00fcc\u00fc ma\u00e7\u0131 haz\u0131rl\u0131klar\u0131na devam etti\" style=\"width: 184px; height: 95px;\" \/> <\/a> <\/div> <\/div> <!-- close group --> <\/div> <!-- close row --> <\/div><\/p>\n","protected":false},"excerpt":{"rendered":"<p>AT\u0130KER KONYASPOR, B\u0130R G\u00dcNL\u00dcK ARANIN ARDINDAN KAYACIK TES\u0130SLER\u0130\u2019NDE YAPTI\u011eI ANTRENMANLA MKE ANKARAG\u00dcC\u00dc \u0130LE 29. HAFTADA OYNAYACA\u011eI KAR\u015eILA\u015eMANIN HAZIRLIKLARINA DEVAM ETT\u0130.<\/p>\n","protected":false},"author":1,"featured_media":139194,"comment_status":"closed","ping_status":"open","sticky":false,"template":"","format":"standard","meta":{"jetpack_post_was_ever_published":false,"_jetpack_newsletter_access":"","_jetpack_dont_email_post_to_subs":false,"_jetpack_newsletter_tier_id":0,"_jetpack_memberships_contains_paywalled_content":false,"_jetpack_memberships_contains_paid_content":false,"footnotes":"","jetpack_publicize_message":"","jetpack_publicize_feature_enabled":true,"jetpack_social_post_already_shared":true,"jetpack_social_options":{"image_generator_settings":{"template":"highway","default_image_id":0,"font":"","enabled":false},"version":2}},"categories":[657],"tags":[8184,3504,522,207,778,3505,777],"class_list":["post-139193","post","type-post","status-publish","format-standard","has-post-thumbnail","hentry","category-spor","tag-ankaragucu","tag-atiker","tag-devam","tag-etti","tag-hazirliklarina","tag-konyaspor","tag-maci"],"jetpack_publicize_connections":[],"jetpack_featured_media_url":"https:\/\/i0.wp.com\/www.tvturk.com\/wp-content\/uploads\/2019\/04\/atiker-konyaspor-ankaragucu-maci-hazirliklarina-devam-etti_8e9ae2d.jpg?fit=1000%2C656","jetpack_sharing_enabled":true,"jetpack_shortlink":"https:\/\/wp.me\/paKIfm-Ad3","_links":{"self":[{"href":"http:\/\/www.tvturk.com\/index.php\/wp-json\/wp\/v2\/posts\/139193","targetHints":{"allow":["GET"]}}],"collection":[{"href":"http:\/\/www.tvturk.com\/index.php\/wp-json\/wp\/v2\/posts"}],"about":[{"href":"http:\/\/www.tvturk.com\/index.php\/wp-json\/wp\/v2\/types\/post"}],"author":[{"embeddable":true,"href":"http:\/\/www.tvturk.com\/index.php\/wp-json\/wp\/v2\/users\/1"}],"replies":[{"embeddable":true,"href":"http:\/\/www.tvturk.com\/index.php\/wp-json\/wp\/v2\/comments?post=139193"}],"version-history":[{"count":1,"href":"http:\/\/www.tvturk.com\/index.php\/wp-json\/wp\/v2\/posts\/139193\/revisions"}],"predecessor-version":[{"id":139198,"href":"http:\/\/www.tvturk.com\/index.php\/wp-json\/wp\/v2\/posts\/139193\/revisions\/139198"}],"wp:featuredmedia":[{"embeddable":true,"href":"http:\/\/www.tvturk.com\/index.php\/wp-json\/wp\/v2\/media\/139194"}],"wp:attachment":[{"href":"http:\/\/www.tvturk.com\/index.php\/wp-json\/wp\/v2\/media?parent=139193"}],"wp:term":[{"taxonomy":"category","embeddable":true,"href":"http:\/\/www.tvturk.com\/index.php\/wp-json\/wp\/v2\/categories?post=139193"},{"taxonomy":"post_tag","embeddable":true,"href":"http:\/\/www.tvturk.com\/index.php\/wp-json\/wp\/v2\/tags?post=139193"}],"curies":[{"name":"wp","href":"https:\/\/api.w.org\/{rel}","templated":true}]}}