{"id":13937,"date":"2019-02-08T20:42:56","date_gmt":"2019-02-08T17:42:56","guid":{"rendered":"http:\/\/www.tvturk.com\/index.php\/almanya-heyeti-cok-dilli-anaokulu-icin-geldi\/"},"modified":"2019-02-08T20:42:59","modified_gmt":"2019-02-08T17:42:59","slug":"almanya-heyeti-cok-dilli-anaokulu-icin-geldi","status":"publish","type":"post","link":"http:\/\/www.tvturk.com\/index.php\/almanya-heyeti-cok-dilli-anaokulu-icin-geldi\/","title":{"rendered":"Almanya heyeti \u00e7ok dilli anaokulu i\u00e7in geldi"},"content":{"rendered":"<p>Zonguldak\u2019\u0131n \u00c7aycuma \u0130l\u00e7esi\u2019nde \u00c7aycuma Belediyesinin \u00fclkede bir ilki ger\u00e7ekle\u015ftirip \u00e7ok dilli anaokulu hayata ge\u00e7irmek yapt\u0131\u011f\u0131 \u00e7al\u0131\u015fmalar kapsam\u0131nda, karde\u015f \u015fehri Lennestadt\u2019tan bir heyet \u00c7aycuma\u2019ya gelerek incelemelerde bulundu.?<\/p>\n<p>\u00c7aycuma Belediyesi \u0130stasyon Mahallesi\u2019nde yap\u0131m\u0131n\u0131 y\u00fczde 95 oran\u0131nda tamamlad\u0131\u011f\u0131 anaokulu binas\u0131nda, \u00fclkede bir ilki ger\u00e7ekle\u015ftirerek \u00e7ok dilli anaokulu a\u00e7acak. \u00c7aycumal\u0131 \u00e7ocuklar\u0131n d\u00fcnya ile daha h\u0131zl\u0131 ileti\u015fime ge\u00e7mesi, d\u0131\u015f \u00fclkelerle daha kolay entegrasyonunun sa\u011flanmas\u0131 amac\u0131yla Belediye Ba\u015fkan\u0131 B\u00fclent Kantarc\u0131 taraf\u0131ndan geli\u015ftirilen proje kapsam\u0131nda, Almanya\u2019dan bir heyet \u00c7aycuma\u2019ya geldi. Lennestandt Belediyesi Uyum Meclisi Ba\u015fkan\u0131 Nedim Kalemba\u015f\u0131, Lennestadt Uyum Meclisi \u00dcyesi ve emekli kre\u015f e\u011fitmeni Edeltraud Maria Wichtmann, Arnold Wlchtmann, Almanya \u00c7aycumal\u0131lar Derne\u011fi Ba\u015fkan\u0131 \u015eenol Alag\u00f6z ve Almanya\u2019da \u00e7ift dilli e\u011fitim alan\u0131nda faaliyet g\u00f6steren Turgay Tahtaba\u015f\u0131\u2019n\u0131n da aralar\u0131nda oldu\u011fu heyet ilk olarak \u0130stasyon Mahallesi\u2019nde yap\u0131m\u0131 bitmek \u00fczere olan okul binas\u0131n\u0131 inceledi. \u00c7aycuma Kaymakam\u0131 Serkan Ke\u00e7eli, \u00c7aycuma Belediye Ba\u015fkan\u0131 B\u00fclent Kantarc\u0131, Per\u015fembe Belediye Ba\u015fkan\u0131 \u0130smail \u0130nam, Belediye Ba\u015fkan Yard\u0131mc\u0131s\u0131 Timu\u00e7in Pak, \u0130l\u00e7e Milli E\u011fitim M\u00fcd\u00fcr\u00fc \u0130smail Ba\u015f, Belediye Meclis \u00dcyesi Cengiz G\u00f6k\u00e7e ve baz\u0131 birim amirleri ile \u00c7aycuma ve \u00c7evre K\u00f6ylerini Kalk\u0131nd\u0131rma Derne\u011fi Ba\u015fkan\u0131 Sava\u015f \u00c7ilo\u011flu\u2019nun da haz\u0131r bulundu\u011fu gezide, heyete bina hakk\u0131nda detayl\u0131 bilgi verildi. \u00a0Emekli kre\u015f e\u011fitmeni Edeltraud Maria Wichtmann, proje \u00fczerinde de detaylar\u0131yla \u00a0inceledi\u011fi binan\u0131n, son derece iyi haz\u0131rlanm\u0131\u015f oldu\u011funu s\u00f6yleyerek, burada murat edilen e\u011fitimin verilmesi i\u00e7in her \u015feyin uygun oldu\u011funu s\u00f6yledi.<\/p>\n<p>Heyet, daha sonra Lennestadt Belediye Ba\u015fkan\u0131 Stefan Hundt ile e\u015fi Kerstin Hunt\u2019un kat\u0131l\u0131m\u0131 ile ge\u00e7en y\u0131l a\u00e7\u0131l\u0131\u015f\u0131 yap\u0131lan Lennestadt Caddesi\u2019ni de gezerek, cadde tabelas\u0131 \u00f6n\u00fcnde hat\u0131ra foto\u011fraf\u0131 \u00e7ektirdi.?<\/p>\n<p>Alman heyet, beraberinde \u00c7aycuma Belediye Ba\u015fkan\u0131 B\u00fclent Kantarc\u0131, \u00c7aycuma ve \u00c7evre K\u00f6ylerini Kalk\u0131nd\u0131rma Derne\u011fi Ba\u015fkan\u0131 Sava\u015f \u00c7ilo\u011flu ile birlikte, \u00c7aycuma Kaymakam\u0131 Serkan Ke\u00e7eli\u2019ye bir nezaket ziyaretinde bulundu. \u00a0Ard\u0131ndan Pehlivanlar Anaokulunu \u00a0ziyaret eden heyet, anaokulu ve verilen e\u011fitim konusunda bilgi ald\u0131. Emekli kre\u015f e\u011fitmeni Edeltraud Maria Wichtmann, \u00f6zellikle \u00f6\u011fretmenlerle e\u011fitim konusunda g\u00f6r\u00fc\u015f al\u0131\u015fveri\u015finde bulundu. Wichtmann yeni yap\u0131lan binan\u0131n son derece iyi yap\u0131lm\u0131\u015f oldu\u011funu ve Almanya\u2019dakileri aratmad\u0131\u011f\u0131n\u0131 s\u00f6yleyerek son derece ho\u015fnut oldu\u011funu dile getirdi.<\/p>\n<p>Alman e\u011fitimci Edeltraud Maria Wichtmann Belediye Meclis Salonu\u2019nda, Almanya\u2019da verilen e\u011fitimin modeli, y\u00f6ntemi, materyalleri ve kullan\u0131lan ara\u00e7 gere\u00e7 konusunda bir sunum yapt\u0131. \u00c7aycuma\u2019da g\u00f6rd\u00fcklerinden \u00e7ok etkilendi\u011fini s\u00f6yleyen Wichtmann, okulun \u00e7ok h\u0131zl\u0131 bir \u015fekilde kurulmas\u0131 i\u00e7in her t\u00fcrl\u00fc deste\u011fi g\u00f6n\u00fcll\u00fc olarak sunmaya haz\u0131r oldu\u011funu s\u00f6yledi. Heyette bulunan E\u011fitimci Turgay Tahtaba\u015f ise \u00c7aycuma\u2019n\u0131n bir model \u015fehir olaca\u011f\u0131n\u0131 s\u00f6yleyerek, \u00e7ocuklar\u0131n d\u00fcnyaya entegre olabilmesi ve daha nitelikli olarak yeti\u015fmesi i\u00e7in \u00e7ok dilli anaokulunun \u00f6nemli i\u015flev g\u00f6rece\u011fini s\u00f6yledi. Tahtaba\u015f, \u201cBen s\u00fcrecin \u00e7ok daha uzun s\u00fcrece\u011fini d\u00fc\u015f\u00fcn\u00fcyordum. Ancak \u00e7ok h\u0131zl\u0131 geli\u015fiyor. Yap\u0131lan \u00e7al\u0131\u015fman\u0131n geri d\u00f6nd\u00fcr\u00fclemez a\u015famaya gelmi\u015f olmas\u0131ndan \u00e7ok mutluyum\u201d derken, Almanya \u00c7aycumal\u0131lar Derne\u011fi Ba\u015fkan\u0131 \u015eenol Alag\u00f6z, dernek olarak okula her t\u00fcrl\u00fc deste\u011fi sunacaklar\u0131n\u0131 s\u00f6yledi. \u00a0Belediye Ba\u015fkan\u0131 B\u00fclent Kantarc\u0131 sunumun ard\u0131ndan heyet \u00fcyelerine g\u00fcn\u00fcn an\u0131s\u0131na birer plaket sundu.?<\/p>\n<p>Heyet daha sonra, bir s\u00fcrpriz yaparak, Belediye Ba\u015fkan\u0131 B\u00fclent Kantarc\u0131 taraf\u0131ndan k\u0131y\u0131lan Burak \u00d6zbay, Merve Musluba\u015f \u00e7iftinin nik\u00e2h\u0131na kat\u0131ld\u0131. Gelin Merve Usluba\u015f\u2019\u0131n Almanya\u2019da ya\u015f\u0131yor olmas\u0131 nedeniyle \u00e7iftin ya\u015fam\u0131n\u0131 Almanya\u2019da s\u00fcrd\u00fcrmeyi planlamas\u0131, yap\u0131lan s\u00fcrprizi \u00e7ok daha anlaml\u0131 hale getirdi. Heyet ard\u0131ndan bir \u00c7aycuma gezisi yaparak, Belediye Ba\u015fkan yard\u0131mc\u0131s\u0131 Timu\u00e7in Pak\u2019tan belediye \u00e7al\u0131\u015fmalar\u0131 ve il\u00e7e hakk\u0131nda ayr\u0131nt\u0131l\u0131 bilgi ald\u0131.<div class=\"tiled-gallery type-rectangular tiled-gallery-unresized\" data-original-width=\"500\" data-carousel-extra='null' itemscope itemtype=\"http:\/\/schema.org\/ImageGallery\" > <div class=\"gallery-row\" style=\"width: 500px; height: 224px;\" data-original-width=\"500\" data-original-height=\"224\" > <div class=\"gallery-group images-1\" style=\"width: 334px; height: 224px;\" data-original-width=\"334\" data-original-height=\"224\" > <div class=\"tiled-gallery-item tiled-gallery-item-large\" itemprop=\"associatedMedia\" itemscope itemtype=\"http:\/\/schema.org\/ImageObject\"> <a href=\"http:\/\/www.tvturk.com\/index.php\/almanya-heyeti-cok-dilli-anaokulu-icin-geldi\/almanya-heyeti-cok-dilli-anaokulu-icin-geldi-3\/\" border=\"0\" itemprop=\"url\"> <meta itemprop=\"width\" content=\"330\"> <meta itemprop=\"height\" content=\"220\"> <img decoding=\"async\" class=\"\" data-attachment-id=\"13939\" data-orig-file=\"http:\/\/www.tvturk.com\/wp-content\/uploads\/2019\/02\/almanya-heyeti-cok-dilli-anaokulu-icin-geldi_ab3ecd0.jpg\" data-orig-size=\"1000,666\" data-comments-opened=\"\" data-image-meta=\"{&quot;aperture&quot;:&quot;0&quot;,&quot;credit&quot;:&quot;IHA&quot;,&quot;camera&quot;:&quot;&quot;,&quot;caption&quot;:&quot;ZONGULDAK\\u0027IN \\u00c7AYCUMA \\u0130L\\u00c7ES\\u0130\\u0027NDE \\u00c7AYCUMA BELED\\u0130YES\\u0130N\\u0130N \\u00dcLKEDE B\\u0130R \\u0130LK\\u0130 GER\\u00c7EKLE\\u015eT\\u0130R\\u0130P \\u00c7OK D\\u0130LL\\u0130 ANAOKULU HAYATA GE\\u00c7\\u0130RMEK (G\\u00dcLCAN \\u00c7OLAK\\\/ZONGULDAK-\\u0130HA)&quot;,&quot;created_timestamp&quot;:&quot;0&quot;,&quot;copyright&quot;:&quot;\\u0130HLAS HABER AJANSI, www.iha.com.tr&quot;,&quot;focal_length&quot;:&quot;0&quot;,&quot;iso&quot;:&quot;0&quot;,&quot;shutter_speed&quot;:&quot;0&quot;,&quot;title&quot;:&quot;ALMANYA HEYET\\u0130 \\u00c7OK D\\u0130LL\\u0130 ANAOKULU \\u0130\\u00c7\\u0130N GELD\\u0130&quot;,&quot;orientation&quot;:&quot;0&quot;}\" data-image-title=\"Almanya heyeti \u00e7ok dilli anaokulu i\u00e7in geldi\" data-image-description=\"&lt;p&gt;Almanya heyeti \u00e7ok dilli anaokulu i\u00e7in geldi&lt;\/p&gt; \" data-medium-file=\"https:\/\/i0.wp.com\/www.tvturk.com\/wp-content\/uploads\/2019\/02\/almanya-heyeti-cok-dilli-anaokulu-icin-geldi_ab3ecd0.jpg?fit=300%2C200\" data-large-file=\"https:\/\/i0.wp.com\/www.tvturk.com\/wp-content\/uploads\/2019\/02\/almanya-heyeti-cok-dilli-anaokulu-icin-geldi_ab3ecd0.jpg?fit=1000%2C666\" src=\"https:\/\/i0.wp.com\/www.tvturk.com\/wp-content\/uploads\/2019\/02\/almanya-heyeti-cok-dilli-anaokulu-icin-geldi_ab3ecd0.jpg?w=330&#038;h=220\" srcset=\"https:\/\/i0.wp.com\/www.tvturk.com\/wp-content\/uploads\/2019\/02\/almanya-heyeti-cok-dilli-anaokulu-icin-geldi_ab3ecd0.jpg?w=1000 1000w, https:\/\/i0.wp.com\/www.tvturk.com\/wp-content\/uploads\/2019\/02\/almanya-heyeti-cok-dilli-anaokulu-icin-geldi_ab3ecd0.jpg?resize=150%2C100 150w, https:\/\/i0.wp.com\/www.tvturk.com\/wp-content\/uploads\/2019\/02\/almanya-heyeti-cok-dilli-anaokulu-icin-geldi_ab3ecd0.jpg?resize=300%2C200 300w, https:\/\/i0.wp.com\/www.tvturk.com\/wp-content\/uploads\/2019\/02\/almanya-heyeti-cok-dilli-anaokulu-icin-geldi_ab3ecd0.jpg?resize=768%2C511 768w, https:\/\/i0.wp.com\/www.tvturk.com\/wp-content\/uploads\/2019\/02\/almanya-heyeti-cok-dilli-anaokulu-icin-geldi_ab3ecd0.jpg?resize=170%2C113 170w, https:\/\/i0.wp.com\/www.tvturk.com\/wp-content\/uploads\/2019\/02\/almanya-heyeti-cok-dilli-anaokulu-icin-geldi_ab3ecd0.jpg?resize=120%2C80 120w\" width=\"330\" height=\"220\" loading=\"lazy\" data-original-width=\"330\" data-original-height=\"220\" itemprop=\"http:\/\/schema.org\/image\" title=\"Almanya heyeti \u00e7ok dilli anaokulu i\u00e7in geldi\" alt=\"Almanya heyeti \u00e7ok dilli anaokulu i\u00e7in geldi\" style=\"width: 330px; height: 220px;\" \/> <\/a> <\/div> <\/div> <!-- close group --> <div class=\"gallery-group images-2\" style=\"width: 166px; height: 224px;\" data-original-width=\"166\" data-original-height=\"224\" > <div class=\"tiled-gallery-item tiled-gallery-item-small\" itemprop=\"associatedMedia\" itemscope itemtype=\"http:\/\/schema.org\/ImageObject\"> <a href=\"http:\/\/www.tvturk.com\/index.php\/almanya-heyeti-cok-dilli-anaokulu-icin-geldi\/almanya-heyeti-cok-dilli-anaokulu-icin-geldi-4\/\" border=\"0\" itemprop=\"url\"> <meta itemprop=\"width\" content=\"162\"> <meta itemprop=\"height\" content=\"108\"> <img decoding=\"async\" class=\"\" data-attachment-id=\"13940\" data-orig-file=\"http:\/\/www.tvturk.com\/wp-content\/uploads\/2019\/02\/almanya-heyeti-cok-dilli-anaokulu-icin-geldi_e07b4d5.jpg\" data-orig-size=\"1000,667\" data-comments-opened=\"\" data-image-meta=\"{&quot;aperture&quot;:&quot;0&quot;,&quot;credit&quot;:&quot;IHA&quot;,&quot;camera&quot;:&quot;&quot;,&quot;caption&quot;:&quot;ZONGULDAK\\u0027IN \\u00c7AYCUMA \\u0130L\\u00c7ES\\u0130\\u0027NDE \\u00c7AYCUMA BELED\\u0130YES\\u0130N\\u0130N \\u00dcLKEDE B\\u0130R \\u0130LK\\u0130 GER\\u00c7EKLE\\u015eT\\u0130R\\u0130P \\u00c7OK D\\u0130LL\\u0130 ANAOKULU HAYATA GE\\u00c7\\u0130RMEK (G\\u00dcLCAN \\u00c7OLAK\\\/ZONGULDAK-\\u0130HA)&quot;,&quot;created_timestamp&quot;:&quot;0&quot;,&quot;copyright&quot;:&quot;\\u0130HLAS HABER AJANSI, www.iha.com.tr&quot;,&quot;focal_length&quot;:&quot;0&quot;,&quot;iso&quot;:&quot;0&quot;,&quot;shutter_speed&quot;:&quot;0&quot;,&quot;title&quot;:&quot;ALMANYA HEYET\\u0130 \\u00c7OK D\\u0130LL\\u0130 ANAOKULU \\u0130\\u00c7\\u0130N GELD\\u0130&quot;,&quot;orientation&quot;:&quot;0&quot;}\" data-image-title=\"Almanya heyeti \u00e7ok dilli anaokulu i\u00e7in geldi\" data-image-description=\"&lt;p&gt;Almanya heyeti \u00e7ok dilli anaokulu i\u00e7in geldi&lt;\/p&gt; \" data-medium-file=\"https:\/\/i0.wp.com\/www.tvturk.com\/wp-content\/uploads\/2019\/02\/almanya-heyeti-cok-dilli-anaokulu-icin-geldi_e07b4d5.jpg?fit=300%2C200\" data-large-file=\"https:\/\/i0.wp.com\/www.tvturk.com\/wp-content\/uploads\/2019\/02\/almanya-heyeti-cok-dilli-anaokulu-icin-geldi_e07b4d5.jpg?fit=1000%2C667\" src=\"https:\/\/i0.wp.com\/www.tvturk.com\/wp-content\/uploads\/2019\/02\/almanya-heyeti-cok-dilli-anaokulu-icin-geldi_e07b4d5.jpg?w=162&#038;h=108\" srcset=\"https:\/\/i0.wp.com\/www.tvturk.com\/wp-content\/uploads\/2019\/02\/almanya-heyeti-cok-dilli-anaokulu-icin-geldi_e07b4d5.jpg?w=1000 1000w, https:\/\/i0.wp.com\/www.tvturk.com\/wp-content\/uploads\/2019\/02\/almanya-heyeti-cok-dilli-anaokulu-icin-geldi_e07b4d5.jpg?resize=150%2C100 150w, https:\/\/i0.wp.com\/www.tvturk.com\/wp-content\/uploads\/2019\/02\/almanya-heyeti-cok-dilli-anaokulu-icin-geldi_e07b4d5.jpg?resize=300%2C200 300w, https:\/\/i0.wp.com\/www.tvturk.com\/wp-content\/uploads\/2019\/02\/almanya-heyeti-cok-dilli-anaokulu-icin-geldi_e07b4d5.jpg?resize=768%2C512 768w, https:\/\/i0.wp.com\/www.tvturk.com\/wp-content\/uploads\/2019\/02\/almanya-heyeti-cok-dilli-anaokulu-icin-geldi_e07b4d5.jpg?resize=170%2C113 170w, https:\/\/i0.wp.com\/www.tvturk.com\/wp-content\/uploads\/2019\/02\/almanya-heyeti-cok-dilli-anaokulu-icin-geldi_e07b4d5.jpg?resize=120%2C80 120w\" width=\"162\" height=\"108\" loading=\"lazy\" data-original-width=\"162\" data-original-height=\"108\" itemprop=\"http:\/\/schema.org\/image\" title=\"Almanya heyeti \u00e7ok dilli anaokulu i\u00e7in geldi\" alt=\"Almanya heyeti \u00e7ok dilli anaokulu i\u00e7in geldi\" style=\"width: 162px; height: 108px;\" \/> <\/a> <\/div> <div class=\"tiled-gallery-item tiled-gallery-item-small\" itemprop=\"associatedMedia\" itemscope itemtype=\"http:\/\/schema.org\/ImageObject\"> <a href=\"http:\/\/www.tvturk.com\/index.php\/almanya-heyeti-cok-dilli-anaokulu-icin-geldi\/almanya-heyeti-cok-dilli-anaokulu-icin-geldi-5\/\" border=\"0\" itemprop=\"url\"> <meta itemprop=\"width\" content=\"162\"> <meta itemprop=\"height\" content=\"108\"> <img decoding=\"async\" class=\"\" data-attachment-id=\"13941\" data-orig-file=\"http:\/\/www.tvturk.com\/wp-content\/uploads\/2019\/02\/almanya-heyeti-cok-dilli-anaokulu-icin-geldi_0680a69.jpg\" data-orig-size=\"1000,667\" data-comments-opened=\"\" data-image-meta=\"{&quot;aperture&quot;:&quot;0&quot;,&quot;credit&quot;:&quot;IHA&quot;,&quot;camera&quot;:&quot;&quot;,&quot;caption&quot;:&quot;ZONGULDAK\\u0027IN \\u00c7AYCUMA \\u0130L\\u00c7ES\\u0130\\u0027NDE \\u00c7AYCUMA BELED\\u0130YES\\u0130N\\u0130N \\u00dcLKEDE B\\u0130R \\u0130LK\\u0130 GER\\u00c7EKLE\\u015eT\\u0130R\\u0130P \\u00c7OK D\\u0130LL\\u0130 ANAOKULU HAYATA GE\\u00c7\\u0130RMEK (G\\u00dcLCAN \\u00c7OLAK\\\/ZONGULDAK-\\u0130HA)&quot;,&quot;created_timestamp&quot;:&quot;0&quot;,&quot;copyright&quot;:&quot;\\u0130HLAS HABER AJANSI, www.iha.com.tr&quot;,&quot;focal_length&quot;:&quot;0&quot;,&quot;iso&quot;:&quot;0&quot;,&quot;shutter_speed&quot;:&quot;0&quot;,&quot;title&quot;:&quot;ALMANYA HEYET\\u0130 \\u00c7OK D\\u0130LL\\u0130 ANAOKULU \\u0130\\u00c7\\u0130N GELD\\u0130&quot;,&quot;orientation&quot;:&quot;0&quot;}\" data-image-title=\"Almanya heyeti \u00e7ok dilli anaokulu i\u00e7in geldi\" data-image-description=\"&lt;p&gt;Almanya heyeti \u00e7ok dilli anaokulu i\u00e7in geldi&lt;\/p&gt; \" data-medium-file=\"https:\/\/i0.wp.com\/www.tvturk.com\/wp-content\/uploads\/2019\/02\/almanya-heyeti-cok-dilli-anaokulu-icin-geldi_0680a69.jpg?fit=300%2C200\" data-large-file=\"https:\/\/i0.wp.com\/www.tvturk.com\/wp-content\/uploads\/2019\/02\/almanya-heyeti-cok-dilli-anaokulu-icin-geldi_0680a69.jpg?fit=1000%2C667\" src=\"https:\/\/i0.wp.com\/www.tvturk.com\/wp-content\/uploads\/2019\/02\/almanya-heyeti-cok-dilli-anaokulu-icin-geldi_0680a69.jpg?w=162&#038;h=108\" srcset=\"https:\/\/i0.wp.com\/www.tvturk.com\/wp-content\/uploads\/2019\/02\/almanya-heyeti-cok-dilli-anaokulu-icin-geldi_0680a69.jpg?w=1000 1000w, https:\/\/i0.wp.com\/www.tvturk.com\/wp-content\/uploads\/2019\/02\/almanya-heyeti-cok-dilli-anaokulu-icin-geldi_0680a69.jpg?resize=150%2C100 150w, https:\/\/i0.wp.com\/www.tvturk.com\/wp-content\/uploads\/2019\/02\/almanya-heyeti-cok-dilli-anaokulu-icin-geldi_0680a69.jpg?resize=300%2C200 300w, https:\/\/i0.wp.com\/www.tvturk.com\/wp-content\/uploads\/2019\/02\/almanya-heyeti-cok-dilli-anaokulu-icin-geldi_0680a69.jpg?resize=768%2C512 768w, https:\/\/i0.wp.com\/www.tvturk.com\/wp-content\/uploads\/2019\/02\/almanya-heyeti-cok-dilli-anaokulu-icin-geldi_0680a69.jpg?resize=170%2C113 170w, https:\/\/i0.wp.com\/www.tvturk.com\/wp-content\/uploads\/2019\/02\/almanya-heyeti-cok-dilli-anaokulu-icin-geldi_0680a69.jpg?resize=120%2C80 120w\" width=\"162\" height=\"108\" loading=\"lazy\" data-original-width=\"162\" data-original-height=\"108\" itemprop=\"http:\/\/schema.org\/image\" title=\"Almanya heyeti \u00e7ok dilli anaokulu i\u00e7in geldi\" alt=\"Almanya heyeti \u00e7ok dilli anaokulu i\u00e7in geldi\" style=\"width: 162px; height: 108px;\" \/> <\/a> <\/div> <\/div> <!-- close group --> <\/div> <!-- close row --> <\/div><\/p>\n","protected":false},"excerpt":{"rendered":"<p>ZONGULDAK&#8217;IN \u00c7AYCUMA \u0130L\u00c7ES\u0130&#8217;NDE \u00c7AYCUMA BELED\u0130YES\u0130N\u0130N \u00dcLKEDE B\u0130R \u0130LK\u0130 GER\u00c7EKLE\u015eT\u0130R\u0130P \u00c7OK D\u0130LL\u0130 ANAOKULU HAYATA GE\u00c7\u0130RMEK<\/p>\n","protected":false},"author":1,"featured_media":13938,"comment_status":"closed","ping_status":"open","sticky":false,"template":"","format":"standard","meta":{"jetpack_post_was_ever_published":false,"_jetpack_newsletter_access":"","_jetpack_dont_email_post_to_subs":false,"_jetpack_newsletter_tier_id":0,"_jetpack_memberships_contains_paywalled_content":false,"_jetpack_memberships_contains_paid_content":false,"footnotes":"","jetpack_publicize_message":"","jetpack_publicize_feature_enabled":true,"jetpack_social_post_already_shared":false,"jetpack_social_options":{"image_generator_settings":{"template":"highway","default_image_id":0,"font":"","enabled":false},"version":2}},"categories":[655],"tags":[42,2890,105,6932,127,615,44],"class_list":["post-13937","post","type-post","status-publish","format-standard","has-post-thumbnail","hentry","category-son-dakika","tag-almanya","tag-anaokulu","tag-cok","tag-dilli","tag-geldi","tag-heyeti","tag-icin"],"jetpack_publicize_connections":[],"jetpack_featured_media_url":"https:\/\/i0.wp.com\/www.tvturk.com\/wp-content\/uploads\/2019\/02\/almanya-heyeti-cok-dilli-anaokulu-icin-geldi_b6fb5fb.jpg?fit=1000%2C667","jetpack_sharing_enabled":true,"jetpack_shortlink":"https:\/\/wp.me\/paKIfm-3CN","_links":{"self":[{"href":"http:\/\/www.tvturk.com\/index.php\/wp-json\/wp\/v2\/posts\/13937","targetHints":{"allow":["GET"]}}],"collection":[{"href":"http:\/\/www.tvturk.com\/index.php\/wp-json\/wp\/v2\/posts"}],"about":[{"href":"http:\/\/www.tvturk.com\/index.php\/wp-json\/wp\/v2\/types\/post"}],"author":[{"embeddable":true,"href":"http:\/\/www.tvturk.com\/index.php\/wp-json\/wp\/v2\/users\/1"}],"replies":[{"embeddable":true,"href":"http:\/\/www.tvturk.com\/index.php\/wp-json\/wp\/v2\/comments?post=13937"}],"version-history":[{"count":1,"href":"http:\/\/www.tvturk.com\/index.php\/wp-json\/wp\/v2\/posts\/13937\/revisions"}],"predecessor-version":[{"id":13942,"href":"http:\/\/www.tvturk.com\/index.php\/wp-json\/wp\/v2\/posts\/13937\/revisions\/13942"}],"wp:featuredmedia":[{"embeddable":true,"href":"http:\/\/www.tvturk.com\/index.php\/wp-json\/wp\/v2\/media\/13938"}],"wp:attachment":[{"href":"http:\/\/www.tvturk.com\/index.php\/wp-json\/wp\/v2\/media?parent=13937"}],"wp:term":[{"taxonomy":"category","embeddable":true,"href":"http:\/\/www.tvturk.com\/index.php\/wp-json\/wp\/v2\/categories?post=13937"},{"taxonomy":"post_tag","embeddable":true,"href":"http:\/\/www.tvturk.com\/index.php\/wp-json\/wp\/v2\/tags?post=13937"}],"curies":[{"name":"wp","href":"https:\/\/api.w.org\/{rel}","templated":true}]}}