{"id":139490,"date":"2019-04-17T10:15:10","date_gmt":"2019-04-17T07:15:10","guid":{"rendered":"http:\/\/www.tvturk.com\/index.php\/baskan-yildiz-genc-okculara-odullerini-takdim-etti\/"},"modified":"2019-04-17T10:15:13","modified_gmt":"2019-04-17T07:15:13","slug":"baskan-yildiz-genc-okculara-odullerini-takdim-etti","status":"publish","type":"post","link":"http:\/\/www.tvturk.com\/index.php\/baskan-yildiz-genc-okculara-odullerini-takdim-etti\/","title":{"rendered":"Ba\u015fkan Y\u0131ld\u0131z, gen\u00e7 ok\u00e7ulara \u00f6d\u00fcllerini takdim etti"},"content":{"rendered":"<p>\u201cOk\u00e7uluk Benim Sporum Projesi\u201d kapsam\u0131nda d\u00fczenlenen Okullararas\u0131 Ok\u00e7uluk Turnuvas\u0131\u2019n\u0131n \u00f6d\u00fcl t\u00f6renine kat\u0131lan Beyo\u011flu Belediye Ba\u015fkan\u0131 Haydar Ali Y\u0131ld\u0131z, \u201c\u0130stanbul\u2019un fethinden itibaren d\u00fcnyan\u0131n en b\u00fcy\u00fck ok\u00e7ular\u0131n\u0131 yeti\u015ftirmi\u015f olan Ok\u00e7ular Tekkesi\u2019nde, Ok\u00e7ular Vakf\u0131 olarak geli\u015ftirdi\u011fimiz projelerle t\u00fcm gen\u00e7lerimizi ok\u00e7ulukta tan\u0131\u015ft\u0131r\u0131yoruz\u201d dedi.<\/p>\n<p>Ok\u00e7ular Vakf\u0131, \u0130stanbul \u0130l Milli E\u011fitim M\u00fcd\u00fcrl\u00fc\u011f\u00fc ve Beyo\u011flu \u0130l\u00e7e Milli E\u011fitim M\u00fcd\u00fcrl\u00fc\u011f\u00fc taraf\u0131ndan hayata ge\u00e7irilen \u201cOk\u00e7uluk Benim Sporum Projesi\u201d kapsam\u0131nda d\u00fczenlenen Okullar aras\u0131 Ok\u00e7uluk Turnuvas\u0131 tamamland\u0131. Turnuvada dereceye giren \u00f6\u011frencilere Ok\u00e7ular Vakf\u0131\u2019nda ger\u00e7ekle\u015ftirilen t\u00f6renle \u00f6d\u00fclleri takdim edildi. \u00d6d\u00fcl t\u00f6renine Beyo\u011flu Belediye Ba\u015fkan\u0131 Haydar Ali Y\u0131ld\u0131z ve \u0130l\u00e7e Milli E\u011fitim M\u00fcd\u00fcr\u00fc Cemil Sar\u0131c\u0131\u2019n\u0131n yan\u0131 s\u0131ra \u00e7ok say\u0131da sporsever de kat\u0131ld\u0131.<\/p>\n<p>\u2018Ok\u00e7uluk t\u0131p d\u00fcnyas\u0131n\u0131n \u00f6nerdi\u011fi bir spordur\u2019<\/p>\n<p>\u00d6d\u00fcl t\u00f6reninde a\u00e7\u0131klamalarda bulunan Ba\u015fkan Haydar Ali Y\u0131ld\u0131z, &#8220;Ok\u00e7uluk sporunu, T\u00fcrk ok\u00e7ulu\u011funu, toplumdaki gen\u00e7lerimize yayg\u0131nla\u015fmas\u0131 i\u00e7in \u00f6zellikle okullarda; ilkokul, orta ve lise seviyesinde \u00e7al\u0131\u015fmalar\u0131m\u0131z\u0131 y\u00fcr\u00fct\u00fcyoruz. Bu anlamda ciddi bir ilginin oldu\u011funu g\u00f6zlemliyoruz. \u2018Ok\u00e7uluk Benim Sporum\u2019 projesi; ruh ve beden geli\u015fimi, dikkat, motivasyon ve hedefe odaklanma gibi gen\u00e7lerimizin zaman zaman ya\u015fad\u0131\u011f\u0131 bir tak\u0131m sorunlar\u0131 giderme bak\u0131m\u0131ndan b\u00fct\u00fcn \u00f6\u011frencilere t\u0131p d\u00fcnyas\u0131n\u0131n da \u00f6nerdi\u011fi bir spor\u201d dedi.<\/p>\n<p>\u2018\u00d6\u011frencilerimizi tebrik ediyorum\u2019<\/p>\n<p>Ba\u015fkan Y\u0131ld\u0131z, \u201c\u0130stanbul\u2019un fethinden itibaren d\u00fcnyan\u0131n en b\u00fcy\u00fck ok\u00e7ular\u0131n\u0131 yeti\u015ftirmi\u015f olan Ok\u00e7ular Tekkesi\u2019nde, Ok\u00e7ular Vakf\u0131 olarak geli\u015ftirdi\u011fimiz projelerle t\u00fcm gen\u00e7lerimizi ok\u00e7ulukta tan\u0131\u015ft\u0131r\u0131yoruz. Bug\u00fcn de bu proje kapsam\u0131nda yap\u0131lan m\u00fcsabakalar neticesinde ba\u015far\u0131 elde eden sporcular\u0131m\u0131za da il ve il\u00e7e milli e\u011fitim m\u00fcd\u00fcrlerimizle bir \u00f6d\u00fcl t\u00f6reni ger\u00e7ekle\u015ftirdik. Herkes i\u00e7in hay\u0131rl\u0131 olmas\u0131n\u0131 diliyorum ve \u00f6\u011frencilerimizi tebrik ediyorum\u201d ifadelerini kulland\u0131.<\/p>\n<p>\u2018Ok\u00e7uluk, t\u00fcm T\u00fcrkiye\u2019yi saracak\u2019<\/p>\n<p>Beyo\u011flu \u0130l\u00e7e Milli E\u011fitim M\u00fcd\u00fcr\u00fc Cemil Sar\u0131c\u0131 ise \u201cOk\u00e7uluk ve Beyo\u011flu birbiriyle \u00f6zde\u015fle\u015fmi\u015f bir kavram. Beyo\u011flu\u2019nda ba\u015flayan bu hikaye, vakf\u0131m\u0131z\u0131n, \u0130l Milli E\u011fitim M\u00fcd\u00fcrl\u00fc\u011f\u00fc\u2019m\u00fcz\u00fcn himayesinde ye\u015ferdi, geni\u015fledi ve \u0130stanbul\u2019u sard\u0131. \u015eimdi yava\u015f yava\u015f T\u00fcrkiye\u2019yi saracak. Burada yap\u0131lan \u00e7al\u0131\u015fmalara, mazimizde a\u015f\u0131lamam\u0131\u015f derecelere imza atm\u0131\u015f bir sporcu kitlesine, sadece spor olarak bakm\u0131yoruz, hem beden e\u011fitimi hem ruh e\u011fitimi olarak bak\u0131yoruz\u201d \u015feklinde konu\u015ftu.<div class=\"tiled-gallery type-rectangular tiled-gallery-unresized\" data-original-width=\"500\" data-carousel-extra='null' itemscope itemtype=\"http:\/\/schema.org\/ImageGallery\" > <div class=\"gallery-row\" style=\"width: 500px; height: 216px;\" data-original-width=\"500\" data-original-height=\"216\" > <div class=\"gallery-group images-1\" style=\"width: 336px; height: 216px;\" data-original-width=\"336\" data-original-height=\"216\" > <div class=\"tiled-gallery-item tiled-gallery-item-large\" itemprop=\"associatedMedia\" itemscope itemtype=\"http:\/\/schema.org\/ImageObject\"> <a href=\"http:\/\/www.tvturk.com\/index.php\/baskan-yildiz-genc-okculara-odullerini-takdim-etti\/baskan-yildiz-genc-okculara-odullerini-takdim-etti-3\/\" border=\"0\" itemprop=\"url\"> <meta itemprop=\"width\" content=\"332\"> <meta itemprop=\"height\" content=\"212\"> <img decoding=\"async\" class=\"\" data-attachment-id=\"139492\" data-orig-file=\"http:\/\/www.tvturk.com\/wp-content\/uploads\/2019\/04\/baskan-yildiz-genc-okculara-odullerini-takdim-etti_7ed1010.jpg\" data-orig-size=\"960,614\" data-comments-opened=\"\" data-image-meta=\"{&quot;aperture&quot;:&quot;0&quot;,&quot;credit&quot;:&quot;IHA&quot;,&quot;camera&quot;:&quot;&quot;,&quot;caption&quot;:&quot;BA\\u015eKAN YILDIZ, GEN\\u00c7 OK\\u00c7ULARA \\u00d6D\\u00dcLLER\\u0130N\\u0130 TAKD\\u0130M ETT\\u0130 (\\u0130HA\\\/\\u0130STANBUL-\\u0130HA)&quot;,&quot;created_timestamp&quot;:&quot;0&quot;,&quot;copyright&quot;:&quot;\\u0130HLAS HABER AJANSI, www.iha.com.tr&quot;,&quot;focal_length&quot;:&quot;0&quot;,&quot;iso&quot;:&quot;0&quot;,&quot;shutter_speed&quot;:&quot;0&quot;,&quot;title&quot;:&quot;BA\\u015eKAN YILDIZ, GEN\\u00c7 OK\\u00c7ULARA \\u00d6D\\u00dcLLER\\u0130N\\u0130 TAKD\\u0130M ETT\\u0130 BA\\u015eKAN YILDIZ, \\u201cOK\\u00c7ULUK TIP D\\u00dcNYASININ \\u00d6NERD\\u0130\\u011e\\u0130 B\\u0130R SPORDUR\\u201d&quot;,&quot;orientation&quot;:&quot;0&quot;}\" data-image-title=\"Ba\u015fkan Y\u0131ld\u0131z, gen\u00e7 ok\u00e7ulara \u00f6d\u00fcllerini takdim etti\" data-image-description=\"&lt;p&gt;Ba\u015fkan Y\u0131ld\u0131z, gen\u00e7 ok\u00e7ulara \u00f6d\u00fcllerini takdim etti&lt;\/p&gt; \" data-medium-file=\"https:\/\/i0.wp.com\/www.tvturk.com\/wp-content\/uploads\/2019\/04\/baskan-yildiz-genc-okculara-odullerini-takdim-etti_7ed1010.jpg?fit=300%2C192\" data-large-file=\"https:\/\/i0.wp.com\/www.tvturk.com\/wp-content\/uploads\/2019\/04\/baskan-yildiz-genc-okculara-odullerini-takdim-etti_7ed1010.jpg?fit=960%2C614\" src=\"https:\/\/i0.wp.com\/www.tvturk.com\/wp-content\/uploads\/2019\/04\/baskan-yildiz-genc-okculara-odullerini-takdim-etti_7ed1010.jpg?w=332&#038;h=212\" srcset=\"https:\/\/i0.wp.com\/www.tvturk.com\/wp-content\/uploads\/2019\/04\/baskan-yildiz-genc-okculara-odullerini-takdim-etti_7ed1010.jpg?w=960 960w, https:\/\/i0.wp.com\/www.tvturk.com\/wp-content\/uploads\/2019\/04\/baskan-yildiz-genc-okculara-odullerini-takdim-etti_7ed1010.jpg?resize=150%2C96 150w, https:\/\/i0.wp.com\/www.tvturk.com\/wp-content\/uploads\/2019\/04\/baskan-yildiz-genc-okculara-odullerini-takdim-etti_7ed1010.jpg?resize=300%2C192 300w, https:\/\/i0.wp.com\/www.tvturk.com\/wp-content\/uploads\/2019\/04\/baskan-yildiz-genc-okculara-odullerini-takdim-etti_7ed1010.jpg?resize=768%2C491 768w\" width=\"332\" height=\"212\" loading=\"lazy\" data-original-width=\"332\" data-original-height=\"212\" itemprop=\"http:\/\/schema.org\/image\" title=\"Ba\u015fkan Y\u0131ld\u0131z, gen\u00e7 ok\u00e7ulara \u00f6d\u00fcllerini takdim etti\" alt=\"Ba\u015fkan Y\u0131ld\u0131z, gen\u00e7 ok\u00e7ulara \u00f6d\u00fcllerini takdim etti\" style=\"width: 332px; height: 212px;\" \/> <\/a> <\/div> <\/div> <!-- close group --> <div class=\"gallery-group images-2\" style=\"width: 164px; height: 216px;\" data-original-width=\"164\" data-original-height=\"216\" > <div class=\"tiled-gallery-item tiled-gallery-item-small\" itemprop=\"associatedMedia\" itemscope itemtype=\"http:\/\/schema.org\/ImageObject\"> <a href=\"http:\/\/www.tvturk.com\/index.php\/baskan-yildiz-genc-okculara-odullerini-takdim-etti\/baskan-yildiz-genc-okculara-odullerini-takdim-etti-4\/\" border=\"0\" itemprop=\"url\"> <meta itemprop=\"width\" content=\"160\"> <meta itemprop=\"height\" content=\"105\"> <img decoding=\"async\" class=\"\" data-attachment-id=\"139493\" data-orig-file=\"http:\/\/www.tvturk.com\/wp-content\/uploads\/2019\/04\/baskan-yildiz-genc-okculara-odullerini-takdim-etti_7a7a5ec.jpg\" data-orig-size=\"960,630\" data-comments-opened=\"\" data-image-meta=\"{&quot;aperture&quot;:&quot;0&quot;,&quot;credit&quot;:&quot;IHA&quot;,&quot;camera&quot;:&quot;&quot;,&quot;caption&quot;:&quot;OK\\u00c7ULAR VAKFI, \\u0130STANBUL \\u0130L M\\u0130LL\\u0130 E\\u011e\\u0130T\\u0130M M\\u00dcD\\u00dcRL\\u00dc\\u011e\\u00dc VE BEYO\\u011eLU \\u0130L\\u00c7E M\\u0130LL\\u0130 E\\u011e\\u0130T\\u0130M M\\u00dcD\\u00dcRL\\u00dc\\u011e\\u00dc TARAFINDAN HAYATA GE\\u00c7\\u0130R\\u0130LEN \\u201cOK\\u00c7ULUK BEN\\u0130M SPORUM PROJES\\u0130\\u201d KAPSAMINDA D\\u00dcZENLENEN OKULLAR ARASI OK\\u00c7ULUK TURNUVASI TAMAMLANDI. T (\\u0130HA\\\/\\u0130STANBUL-\\u0130HA)&quot;,&quot;created_timestamp&quot;:&quot;0&quot;,&quot;copyright&quot;:&quot;\\u0130HLAS HABER AJANSI, www.iha.com.tr&quot;,&quot;focal_length&quot;:&quot;0&quot;,&quot;iso&quot;:&quot;0&quot;,&quot;shutter_speed&quot;:&quot;0&quot;,&quot;title&quot;:&quot;BA\\u015eKAN YILDIZ, GEN\\u00c7 OK\\u00c7ULARA \\u00d6D\\u00dcLLER\\u0130N\\u0130 TAKD\\u0130M ETT\\u0130 BA\\u015eKAN YILDIZ, \\u201cOK\\u00c7ULUK TIP D\\u00dcNYASININ \\u00d6NERD\\u0130\\u011e\\u0130 B\\u0130R SPORDUR\\u201d&quot;,&quot;orientation&quot;:&quot;0&quot;}\" data-image-title=\"Ba\u015fkan Y\u0131ld\u0131z, gen\u00e7 ok\u00e7ulara \u00f6d\u00fcllerini takdim etti\" data-image-description=\"&lt;p&gt;Ba\u015fkan Y\u0131ld\u0131z, gen\u00e7 ok\u00e7ulara \u00f6d\u00fcllerini takdim etti&lt;\/p&gt; \" data-medium-file=\"https:\/\/i0.wp.com\/www.tvturk.com\/wp-content\/uploads\/2019\/04\/baskan-yildiz-genc-okculara-odullerini-takdim-etti_7a7a5ec.jpg?fit=300%2C197\" data-large-file=\"https:\/\/i0.wp.com\/www.tvturk.com\/wp-content\/uploads\/2019\/04\/baskan-yildiz-genc-okculara-odullerini-takdim-etti_7a7a5ec.jpg?fit=960%2C630\" src=\"https:\/\/i0.wp.com\/www.tvturk.com\/wp-content\/uploads\/2019\/04\/baskan-yildiz-genc-okculara-odullerini-takdim-etti_7a7a5ec.jpg?w=160&#038;h=105\" srcset=\"https:\/\/i0.wp.com\/www.tvturk.com\/wp-content\/uploads\/2019\/04\/baskan-yildiz-genc-okculara-odullerini-takdim-etti_7a7a5ec.jpg?w=960 960w, https:\/\/i0.wp.com\/www.tvturk.com\/wp-content\/uploads\/2019\/04\/baskan-yildiz-genc-okculara-odullerini-takdim-etti_7a7a5ec.jpg?resize=150%2C98 150w, https:\/\/i0.wp.com\/www.tvturk.com\/wp-content\/uploads\/2019\/04\/baskan-yildiz-genc-okculara-odullerini-takdim-etti_7a7a5ec.jpg?resize=300%2C197 300w, https:\/\/i0.wp.com\/www.tvturk.com\/wp-content\/uploads\/2019\/04\/baskan-yildiz-genc-okculara-odullerini-takdim-etti_7a7a5ec.jpg?resize=768%2C504 768w, https:\/\/i0.wp.com\/www.tvturk.com\/wp-content\/uploads\/2019\/04\/baskan-yildiz-genc-okculara-odullerini-takdim-etti_7a7a5ec.jpg?resize=510%2C330 510w, https:\/\/i0.wp.com\/www.tvturk.com\/wp-content\/uploads\/2019\/04\/baskan-yildiz-genc-okculara-odullerini-takdim-etti_7a7a5ec.jpg?resize=170%2C113 170w, https:\/\/i0.wp.com\/www.tvturk.com\/wp-content\/uploads\/2019\/04\/baskan-yildiz-genc-okculara-odullerini-takdim-etti_7a7a5ec.jpg?resize=120%2C80 120w\" width=\"160\" height=\"105\" loading=\"lazy\" data-original-width=\"160\" data-original-height=\"105\" itemprop=\"http:\/\/schema.org\/image\" title=\"Ba\u015fkan Y\u0131ld\u0131z, gen\u00e7 ok\u00e7ulara \u00f6d\u00fcllerini takdim etti\" alt=\"Ba\u015fkan Y\u0131ld\u0131z, gen\u00e7 ok\u00e7ulara \u00f6d\u00fcllerini takdim etti\" style=\"width: 160px; height: 105px;\" \/> <\/a> <\/div> <div class=\"tiled-gallery-item tiled-gallery-item-small\" itemprop=\"associatedMedia\" itemscope itemtype=\"http:\/\/schema.org\/ImageObject\"> <a href=\"http:\/\/www.tvturk.com\/index.php\/baskan-yildiz-genc-okculara-odullerini-takdim-etti\/baskan-yildiz-genc-okculara-odullerini-takdim-etti-5\/\" border=\"0\" itemprop=\"url\"> <meta itemprop=\"width\" content=\"160\"> <meta itemprop=\"height\" content=\"103\"> <img decoding=\"async\" class=\"\" data-attachment-id=\"139494\" data-orig-file=\"http:\/\/www.tvturk.com\/wp-content\/uploads\/2019\/04\/baskan-yildiz-genc-okculara-odullerini-takdim-etti_02fc328.jpg\" data-orig-size=\"960,616\" data-comments-opened=\"\" data-image-meta=\"{&quot;aperture&quot;:&quot;0&quot;,&quot;credit&quot;:&quot;IHA&quot;,&quot;camera&quot;:&quot;&quot;,&quot;caption&quot;:&quot;URNUVADA DERECEYE G\\u0130REN \\u00d6\\u011eRENC\\u0130LERE OK\\u00c7ULAR VAKFI\\u2019NDA GER\\u00c7EKLE\\u015eT\\u0130R\\u0130LEN T\\u00d6RENLE \\u00d6D\\u00dcLLER\\u0130 TAKD\\u0130M ED\\u0130LD\\u0130. (\\u0130HA\\\/\\u0130STANBUL-\\u0130HA)&quot;,&quot;created_timestamp&quot;:&quot;0&quot;,&quot;copyright&quot;:&quot;\\u0130HLAS HABER AJANSI, www.iha.com.tr&quot;,&quot;focal_length&quot;:&quot;0&quot;,&quot;iso&quot;:&quot;0&quot;,&quot;shutter_speed&quot;:&quot;0&quot;,&quot;title&quot;:&quot;BA\\u015eKAN YILDIZ, GEN\\u00c7 OK\\u00c7ULARA \\u00d6D\\u00dcLLER\\u0130N\\u0130 TAKD\\u0130M ETT\\u0130 BA\\u015eKAN YILDIZ, \\u201cOK\\u00c7ULUK TIP D\\u00dcNYASININ \\u00d6NERD\\u0130\\u011e\\u0130 B\\u0130R SPORDUR\\u201d&quot;,&quot;orientation&quot;:&quot;0&quot;}\" data-image-title=\"Ba\u015fkan Y\u0131ld\u0131z, gen\u00e7 ok\u00e7ulara \u00f6d\u00fcllerini takdim etti\" data-image-description=\"&lt;p&gt;Ba\u015fkan Y\u0131ld\u0131z, gen\u00e7 ok\u00e7ulara \u00f6d\u00fcllerini takdim etti&lt;\/p&gt; \" data-medium-file=\"https:\/\/i0.wp.com\/www.tvturk.com\/wp-content\/uploads\/2019\/04\/baskan-yildiz-genc-okculara-odullerini-takdim-etti_02fc328.jpg?fit=300%2C193\" data-large-file=\"https:\/\/i0.wp.com\/www.tvturk.com\/wp-content\/uploads\/2019\/04\/baskan-yildiz-genc-okculara-odullerini-takdim-etti_02fc328.jpg?fit=960%2C616\" src=\"https:\/\/i0.wp.com\/www.tvturk.com\/wp-content\/uploads\/2019\/04\/baskan-yildiz-genc-okculara-odullerini-takdim-etti_02fc328.jpg?w=160&#038;h=103\" srcset=\"https:\/\/i0.wp.com\/www.tvturk.com\/wp-content\/uploads\/2019\/04\/baskan-yildiz-genc-okculara-odullerini-takdim-etti_02fc328.jpg?w=960 960w, https:\/\/i0.wp.com\/www.tvturk.com\/wp-content\/uploads\/2019\/04\/baskan-yildiz-genc-okculara-odullerini-takdim-etti_02fc328.jpg?resize=150%2C96 150w, https:\/\/i0.wp.com\/www.tvturk.com\/wp-content\/uploads\/2019\/04\/baskan-yildiz-genc-okculara-odullerini-takdim-etti_02fc328.jpg?resize=300%2C193 300w, https:\/\/i0.wp.com\/www.tvturk.com\/wp-content\/uploads\/2019\/04\/baskan-yildiz-genc-okculara-odullerini-takdim-etti_02fc328.jpg?resize=768%2C493 768w, https:\/\/i0.wp.com\/www.tvturk.com\/wp-content\/uploads\/2019\/04\/baskan-yildiz-genc-okculara-odullerini-takdim-etti_02fc328.jpg?resize=510%2C330 510w\" width=\"160\" height=\"103\" loading=\"lazy\" data-original-width=\"160\" data-original-height=\"103\" itemprop=\"http:\/\/schema.org\/image\" title=\"Ba\u015fkan Y\u0131ld\u0131z, gen\u00e7 ok\u00e7ulara \u00f6d\u00fcllerini takdim etti\" alt=\"Ba\u015fkan Y\u0131ld\u0131z, gen\u00e7 ok\u00e7ulara \u00f6d\u00fcllerini takdim etti\" style=\"width: 160px; height: 103px;\" \/> <\/a> <\/div> <\/div> <!-- close group --> <\/div> <!-- close row --> <\/div><\/p>\n","protected":false},"excerpt":{"rendered":"<p>\u201cOK\u00c7ULUK BEN\u0130M SPORUM PROJES\u0130\u201d KAPSAMINDA D\u00dcZENLENEN OKULLARARASI OK\u00c7ULUK TURNUVASI\u2019NIN \u00d6D\u00dcL T\u00d6REN\u0130NE KATILAN BEYO\u011eLU BELED\u0130YE BA\u015eKANI HAYDAR AL\u0130 YILDIZ, \u201c\u0130STANBUL&#8217;UN FETH\u0130NDEN \u0130T\u0130BAREN D\u00dcNYANIN EN B\u00dcY\u00dcK OK\u00c7ULARINI YET\u0130\u015eT\u0130RM\u0130\u015e OLAN OK\u00c7ULAR TEKKES\u0130&#8217;NDE, OK\u00c7ULAR VAKFI OLARAK GEL\u0130\u015eT\u0130RD\u0130\u011e\u0130M\u0130Z PROJELERLE T\u00dcM GEN\u00c7LER\u0130M\u0130Z\u0130 OK\u00c7ULUKTA TANI\u015eTIRIYORUZ\u201d DED\u0130.<\/p>\n","protected":false},"author":1,"featured_media":139491,"comment_status":"closed","ping_status":"open","sticky":false,"template":"","format":"standard","meta":{"jetpack_post_was_ever_published":false,"_jetpack_newsletter_access":"","_jetpack_dont_email_post_to_subs":false,"_jetpack_newsletter_tier_id":0,"_jetpack_memberships_contains_paywalled_content":false,"_jetpack_memberships_contains_paid_content":false,"footnotes":"","jetpack_publicize_message":"","jetpack_publicize_feature_enabled":true,"jetpack_social_post_already_shared":true,"jetpack_social_options":{"image_generator_settings":{"template":"highway","default_image_id":0,"font":"","enabled":false},"version":2}},"categories":[1],"tags":[100,207,803,12869,31624,2794,8902],"class_list":["post-139490","post","type-post","status-publish","format-standard","has-post-thumbnail","hentry","category-genel","tag-baskan","tag-etti","tag-genc","tag-odullerini","tag-okculara","tag-takdim","tag-yildiz"],"jetpack_publicize_connections":[],"jetpack_featured_media_url":"https:\/\/i0.wp.com\/www.tvturk.com\/wp-content\/uploads\/2019\/04\/baskan-yildiz-genc-okculara-odullerini-takdim-etti_e410c12.jpg?fit=960%2C622","jetpack_sharing_enabled":true,"jetpack_shortlink":"https:\/\/wp.me\/paKIfm-AhQ","_links":{"self":[{"href":"http:\/\/www.tvturk.com\/index.php\/wp-json\/wp\/v2\/posts\/139490","targetHints":{"allow":["GET"]}}],"collection":[{"href":"http:\/\/www.tvturk.com\/index.php\/wp-json\/wp\/v2\/posts"}],"about":[{"href":"http:\/\/www.tvturk.com\/index.php\/wp-json\/wp\/v2\/types\/post"}],"author":[{"embeddable":true,"href":"http:\/\/www.tvturk.com\/index.php\/wp-json\/wp\/v2\/users\/1"}],"replies":[{"embeddable":true,"href":"http:\/\/www.tvturk.com\/index.php\/wp-json\/wp\/v2\/comments?post=139490"}],"version-history":[{"count":1,"href":"http:\/\/www.tvturk.com\/index.php\/wp-json\/wp\/v2\/posts\/139490\/revisions"}],"predecessor-version":[{"id":139495,"href":"http:\/\/www.tvturk.com\/index.php\/wp-json\/wp\/v2\/posts\/139490\/revisions\/139495"}],"wp:featuredmedia":[{"embeddable":true,"href":"http:\/\/www.tvturk.com\/index.php\/wp-json\/wp\/v2\/media\/139491"}],"wp:attachment":[{"href":"http:\/\/www.tvturk.com\/index.php\/wp-json\/wp\/v2\/media?parent=139490"}],"wp:term":[{"taxonomy":"category","embeddable":true,"href":"http:\/\/www.tvturk.com\/index.php\/wp-json\/wp\/v2\/categories?post=139490"},{"taxonomy":"post_tag","embeddable":true,"href":"http:\/\/www.tvturk.com\/index.php\/wp-json\/wp\/v2\/tags?post=139490"}],"curies":[{"name":"wp","href":"https:\/\/api.w.org\/{rel}","templated":true}]}}