{"id":139713,"date":"2019-04-17T11:16:01","date_gmt":"2019-04-17T08:16:01","guid":{"rendered":"http:\/\/www.tvturk.com\/index.php\/diyanet-isleri-baskani-ali-erbas-avustralyada-musluman-toplumu-ile-bir-araya-geldi\/"},"modified":"2019-04-17T11:16:03","modified_gmt":"2019-04-17T08:16:03","slug":"diyanet-isleri-baskani-ali-erbas-avustralyada-musluman-toplumu-ile-bir-araya-geldi","status":"publish","type":"post","link":"http:\/\/www.tvturk.com\/index.php\/diyanet-isleri-baskani-ali-erbas-avustralyada-musluman-toplumu-ile-bir-araya-geldi\/","title":{"rendered":"Diyanet \u0130\u015fleri Ba\u015fkan\u0131 Ali Erba\u015f Avustralya\u2019da M\u00fcsl\u00fcman toplumu ile bir araya geldi"},"content":{"rendered":"<p>Avustralya\u2019ya ziyaret d\u00fczenleten Diyanet \u0130\u015fleri Ba\u015fkan\u0131 Ali Erba\u015f, M\u00fcsl\u00fcman toplumu ile bir araya geldi.<\/p>\n<p>Diyanet \u0130\u015fleri Ba\u015fkan\u0131 Ali Erba\u015f, Melbourne\u2019de M\u00fcsl\u00fcman toplumu ile bir araya geldi. Melbourne \u0130slam Konseyi taraf\u0131ndan d\u00fczenlenen programa kat\u0131lan Erba\u015f burada ger\u00e7ekle\u015ftirdi\u011fi konu\u015fmas\u0131nda birlik ve beraberlik mesaj\u0131 verdi. Yeni Zelanda\u2019da 50 ki\u015finin \u00f6l\u00fcm\u00fc ile sonu\u00e7lanan ter\u00f6r sald\u0131r\u0131s\u0131ndan dolay\u0131 derin \u00fcz\u00fcnt\u00fc duydu\u011funu ifade eden Erba\u015f, T\u00fcrkiye\u2019nin sald\u0131r\u0131lar\u0131n d\u00fczenlendi\u011fi camilere ger\u00e7ekle\u015ftirdi\u011fi ziyaretler ile M\u00fcsl\u00fcman toplumunun yan\u0131nda oldu\u011funu aktard\u0131.<\/p>\n<p>&#8220;Desteklerimiz artarak devam edecek&#8221;<\/p>\n<p>Cumhurba\u015fkan\u0131 Recep Tayyip Erdo\u011fan\u2019\u0131n selamlar\u0131n\u0131 getirdi\u011fini belirten Erba\u015f, T\u00fcrkiye olarak Uluslararas\u0131 \u0130lahiyat E\u011fitim Program\u0131\u2019na b\u00fcy\u00fck \u00f6nem verildi\u011finin alt\u0131n\u0131 \u00e7izdi. Erba\u015f, &#8220;Burada do\u011fup b\u00fcy\u00fcyen, anavatanlar\u0131n\u0131 merak edip vatan topraklar\u0131nda e\u011fitim almak isteyen gen\u00e7lerimize Uluslararas\u0131 E\u011fitim Program\u0131 \u00e7er\u00e7evesinde T\u00fcrkiye\u2019de e\u011fitim deste\u011fi sa\u011flamak noktas\u0131nda \u00f6nemli a\u015famalar kaydettik. \u00d6n\u00fcm\u00fczdeki s\u00fcre\u00e7te bu desteklerimiz artarak devam edecek&#8221; dedi.<\/p>\n<p>&#8220;Diyanet \u0130\u015fleri Ba\u015fkan\u0131m\u0131z\u0131n burada bizlerle bir araya gelmesi gurur verici&#8221;<\/p>\n<p>Programa ayr\u0131ca Avustralya Federal H\u00fck\u00fcmeti temsilcileri, Avustralya Hristiyan Birli\u011fi temsilcileri ile Avustralya Arap M\u00fcsl\u00fcman \u00d6rg\u00fct\u00fc temsilcileri ve Avustralya T\u00fcrk Toplumu M\u00fcsl\u00fcman Birli\u011fi temsilcileri kat\u0131ld\u0131. Avustralya T\u00fcrk Toplumu M\u00fcsl\u00fcman Birli\u011fi Y\u00f6netim Kurulu \u00fcyesi Kerim Buday, \u0130hlas Haber Ajans\u0131 muhabirine yapt\u0131\u011f\u0131 a\u00e7\u0131klamada Diyanet \u0130\u015fleri Ba\u015fkan\u0131 Ali Erba\u015f\u2019\u0131n Avustralya ve Yeni Zelanda temaslar\u0131ndan duydu\u011fu memnuniyeti dile getirdi.<\/p>\n<p>T\u00fcrkiye\u2019nin d\u00fcnya M\u00fcsl\u00fcmanlar\u0131n\u0131n en b\u00fcy\u00fck destek\u00e7isi oldu\u011funu bir kez daha g\u00f6rd\u00fcklerinin alt\u0131n\u0131 \u00e7izen Kerim Buday, &#8220;Diyanet \u0130\u015fleri Ba\u015fkan\u0131m\u0131z\u0131n burada bizlerle bir araya gelmesi gurur verici. D\u00fcnya \u00fczerindeki t\u00fcm M\u00fcsl\u00fcmanlar\u0131n savunucusu ve destek\u00e7isi ba\u015fta Cumhurba\u015fkan\u0131m\u0131z Recep Tayyip Erdo\u011fan olmak \u00fczere Diyanet \u0130\u015fleri Ba\u015fkan\u0131 Ali Erba\u015f\u2019a ve beraberindeki heyete ziyaretlerinden \u00f6t\u00fcr\u00fc Avustralya\u2019da ya\u015fayan M\u00fcsl\u00fcman T\u00fcrkler olarak \u015f\u00fckranlar\u0131m\u0131z\u0131 sunuyoruz. Burada ya\u015fayan gen\u00e7lerimizin de T\u00fcrkiye\u2019de ilahiyat e\u011fitimi almalar\u0131 konusunda Diyanet \u0130\u015fleri Ba\u015fkan\u0131m\u0131z\u0131n desteklerini s\u00fcrd\u00fcrece\u011fini belirtmesi de ayr\u0131ca b\u00fcy\u00fck \u00f6nem arz etmektedir&#8221; dedi.<\/p>\n<p>Diyanet \u0130\u015fleri Ba\u015fkan\u0131 Erba\u015f\u2019\u0131n Melbourne temaslar\u0131 Diyanete ba\u011fl\u0131 camileri ziyaretle devam etti.<div class=\"tiled-gallery type-rectangular tiled-gallery-unresized\" data-original-width=\"500\" data-carousel-extra='null' itemscope itemtype=\"http:\/\/schema.org\/ImageGallery\" > <div class=\"gallery-row\" style=\"width: 500px; height: 665px;\" data-original-width=\"500\" data-original-height=\"665\" > <div class=\"gallery-group images-1\" style=\"width: 500px; height: 665px;\" data-original-width=\"500\" data-original-height=\"665\" > <div class=\"tiled-gallery-item tiled-gallery-item-large\" itemprop=\"associatedMedia\" itemscope itemtype=\"http:\/\/schema.org\/ImageObject\"> <a href=\"http:\/\/www.tvturk.com\/index.php\/diyanet-isleri-baskani-ali-erbas-avustralyada-musluman-toplumu-ile-bir-araya-geldi\/diyanet-isleri-baskani-ali-erbas-avustralyada-musluman-toplumu-ile-bir-araya-geldi-3\/\" border=\"0\" itemprop=\"url\"> <meta itemprop=\"width\" content=\"496\"> <meta itemprop=\"height\" content=\"661\"> <img decoding=\"async\" class=\"\" data-attachment-id=\"139715\" data-orig-file=\"http:\/\/www.tvturk.com\/wp-content\/uploads\/2019\/04\/diyanet-isleri-baskani-ali-erbas-avustralyada-musluman-toplumu-ile-bir-araya-geldi_ecca5ed.jpg\" data-orig-size=\"750,1000\" data-comments-opened=\"\" data-image-meta=\"{&quot;aperture&quot;:&quot;0&quot;,&quot;credit&quot;:&quot;IHA&quot;,&quot;camera&quot;:&quot;&quot;,&quot;caption&quot;:&quot;AVUSTRALYA\\u2019YA Z\\u0130YARET D\\u00dcZENLETEN D\\u0130YANET \\u0130\\u015eLER\\u0130 BA\\u015eKANI AL\\u0130 ERBA\\u015e, M\\u00dcSL\\u00dcMAN TOPLUMU \\u0130LE B\\u0130R ARAYA GELD\\u0130. (MAHMUT YILMAZ\\\/MELBOURNE-\\u0130HA)&quot;,&quot;created_timestamp&quot;:&quot;0&quot;,&quot;copyright&quot;:&quot;\\u0130HLAS HABER AJANSI, www.iha.com.tr&quot;,&quot;focal_length&quot;:&quot;0&quot;,&quot;iso&quot;:&quot;0&quot;,&quot;shutter_speed&quot;:&quot;0&quot;,&quot;title&quot;:&quot;D\\u0130YANET \\u0130\\u015eLER\\u0130 BA\\u015eKANI AL\\u0130 ERBA\\u015e AVUSTRALYA\\u0027DA M\\u00dcSL\\u00dcMAN TOPLUMU \\u0130LE B\\u0130R ARAYA GELD\\u0130 D\\u0130YANET \\u0130\\u015eLER\\u0130 BA\\u015eKANI ERBA\\u015e: \\u0022AVUSTRALYA\\u2019DAK\\u0130 GEN\\u00c7 KARDE\\u015eLER\\u0130M\\u0130Z\\u0130N E\\u011e\\u0130T\\u0130M\\u0130NE \\u00d6NEM VER\\u0130YORUZ\\u0022&quot;,&quot;orientation&quot;:&quot;0&quot;}\" data-image-title=\"Diyanet \u0130\u015fleri Ba\u015fkan\u0131 Ali Erba\u015f Avustralya\u2019da M\u00fcsl\u00fcman toplumu ile bir araya geldi\" data-image-description=\"&lt;p&gt;Diyanet \u0130\u015fleri Ba\u015fkan\u0131 Ali Erba\u015f Avustralya\u2019da M\u00fcsl\u00fcman toplumu ile bir araya geldi&lt;\/p&gt; \" data-medium-file=\"https:\/\/i0.wp.com\/www.tvturk.com\/wp-content\/uploads\/2019\/04\/diyanet-isleri-baskani-ali-erbas-avustralyada-musluman-toplumu-ile-bir-araya-geldi_ecca5ed.jpg?fit=225%2C300\" data-large-file=\"https:\/\/i0.wp.com\/www.tvturk.com\/wp-content\/uploads\/2019\/04\/diyanet-isleri-baskani-ali-erbas-avustralyada-musluman-toplumu-ile-bir-araya-geldi_ecca5ed.jpg?fit=750%2C1000\" src=\"https:\/\/i0.wp.com\/www.tvturk.com\/wp-content\/uploads\/2019\/04\/diyanet-isleri-baskani-ali-erbas-avustralyada-musluman-toplumu-ile-bir-araya-geldi_ecca5ed.jpg?w=496&#038;h=661\" srcset=\"https:\/\/i0.wp.com\/www.tvturk.com\/wp-content\/uploads\/2019\/04\/diyanet-isleri-baskani-ali-erbas-avustralyada-musluman-toplumu-ile-bir-araya-geldi_ecca5ed.jpg?w=750 750w, https:\/\/i0.wp.com\/www.tvturk.com\/wp-content\/uploads\/2019\/04\/diyanet-isleri-baskani-ali-erbas-avustralyada-musluman-toplumu-ile-bir-araya-geldi_ecca5ed.jpg?resize=113%2C150 113w, https:\/\/i0.wp.com\/www.tvturk.com\/wp-content\/uploads\/2019\/04\/diyanet-isleri-baskani-ali-erbas-avustralyada-musluman-toplumu-ile-bir-araya-geldi_ecca5ed.jpg?resize=225%2C300 225w\" width=\"496\" height=\"661\" loading=\"lazy\" data-original-width=\"496\" data-original-height=\"661\" itemprop=\"http:\/\/schema.org\/image\" title=\"Diyanet \u0130\u015fleri Ba\u015fkan\u0131 Ali Erba\u015f Avustralya\u2019da M\u00fcsl\u00fcman toplumu ile bir araya geldi\" alt=\"Diyanet \u0130\u015fleri Ba\u015fkan\u0131 Ali Erba\u015f Avustralya\u2019da M\u00fcsl\u00fcman toplumu ile bir araya geldi\" style=\"width: 496px; height: 661px;\" \/> <\/a> <\/div> <\/div> <!-- close group --> <\/div> <!-- close row --> <\/div><\/p>\n","protected":false},"excerpt":{"rendered":"<p>AVUSTRALYA\u2019YA Z\u0130YARET D\u00dcZENLETEN D\u0130YANET \u0130\u015eLER\u0130 BA\u015eKANI AL\u0130 ERBA\u015e, M\u00dcSL\u00dcMAN TOPLUMU \u0130LE B\u0130R ARAYA GELD\u0130.<\/p>\n","protected":false},"author":1,"featured_media":139714,"comment_status":"closed","ping_status":"open","sticky":false,"template":"","format":"standard","meta":{"jetpack_post_was_ever_published":false,"_jetpack_newsletter_access":"","_jetpack_dont_email_post_to_subs":false,"_jetpack_newsletter_tier_id":0,"_jetpack_memberships_contains_paywalled_content":false,"_jetpack_memberships_contains_paid_content":false,"footnotes":"","jetpack_publicize_message":"","jetpack_publicize_feature_enabled":true,"jetpack_social_post_already_shared":true,"jetpack_social_options":{"image_generator_settings":{"template":"highway","default_image_id":0,"font":"","enabled":false},"version":2}},"categories":[10],"tags":[625,126,20140,216,125,3150,10687,127,192,3151,4021,31660],"class_list":["post-139713","post","type-post","status-publish","format-standard","has-post-thumbnail","hentry","category-dunya","tag-ali","tag-araya","tag-avustralyada","tag-baskani","tag-bir","tag-diyanet","tag-erbas","tag-geldi","tag-ile","tag-isleri","tag-musluman","tag-toplumu"],"jetpack_publicize_connections":[],"jetpack_featured_media_url":"https:\/\/i0.wp.com\/www.tvturk.com\/wp-content\/uploads\/2019\/04\/diyanet-isleri-baskani-ali-erbas-avustralyada-musluman-toplumu-ile-bir-araya-geldi_085a27a.jpg?fit=1000%2C750","jetpack_sharing_enabled":true,"jetpack_shortlink":"https:\/\/wp.me\/paKIfm-Alr","_links":{"self":[{"href":"http:\/\/www.tvturk.com\/index.php\/wp-json\/wp\/v2\/posts\/139713","targetHints":{"allow":["GET"]}}],"collection":[{"href":"http:\/\/www.tvturk.com\/index.php\/wp-json\/wp\/v2\/posts"}],"about":[{"href":"http:\/\/www.tvturk.com\/index.php\/wp-json\/wp\/v2\/types\/post"}],"author":[{"embeddable":true,"href":"http:\/\/www.tvturk.com\/index.php\/wp-json\/wp\/v2\/users\/1"}],"replies":[{"embeddable":true,"href":"http:\/\/www.tvturk.com\/index.php\/wp-json\/wp\/v2\/comments?post=139713"}],"version-history":[{"count":1,"href":"http:\/\/www.tvturk.com\/index.php\/wp-json\/wp\/v2\/posts\/139713\/revisions"}],"predecessor-version":[{"id":139716,"href":"http:\/\/www.tvturk.com\/index.php\/wp-json\/wp\/v2\/posts\/139713\/revisions\/139716"}],"wp:featuredmedia":[{"embeddable":true,"href":"http:\/\/www.tvturk.com\/index.php\/wp-json\/wp\/v2\/media\/139714"}],"wp:attachment":[{"href":"http:\/\/www.tvturk.com\/index.php\/wp-json\/wp\/v2\/media?parent=139713"}],"wp:term":[{"taxonomy":"category","embeddable":true,"href":"http:\/\/www.tvturk.com\/index.php\/wp-json\/wp\/v2\/categories?post=139713"},{"taxonomy":"post_tag","embeddable":true,"href":"http:\/\/www.tvturk.com\/index.php\/wp-json\/wp\/v2\/tags?post=139713"}],"curies":[{"name":"wp","href":"https:\/\/api.w.org\/{rel}","templated":true}]}}