{"id":139721,"date":"2019-04-17T11:19:10","date_gmt":"2019-04-17T08:19:10","guid":{"rendered":"http:\/\/www.tvturk.com\/index.php\/ozel-sampiyon-mavi-sulara-dondu-olimpiyatlara-hazirlaniyor\/"},"modified":"2019-04-17T11:19:15","modified_gmt":"2019-04-17T08:19:15","slug":"ozel-sampiyon-mavi-sulara-dondu-olimpiyatlara-hazirlaniyor","status":"publish","type":"post","link":"http:\/\/www.tvturk.com\/index.php\/ozel-sampiyon-mavi-sulara-dondu-olimpiyatlara-hazirlaniyor\/","title":{"rendered":"(\u00d6zel) \u015eampiyon mavi sulara d\u00f6nd\u00fc, olimpiyatlara haz\u0131rlan\u0131yor"},"content":{"rendered":"<p>Manisa\u2019da TAR sendromlu olarak d\u00fcnyaya gelen bedensel engelli milli y\u00fcz\u00fcc\u00fc Sefa Yurtk\u00f6lesi, kulak rahats\u0131zl\u0131\u011f\u0131 sebebiyle ara verdi\u011fi mavi sulara 4 y\u0131l sonra geri d\u00f6nd\u00fc. Antrenmanlara ba\u015flad\u0131\u011f\u0131 1 ayl\u0131k s\u00fcre i\u00e7erisinde h\u0131rs\u0131 ve azmi ile 3 madalya birden kazanan Yurtk\u00f6lesi, 2020 Tokyo Olimpiyatlar\u0131\u2019nda T\u00fcrkiye\u2019ye alt\u0131n madalya getirmek i\u00e7in \u00e7al\u0131\u015fmalar\u0131n\u0131 aral\u0131ks\u0131z s\u00fcrd\u00fcr\u00fcyor.<\/p>\n<p>Manisa\u2019da TAR sendromu nedeniyle do\u011fu\u015ftan elleri ve ayaklar\u0131 tam geli\u015fmemi\u015f olan 25 ya\u015f\u0131ndaki Sefa Yurtk\u00f6lesi, bundan 6 y\u0131l \u00f6nce beden e\u011fitimi \u00f6\u011fretmeni arac\u0131l\u0131\u011f\u0131 ile y\u00fczme sporuna ba\u015flad\u0131. 2 ayl\u0131k k\u0131sa bir \u00e7al\u0131\u015fman\u0131n ard\u0131ndan T\u00fcrkiye \u015fampiyonu olan Yurtk\u00f6lesi, kelebek, serbest, s\u0131rt ve kurba\u011fa stili kulvarlar\u0131nda 4 alt\u0131n madalya kazanarak milli tak\u0131m kamp\u0131na davet edildi. Ba\u015far\u0131lar\u0131 ile dikkat \u00e7eken Yurtk\u00f6lesi, 2014 y\u0131l\u0131nda ise K\u0131talararas\u0131 Y\u00fczme \u015eampiyonas\u0131\u2019nda T\u00fcrkiye\u2019yi temsil etti ve derece yaparak bronz madalya kazand\u0131. Milli y\u00fcz\u00fcc\u00fc Yurtk\u00f6lesi, kulak rahats\u0131zl\u0131\u011f\u0131 ve TAR sendromuna ba\u011fl\u0131 kan hastal\u0131\u011f\u0131 sebebiyle y\u00fczme sporuna 4,5 y\u0131l ara vermek zorunda kald\u0131. \u0130la\u00e7 tedavisi g\u00f6ren milli y\u00fcz\u00fcc\u00fc, 4,5 y\u0131l aradan  sonra mavi sulara tekrar d\u00f6nd\u00fc. H\u0131rs\u0131, azmi ve \u00e7al\u0131\u015fkanl\u0131\u011f\u0131 ile dikkat \u00e7eken Yurtk\u00f6lesi, 1 ayl\u0131k k\u0131sa s\u00fcrede 3 madalya birden kazand\u0131. Antren\u00f6rleri e\u015fli\u011finde Manisa Gen\u00e7lik Hizmetleri ve Spor \u0130l M\u00fcd\u00fcrl\u00fc\u011f\u00fc havuzunda antrenmanlar\u0131n\u0131 aral\u0131ks\u0131z s\u00fcrd\u00fcren Yurtk\u00f6lesi, 2020 Tokyo Olimpiyatlar\u0131 ve Paralimpik Oyunlar\u0131\u2019na haz\u0131rlan\u0131yor.<\/p>\n<p>Y\u00fczme sporu ile engelini a\u015ft\u0131\u011f\u0131n\u0131, bundan sonraki tek hedefinin 2020 Tokyo Olimpiyatlar\u0131\u2019nda T\u00fcrkiye\u2019ye alt\u0131n madalya kazand\u0131rmak oldu\u011funu anlatan Yurtk\u00f6lesi, \u201cSpor ile bir engellinin ula\u015famayaca\u011f\u0131 noktalara ula\u015ft\u0131m. Bunu hep s\u00f6yl\u00fcyorum, ba\u015farmak inanman\u0131n yar\u0131s\u0131d\u0131r. Di\u011fer yar\u0131s\u0131 da ba\u015farmak i\u00e7in sevmek gerekir. Yapt\u0131\u011f\u0131n\u0131z i\u015fi seveceksiniz ve g\u00fczel yapacaks\u0131n\u0131z. Sevdi\u011finiz zaman zaten baz\u0131 \u015feyler pe\u015f pe\u015fe geliyor. Ben de lise okurken beden e\u011fitimi \u00f6\u011fretmenimin arac\u0131l\u0131\u011f\u0131 ile y\u00fczme ile tan\u0131\u015ft\u0131m. 2 ayl\u0131k k\u0131sa bir \u00e7al\u0131\u015fman\u0131n ard\u0131ndan T\u00fcrkiye \u015fampiyonu oldum. 4 kulvarda 4 alt\u0131n madalya al\u0131nca milli tak\u0131m kamp\u0131na davet edildim. Daha sonra K\u0131talararas\u0131 Y\u00fczme \u015eampiyonas\u0131\u2019na gitti\u011fim zaman \u00fclkemize bronz madalya kazand\u0131rd\u0131m. Manisa\u2019ya da uluslararas\u0131 madalya getiren ilk ve tek bedensel engelli sporcuyum\u201d diye konu\u015ftu.<\/p>\n<p>T\u00fcrkiye\u2019ye bir ilki ya\u015fataca\u011f\u0131n\u0131n s\u00f6z\u00fcn\u00fc veren Yurtk\u00f6lesi, \u201cY\u00fczme sporuna uzun bir ara verdim. Kulak rahats\u0131zl\u0131\u011f\u0131 sebebiyle ve TAR sendromuna ba\u011fl\u0131 kan hastal\u0131\u011f\u0131 sebebiyle 4,5 y\u0131l ara verdim. \u0130la\u00e7larla tedavi oldum. 4,5 y\u0131l aran\u0131n ard\u0131ndan tekrar \u015fampiyonaya haz\u0131rlan\u0131yorum. 1 ayl\u0131k k\u0131sa s\u00fcrede kat\u0131ld\u0131\u011f\u0131m \u00fc\u00e7 yar\u0131\u015fmada tekrar madalya ald\u0131m. 50 metre kelebekte T\u00fcrkiye \u015fampiyonu oldum. 100 metre serbestte T\u00fcrkiye ikincili\u011fim var. 50 metre s\u0131rtta da ikincili\u011fim var. \u00d6n\u00fcm\u00fczde \u015fimdi \u00e7ok b\u00fcy\u00fck bir hedef var. Bunun i\u00e7in antren\u00f6rlerim \u00f6nc\u00fcl\u00fc\u011f\u00fcnde b\u00fcy\u00fck bir \u00f6zveri ile \u00e7al\u0131\u015f\u0131yorum. Olimpiyat \u015fampiyonlu\u011funa en iyi derecede haz\u0131rlan\u0131p in\u015fallah nasip olursa zoru ba\u015faraca\u011f\u0131ma inan\u0131yorum. 2020 Tokyo Olimpiyatlar\u0131\u2019nda T\u00fcrkiye i\u00e7in alt\u0131n madalya kazanarak, Manisa\u2019ya de\u011fil de T\u00fcrkiye\u2019ye bir ilki ya\u015fatmak istiyorum\u201d diye konu\u015ftu.<div class=\"tiled-gallery type-rectangular tiled-gallery-unresized\" data-original-width=\"500\" data-carousel-extra='null' itemscope itemtype=\"http:\/\/schema.org\/ImageGallery\" > <div class=\"gallery-row\" style=\"width: 500px; height: 230px;\" data-original-width=\"500\" data-original-height=\"230\" > <div class=\"gallery-group images-1\" style=\"width: 322px; height: 230px;\" data-original-width=\"322\" data-original-height=\"230\" > <div class=\"tiled-gallery-item tiled-gallery-item-large\" itemprop=\"associatedMedia\" itemscope itemtype=\"http:\/\/schema.org\/ImageObject\"> <a href=\"http:\/\/www.tvturk.com\/index.php\/ozel-sampiyon-mavi-sulara-dondu-olimpiyatlara-hazirlaniyor\/ozel-sampiyon-mavi-sulara-dondu-olimpiyatlara-hazirlaniyor-3\/\" border=\"0\" itemprop=\"url\"> <meta itemprop=\"width\" content=\"318\"> <meta itemprop=\"height\" content=\"226\"> <img decoding=\"async\" class=\"\" data-attachment-id=\"139723\" data-orig-file=\"http:\/\/www.tvturk.com\/wp-content\/uploads\/2019\/04\/ozel-sampiyon-mavi-sulara-dondu-olimpiyatlara-hazirlaniyor_3930a7b.jpg\" data-orig-size=\"1000,712\" data-comments-opened=\"\" data-image-meta=\"{&quot;aperture&quot;:&quot;0&quot;,&quot;credit&quot;:&quot;IHA&quot;,&quot;camera&quot;:&quot;&quot;,&quot;caption&quot;:&quot;ANTRENMANLARA BA\\u015eLADI\\u011eI 1 AYLIK S\\u00dcRE \\u0130\\u00c7ER\\u0130S\\u0130NDE HIRSI VE AZM\\u0130 \\u0130LE 3 MADALYA B\\u0130RDEN KAZANAN YURTK\\u00d6LES\\u0130, 2020 TOKYO OL\\u0130MP\\u0130YATLARINDA, T\\u00dcRK\\u0130YE\\u2019YE ALTIN MADALYA GET\\u0130RMEK \\u0130\\u00c7\\u0130N \\u00c7ALI\\u015eMALARINI ARALIKSIZ S\\u00dcRD\\u00dcR\\u00dcYOR. (AYKUT YEN\\u0130\\u00c7A\\u011e - ERSAN ERDO\\u011eAN\\\/MAN\\u0130SA-\\u0130HA)&quot;,&quot;created_timestamp&quot;:&quot;0&quot;,&quot;copyright&quot;:&quot;\\u0130HLAS HABER AJANSI, www.iha.com.tr&quot;,&quot;focal_length&quot;:&quot;0&quot;,&quot;iso&quot;:&quot;0&quot;,&quot;shutter_speed&quot;:&quot;0&quot;,&quot;title&quot;:&quot;(\\u00d6ZEL) \\u015eAMP\\u0130YON MAV\\u0130 SULARA D\\u00d6ND\\u00dc, OL\\u0130MP\\u0130YATLARA HAZIRLANIYOR \\u015eAMP\\u0130YON M\\u0130LL\\u0130 SPORCU SEFA YURTK\\u00d6LES\\u0130\\u0027N\\u0130N YEN\\u0130 HEDEF\\u0130 2020 TOKYO OL\\u0130MP\\u0130YATLARI M\\u0130LL\\u0130 Y\\u00dcZ\\u00dcC\\u00dc SEFA YURTK\\u00d6LES\\u0130: \\u201cOL\\u0130MP\\u0130YAT \\u015eAMP\\u0130YONLU\\u011eUNA EN \\u0130Y\\u0130 DERECEDE HAZIRLANIP \\u0130N\\u015eALLAH NAS\\u0130P OLURSA ZORU BA\\u015eARACA\\u011eIMA \\u0130NANIYORUM. 2020 TOKYO OL\\u0130MP\\u0130YATLARI\\u2019NDA T\\u00dcRK\\u0130YE \\u0130\\u00c7\\u0130N ALTIN MADALYA KAZANARAK, MAN\\u0130SA\\u2019YA DE\\u011e\\u0130L DE T\\u00dcRK\\u0130YE\\u2019YE B\\u0130R \\u0130LK\\u0130 YA\\u015eATMAK \\u0130ST\\u0130YORUM\\u201d&quot;,&quot;orientation&quot;:&quot;0&quot;}\" data-image-title=\"(\u00d6zel) \u015eampiyon mavi sulara d\u00f6nd\u00fc, olimpiyatlara haz\u0131rlan\u0131yor\" data-image-description=\"&lt;p&gt;(\u00d6zel) \u015eampiyon mavi sulara d\u00f6nd\u00fc, olimpiyatlara haz\u0131rlan\u0131yor&lt;\/p&gt; \" data-medium-file=\"https:\/\/i0.wp.com\/www.tvturk.com\/wp-content\/uploads\/2019\/04\/ozel-sampiyon-mavi-sulara-dondu-olimpiyatlara-hazirlaniyor_3930a7b.jpg?fit=300%2C214\" data-large-file=\"https:\/\/i0.wp.com\/www.tvturk.com\/wp-content\/uploads\/2019\/04\/ozel-sampiyon-mavi-sulara-dondu-olimpiyatlara-hazirlaniyor_3930a7b.jpg?fit=1000%2C712\" src=\"https:\/\/i0.wp.com\/www.tvturk.com\/wp-content\/uploads\/2019\/04\/ozel-sampiyon-mavi-sulara-dondu-olimpiyatlara-hazirlaniyor_3930a7b.jpg?w=318&#038;h=226\" srcset=\"https:\/\/i0.wp.com\/www.tvturk.com\/wp-content\/uploads\/2019\/04\/ozel-sampiyon-mavi-sulara-dondu-olimpiyatlara-hazirlaniyor_3930a7b.jpg?w=1000 1000w, https:\/\/i0.wp.com\/www.tvturk.com\/wp-content\/uploads\/2019\/04\/ozel-sampiyon-mavi-sulara-dondu-olimpiyatlara-hazirlaniyor_3930a7b.jpg?resize=150%2C107 150w, https:\/\/i0.wp.com\/www.tvturk.com\/wp-content\/uploads\/2019\/04\/ozel-sampiyon-mavi-sulara-dondu-olimpiyatlara-hazirlaniyor_3930a7b.jpg?resize=300%2C214 300w, https:\/\/i0.wp.com\/www.tvturk.com\/wp-content\/uploads\/2019\/04\/ozel-sampiyon-mavi-sulara-dondu-olimpiyatlara-hazirlaniyor_3930a7b.jpg?resize=768%2C547 768w\" width=\"318\" height=\"226\" loading=\"lazy\" data-original-width=\"318\" data-original-height=\"226\" itemprop=\"http:\/\/schema.org\/image\" title=\"(\u00d6zel) \u015eampiyon mavi sulara d\u00f6nd\u00fc, olimpiyatlara haz\u0131rlan\u0131yor\" alt=\"(\u00d6zel) \u015eampiyon mavi sulara d\u00f6nd\u00fc, olimpiyatlara haz\u0131rlan\u0131yor\" style=\"width: 318px; height: 226px;\" \/> <\/a> <\/div> <\/div> <!-- close group --> <div class=\"gallery-group images-2\" style=\"width: 178px; height: 230px;\" data-original-width=\"178\" data-original-height=\"230\" > <div class=\"tiled-gallery-item tiled-gallery-item-small\" itemprop=\"associatedMedia\" itemscope itemtype=\"http:\/\/schema.org\/ImageObject\"> <a href=\"http:\/\/www.tvturk.com\/index.php\/ozel-sampiyon-mavi-sulara-dondu-olimpiyatlara-hazirlaniyor\/ozel-sampiyon-mavi-sulara-dondu-olimpiyatlara-hazirlaniyor-4\/\" border=\"0\" itemprop=\"url\"> <meta itemprop=\"width\" content=\"174\"> <meta itemprop=\"height\" content=\"106\"> <img decoding=\"async\" class=\"\" data-attachment-id=\"139724\" data-orig-file=\"http:\/\/www.tvturk.com\/wp-content\/uploads\/2019\/04\/ozel-sampiyon-mavi-sulara-dondu-olimpiyatlara-hazirlaniyor_0cee7e1.jpg\" data-orig-size=\"1000,607\" data-comments-opened=\"\" data-image-meta=\"{&quot;aperture&quot;:&quot;0&quot;,&quot;credit&quot;:&quot;IHA&quot;,&quot;camera&quot;:&quot;&quot;,&quot;caption&quot;:&quot;ANTRENMANLARA BA\\u015eLADI\\u011eI 1 AYLIK S\\u00dcRE \\u0130\\u00c7ER\\u0130S\\u0130NDE HIRSI VE AZM\\u0130 \\u0130LE 3 MADALYA B\\u0130RDEN KAZANAN YURTK\\u00d6LES\\u0130, 2020 TOKYO OL\\u0130MP\\u0130YATLARINDA, T\\u00dcRK\\u0130YE\\u2019YE ALTIN MADALYA GET\\u0130RMEK \\u0130\\u00c7\\u0130N \\u00c7ALI\\u015eMALARINI ARALIKSIZ S\\u00dcRD\\u00dcR\\u00dcYOR. (AYKUT YEN\\u0130\\u00c7A\\u011e - ERSAN ERDO\\u011eAN\\\/MAN\\u0130SA-\\u0130HA)&quot;,&quot;created_timestamp&quot;:&quot;0&quot;,&quot;copyright&quot;:&quot;\\u0130HLAS HABER AJANSI, www.iha.com.tr&quot;,&quot;focal_length&quot;:&quot;0&quot;,&quot;iso&quot;:&quot;0&quot;,&quot;shutter_speed&quot;:&quot;0&quot;,&quot;title&quot;:&quot;(\\u00d6ZEL) \\u015eAMP\\u0130YON MAV\\u0130 SULARA D\\u00d6ND\\u00dc, OL\\u0130MP\\u0130YATLARA HAZIRLANIYOR \\u015eAMP\\u0130YON M\\u0130LL\\u0130 SPORCU SEFA YURTK\\u00d6LES\\u0130\\u0027N\\u0130N YEN\\u0130 HEDEF\\u0130 2020 TOKYO OL\\u0130MP\\u0130YATLARI M\\u0130LL\\u0130 Y\\u00dcZ\\u00dcC\\u00dc SEFA YURTK\\u00d6LES\\u0130: \\u201cOL\\u0130MP\\u0130YAT \\u015eAMP\\u0130YONLU\\u011eUNA EN \\u0130Y\\u0130 DERECEDE HAZIRLANIP \\u0130N\\u015eALLAH NAS\\u0130P OLURSA ZORU BA\\u015eARACA\\u011eIMA \\u0130NANIYORUM. 2020 TOKYO OL\\u0130MP\\u0130YATLARI\\u2019NDA T\\u00dcRK\\u0130YE \\u0130\\u00c7\\u0130N ALTIN MADALYA KAZANARAK, MAN\\u0130SA\\u2019YA DE\\u011e\\u0130L DE T\\u00dcRK\\u0130YE\\u2019YE B\\u0130R \\u0130LK\\u0130 YA\\u015eATMAK \\u0130ST\\u0130YORUM\\u201d&quot;,&quot;orientation&quot;:&quot;0&quot;}\" data-image-title=\"(\u00d6zel) \u015eampiyon mavi sulara d\u00f6nd\u00fc, olimpiyatlara haz\u0131rlan\u0131yor\" data-image-description=\"&lt;p&gt;(\u00d6zel) \u015eampiyon mavi sulara d\u00f6nd\u00fc, olimpiyatlara haz\u0131rlan\u0131yor&lt;\/p&gt; \" data-medium-file=\"https:\/\/i0.wp.com\/www.tvturk.com\/wp-content\/uploads\/2019\/04\/ozel-sampiyon-mavi-sulara-dondu-olimpiyatlara-hazirlaniyor_0cee7e1.jpg?fit=300%2C182\" data-large-file=\"https:\/\/i0.wp.com\/www.tvturk.com\/wp-content\/uploads\/2019\/04\/ozel-sampiyon-mavi-sulara-dondu-olimpiyatlara-hazirlaniyor_0cee7e1.jpg?fit=1000%2C607\" src=\"https:\/\/i0.wp.com\/www.tvturk.com\/wp-content\/uploads\/2019\/04\/ozel-sampiyon-mavi-sulara-dondu-olimpiyatlara-hazirlaniyor_0cee7e1.jpg?w=174&#038;h=106\" srcset=\"https:\/\/i0.wp.com\/www.tvturk.com\/wp-content\/uploads\/2019\/04\/ozel-sampiyon-mavi-sulara-dondu-olimpiyatlara-hazirlaniyor_0cee7e1.jpg?w=1000 1000w, https:\/\/i0.wp.com\/www.tvturk.com\/wp-content\/uploads\/2019\/04\/ozel-sampiyon-mavi-sulara-dondu-olimpiyatlara-hazirlaniyor_0cee7e1.jpg?resize=150%2C91 150w, https:\/\/i0.wp.com\/www.tvturk.com\/wp-content\/uploads\/2019\/04\/ozel-sampiyon-mavi-sulara-dondu-olimpiyatlara-hazirlaniyor_0cee7e1.jpg?resize=300%2C182 300w, https:\/\/i0.wp.com\/www.tvturk.com\/wp-content\/uploads\/2019\/04\/ozel-sampiyon-mavi-sulara-dondu-olimpiyatlara-hazirlaniyor_0cee7e1.jpg?resize=768%2C466 768w, https:\/\/i0.wp.com\/www.tvturk.com\/wp-content\/uploads\/2019\/04\/ozel-sampiyon-mavi-sulara-dondu-olimpiyatlara-hazirlaniyor_0cee7e1.jpg?resize=243%2C150 243w, https:\/\/i0.wp.com\/www.tvturk.com\/wp-content\/uploads\/2019\/04\/ozel-sampiyon-mavi-sulara-dondu-olimpiyatlara-hazirlaniyor_0cee7e1.jpg?resize=187%2C113 187w\" width=\"174\" height=\"106\" loading=\"lazy\" data-original-width=\"174\" data-original-height=\"106\" itemprop=\"http:\/\/schema.org\/image\" title=\"(\u00d6zel) \u015eampiyon mavi sulara d\u00f6nd\u00fc, olimpiyatlara haz\u0131rlan\u0131yor\" alt=\"(\u00d6zel) \u015eampiyon mavi sulara d\u00f6nd\u00fc, olimpiyatlara haz\u0131rlan\u0131yor\" style=\"width: 174px; height: 106px;\" \/> <\/a> <\/div> <div class=\"tiled-gallery-item tiled-gallery-item-small\" itemprop=\"associatedMedia\" itemscope itemtype=\"http:\/\/schema.org\/ImageObject\"> <a href=\"http:\/\/www.tvturk.com\/index.php\/ozel-sampiyon-mavi-sulara-dondu-olimpiyatlara-hazirlaniyor\/ozel-sampiyon-mavi-sulara-dondu-olimpiyatlara-hazirlaniyor-5\/\" border=\"0\" itemprop=\"url\"> <meta itemprop=\"width\" content=\"174\"> <meta itemprop=\"height\" content=\"116\"> <img decoding=\"async\" class=\"\" data-attachment-id=\"139725\" data-orig-file=\"http:\/\/www.tvturk.com\/wp-content\/uploads\/2019\/04\/ozel-sampiyon-mavi-sulara-dondu-olimpiyatlara-hazirlaniyor_e45fcee.jpg\" data-orig-size=\"1000,666\" data-comments-opened=\"\" data-image-meta=\"{&quot;aperture&quot;:&quot;0&quot;,&quot;credit&quot;:&quot;IHA&quot;,&quot;camera&quot;:&quot;&quot;,&quot;caption&quot;:&quot;MAN\\u0130SA\\u2019DA TAR SENDROMLU OLARAK D\\u00dcNYAYA GELEN BEDENSEL ENGELL\\u0130 M\\u0130LL\\u0130 Y\\u00dcZ\\u00dcC\\u00dc SEFA YURTK\\u00d6LES\\u0130, KULAK RAHATSIZLI\\u011eI SEBEB\\u0130YLE ARA VERD\\u0130\\u011e\\u0130 MAV\\u0130 SULARA 4 YIL SONRA GER\\u0130 D\\u00d6ND\\u00dc. (AYKUT YEN\\u0130\\u00c7A\\u011e - ERSAN ERDO\\u011eAN\\\/MAN\\u0130SA-\\u0130HA)&quot;,&quot;created_timestamp&quot;:&quot;0&quot;,&quot;copyright&quot;:&quot;\\u0130HLAS HABER AJANSI, www.iha.com.tr&quot;,&quot;focal_length&quot;:&quot;0&quot;,&quot;iso&quot;:&quot;0&quot;,&quot;shutter_speed&quot;:&quot;0&quot;,&quot;title&quot;:&quot;(\\u00d6ZEL) \\u015eAMP\\u0130YON MAV\\u0130 SULARA D\\u00d6ND\\u00dc, OL\\u0130MP\\u0130YATLARA HAZIRLANIYOR \\u015eAMP\\u0130YON M\\u0130LL\\u0130 SPORCU SEFA YURTK\\u00d6LES\\u0130\\u0027N\\u0130N YEN\\u0130 HEDEF\\u0130 2020 TOKYO OL\\u0130MP\\u0130YATLARI M\\u0130LL\\u0130 Y\\u00dcZ\\u00dcC\\u00dc SEFA YURTK\\u00d6LES\\u0130: \\u201cOL\\u0130MP\\u0130YAT \\u015eAMP\\u0130YONLU\\u011eUNA EN \\u0130Y\\u0130 DERECEDE HAZIRLANIP \\u0130N\\u015eALLAH NAS\\u0130P OLURSA ZORU BA\\u015eARACA\\u011eIMA \\u0130NANIYORUM. 2020 TOKYO OL\\u0130MP\\u0130YATLARI\\u2019NDA T\\u00dcRK\\u0130YE \\u0130\\u00c7\\u0130N ALTIN MADALYA KAZANARAK, MAN\\u0130SA\\u2019YA DE\\u011e\\u0130L DE T\\u00dcRK\\u0130YE\\u2019YE B\\u0130R \\u0130LK\\u0130 YA\\u015eATMAK \\u0130ST\\u0130YORUM\\u201d&quot;,&quot;orientation&quot;:&quot;0&quot;}\" data-image-title=\"(\u00d6zel) \u015eampiyon mavi sulara d\u00f6nd\u00fc, olimpiyatlara haz\u0131rlan\u0131yor\" data-image-description=\"&lt;p&gt;(\u00d6zel) \u015eampiyon mavi sulara d\u00f6nd\u00fc, olimpiyatlara haz\u0131rlan\u0131yor&lt;\/p&gt; \" data-medium-file=\"https:\/\/i0.wp.com\/www.tvturk.com\/wp-content\/uploads\/2019\/04\/ozel-sampiyon-mavi-sulara-dondu-olimpiyatlara-hazirlaniyor_e45fcee.jpg?fit=300%2C200\" data-large-file=\"https:\/\/i0.wp.com\/www.tvturk.com\/wp-content\/uploads\/2019\/04\/ozel-sampiyon-mavi-sulara-dondu-olimpiyatlara-hazirlaniyor_e45fcee.jpg?fit=1000%2C666\" src=\"https:\/\/i0.wp.com\/www.tvturk.com\/wp-content\/uploads\/2019\/04\/ozel-sampiyon-mavi-sulara-dondu-olimpiyatlara-hazirlaniyor_e45fcee.jpg?w=174&#038;h=116\" srcset=\"https:\/\/i0.wp.com\/www.tvturk.com\/wp-content\/uploads\/2019\/04\/ozel-sampiyon-mavi-sulara-dondu-olimpiyatlara-hazirlaniyor_e45fcee.jpg?w=1000 1000w, https:\/\/i0.wp.com\/www.tvturk.com\/wp-content\/uploads\/2019\/04\/ozel-sampiyon-mavi-sulara-dondu-olimpiyatlara-hazirlaniyor_e45fcee.jpg?resize=150%2C100 150w, https:\/\/i0.wp.com\/www.tvturk.com\/wp-content\/uploads\/2019\/04\/ozel-sampiyon-mavi-sulara-dondu-olimpiyatlara-hazirlaniyor_e45fcee.jpg?resize=300%2C200 300w, https:\/\/i0.wp.com\/www.tvturk.com\/wp-content\/uploads\/2019\/04\/ozel-sampiyon-mavi-sulara-dondu-olimpiyatlara-hazirlaniyor_e45fcee.jpg?resize=768%2C511 768w, https:\/\/i0.wp.com\/www.tvturk.com\/wp-content\/uploads\/2019\/04\/ozel-sampiyon-mavi-sulara-dondu-olimpiyatlara-hazirlaniyor_e45fcee.jpg?resize=170%2C113 170w, https:\/\/i0.wp.com\/www.tvturk.com\/wp-content\/uploads\/2019\/04\/ozel-sampiyon-mavi-sulara-dondu-olimpiyatlara-hazirlaniyor_e45fcee.jpg?resize=120%2C80 120w\" width=\"174\" height=\"116\" loading=\"lazy\" data-original-width=\"174\" data-original-height=\"116\" itemprop=\"http:\/\/schema.org\/image\" title=\"(\u00d6zel) \u015eampiyon mavi sulara d\u00f6nd\u00fc, olimpiyatlara haz\u0131rlan\u0131yor\" alt=\"(\u00d6zel) \u015eampiyon mavi sulara d\u00f6nd\u00fc, olimpiyatlara haz\u0131rlan\u0131yor\" style=\"width: 174px; height: 116px;\" \/> <\/a> <\/div> <\/div> <!-- close group --> <\/div> <!-- close row --> <div class=\"gallery-row\" style=\"width: 500px; height: 231px;\" data-original-width=\"500\" data-original-height=\"231\" > <div class=\"gallery-group images-2\" style=\"width: 155px; height: 231px;\" data-original-width=\"155\" data-original-height=\"231\" > <div class=\"tiled-gallery-item tiled-gallery-item-small\" itemprop=\"associatedMedia\" itemscope itemtype=\"http:\/\/schema.org\/ImageObject\"> <a href=\"http:\/\/www.tvturk.com\/index.php\/ozel-sampiyon-mavi-sulara-dondu-olimpiyatlara-hazirlaniyor\/ozel-sampiyon-mavi-sulara-dondu-olimpiyatlara-hazirlaniyor-6\/\" border=\"0\" itemprop=\"url\"> <meta itemprop=\"width\" content=\"151\"> <meta itemprop=\"height\" content=\"123\"> <img decoding=\"async\" class=\"\" data-attachment-id=\"139726\" data-orig-file=\"http:\/\/www.tvturk.com\/wp-content\/uploads\/2019\/04\/ozel-sampiyon-mavi-sulara-dondu-olimpiyatlara-hazirlaniyor_590cd58.jpg\" data-orig-size=\"1000,812\" data-comments-opened=\"\" data-image-meta=\"{&quot;aperture&quot;:&quot;0&quot;,&quot;credit&quot;:&quot;IHA&quot;,&quot;camera&quot;:&quot;&quot;,&quot;caption&quot;:&quot;ANTRENMANLARA BA\\u015eLADI\\u011eI 1 AYLIK S\\u00dcRE \\u0130\\u00c7ER\\u0130S\\u0130NDE HIRSI VE AZM\\u0130 \\u0130LE 3 MADALYA B\\u0130RDEN KAZANAN YURTK\\u00d6LES\\u0130, 2020 TOKYO OL\\u0130MP\\u0130YATLARINDA, T\\u00dcRK\\u0130YE\\u2019YE ALTIN MADALYA GET\\u0130RMEK \\u0130\\u00c7\\u0130N \\u00c7ALI\\u015eMALARINI ARALIKSIZ S\\u00dcRD\\u00dcR\\u00dcYOR. (AYKUT YEN\\u0130\\u00c7A\\u011e - ERSAN ERDO\\u011eAN\\\/MAN\\u0130SA-\\u0130HA)&quot;,&quot;created_timestamp&quot;:&quot;0&quot;,&quot;copyright&quot;:&quot;\\u0130HLAS HABER AJANSI, www.iha.com.tr&quot;,&quot;focal_length&quot;:&quot;0&quot;,&quot;iso&quot;:&quot;0&quot;,&quot;shutter_speed&quot;:&quot;0&quot;,&quot;title&quot;:&quot;(\\u00d6ZEL) \\u015eAMP\\u0130YON MAV\\u0130 SULARA D\\u00d6ND\\u00dc, OL\\u0130MP\\u0130YATLARA HAZIRLANIYOR \\u015eAMP\\u0130YON M\\u0130LL\\u0130 SPORCU SEFA YURTK\\u00d6LES\\u0130\\u0027N\\u0130N YEN\\u0130 HEDEF\\u0130 2020 TOKYO OL\\u0130MP\\u0130YATLARI M\\u0130LL\\u0130 Y\\u00dcZ\\u00dcC\\u00dc SEFA YURTK\\u00d6LES\\u0130: \\u201cOL\\u0130MP\\u0130YAT \\u015eAMP\\u0130YONLU\\u011eUNA EN \\u0130Y\\u0130 DERECEDE HAZIRLANIP \\u0130N\\u015eALLAH NAS\\u0130P OLURSA ZORU BA\\u015eARACA\\u011eIMA \\u0130NANIYORUM. 2020 TOKYO OL\\u0130MP\\u0130YATLARI\\u2019NDA T\\u00dcRK\\u0130YE \\u0130\\u00c7\\u0130N ALTIN MADALYA KAZANARAK, MAN\\u0130SA\\u2019YA DE\\u011e\\u0130L DE T\\u00dcRK\\u0130YE\\u2019YE B\\u0130R \\u0130LK\\u0130 YA\\u015eATMAK \\u0130ST\\u0130YORUM\\u201d&quot;,&quot;orientation&quot;:&quot;0&quot;}\" data-image-title=\"(\u00d6zel) \u015eampiyon mavi sulara d\u00f6nd\u00fc, olimpiyatlara haz\u0131rlan\u0131yor\" data-image-description=\"&lt;p&gt;(\u00d6zel) \u015eampiyon mavi sulara d\u00f6nd\u00fc, olimpiyatlara haz\u0131rlan\u0131yor&lt;\/p&gt; \" data-medium-file=\"https:\/\/i0.wp.com\/www.tvturk.com\/wp-content\/uploads\/2019\/04\/ozel-sampiyon-mavi-sulara-dondu-olimpiyatlara-hazirlaniyor_590cd58.jpg?fit=300%2C244\" data-large-file=\"https:\/\/i0.wp.com\/www.tvturk.com\/wp-content\/uploads\/2019\/04\/ozel-sampiyon-mavi-sulara-dondu-olimpiyatlara-hazirlaniyor_590cd58.jpg?fit=1000%2C812\" src=\"https:\/\/i0.wp.com\/www.tvturk.com\/wp-content\/uploads\/2019\/04\/ozel-sampiyon-mavi-sulara-dondu-olimpiyatlara-hazirlaniyor_590cd58.jpg?w=151&#038;h=123\" srcset=\"https:\/\/i0.wp.com\/www.tvturk.com\/wp-content\/uploads\/2019\/04\/ozel-sampiyon-mavi-sulara-dondu-olimpiyatlara-hazirlaniyor_590cd58.jpg?w=1000 1000w, https:\/\/i0.wp.com\/www.tvturk.com\/wp-content\/uploads\/2019\/04\/ozel-sampiyon-mavi-sulara-dondu-olimpiyatlara-hazirlaniyor_590cd58.jpg?resize=150%2C122 150w, https:\/\/i0.wp.com\/www.tvturk.com\/wp-content\/uploads\/2019\/04\/ozel-sampiyon-mavi-sulara-dondu-olimpiyatlara-hazirlaniyor_590cd58.jpg?resize=300%2C244 300w, https:\/\/i0.wp.com\/www.tvturk.com\/wp-content\/uploads\/2019\/04\/ozel-sampiyon-mavi-sulara-dondu-olimpiyatlara-hazirlaniyor_590cd58.jpg?resize=768%2C624 768w\" width=\"151\" height=\"123\" loading=\"lazy\" data-original-width=\"151\" data-original-height=\"123\" itemprop=\"http:\/\/schema.org\/image\" title=\"(\u00d6zel) \u015eampiyon mavi sulara d\u00f6nd\u00fc, olimpiyatlara haz\u0131rlan\u0131yor\" alt=\"(\u00d6zel) \u015eampiyon mavi sulara d\u00f6nd\u00fc, olimpiyatlara haz\u0131rlan\u0131yor\" style=\"width: 151px; height: 123px;\" \/> <\/a> <\/div> <div class=\"tiled-gallery-item tiled-gallery-item-small\" itemprop=\"associatedMedia\" itemscope itemtype=\"http:\/\/schema.org\/ImageObject\"> <a href=\"http:\/\/www.tvturk.com\/index.php\/ozel-sampiyon-mavi-sulara-dondu-olimpiyatlara-hazirlaniyor\/ozel-sampiyon-mavi-sulara-dondu-olimpiyatlara-hazirlaniyor-7\/\" border=\"0\" itemprop=\"url\"> <meta itemprop=\"width\" content=\"151\"> <meta itemprop=\"height\" content=\"100\"> <img decoding=\"async\" class=\"\" data-attachment-id=\"139727\" data-orig-file=\"http:\/\/www.tvturk.com\/wp-content\/uploads\/2019\/04\/ozel-sampiyon-mavi-sulara-dondu-olimpiyatlara-hazirlaniyor_c6e83f0.jpg\" data-orig-size=\"1000,666\" data-comments-opened=\"\" data-image-meta=\"{&quot;aperture&quot;:&quot;0&quot;,&quot;credit&quot;:&quot;IHA&quot;,&quot;camera&quot;:&quot;&quot;,&quot;caption&quot;:&quot;ANTRENMANLARA BA\\u015eLADI\\u011eI 1 AYLIK S\\u00dcRE \\u0130\\u00c7ER\\u0130S\\u0130NDE HIRSI VE AZM\\u0130 \\u0130LE 3 MADALYA B\\u0130RDEN KAZANAN YURTK\\u00d6LES\\u0130, 2020 TOKYO OL\\u0130MP\\u0130YATLARINDA, T\\u00dcRK\\u0130YE\\u2019YE ALTIN MADALYA GET\\u0130RMEK \\u0130\\u00c7\\u0130N \\u00c7ALI\\u015eMALARINI ARALIKSIZ S\\u00dcRD\\u00dcR\\u00dcYOR. (AYKUT YEN\\u0130\\u00c7A\\u011e - ERSAN ERDO\\u011eAN\\\/MAN\\u0130SA-\\u0130HA)&quot;,&quot;created_timestamp&quot;:&quot;0&quot;,&quot;copyright&quot;:&quot;\\u0130HLAS HABER AJANSI, www.iha.com.tr&quot;,&quot;focal_length&quot;:&quot;0&quot;,&quot;iso&quot;:&quot;0&quot;,&quot;shutter_speed&quot;:&quot;0&quot;,&quot;title&quot;:&quot;(\\u00d6ZEL) \\u015eAMP\\u0130YON MAV\\u0130 SULARA D\\u00d6ND\\u00dc, OL\\u0130MP\\u0130YATLARA HAZIRLANIYOR \\u015eAMP\\u0130YON M\\u0130LL\\u0130 SPORCU SEFA YURTK\\u00d6LES\\u0130\\u0027N\\u0130N YEN\\u0130 HEDEF\\u0130 2020 TOKYO OL\\u0130MP\\u0130YATLARI M\\u0130LL\\u0130 Y\\u00dcZ\\u00dcC\\u00dc SEFA YURTK\\u00d6LES\\u0130: \\u201cOL\\u0130MP\\u0130YAT \\u015eAMP\\u0130YONLU\\u011eUNA EN \\u0130Y\\u0130 DERECEDE HAZIRLANIP \\u0130N\\u015eALLAH NAS\\u0130P OLURSA ZORU BA\\u015eARACA\\u011eIMA \\u0130NANIYORUM. 2020 TOKYO OL\\u0130MP\\u0130YATLARI\\u2019NDA T\\u00dcRK\\u0130YE \\u0130\\u00c7\\u0130N ALTIN MADALYA KAZANARAK, MAN\\u0130SA\\u2019YA DE\\u011e\\u0130L DE T\\u00dcRK\\u0130YE\\u2019YE B\\u0130R \\u0130LK\\u0130 YA\\u015eATMAK \\u0130ST\\u0130YORUM\\u201d&quot;,&quot;orientation&quot;:&quot;0&quot;}\" data-image-title=\"(\u00d6zel) \u015eampiyon mavi sulara d\u00f6nd\u00fc, olimpiyatlara haz\u0131rlan\u0131yor\" data-image-description=\"&lt;p&gt;(\u00d6zel) \u015eampiyon mavi sulara d\u00f6nd\u00fc, olimpiyatlara haz\u0131rlan\u0131yor&lt;\/p&gt; \" data-medium-file=\"https:\/\/i0.wp.com\/www.tvturk.com\/wp-content\/uploads\/2019\/04\/ozel-sampiyon-mavi-sulara-dondu-olimpiyatlara-hazirlaniyor_c6e83f0.jpg?fit=300%2C200\" data-large-file=\"https:\/\/i0.wp.com\/www.tvturk.com\/wp-content\/uploads\/2019\/04\/ozel-sampiyon-mavi-sulara-dondu-olimpiyatlara-hazirlaniyor_c6e83f0.jpg?fit=1000%2C666\" src=\"https:\/\/i0.wp.com\/www.tvturk.com\/wp-content\/uploads\/2019\/04\/ozel-sampiyon-mavi-sulara-dondu-olimpiyatlara-hazirlaniyor_c6e83f0.jpg?w=151&#038;h=100\" srcset=\"https:\/\/i0.wp.com\/www.tvturk.com\/wp-content\/uploads\/2019\/04\/ozel-sampiyon-mavi-sulara-dondu-olimpiyatlara-hazirlaniyor_c6e83f0.jpg?w=1000 1000w, https:\/\/i0.wp.com\/www.tvturk.com\/wp-content\/uploads\/2019\/04\/ozel-sampiyon-mavi-sulara-dondu-olimpiyatlara-hazirlaniyor_c6e83f0.jpg?resize=150%2C100 150w, https:\/\/i0.wp.com\/www.tvturk.com\/wp-content\/uploads\/2019\/04\/ozel-sampiyon-mavi-sulara-dondu-olimpiyatlara-hazirlaniyor_c6e83f0.jpg?resize=300%2C200 300w, https:\/\/i0.wp.com\/www.tvturk.com\/wp-content\/uploads\/2019\/04\/ozel-sampiyon-mavi-sulara-dondu-olimpiyatlara-hazirlaniyor_c6e83f0.jpg?resize=768%2C511 768w, https:\/\/i0.wp.com\/www.tvturk.com\/wp-content\/uploads\/2019\/04\/ozel-sampiyon-mavi-sulara-dondu-olimpiyatlara-hazirlaniyor_c6e83f0.jpg?resize=170%2C113 170w, https:\/\/i0.wp.com\/www.tvturk.com\/wp-content\/uploads\/2019\/04\/ozel-sampiyon-mavi-sulara-dondu-olimpiyatlara-hazirlaniyor_c6e83f0.jpg?resize=120%2C80 120w\" width=\"151\" height=\"100\" loading=\"lazy\" data-original-width=\"151\" data-original-height=\"100\" itemprop=\"http:\/\/schema.org\/image\" title=\"(\u00d6zel) \u015eampiyon mavi sulara d\u00f6nd\u00fc, olimpiyatlara haz\u0131rlan\u0131yor\" alt=\"(\u00d6zel) \u015eampiyon mavi sulara d\u00f6nd\u00fc, olimpiyatlara haz\u0131rlan\u0131yor\" style=\"width: 151px; height: 100px;\" \/> <\/a> <\/div> <\/div> <!-- close group --> <div class=\"gallery-group images-1\" style=\"width: 345px; height: 231px;\" data-original-width=\"345\" data-original-height=\"231\" > <div class=\"tiled-gallery-item tiled-gallery-item-large\" itemprop=\"associatedMedia\" itemscope itemtype=\"http:\/\/schema.org\/ImageObject\"> <a href=\"http:\/\/www.tvturk.com\/index.php\/ozel-sampiyon-mavi-sulara-dondu-olimpiyatlara-hazirlaniyor\/ozel-sampiyon-mavi-sulara-dondu-olimpiyatlara-hazirlaniyor-8\/\" border=\"0\" itemprop=\"url\"> <meta itemprop=\"width\" content=\"341\"> <meta itemprop=\"height\" content=\"227\"> <img decoding=\"async\" class=\"\" data-attachment-id=\"139728\" data-orig-file=\"http:\/\/www.tvturk.com\/wp-content\/uploads\/2019\/04\/ozel-sampiyon-mavi-sulara-dondu-olimpiyatlara-hazirlaniyor_1c7ff06.jpg\" data-orig-size=\"1000,666\" data-comments-opened=\"\" data-image-meta=\"{&quot;aperture&quot;:&quot;0&quot;,&quot;credit&quot;:&quot;IHA&quot;,&quot;camera&quot;:&quot;&quot;,&quot;caption&quot;:&quot;MAN\\u0130SA\\u2019DA TAR SENDROMLU OLARAK D\\u00dcNYAYA GELEN BEDENSEL ENGELL\\u0130 M\\u0130LL\\u0130 Y\\u00dcZ\\u00dcC\\u00dc SEFA YURTK\\u00d6LES\\u0130, KULAK RAHATSIZLI\\u011eI SEBEB\\u0130YLE ARA VERD\\u0130\\u011e\\u0130 MAV\\u0130 SULARA 4 YIL SONRA GER\\u0130 D\\u00d6ND\\u00dc. (AYKUT YEN\\u0130\\u00c7A\\u011e - ERSAN ERDO\\u011eAN\\\/MAN\\u0130SA-\\u0130HA)&quot;,&quot;created_timestamp&quot;:&quot;0&quot;,&quot;copyright&quot;:&quot;\\u0130HLAS HABER AJANSI, www.iha.com.tr&quot;,&quot;focal_length&quot;:&quot;0&quot;,&quot;iso&quot;:&quot;0&quot;,&quot;shutter_speed&quot;:&quot;0&quot;,&quot;title&quot;:&quot;(\\u00d6ZEL) \\u015eAMP\\u0130YON MAV\\u0130 SULARA D\\u00d6ND\\u00dc, OL\\u0130MP\\u0130YATLARA HAZIRLANIYOR \\u015eAMP\\u0130YON M\\u0130LL\\u0130 SPORCU SEFA YURTK\\u00d6LES\\u0130\\u0027N\\u0130N YEN\\u0130 HEDEF\\u0130 2020 TOKYO OL\\u0130MP\\u0130YATLARI M\\u0130LL\\u0130 Y\\u00dcZ\\u00dcC\\u00dc SEFA YURTK\\u00d6LES\\u0130: \\u201cOL\\u0130MP\\u0130YAT \\u015eAMP\\u0130YONLU\\u011eUNA EN \\u0130Y\\u0130 DERECEDE HAZIRLANIP \\u0130N\\u015eALLAH NAS\\u0130P OLURSA ZORU BA\\u015eARACA\\u011eIMA \\u0130NANIYORUM. 2020 TOKYO OL\\u0130MP\\u0130YATLARI\\u2019NDA T\\u00dcRK\\u0130YE \\u0130\\u00c7\\u0130N ALTIN MADALYA KAZANARAK, MAN\\u0130SA\\u2019YA DE\\u011e\\u0130L DE T\\u00dcRK\\u0130YE\\u2019YE B\\u0130R \\u0130LK\\u0130 YA\\u015eATMAK \\u0130ST\\u0130YORUM\\u201d&quot;,&quot;orientation&quot;:&quot;0&quot;}\" data-image-title=\"(\u00d6zel) \u015eampiyon mavi sulara d\u00f6nd\u00fc, olimpiyatlara haz\u0131rlan\u0131yor\" data-image-description=\"&lt;p&gt;(\u00d6zel) \u015eampiyon mavi sulara d\u00f6nd\u00fc, olimpiyatlara haz\u0131rlan\u0131yor&lt;\/p&gt; \" data-medium-file=\"https:\/\/i0.wp.com\/www.tvturk.com\/wp-content\/uploads\/2019\/04\/ozel-sampiyon-mavi-sulara-dondu-olimpiyatlara-hazirlaniyor_1c7ff06.jpg?fit=300%2C200\" data-large-file=\"https:\/\/i0.wp.com\/www.tvturk.com\/wp-content\/uploads\/2019\/04\/ozel-sampiyon-mavi-sulara-dondu-olimpiyatlara-hazirlaniyor_1c7ff06.jpg?fit=1000%2C666\" src=\"https:\/\/i0.wp.com\/www.tvturk.com\/wp-content\/uploads\/2019\/04\/ozel-sampiyon-mavi-sulara-dondu-olimpiyatlara-hazirlaniyor_1c7ff06.jpg?w=341&#038;h=227\" srcset=\"https:\/\/i0.wp.com\/www.tvturk.com\/wp-content\/uploads\/2019\/04\/ozel-sampiyon-mavi-sulara-dondu-olimpiyatlara-hazirlaniyor_1c7ff06.jpg?w=1000 1000w, https:\/\/i0.wp.com\/www.tvturk.com\/wp-content\/uploads\/2019\/04\/ozel-sampiyon-mavi-sulara-dondu-olimpiyatlara-hazirlaniyor_1c7ff06.jpg?resize=150%2C100 150w, https:\/\/i0.wp.com\/www.tvturk.com\/wp-content\/uploads\/2019\/04\/ozel-sampiyon-mavi-sulara-dondu-olimpiyatlara-hazirlaniyor_1c7ff06.jpg?resize=300%2C200 300w, https:\/\/i0.wp.com\/www.tvturk.com\/wp-content\/uploads\/2019\/04\/ozel-sampiyon-mavi-sulara-dondu-olimpiyatlara-hazirlaniyor_1c7ff06.jpg?resize=768%2C511 768w, https:\/\/i0.wp.com\/www.tvturk.com\/wp-content\/uploads\/2019\/04\/ozel-sampiyon-mavi-sulara-dondu-olimpiyatlara-hazirlaniyor_1c7ff06.jpg?resize=170%2C113 170w, https:\/\/i0.wp.com\/www.tvturk.com\/wp-content\/uploads\/2019\/04\/ozel-sampiyon-mavi-sulara-dondu-olimpiyatlara-hazirlaniyor_1c7ff06.jpg?resize=120%2C80 120w\" width=\"341\" height=\"227\" loading=\"lazy\" data-original-width=\"341\" data-original-height=\"227\" itemprop=\"http:\/\/schema.org\/image\" title=\"(\u00d6zel) \u015eampiyon mavi sulara d\u00f6nd\u00fc, olimpiyatlara haz\u0131rlan\u0131yor\" alt=\"(\u00d6zel) \u015eampiyon mavi sulara d\u00f6nd\u00fc, olimpiyatlara haz\u0131rlan\u0131yor\" style=\"width: 341px; height: 227px;\" \/> <\/a> <\/div> <\/div> <!-- close group --> <\/div> <!-- close row --> <\/div><\/p>\n","protected":false},"excerpt":{"rendered":"<p>MAN\u0130SA\u2019DA TAR SENDROMLU OLARAK D\u00dcNYAYA GELEN BEDENSEL ENGELL\u0130 M\u0130LL\u0130 Y\u00dcZ\u00dcC\u00dc SEFA YURTK\u00d6LES\u0130, KULAK RAHATSIZLI\u011eI SEBEB\u0130YLE ARA VERD\u0130\u011e\u0130 MAV\u0130 SULARA 4 YIL SONRA GER\u0130 D\u00d6ND\u00dc.<\/p>\n","protected":false},"author":1,"featured_media":139722,"comment_status":"closed","ping_status":"open","sticky":false,"template":"","format":"standard","meta":{"jetpack_post_was_ever_published":false,"_jetpack_newsletter_access":"","_jetpack_dont_email_post_to_subs":false,"_jetpack_newsletter_tier_id":0,"_jetpack_memberships_contains_paywalled_content":false,"_jetpack_memberships_contains_paid_content":false,"footnotes":"","jetpack_publicize_message":"","jetpack_publicize_feature_enabled":true,"jetpack_social_post_already_shared":true,"jetpack_social_options":{"image_generator_settings":{"template":"highway","default_image_id":0,"font":"","enabled":false},"version":2}},"categories":[1],"tags":[1073,990,297,5187,31663,2024,31662],"class_list":["post-139721","post","type-post","status-publish","format-standard","has-post-thumbnail","hentry","category-genel","tag-ozel","tag-dondu","tag-hazirlaniyor","tag-mavi","tag-olimpiyatlara","tag-sampiyon","tag-sulara"],"jetpack_publicize_connections":[],"jetpack_featured_media_url":"https:\/\/i0.wp.com\/www.tvturk.com\/wp-content\/uploads\/2019\/04\/ozel-sampiyon-mavi-sulara-dondu-olimpiyatlara-hazirlaniyor_83a8416.jpg?fit=1000%2C666","jetpack_sharing_enabled":true,"jetpack_shortlink":"https:\/\/wp.me\/paKIfm-Alz","_links":{"self":[{"href":"http:\/\/www.tvturk.com\/index.php\/wp-json\/wp\/v2\/posts\/139721","targetHints":{"allow":["GET"]}}],"collection":[{"href":"http:\/\/www.tvturk.com\/index.php\/wp-json\/wp\/v2\/posts"}],"about":[{"href":"http:\/\/www.tvturk.com\/index.php\/wp-json\/wp\/v2\/types\/post"}],"author":[{"embeddable":true,"href":"http:\/\/www.tvturk.com\/index.php\/wp-json\/wp\/v2\/users\/1"}],"replies":[{"embeddable":true,"href":"http:\/\/www.tvturk.com\/index.php\/wp-json\/wp\/v2\/comments?post=139721"}],"version-history":[{"count":1,"href":"http:\/\/www.tvturk.com\/index.php\/wp-json\/wp\/v2\/posts\/139721\/revisions"}],"predecessor-version":[{"id":139729,"href":"http:\/\/www.tvturk.com\/index.php\/wp-json\/wp\/v2\/posts\/139721\/revisions\/139729"}],"wp:featuredmedia":[{"embeddable":true,"href":"http:\/\/www.tvturk.com\/index.php\/wp-json\/wp\/v2\/media\/139722"}],"wp:attachment":[{"href":"http:\/\/www.tvturk.com\/index.php\/wp-json\/wp\/v2\/media?parent=139721"}],"wp:term":[{"taxonomy":"category","embeddable":true,"href":"http:\/\/www.tvturk.com\/index.php\/wp-json\/wp\/v2\/categories?post=139721"},{"taxonomy":"post_tag","embeddable":true,"href":"http:\/\/www.tvturk.com\/index.php\/wp-json\/wp\/v2\/tags?post=139721"}],"curies":[{"name":"wp","href":"https:\/\/api.w.org\/{rel}","templated":true}]}}