{"id":139845,"date":"2019-04-17T12:09:41","date_gmt":"2019-04-17T09:09:41","guid":{"rendered":"http:\/\/www.tvturk.com\/index.php\/turk-dil-kurumu-yayinlari-sivas-cumhuriyet-universitesinde\/"},"modified":"2019-04-17T12:09:42","modified_gmt":"2019-04-17T09:09:42","slug":"turk-dil-kurumu-yayinlari-sivas-cumhuriyet-universitesinde","status":"publish","type":"post","link":"http:\/\/www.tvturk.com\/index.php\/turk-dil-kurumu-yayinlari-sivas-cumhuriyet-universitesinde\/","title":{"rendered":"T\u00fcrk Dil Kurumu yay\u0131nlar\u0131 Sivas Cumhuriyet \u00dcniversitesinde"},"content":{"rendered":"<p>T\u00fcrk Dil Kurumu yay\u0131nlar\u0131, Sivas Cumhuriyet \u00dcniversitesinde \u00f6\u011frenciler ve kitapseverlerle bulu\u015fuyor.<\/p>\n<p>Sivas Cumhuriyet \u00dcniversitesinde 16-18 Nisan tarihleri aras\u0131nda T\u00fcrk Dil Kurumu yay\u0131nlar\u0131n\u0131n y\u00fczde 50 indirimle sat\u0131\u015fa sunuldu\u011fu kitap sat\u0131\u015f arac\u0131nda s\u00f6zl\u00fckler, ara\u015ft\u0131rma-inceleme yay\u0131nlar\u0131 ve s\u00fcreli yay\u0131nlardan olu\u015fan geni\u015f yelpazede eserler bulunuyor. T\u00fcrk Dil Kurumu kitap sat\u0131\u015f arac\u0131, farkl\u0131 \u015fehirlerdeki \u00fcniversitelerde okuyucularla bulu\u015fmaya devam edecek.<div class=\"tiled-gallery type-rectangular tiled-gallery-unresized\" data-original-width=\"500\" data-carousel-extra='null' itemscope itemtype=\"http:\/\/schema.org\/ImageGallery\" > <div class=\"gallery-row\" style=\"width: 500px; height: 283px;\" data-original-width=\"500\" data-original-height=\"283\" > <div class=\"gallery-group images-1\" style=\"width: 500px; height: 283px;\" data-original-width=\"500\" data-original-height=\"283\" > <div class=\"tiled-gallery-item tiled-gallery-item-large\" itemprop=\"associatedMedia\" itemscope itemtype=\"http:\/\/schema.org\/ImageObject\"> <a href=\"http:\/\/www.tvturk.com\/index.php\/turk-dil-kurumu-yayinlari-sivas-cumhuriyet-universitesinde\/turk-dil-kurumu-yayinlari-sivas-cumhuriyet-universitesinde-3\/\" border=\"0\" itemprop=\"url\"> <meta itemprop=\"width\" content=\"496\"> <meta itemprop=\"height\" content=\"279\"> <img decoding=\"async\" class=\"\" data-attachment-id=\"139847\" data-orig-file=\"http:\/\/www.tvturk.com\/wp-content\/uploads\/2019\/04\/turk-dil-kurumu-yayinlari-sivas-cumhuriyet-universitesinde_2be1c60.jpg\" data-orig-size=\"1000,562\" data-comments-opened=\"\" data-image-meta=\"{&quot;aperture&quot;:&quot;0&quot;,&quot;credit&quot;:&quot;IHA&quot;,&quot;camera&quot;:&quot;&quot;,&quot;caption&quot;:&quot;T\\u00dcRK D\\u0130L KURUMU YAYINLARI, K\\u0130TAP SATI\\u015e ARACIYLA 16-18 N\\u0130SAN 2019 TAR\\u0130HLER\\u0130NDE S\\u0130VAS CUMHUR\\u0130YET \\u00dcN\\u0130VERS\\u0130TES\\u0130NDE \\u00d6\\u011eRENC\\u0130LER VE K\\u0130TAPSEVERLERLE BULU\\u015eUYOR. (\\u0130HA\\\/ANKARA-\\u0130HA)&quot;,&quot;created_timestamp&quot;:&quot;0&quot;,&quot;copyright&quot;:&quot;\\u0130HLAS HABER AJANSI, www.iha.com.tr&quot;,&quot;focal_length&quot;:&quot;0&quot;,&quot;iso&quot;:&quot;0&quot;,&quot;shutter_speed&quot;:&quot;0&quot;,&quot;title&quot;:&quot;T\\u00dcRK D\\u0130L KURUMU YAYINLARI S\\u0130VAS CUMHUR\\u0130YET \\u00dcN\\u0130VERS\\u0130TES\\u0130NDE&quot;,&quot;orientation&quot;:&quot;0&quot;}\" data-image-title=\"T\u00fcrk Dil Kurumu yay\u0131nlar\u0131 Sivas Cumhuriyet \u00dcniversitesinde\" data-image-description=\"&lt;p&gt;T\u00fcrk Dil Kurumu yay\u0131nlar\u0131 Sivas Cumhuriyet \u00dcniversitesinde&lt;\/p&gt; \" data-medium-file=\"https:\/\/i0.wp.com\/www.tvturk.com\/wp-content\/uploads\/2019\/04\/turk-dil-kurumu-yayinlari-sivas-cumhuriyet-universitesinde_2be1c60.jpg?fit=300%2C169\" data-large-file=\"https:\/\/i0.wp.com\/www.tvturk.com\/wp-content\/uploads\/2019\/04\/turk-dil-kurumu-yayinlari-sivas-cumhuriyet-universitesinde_2be1c60.jpg?fit=1000%2C562\" src=\"https:\/\/i0.wp.com\/www.tvturk.com\/wp-content\/uploads\/2019\/04\/turk-dil-kurumu-yayinlari-sivas-cumhuriyet-universitesinde_2be1c60.jpg?w=496&#038;h=279\" srcset=\"https:\/\/i0.wp.com\/www.tvturk.com\/wp-content\/uploads\/2019\/04\/turk-dil-kurumu-yayinlari-sivas-cumhuriyet-universitesinde_2be1c60.jpg?w=1000 1000w, https:\/\/i0.wp.com\/www.tvturk.com\/wp-content\/uploads\/2019\/04\/turk-dil-kurumu-yayinlari-sivas-cumhuriyet-universitesinde_2be1c60.jpg?resize=150%2C84 150w, https:\/\/i0.wp.com\/www.tvturk.com\/wp-content\/uploads\/2019\/04\/turk-dil-kurumu-yayinlari-sivas-cumhuriyet-universitesinde_2be1c60.jpg?resize=300%2C169 300w, https:\/\/i0.wp.com\/www.tvturk.com\/wp-content\/uploads\/2019\/04\/turk-dil-kurumu-yayinlari-sivas-cumhuriyet-universitesinde_2be1c60.jpg?resize=768%2C432 768w, https:\/\/i0.wp.com\/www.tvturk.com\/wp-content\/uploads\/2019\/04\/turk-dil-kurumu-yayinlari-sivas-cumhuriyet-universitesinde_2be1c60.jpg?resize=200%2C113 200w\" width=\"496\" height=\"279\" loading=\"lazy\" data-original-width=\"496\" data-original-height=\"279\" itemprop=\"http:\/\/schema.org\/image\" title=\"T\u00fcrk Dil Kurumu yay\u0131nlar\u0131 Sivas Cumhuriyet \u00dcniversitesinde\" alt=\"T\u00fcrk Dil Kurumu yay\u0131nlar\u0131 Sivas Cumhuriyet \u00dcniversitesinde\" style=\"width: 496px; height: 279px;\" \/> <\/a> <\/div> <\/div> <!-- close group --> <\/div> <!-- close row --> <\/div><\/p>\n","protected":false},"excerpt":{"rendered":"<p>T\u00dcRK D\u0130L KURUMU YAYINLARI, K\u0130TAP SATI\u015e ARACIYLA 16-18 N\u0130SAN 2019 TAR\u0130HLER\u0130NDE S\u0130VAS CUMHUR\u0130YET \u00dcN\u0130VERS\u0130TES\u0130NDE \u00d6\u011eRENC\u0130LER VE K\u0130TAPSEVERLERLE BULU\u015eUYOR.<\/p>\n","protected":false},"author":1,"featured_media":139846,"comment_status":"closed","ping_status":"open","sticky":false,"template":"","format":"standard","meta":{"jetpack_post_was_ever_published":false,"_jetpack_newsletter_access":"","_jetpack_dont_email_post_to_subs":false,"_jetpack_newsletter_tier_id":0,"_jetpack_memberships_contains_paywalled_content":false,"_jetpack_memberships_contains_paid_content":false,"footnotes":"","jetpack_publicize_message":"","jetpack_publicize_feature_enabled":true,"jetpack_social_post_already_shared":true,"jetpack_social_options":{"image_generator_settings":{"template":"highway","default_image_id":0,"font":"","enabled":false},"version":2}},"categories":[656],"tags":[3307,6546,4855,4247,957,1889,16462],"class_list":["post-139845","post","type-post","status-publish","format-standard","has-post-thumbnail","hentry","category-kultur-sanat","tag-cumhuriyet","tag-dil","tag-kurumu","tag-sivas","tag-turk","tag-universitesinde","tag-yayinlari"],"jetpack_publicize_connections":[],"jetpack_featured_media_url":"https:\/\/i0.wp.com\/www.tvturk.com\/wp-content\/uploads\/2019\/04\/turk-dil-kurumu-yayinlari-sivas-cumhuriyet-universitesinde_6a067a3.jpg?fit=1000%2C562","jetpack_sharing_enabled":true,"jetpack_shortlink":"https:\/\/wp.me\/paKIfm-Anz","_links":{"self":[{"href":"http:\/\/www.tvturk.com\/index.php\/wp-json\/wp\/v2\/posts\/139845","targetHints":{"allow":["GET"]}}],"collection":[{"href":"http:\/\/www.tvturk.com\/index.php\/wp-json\/wp\/v2\/posts"}],"about":[{"href":"http:\/\/www.tvturk.com\/index.php\/wp-json\/wp\/v2\/types\/post"}],"author":[{"embeddable":true,"href":"http:\/\/www.tvturk.com\/index.php\/wp-json\/wp\/v2\/users\/1"}],"replies":[{"embeddable":true,"href":"http:\/\/www.tvturk.com\/index.php\/wp-json\/wp\/v2\/comments?post=139845"}],"version-history":[{"count":1,"href":"http:\/\/www.tvturk.com\/index.php\/wp-json\/wp\/v2\/posts\/139845\/revisions"}],"predecessor-version":[{"id":139848,"href":"http:\/\/www.tvturk.com\/index.php\/wp-json\/wp\/v2\/posts\/139845\/revisions\/139848"}],"wp:featuredmedia":[{"embeddable":true,"href":"http:\/\/www.tvturk.com\/index.php\/wp-json\/wp\/v2\/media\/139846"}],"wp:attachment":[{"href":"http:\/\/www.tvturk.com\/index.php\/wp-json\/wp\/v2\/media?parent=139845"}],"wp:term":[{"taxonomy":"category","embeddable":true,"href":"http:\/\/www.tvturk.com\/index.php\/wp-json\/wp\/v2\/categories?post=139845"},{"taxonomy":"post_tag","embeddable":true,"href":"http:\/\/www.tvturk.com\/index.php\/wp-json\/wp\/v2\/tags?post=139845"}],"curies":[{"name":"wp","href":"https:\/\/api.w.org\/{rel}","templated":true}]}}