{"id":13986,"date":"2019-02-08T22:31:06","date_gmt":"2019-02-08T19:31:06","guid":{"rendered":"http:\/\/www.tvturk.com\/index.php\/barselonada-iki-tren-carpisti-en-az-1-olu-8-yarali\/"},"modified":"2019-02-08T22:31:08","modified_gmt":"2019-02-08T19:31:08","slug":"barselonada-iki-tren-carpisti-en-az-1-olu-8-yarali","status":"publish","type":"post","link":"http:\/\/www.tvturk.com\/index.php\/barselonada-iki-tren-carpisti-en-az-1-olu-8-yarali\/","title":{"rendered":"Barselona\u2019da iki tren \u00e7arp\u0131\u015ft\u0131: En az 1 \u00f6l\u00fc, 8 yaral\u0131"},"content":{"rendered":"<p>\u0130spanya\u2019n\u0131n Barcelona kentinde iki trenin \u00e7arp\u0131\u015fmas\u0131 sonucu meydana gelen kazada en az 1 ki\u015finin hayat\u0131n\u0131 kaybetti\u011fi, 8 ki\u015finin yaraland\u0131\u011f\u0131 aktar\u0131ld\u0131.<\/p>\n<p>Barselona\u2019da iki banliy\u00f6 treni yerel saatle 18.00 s\u0131ralar\u0131nda Gastellgal\u2019nin eski dura\u011f\u0131n\u0131n biti\u015f noktas\u0131nda \u00e7arp\u0131\u015ft\u0131. Kaza sonucu en az 1 ki\u015fi hayat\u0131n\u0131 kaybederken, 8 ki\u015finin de yaraland\u0131\u011f\u0131 kaydedildi. Durumun bildirilmesi \u00fczerine olay yerine Acil Durum Hizmetleri ekipleri sevk edildi. Yaral\u0131lar yap\u0131lan ilk m\u00fcdahalenin ard\u0131ndan hastanelere sevk edildi.<\/p>\n<p>Kaza nedeniyle seferler iptal edildi.<div class=\"tiled-gallery type-rectangular tiled-gallery-unresized\" data-original-width=\"500\" data-carousel-extra='null' itemscope itemtype=\"http:\/\/schema.org\/ImageGallery\" > <div class=\"gallery-row\" style=\"width: 500px; height: 665px;\" data-original-width=\"500\" data-original-height=\"665\" > <div class=\"gallery-group images-1\" style=\"width: 500px; height: 665px;\" data-original-width=\"500\" data-original-height=\"665\" > <div class=\"tiled-gallery-item tiled-gallery-item-large\" itemprop=\"associatedMedia\" itemscope itemtype=\"http:\/\/schema.org\/ImageObject\"> <a href=\"http:\/\/www.tvturk.com\/index.php\/barselonada-iki-tren-carpisti-en-az-1-olu-8-yarali\/barselonada-iki-tren-carpisti-en-az-1-olu-8-yarali-3\/\" border=\"0\" itemprop=\"url\"> <meta itemprop=\"width\" content=\"496\"> <meta itemprop=\"height\" content=\"661\"> <img decoding=\"async\" class=\"\" data-attachment-id=\"13988\" data-orig-file=\"http:\/\/www.tvturk.com\/wp-content\/uploads\/2019\/02\/barselonada-iki-tren-carpisti-en-az-1-olu-8-yarali_fe81225.jpg\" data-orig-size=\"750,1000\" data-comments-opened=\"\" data-image-meta=\"{&quot;aperture&quot;:&quot;0&quot;,&quot;credit&quot;:&quot;IHA&quot;,&quot;camera&quot;:&quot;&quot;,&quot;caption&quot;:&quot;\\u0130SPANYA\\u2019NIN BARCELONA KENT\\u0130NDE \\u0130K\\u0130 TREN\\u0130N \\u00c7ARPI\\u015eMASI SONUCU MEYDANA GELEN KAZADA EN AZ 1 K\\u0130\\u015e\\u0130N\\u0130N HAYATINI KAYBETT\\u0130\\u011e\\u0130, 8 K\\u0130\\u015e\\u0130N\\u0130N YARALANDI\\u011eI AKTARILDI. (\\u0130HA\\\/BARSELONA-\\u0130HA)&quot;,&quot;created_timestamp&quot;:&quot;0&quot;,&quot;copyright&quot;:&quot;\\u0130HLAS HABER AJANSI, www.iha.com.tr&quot;,&quot;focal_length&quot;:&quot;0&quot;,&quot;iso&quot;:&quot;0&quot;,&quot;shutter_speed&quot;:&quot;0&quot;,&quot;title&quot;:&quot;BARSELONA\\u2019DA \\u0130K\\u0130 TREN \\u00c7ARPI\\u015eTI: EN AZ 1 \\u00d6L\\u00dc, 8 YARALI&quot;,&quot;orientation&quot;:&quot;0&quot;}\" data-image-title=\"Barselona\u2019da iki tren \u00e7arp\u0131\u015ft\u0131: En az 1 \u00f6l\u00fc, 8 yaral\u0131\" data-image-description=\"&lt;p&gt;Barselona\u2019da iki tren \u00e7arp\u0131\u015ft\u0131: En az 1 \u00f6l\u00fc, 8 yaral\u0131&lt;\/p&gt; \" data-medium-file=\"https:\/\/i0.wp.com\/www.tvturk.com\/wp-content\/uploads\/2019\/02\/barselonada-iki-tren-carpisti-en-az-1-olu-8-yarali_fe81225.jpg?fit=225%2C300\" data-large-file=\"https:\/\/i0.wp.com\/www.tvturk.com\/wp-content\/uploads\/2019\/02\/barselonada-iki-tren-carpisti-en-az-1-olu-8-yarali_fe81225.jpg?fit=750%2C1000\" src=\"https:\/\/i0.wp.com\/www.tvturk.com\/wp-content\/uploads\/2019\/02\/barselonada-iki-tren-carpisti-en-az-1-olu-8-yarali_fe81225.jpg?w=496&#038;h=661\" srcset=\"https:\/\/i0.wp.com\/www.tvturk.com\/wp-content\/uploads\/2019\/02\/barselonada-iki-tren-carpisti-en-az-1-olu-8-yarali_fe81225.jpg?w=750 750w, https:\/\/i0.wp.com\/www.tvturk.com\/wp-content\/uploads\/2019\/02\/barselonada-iki-tren-carpisti-en-az-1-olu-8-yarali_fe81225.jpg?resize=113%2C150 113w, https:\/\/i0.wp.com\/www.tvturk.com\/wp-content\/uploads\/2019\/02\/barselonada-iki-tren-carpisti-en-az-1-olu-8-yarali_fe81225.jpg?resize=225%2C300 225w\" width=\"496\" height=\"661\" loading=\"lazy\" data-original-width=\"496\" data-original-height=\"661\" itemprop=\"http:\/\/schema.org\/image\" title=\"Barselona\u2019da iki tren \u00e7arp\u0131\u015ft\u0131: En az 1 \u00f6l\u00fc, 8 yaral\u0131\" alt=\"Barselona\u2019da iki tren \u00e7arp\u0131\u015ft\u0131: En az 1 \u00f6l\u00fc, 8 yaral\u0131\" style=\"width: 496px; height: 661px;\" \/> <\/a> <\/div> <\/div> <!-- close group --> <\/div> <!-- close row --> <\/div><\/p>\n","protected":false},"excerpt":{"rendered":"<p>\u0130SPANYA\u2019NIN BARCELONA KENT\u0130NDE \u0130K\u0130 TREN\u0130N \u00c7ARPI\u015eMASI SONUCU MEYDANA GELEN KAZADA EN AZ 1 K\u0130\u015e\u0130N\u0130N HAYATINI KAYBETT\u0130\u011e\u0130, 8 K\u0130\u015e\u0130N\u0130N YARALANDI\u011eI AKTARILDI.<\/p>\n","protected":false},"author":1,"featured_media":13987,"comment_status":"closed","ping_status":"open","sticky":false,"template":"","format":"standard","meta":{"jetpack_post_was_ever_published":false,"_jetpack_newsletter_access":"","_jetpack_dont_email_post_to_subs":false,"_jetpack_newsletter_tier_id":0,"_jetpack_memberships_contains_paywalled_content":false,"_jetpack_memberships_contains_paid_content":false,"footnotes":"","jetpack_publicize_message":"","jetpack_publicize_feature_enabled":true,"jetpack_social_post_already_shared":false,"jetpack_social_options":{"image_generator_settings":{"template":"highway","default_image_id":0,"font":"","enabled":false},"version":2}},"categories":[655],"tags":[6947,3359,1220,1664,5044,774],"class_list":["post-13986","post","type-post","status-publish","format-standard","has-post-thumbnail","hentry","category-son-dakika","tag-barselonada","tag-carpisti","tag-iki","tag-olu","tag-tren","tag-yarali"],"jetpack_publicize_connections":[],"jetpack_featured_media_url":"https:\/\/i0.wp.com\/www.tvturk.com\/wp-content\/uploads\/2019\/02\/barselonada-iki-tren-carpisti-en-az-1-olu-8-yarali_59ad045.jpg?fit=1000%2C750","jetpack_sharing_enabled":true,"jetpack_shortlink":"https:\/\/wp.me\/paKIfm-3DA","_links":{"self":[{"href":"http:\/\/www.tvturk.com\/index.php\/wp-json\/wp\/v2\/posts\/13986","targetHints":{"allow":["GET"]}}],"collection":[{"href":"http:\/\/www.tvturk.com\/index.php\/wp-json\/wp\/v2\/posts"}],"about":[{"href":"http:\/\/www.tvturk.com\/index.php\/wp-json\/wp\/v2\/types\/post"}],"author":[{"embeddable":true,"href":"http:\/\/www.tvturk.com\/index.php\/wp-json\/wp\/v2\/users\/1"}],"replies":[{"embeddable":true,"href":"http:\/\/www.tvturk.com\/index.php\/wp-json\/wp\/v2\/comments?post=13986"}],"version-history":[{"count":1,"href":"http:\/\/www.tvturk.com\/index.php\/wp-json\/wp\/v2\/posts\/13986\/revisions"}],"predecessor-version":[{"id":13989,"href":"http:\/\/www.tvturk.com\/index.php\/wp-json\/wp\/v2\/posts\/13986\/revisions\/13989"}],"wp:featuredmedia":[{"embeddable":true,"href":"http:\/\/www.tvturk.com\/index.php\/wp-json\/wp\/v2\/media\/13987"}],"wp:attachment":[{"href":"http:\/\/www.tvturk.com\/index.php\/wp-json\/wp\/v2\/media?parent=13986"}],"wp:term":[{"taxonomy":"category","embeddable":true,"href":"http:\/\/www.tvturk.com\/index.php\/wp-json\/wp\/v2\/categories?post=13986"},{"taxonomy":"post_tag","embeddable":true,"href":"http:\/\/www.tvturk.com\/index.php\/wp-json\/wp\/v2\/tags?post=13986"}],"curies":[{"name":"wp","href":"https:\/\/api.w.org\/{rel}","templated":true}]}}