{"id":13990,"date":"2019-02-08T22:31:09","date_gmt":"2019-02-08T19:31:09","guid":{"rendered":"http:\/\/www.tvturk.com\/index.php\/karamollaoglu-31-mart-secimleri-bir-solen-havasi-icerisinde-gececek\/"},"modified":"2019-02-08T22:31:10","modified_gmt":"2019-02-08T19:31:10","slug":"karamollaoglu-31-mart-secimleri-bir-solen-havasi-icerisinde-gececek","status":"publish","type":"post","link":"http:\/\/www.tvturk.com\/index.php\/karamollaoglu-31-mart-secimleri-bir-solen-havasi-icerisinde-gececek\/","title":{"rendered":"Karamollao\u011flu: \u201c31 Mart se\u00e7imleri bir \u015f\u00f6len havas\u0131 i\u00e7erisinde ge\u00e7ecek\u201d"},"content":{"rendered":"<p>Saadet Partisi (SP) Genel Ba\u015fkan\u0131 Temel Karamollao\u011flu, SP Kayseri \u0130l Ba\u015fkanl\u0131\u011f\u0131 taraf\u0131ndan d\u00fczenlenen aday tan\u0131t\u0131m t\u00f6reninde yapt\u0131\u011f\u0131 konu\u015fmada, 31 Mart se\u00e7imlerinin \u015f\u00f6len havas\u0131 i\u00e7erisinde ge\u00e7ece\u011fini s\u00f6yleyerek, \u201cT\u00fcrkiye\u2019mizin gelece\u011fi ile ilgili \u00f6nemli bir ad\u0131m ataca\u011f\u0131z\u201d dedi.<\/p>\n<p>SP Genel Ba\u015fkan\u0131 Temel Karamollao\u011flu, SP Kayseri \u0130l Ba\u015fkanl\u0131\u011f\u0131 taraf\u0131ndan d\u00fczenlenen aday tan\u0131t\u0131m t\u00f6renine kat\u0131ld\u0131. Kadir Has Kongre Merkezi\u2019nde d\u00fczenlenen kongre, \u0130stiklal Mar\u015f\u0131\u2019n\u0131n okunmas\u0131yla ba\u015flad\u0131. Ard\u0131ndan Temel Karamollao\u011flu partiye yeni kat\u0131lanlara rozetlerini takarak, belediye ba\u015fkanlar\u0131n\u0131 a\u00e7\u0131klad\u0131.<\/p>\n<p>Burada bir konu\u015fma yapan Karamollao\u011flu, 31 Mart se\u00e7imlerinin bir \u015f\u00f6len havas\u0131 i\u00e7erisinde ge\u00e7ece\u011fini s\u00f6yleyerek, \u201cT\u00fcrkiye\u2019mizin gelece\u011fi ile ilgili \u00f6nemli bir ad\u0131m ataca\u011f\u0131z. Asl\u0131nda genel se\u00e7imlere gitmiyoruz. Belediye ba\u015fkanlar\u0131m\u0131z\u0131, belediye meclis \u00fcyelerimizi ve muhtarlar\u0131m\u0131z\u0131 se\u00e7ece\u011fiz. Ancak bu se\u00e7imlerde kullanaca\u011f\u0131m\u0131z oylar, \u00fclkemizin gelece\u011fi konusunda adeta bir i\u015faret fi\u015fe\u011fi olacak diye d\u00fc\u015f\u00fcn\u00fcyorum. \u0130ktidarda bulunanlar\u0131n d\u00f6nmek istedikleri 94 ruhunu biz zaten 40-50 senedir ya\u015f\u0131yoruz, kalbimizde ya\u015fat\u0131yoruz. 31 Mart\u2019tan sonra onlar\u0131n d\u00f6nmek istedikleri, geride b\u0131rakt\u0131klar\u0131, unuttuklar\u0131, terk ettikleri o Milli G\u00f6r\u00fc\u015f ruhunu biz Kayseri\u2019mizde yeniden hayata ge\u00e7irece\u011fiz. Dertlerimiz \u00e7ok. Problemlerimiz \u00e7ok. Elbette bug\u00fcne kadar bir tak\u0131m hizmetler yap\u0131ld\u0131. 17 y\u0131ld\u0131r iktidarda bulunan bir parti, 17 y\u0131l zarf\u0131nda elbette bir \u015feyler yapt\u0131 ki, bug\u00fcne kadar milletimiz b\u00fct\u00fcn problemlerin \u00e7\u00f6z\u00fclece\u011fine inanarak bu arkada\u015flar\u0131m\u0131z\u0131 destekledi. Netice de \u015funu g\u00f6rd\u00fck; art\u0131k bu iktidar d\u00f6nemini tamamlad\u0131. Pilleri bitti, \u015farj edemiyorlar. Biliyorsunuz ki, ak\u00fcler belli bir noktaya kadar \u015farj edilebilir, belli bir noktadan sonra art\u0131k o ak\u00fcy\u00fc \u015farj edemezsiniz, de\u011fi\u015ftireceksiniz. Bunlar da bitti, de\u011fi\u015fecekler. \u00c7\u00fcnk\u00fc \u00fclkemizin bug\u00fcne kadar birikmi\u015f olan problemlerine art\u0131k \u00e7\u00f6z\u00fcm \u00fcretemiyorlar.\u201d ifadelerini kulland\u0131.<\/p>\n<p>Karamollao\u011flu, s\u00f6zlerini \u015f\u00f6yle tamamlad\u0131:<\/p>\n<p>\u201cHeyecana gelmi\u015f bir il\u00e7e ba\u015fkan\u0131 diyor ki, bir noktada z\u0131rval\u0131yor. \u2018Hainlere oy verece\u011fime bizim h\u0131rs\u0131z\u0131m\u0131za oy veririm\u2019 diyor. Hainler, h\u0131rs\u0131zlar\u0131n i\u00e7erisinden \u00e7\u0131kar. Bizim i\u00e7imizden hain \u00e7\u0131kmaz. Herkes bunu bilsin. Biz ne haram yeriz, ne de haram yediririz. Hainler haram yiyip kalpleri bulananlar\u0131n aras\u0131ndan \u00e7\u0131kar. Helal lokmay\u0131 \u015fiar haline getirmi\u015f olanlar harama tevess\u00fcl etmezler. Hainli\u011fi pa\u00e7a b\u0131rakmazlar. Hi\u00e7bir zaman f\u0131rsat vermezler. Herkes bunu b\u00f6yle bilsin. \u015eu lafa bak. \u2018H\u0131rs\u0131zl\u0131k yok\u2019 diyemiyor. \u2018Bizim h\u0131rs\u0131z\u0131m\u0131z iyi\u2019 diyor. Biz \u2018Bu se\u00e7imlere cepsiz ceketle \u00e7\u0131kal\u0131m\u2019 dedik. Biz yola bu kararl\u0131l\u0131kla \u00e7\u0131k\u0131yoruz. Onun i\u00e7in \u2018D\u00fcr\u00fcst ba\u015fkan, d\u00fcr\u00fcst y\u00f6netim\u2019 diyoruz. Her s\u00f6z\u00fcm\u00fcze \u2018D\u00fcr\u00fcst olmak gerekirse\u2019 diye ba\u015fl\u0131yoruz.\u201d<div class=\"tiled-gallery type-rectangular tiled-gallery-unresized\" data-original-width=\"500\" data-carousel-extra='null' itemscope itemtype=\"http:\/\/schema.org\/ImageGallery\" > <div class=\"gallery-row\" style=\"width: 500px; height: 401px;\" data-original-width=\"500\" data-original-height=\"401\" > <div class=\"gallery-group images-1\" style=\"width: 500px; height: 401px;\" data-original-width=\"500\" data-original-height=\"401\" > <div class=\"tiled-gallery-item tiled-gallery-item-large\" itemprop=\"associatedMedia\" itemscope itemtype=\"http:\/\/schema.org\/ImageObject\"> <a href=\"http:\/\/www.tvturk.com\/index.php\/karamollaoglu-31-mart-secimleri-bir-solen-havasi-icerisinde-gececek\/karamollaoglu-31-mart-secimleri-bir-solen-havasi-icerisinde-gececek-3\/\" border=\"0\" itemprop=\"url\"> <meta itemprop=\"width\" content=\"496\"> <meta itemprop=\"height\" content=\"397\"> <img decoding=\"async\" class=\"\" data-attachment-id=\"13992\" data-orig-file=\"http:\/\/www.tvturk.com\/wp-content\/uploads\/2019\/02\/karamollaoglu-31-mart-secimleri-bir-solen-havasi-icerisinde-gececek_0132373.jpg\" data-orig-size=\"720,576\" data-comments-opened=\"\" data-image-meta=\"{&quot;aperture&quot;:&quot;0&quot;,&quot;credit&quot;:&quot;IHA&quot;,&quot;camera&quot;:&quot;&quot;,&quot;caption&quot;:&quot;SP GENEL BA\\u015eKANI TEMEL KARAMOLLAO\\u011eLU, SP KAYSER\\u0130 \\u0130L BA\\u015eKANLI\\u011eI TARAFINDAN D\\u00dcZENLENEN ADAY TANITIM T\\u00d6REN\\u0130NE KATILDI. (AL\\u0130 G\\u00d6\\u00c7\\\/KAYSER\\u0130-\\u0130HA)&quot;,&quot;created_timestamp&quot;:&quot;0&quot;,&quot;copyright&quot;:&quot;\\u0130HLAS HABER AJANSI, www.iha.com.tr&quot;,&quot;focal_length&quot;:&quot;0&quot;,&quot;iso&quot;:&quot;0&quot;,&quot;shutter_speed&quot;:&quot;0&quot;,&quot;title&quot;:&quot;KARAMOLLAO\\u011eLU: \\u201c31 MART SE\\u00c7\\u0130MLER\\u0130 B\\u0130R \\u015e\\u00d6LEN HAVASI \\u0130\\u00c7ER\\u0130S\\u0130NDE GE\\u00c7ECEK\\u201d SAADET PART\\u0130S\\u0130 GENEL BA\\u015eKANI TEMEL KARAMOLLAO\\u011eLU: \\u201cT\\u00dcRK\\u0130YE\\u2019M\\u0130Z\\u0130N GELECE\\u011e\\u0130 \\u0130LE \\u0130LG\\u0130L\\u0130 \\u00d6NEML\\u0130 B\\u0130R ADIM ATACA\\u011eIZ\\u201d&quot;,&quot;orientation&quot;:&quot;0&quot;}\" data-image-title=\"Karamollao\u011flu: \u201c31 Mart se\u00e7imleri bir \u015f\u00f6len havas\u0131 i\u00e7erisinde ge\u00e7ecek\u201d\" data-image-description=\"&lt;p&gt;Karamollao\u011flu: \u201c31 Mart se\u00e7imleri bir \u015f\u00f6len havas\u0131 i\u00e7erisinde ge\u00e7ecek\u201d&lt;\/p&gt; \" data-medium-file=\"https:\/\/i0.wp.com\/www.tvturk.com\/wp-content\/uploads\/2019\/02\/karamollaoglu-31-mart-secimleri-bir-solen-havasi-icerisinde-gececek_0132373.jpg?fit=300%2C240\" data-large-file=\"https:\/\/i0.wp.com\/www.tvturk.com\/wp-content\/uploads\/2019\/02\/karamollaoglu-31-mart-secimleri-bir-solen-havasi-icerisinde-gececek_0132373.jpg?fit=720%2C576\" src=\"https:\/\/i0.wp.com\/www.tvturk.com\/wp-content\/uploads\/2019\/02\/karamollaoglu-31-mart-secimleri-bir-solen-havasi-icerisinde-gececek_0132373.jpg?w=496&#038;h=397\" srcset=\"https:\/\/i0.wp.com\/www.tvturk.com\/wp-content\/uploads\/2019\/02\/karamollaoglu-31-mart-secimleri-bir-solen-havasi-icerisinde-gececek_0132373.jpg?w=720 720w, https:\/\/i0.wp.com\/www.tvturk.com\/wp-content\/uploads\/2019\/02\/karamollaoglu-31-mart-secimleri-bir-solen-havasi-icerisinde-gececek_0132373.jpg?resize=150%2C120 150w, https:\/\/i0.wp.com\/www.tvturk.com\/wp-content\/uploads\/2019\/02\/karamollaoglu-31-mart-secimleri-bir-solen-havasi-icerisinde-gececek_0132373.jpg?resize=300%2C240 300w\" width=\"496\" height=\"397\" loading=\"lazy\" data-original-width=\"496\" data-original-height=\"397\" itemprop=\"http:\/\/schema.org\/image\" title=\"Karamollao\u011flu: \u201c31 Mart se\u00e7imleri bir \u015f\u00f6len havas\u0131 i\u00e7erisinde ge\u00e7ecek\u201d\" alt=\"Karamollao\u011flu: \u201c31 Mart se\u00e7imleri bir \u015f\u00f6len havas\u0131 i\u00e7erisinde ge\u00e7ecek\u201d\" style=\"width: 496px; height: 397px;\" \/> <\/a> <\/div> <\/div> <!-- close group --> <\/div> <!-- close row --> <\/div><\/p>\n","protected":false},"excerpt":{"rendered":"<p>SAADET PART\u0130S\u0130 (SP) GENEL BA\u015eKANI TEMEL KARAMOLLAO\u011eLU, SP KAYSER\u0130 \u0130L BA\u015eKANLI\u011eI TARAFINDAN D\u00dcZENLENEN ADAY TANITIM T\u00d6REN\u0130NDE YAPTI\u011eI KONU\u015eMADA, 31 MART SE\u00c7\u0130MLER\u0130N\u0130N \u015e\u00d6LEN HAVASI \u0130\u00c7ER\u0130S\u0130NDE GE\u00c7ECE\u011e\u0130N\u0130 S\u00d6YLEYEREK, \u201cT\u00dcRK\u0130YE\u2019M\u0130Z\u0130N GELECE\u011e\u0130 \u0130LE \u0130LG\u0130L\u0130 \u00d6NEML\u0130 B\u0130R ADIM ATACA\u011eIZ\u201d DED\u0130.<\/p>\n","protected":false},"author":1,"featured_media":13991,"comment_status":"closed","ping_status":"open","sticky":false,"template":"","format":"standard","meta":{"jetpack_post_was_ever_published":false,"_jetpack_newsletter_access":"","_jetpack_dont_email_post_to_subs":false,"_jetpack_newsletter_tier_id":0,"_jetpack_memberships_contains_paywalled_content":false,"_jetpack_memberships_contains_paid_content":false,"footnotes":"","jetpack_publicize_message":"","jetpack_publicize_feature_enabled":true,"jetpack_social_post_already_shared":false,"jetpack_social_options":{"image_generator_settings":{"template":"highway","default_image_id":0,"font":"","enabled":false},"version":2}},"categories":[9],"tags":[1864,125,4177,5203,6950,6948,6710,6949,3046],"class_list":["post-13990","post","type-post","status-publish","format-standard","has-post-thumbnail","hentry","category-siyaset","tag-1864","tag-bir","tag-gececek","tag-havasi","tag-icerisinde","tag-karamollaoglu","tag-mart","tag-secimleri","tag-solen"],"jetpack_publicize_connections":[],"jetpack_featured_media_url":"https:\/\/i0.wp.com\/www.tvturk.com\/wp-content\/uploads\/2019\/02\/karamollaoglu-31-mart-secimleri-bir-solen-havasi-icerisinde-gececek_8ed3b43.jpg?fit=660%2C555","jetpack_sharing_enabled":true,"jetpack_shortlink":"https:\/\/wp.me\/paKIfm-3DE","_links":{"self":[{"href":"http:\/\/www.tvturk.com\/index.php\/wp-json\/wp\/v2\/posts\/13990","targetHints":{"allow":["GET"]}}],"collection":[{"href":"http:\/\/www.tvturk.com\/index.php\/wp-json\/wp\/v2\/posts"}],"about":[{"href":"http:\/\/www.tvturk.com\/index.php\/wp-json\/wp\/v2\/types\/post"}],"author":[{"embeddable":true,"href":"http:\/\/www.tvturk.com\/index.php\/wp-json\/wp\/v2\/users\/1"}],"replies":[{"embeddable":true,"href":"http:\/\/www.tvturk.com\/index.php\/wp-json\/wp\/v2\/comments?post=13990"}],"version-history":[{"count":1,"href":"http:\/\/www.tvturk.com\/index.php\/wp-json\/wp\/v2\/posts\/13990\/revisions"}],"predecessor-version":[{"id":13993,"href":"http:\/\/www.tvturk.com\/index.php\/wp-json\/wp\/v2\/posts\/13990\/revisions\/13993"}],"wp:featuredmedia":[{"embeddable":true,"href":"http:\/\/www.tvturk.com\/index.php\/wp-json\/wp\/v2\/media\/13991"}],"wp:attachment":[{"href":"http:\/\/www.tvturk.com\/index.php\/wp-json\/wp\/v2\/media?parent=13990"}],"wp:term":[{"taxonomy":"category","embeddable":true,"href":"http:\/\/www.tvturk.com\/index.php\/wp-json\/wp\/v2\/categories?post=13990"},{"taxonomy":"post_tag","embeddable":true,"href":"http:\/\/www.tvturk.com\/index.php\/wp-json\/wp\/v2\/tags?post=13990"}],"curies":[{"name":"wp","href":"https:\/\/api.w.org\/{rel}","templated":true}]}}