{"id":13996,"date":"2019-02-08T22:32:50","date_gmt":"2019-02-08T19:32:50","guid":{"rendered":"http:\/\/www.tvturk.com\/index.php\/yeni-marmara-gazetesi-7-yasinda\/"},"modified":"2019-02-08T22:32:52","modified_gmt":"2019-02-08T19:32:52","slug":"yeni-marmara-gazetesi-7-yasinda","status":"publish","type":"post","link":"http:\/\/www.tvturk.com\/index.php\/yeni-marmara-gazetesi-7-yasinda\/","title":{"rendered":"Yeni Marmara gazetesi 7 ya\u015f\u0131nda"},"content":{"rendered":"<p>Bursa\u2019da Yeni Marmara gazetesinin 7. kurulu\u015f y\u0131ld\u00f6n\u00fcm\u00fc dolay\u0131s\u0131yla gazetenin manevi kurucusu Orhan Alt\u0131n\u00f6z\u2019\u00fc anma ve On Medya Dijital Platformu tan\u0131t\u0131m gecesi d\u00fczenlendi.<\/p>\n<p>Geceye Yeniden Refah Partisi Genel Ba\u015fkan\u0131 Fatih Erbakan, Bursa B\u00fcy\u00fck\u015fehir Belediye Ba\u015fkan\u0131 Alinur Akta\u015f, Bursa milletvekilleri ile \u00e7ok say\u0131da davetli kat\u0131ld\u0131. Programda konu\u015fan Yeniden Refah Partisi Genel Ba\u015fkan\u0131 Fatih Erbakan, \u201cOn Medya Televizyon Kanal\u0131, Yeni Marmara gazetesi ya bizim yapt\u0131\u011f\u0131m\u0131z bu yay\u0131nlar birilerinin ho\u015funa gitmezse endi\u015fesi ta\u015f\u0131madan do\u011fruyu, hakl\u0131y\u0131 ve ger\u00e7e\u011fi her zaman ortaya koydular. Her zaman g\u00fc\u00e7s\u00fcz de olsa hakl\u0131n\u0131n yan\u0131nda yer almay\u0131 uygulad\u0131lar. Hi\u00e7bir maddi menfaat, ki\u015fisel \u00e7\u0131kar g\u00f6zetmeksizin, ilkeli, d\u00fcr\u00fcst ve cesur gazetecilik anlay\u0131\u015f\u0131n\u0131 medyam\u0131zda hakim k\u0131ld\u0131lar. Bu \u00f6zelliklere sahip yay\u0131n yapabilmek, bu \u00e7izgiyi g\u00f6sterebilmek \u00f6zellikle T\u00fcrkiye\u2019mizde \u00e7ok da kolay de\u011fil. Bu sebeple b\u00fct\u00fcn ekibi tebrik ediyoruz. Osmanl\u0131 Payitaht\u0131 Bursa\u2019m\u0131z\u0131n manevi ikliminde ye\u015feren Yeni Marmara gazetesi ve On TV kanal\u0131 sadece ilkeli, d\u00fcr\u00fcst medyac\u0131l\u0131k yay\u0131n\u0131n\u0131 ortaya kaymakla kalmad\u0131, bunun yan\u0131nda \u00e7ok b\u00fcy\u00fck sermaye g\u00fcc\u00fc ve imkanlar\u0131na sahip olan ulusal medya kurulu\u015flar\u0131n\u0131 aratmayacak \u015fekildeki kadrosuyla, kalitesiyle, idari ve yazar kadrosuyla b\u00fct\u00fcn Anadolu ve yerel bas\u0131n\u0131na umut, motivasyon kayna\u011f\u0131 oldu. Emin ad\u0131mlarla bu \u00e7izgide yol almaya devam ediyor\u201d dedi.<\/p>\n<p>Bursa B\u00fcy\u00fck\u015fehir Belediye Ba\u015fkan\u0131 Alinur Akta\u015f ise, \u201cBursa\u2019n\u0131n ayn\u0131 zamanda \u00e7ok k\u00f6kl\u00fc bas\u0131n kurulu\u015flar\u0131 var. Yeni Marmara hep Bursa\u2019da var oldu. Ben onlar\u0131n yazar kadrosunu Belediye Ba\u015fkan\u0131 ve aday\u0131 s\u0131fat\u0131yla ziyaret ettim. Orada arkada\u015flarla bir saatlik keyifli s\u00f6yle\u015fi yapm\u0131\u015ft\u0131m. Orada ekibinizi biliyordum ama bu kadar g\u00fc\u00e7lendi\u011finizi bilmiyordum itiraf\u0131nda bulunmu\u015ftum. Donan\u0131ml\u0131, piyasada \u00e7ok iyi bilinen kalemlerinin bir araya topland\u0131\u011f\u0131 yer. \u00d6ncelikle ba\u015far\u0131lar diliyorum. Allah yar ve yard\u0131mc\u0131lar\u0131 olsun\u201d diye konu\u015ftu.<\/p>\n<p>Yeni Marmara Gazetesi Y\u00f6netim Kurulu Ba\u015fkan\u0131 Orhan Efe ise, \u201c7 y\u0131ld\u0131r yay\u0131n hayat\u0131n\u0131 s\u00fcrd\u00fcren Yeni Marmara gazetesi ayn\u0131 ilkeler ile yoluna emin ad\u0131mlarla devam edecektir. Geli\u015fen teknoloji ile birlikte ge\u00e7ti\u011fimiz aylarda yeni bir d\u00fcnya ve insanl\u0131\u011f\u0131n vicdan\u0131 slogan\u0131 ile kurdu\u011fumuz On Medya Dijital Platformu\u2019nun ilk dijital kanal\u0131 On TV Haber test yay\u0131nlar\u0131n\u0131 s\u00fcrd\u00fcr\u00fcyor. B\u00fcnyesinde haber, \u00e7ocuk, belgesel, sa\u011fl\u0131k, sinema, e\u011fitim, sa\u011fl\u0131k dal\u0131 ve spor dal\u0131 olmak \u00fczere toplam 8 televizyon dal\u0131 bulunmaktad\u0131r. Milletimizin haber alma \u00f6zg\u00fcrl\u00fc\u011f\u00fcn\u00fcn en b\u00fcy\u00fck teminat\u0131 oldu\u011fumuzu bir defa daha ifade etmek istiyoruz\u201d \u015feklinde konu\u015ftu.<div class=\"tiled-gallery type-rectangular tiled-gallery-unresized\" data-original-width=\"500\" data-carousel-extra='null' itemscope itemtype=\"http:\/\/schema.org\/ImageGallery\" > <div class=\"gallery-row\" style=\"width: 500px; height: 168px;\" data-original-width=\"500\" data-original-height=\"168\" > <div class=\"gallery-group images-1\" style=\"width: 250px; height: 168px;\" data-original-width=\"250\" data-original-height=\"168\" > <div class=\"tiled-gallery-item tiled-gallery-item-small\" itemprop=\"associatedMedia\" itemscope itemtype=\"http:\/\/schema.org\/ImageObject\"> <a href=\"http:\/\/www.tvturk.com\/index.php\/yeni-marmara-gazetesi-7-yasinda\/yeni-marmara-gazetesi-7-yasinda-3\/\" border=\"0\" itemprop=\"url\"> <meta itemprop=\"width\" content=\"246\"> <meta itemprop=\"height\" content=\"164\"> <img decoding=\"async\" class=\"\" data-attachment-id=\"13998\" data-orig-file=\"http:\/\/www.tvturk.com\/wp-content\/uploads\/2019\/02\/yeni-marmara-gazetesi-7-yasinda_bff013a.jpg\" data-orig-size=\"1000,666\" data-comments-opened=\"\" data-image-meta=\"{&quot;aperture&quot;:&quot;0&quot;,&quot;credit&quot;:&quot;IHA&quot;,&quot;camera&quot;:&quot;&quot;,&quot;caption&quot;:&quot;YEN\\u0130 MARMARA GAZETES\\u0130 Y\\u00d6NET\\u0130M KURULU BA\\u015eKANI ORHAN EFE A\\u00c7IKLAMALARDA BULUNDU. (AHMET FARUK \\u00c7ABUK\\\/BURSA-\\u0130HA)&quot;,&quot;created_timestamp&quot;:&quot;0&quot;,&quot;copyright&quot;:&quot;\\u0130HLAS HABER AJANSI, www.iha.com.tr&quot;,&quot;focal_length&quot;:&quot;0&quot;,&quot;iso&quot;:&quot;0&quot;,&quot;shutter_speed&quot;:&quot;0&quot;,&quot;title&quot;:&quot;YEN\\u0130 MARMARA GAZETES\\u0130 7 YA\\u015eINDA YEN\\u0130 MARMARA GAZETES\\u0130N\\u0130N 7. KURULU\\u015e YILD\\u00d6N\\u00dcM\\u00dc YEN\\u0130DEN REFAH PART\\u0130S\\u0130 GENEL BA\\u015eKANI FAT\\u0130H ERBAKAN\\u0027IN KATILIMIYLA KUTLANDI&quot;,&quot;orientation&quot;:&quot;0&quot;}\" data-image-title=\"Yeni Marmara gazetesi 7 ya\u015f\u0131nda\" data-image-description=\"&lt;p&gt;Yeni Marmara gazetesi 7 ya\u015f\u0131nda&lt;\/p&gt; \" data-medium-file=\"https:\/\/i0.wp.com\/www.tvturk.com\/wp-content\/uploads\/2019\/02\/yeni-marmara-gazetesi-7-yasinda_bff013a.jpg?fit=300%2C200\" data-large-file=\"https:\/\/i0.wp.com\/www.tvturk.com\/wp-content\/uploads\/2019\/02\/yeni-marmara-gazetesi-7-yasinda_bff013a.jpg?fit=1000%2C666\" src=\"https:\/\/i0.wp.com\/www.tvturk.com\/wp-content\/uploads\/2019\/02\/yeni-marmara-gazetesi-7-yasinda_bff013a.jpg?w=246&#038;h=164\" srcset=\"https:\/\/i0.wp.com\/www.tvturk.com\/wp-content\/uploads\/2019\/02\/yeni-marmara-gazetesi-7-yasinda_bff013a.jpg?w=1000 1000w, https:\/\/i0.wp.com\/www.tvturk.com\/wp-content\/uploads\/2019\/02\/yeni-marmara-gazetesi-7-yasinda_bff013a.jpg?resize=150%2C100 150w, https:\/\/i0.wp.com\/www.tvturk.com\/wp-content\/uploads\/2019\/02\/yeni-marmara-gazetesi-7-yasinda_bff013a.jpg?resize=300%2C200 300w, https:\/\/i0.wp.com\/www.tvturk.com\/wp-content\/uploads\/2019\/02\/yeni-marmara-gazetesi-7-yasinda_bff013a.jpg?resize=768%2C511 768w, https:\/\/i0.wp.com\/www.tvturk.com\/wp-content\/uploads\/2019\/02\/yeni-marmara-gazetesi-7-yasinda_bff013a.jpg?resize=170%2C113 170w, https:\/\/i0.wp.com\/www.tvturk.com\/wp-content\/uploads\/2019\/02\/yeni-marmara-gazetesi-7-yasinda_bff013a.jpg?resize=120%2C80 120w\" width=\"246\" height=\"164\" loading=\"lazy\" data-original-width=\"246\" data-original-height=\"164\" itemprop=\"http:\/\/schema.org\/image\" title=\"Yeni Marmara gazetesi 7 ya\u015f\u0131nda\" alt=\"Yeni Marmara gazetesi 7 ya\u015f\u0131nda\" style=\"width: 246px; height: 164px;\" \/> <\/a> <\/div> <\/div> <!-- close group --> <div class=\"gallery-group images-1\" style=\"width: 250px; height: 168px;\" data-original-width=\"250\" data-original-height=\"168\" > <div class=\"tiled-gallery-item tiled-gallery-item-small\" itemprop=\"associatedMedia\" itemscope itemtype=\"http:\/\/schema.org\/ImageObject\"> <a href=\"http:\/\/www.tvturk.com\/index.php\/yeni-marmara-gazetesi-7-yasinda\/yeni-marmara-gazetesi-7-yasinda-4\/\" border=\"0\" itemprop=\"url\"> <meta itemprop=\"width\" content=\"246\"> <meta itemprop=\"height\" content=\"164\"> <img decoding=\"async\" class=\"\" data-attachment-id=\"13999\" data-orig-file=\"http:\/\/www.tvturk.com\/wp-content\/uploads\/2019\/02\/yeni-marmara-gazetesi-7-yasinda_3727917.jpg\" data-orig-size=\"1000,666\" data-comments-opened=\"\" data-image-meta=\"{&quot;aperture&quot;:&quot;0&quot;,&quot;credit&quot;:&quot;IHA&quot;,&quot;camera&quot;:&quot;&quot;,&quot;caption&quot;:&quot;BURSA B\\u00dcY\\u00dcK\\u015eEH\\u0130R BELED\\u0130YE BA\\u015eKANI AL\\u0130NUR AKTA\\u015e A\\u00c7IKLAMALARDA BULUNDU. (AHMET FARUK \\u00c7ABUK\\\/BURSA-\\u0130HA)&quot;,&quot;created_timestamp&quot;:&quot;0&quot;,&quot;copyright&quot;:&quot;\\u0130HLAS HABER AJANSI, www.iha.com.tr&quot;,&quot;focal_length&quot;:&quot;0&quot;,&quot;iso&quot;:&quot;0&quot;,&quot;shutter_speed&quot;:&quot;0&quot;,&quot;title&quot;:&quot;YEN\\u0130 MARMARA GAZETES\\u0130 7 YA\\u015eINDA YEN\\u0130 MARMARA GAZETES\\u0130N\\u0130N 7. KURULU\\u015e YILD\\u00d6N\\u00dcM\\u00dc YEN\\u0130DEN REFAH PART\\u0130S\\u0130 GENEL BA\\u015eKANI FAT\\u0130H ERBAKAN\\u0027IN KATILIMIYLA KUTLANDI&quot;,&quot;orientation&quot;:&quot;0&quot;}\" data-image-title=\"Yeni Marmara gazetesi 7 ya\u015f\u0131nda\" data-image-description=\"&lt;p&gt;Yeni Marmara gazetesi 7 ya\u015f\u0131nda&lt;\/p&gt; \" data-medium-file=\"https:\/\/i0.wp.com\/www.tvturk.com\/wp-content\/uploads\/2019\/02\/yeni-marmara-gazetesi-7-yasinda_3727917.jpg?fit=300%2C200\" data-large-file=\"https:\/\/i0.wp.com\/www.tvturk.com\/wp-content\/uploads\/2019\/02\/yeni-marmara-gazetesi-7-yasinda_3727917.jpg?fit=1000%2C666\" src=\"https:\/\/i0.wp.com\/www.tvturk.com\/wp-content\/uploads\/2019\/02\/yeni-marmara-gazetesi-7-yasinda_3727917.jpg?w=246&#038;h=164\" srcset=\"https:\/\/i0.wp.com\/www.tvturk.com\/wp-content\/uploads\/2019\/02\/yeni-marmara-gazetesi-7-yasinda_3727917.jpg?w=1000 1000w, https:\/\/i0.wp.com\/www.tvturk.com\/wp-content\/uploads\/2019\/02\/yeni-marmara-gazetesi-7-yasinda_3727917.jpg?resize=150%2C100 150w, https:\/\/i0.wp.com\/www.tvturk.com\/wp-content\/uploads\/2019\/02\/yeni-marmara-gazetesi-7-yasinda_3727917.jpg?resize=300%2C200 300w, https:\/\/i0.wp.com\/www.tvturk.com\/wp-content\/uploads\/2019\/02\/yeni-marmara-gazetesi-7-yasinda_3727917.jpg?resize=768%2C511 768w, https:\/\/i0.wp.com\/www.tvturk.com\/wp-content\/uploads\/2019\/02\/yeni-marmara-gazetesi-7-yasinda_3727917.jpg?resize=170%2C113 170w, https:\/\/i0.wp.com\/www.tvturk.com\/wp-content\/uploads\/2019\/02\/yeni-marmara-gazetesi-7-yasinda_3727917.jpg?resize=120%2C80 120w\" width=\"246\" height=\"164\" loading=\"lazy\" data-original-width=\"246\" data-original-height=\"164\" itemprop=\"http:\/\/schema.org\/image\" title=\"Yeni Marmara gazetesi 7 ya\u015f\u0131nda\" alt=\"Yeni Marmara gazetesi 7 ya\u015f\u0131nda\" style=\"width: 246px; height: 164px;\" \/> <\/a> <\/div> <\/div> <!-- close group --> <\/div> <!-- close row --> <\/div><\/p>\n","protected":false},"excerpt":{"rendered":"<p>BURSA\u2019DA YEN\u0130 MARMARA GAZETES\u0130N\u0130N 7. KURULU\u015e YILD\u00d6N\u00dcM\u00dc DOLAYISIYLA GAZETEN\u0130N MANEV\u0130 KURUCUSU ORHAN ALTIN\u00d6Z\u2019\u00dc ANMA VE ON MEDYA D\u0130J\u0130TAL PLATFORMU TANITIM GECES\u0130 D\u00dcZENLEND\u0130.<\/p>\n","protected":false},"author":1,"featured_media":13997,"comment_status":"closed","ping_status":"open","sticky":false,"template":"","format":"standard","meta":{"jetpack_post_was_ever_published":false,"_jetpack_newsletter_access":"","_jetpack_dont_email_post_to_subs":false,"_jetpack_newsletter_tier_id":0,"_jetpack_memberships_contains_paywalled_content":false,"_jetpack_memberships_contains_paid_content":false,"footnotes":"","jetpack_publicize_message":"","jetpack_publicize_feature_enabled":true,"jetpack_social_post_already_shared":false,"jetpack_social_options":{"image_generator_settings":{"template":"highway","default_image_id":0,"font":"","enabled":false},"version":2}},"categories":[655],"tags":[2813,6952,2487,87],"class_list":["post-13996","post","type-post","status-publish","format-standard","has-post-thumbnail","hentry","category-son-dakika","tag-gazetesi","tag-marmara","tag-yasinda","tag-yeni"],"jetpack_publicize_connections":[],"jetpack_featured_media_url":"https:\/\/i0.wp.com\/www.tvturk.com\/wp-content\/uploads\/2019\/02\/yeni-marmara-gazetesi-7-yasinda_c545a9d.jpg?fit=1000%2C666","jetpack_sharing_enabled":true,"jetpack_shortlink":"https:\/\/wp.me\/paKIfm-3DK","_links":{"self":[{"href":"http:\/\/www.tvturk.com\/index.php\/wp-json\/wp\/v2\/posts\/13996","targetHints":{"allow":["GET"]}}],"collection":[{"href":"http:\/\/www.tvturk.com\/index.php\/wp-json\/wp\/v2\/posts"}],"about":[{"href":"http:\/\/www.tvturk.com\/index.php\/wp-json\/wp\/v2\/types\/post"}],"author":[{"embeddable":true,"href":"http:\/\/www.tvturk.com\/index.php\/wp-json\/wp\/v2\/users\/1"}],"replies":[{"embeddable":true,"href":"http:\/\/www.tvturk.com\/index.php\/wp-json\/wp\/v2\/comments?post=13996"}],"version-history":[{"count":1,"href":"http:\/\/www.tvturk.com\/index.php\/wp-json\/wp\/v2\/posts\/13996\/revisions"}],"predecessor-version":[{"id":14000,"href":"http:\/\/www.tvturk.com\/index.php\/wp-json\/wp\/v2\/posts\/13996\/revisions\/14000"}],"wp:featuredmedia":[{"embeddable":true,"href":"http:\/\/www.tvturk.com\/index.php\/wp-json\/wp\/v2\/media\/13997"}],"wp:attachment":[{"href":"http:\/\/www.tvturk.com\/index.php\/wp-json\/wp\/v2\/media?parent=13996"}],"wp:term":[{"taxonomy":"category","embeddable":true,"href":"http:\/\/www.tvturk.com\/index.php\/wp-json\/wp\/v2\/categories?post=13996"},{"taxonomy":"post_tag","embeddable":true,"href":"http:\/\/www.tvturk.com\/index.php\/wp-json\/wp\/v2\/tags?post=13996"}],"curies":[{"name":"wp","href":"https:\/\/api.w.org\/{rel}","templated":true}]}}