{"id":139968,"date":"2019-04-17T12:55:14","date_gmt":"2019-04-17T09:55:14","guid":{"rendered":"http:\/\/www.tvturk.com\/index.php\/nisan-ayinda-karla-mucadele-calismasi\/"},"modified":"2019-04-17T12:55:19","modified_gmt":"2019-04-17T09:55:19","slug":"nisan-ayinda-karla-mucadele-calismasi","status":"publish","type":"post","link":"http:\/\/www.tvturk.com\/index.php\/nisan-ayinda-karla-mucadele-calismasi\/","title":{"rendered":"Nisan ay\u0131nda karla m\u00fccadele \u00e7al\u0131\u015fmas\u0131"},"content":{"rendered":"<p>Karayollar\u0131 11. Van B\u00f6lge M\u00fcd\u00fcrl\u00fc\u011f\u00fc ekipleri, nisan ay\u0131n\u0131n \u00fc\u00e7\u00fcnc\u00fc haftas\u0131nda Van-Bah\u00e7esaray karayolu \u00fczerinde bulunan 3 bin rak\u0131ml\u0131 Katapet Ge\u00e7idi\u2019nde karla m\u00fccadele \u00e7al\u0131\u015fmas\u0131 y\u00fcr\u00fct\u00fcyor.<\/p>\n<p>Karayollar\u0131 11. Van B\u00f6lge M\u00fcd\u00fcrl\u00fc\u011f\u00fc 111. \u015eube \u015eefli\u011fine ba\u011fl\u0131 G\u00f6renta\u015f \u015eantiye \u015eefli\u011fi ekipleri, kas\u0131m ay\u0131ndan bu yana Van-Bah\u00e7esaray karayolunda kar temizleme \u00e7al\u0131\u015fmas\u0131n\u0131 b\u00fct\u00fcn olumsuzluklara ra\u011fmen s\u00fcrd\u00fcr\u00fcyor. Kar, tipi ve f\u0131rt\u0131nan\u0131n yan\u0131 s\u0131ra her t\u00fcrl\u00fc zorlu\u011fa ra\u011fmen vatanda\u015flar\u0131n yolda kalmamalar\u0131 i\u00e7in \u00e7al\u0131\u015fmalar\u0131n\u0131 aral\u0131ks\u0131z s\u00fcrd\u00fcren ekipler, zaman zaman \u00e7\u0131\u011f tehlikesiyle de kar\u015f\u0131 kar\u015f\u0131ya kal\u0131yor. \u015eehir merkezinde ya\u011fmur, Van-Bah\u00e7esaray yolu \u00fczerinde bulunan 3 bin rak\u0131ml\u0131 Karabet Ge\u00e7idi\u2019nde de etkili olan kar ya\u011f\u0131\u015f\u0131 trafi\u011fi olumsuz y\u00f6nde etkiliyor. Ekipler, b\u00f6lgede yo\u011fun kar ya\u011f\u0131\u015f\u0131 ve tipiye ra\u011fmen \u00e7al\u0131\u015fmalar\u0131n\u0131 aral\u0131ks\u0131z s\u00fcrd\u00fcr\u00fcyor.<div class=\"tiled-gallery type-rectangular tiled-gallery-unresized\" data-original-width=\"500\" data-carousel-extra='null' itemscope itemtype=\"http:\/\/schema.org\/ImageGallery\" > <div class=\"gallery-row\" style=\"width: 500px; height: 142px;\" data-original-width=\"500\" data-original-height=\"142\" > <div class=\"gallery-group images-1\" style=\"width: 250px; height: 142px;\" data-original-width=\"250\" data-original-height=\"142\" > <div class=\"tiled-gallery-item tiled-gallery-item-small\" itemprop=\"associatedMedia\" itemscope itemtype=\"http:\/\/schema.org\/ImageObject\"> <a href=\"http:\/\/www.tvturk.com\/index.php\/nisan-ayinda-karla-mucadele-calismasi\/nisan-ayinda-karla-mucadele-calismasi-3\/\" border=\"0\" itemprop=\"url\"> <meta itemprop=\"width\" content=\"246\"> <meta itemprop=\"height\" content=\"138\"> <img decoding=\"async\" class=\"\" data-attachment-id=\"139970\" data-orig-file=\"http:\/\/www.tvturk.com\/wp-content\/uploads\/2019\/04\/nisan-ayinda-karla-mucadele-calismasi_d152845.jpg\" data-orig-size=\"1000,562\" data-comments-opened=\"\" data-image-meta=\"{&quot;aperture&quot;:&quot;0&quot;,&quot;credit&quot;:&quot;IHA&quot;,&quot;camera&quot;:&quot;&quot;,&quot;caption&quot;:&quot;KARAYOLLARI 11. VAN B\\u00d6LGE M\\u00dcD\\u00dcRL\\u00dc\\u011e\\u00dc EK\\u0130PLER\\u0130, N\\u0130SAN AYININ \\u00dc\\u00c7\\u00dcNC\\u00dc HAFTASINDA VAN-BAH\\u00c7ESARAY KARAYOLU \\u00dcZER\\u0130NDE BULUNAN 3 B\\u0130N RAKIMLI KATAPET GE\\u00c7\\u0130D\\u0130\\u0027NDE KARLA M\\u00dcCADELE \\u00c7ALI\\u015eMASI Y\\u00dcR\\u00dcT\\u00dcYOR. (\\u015e\\u00dcKR\\u00dc AKY\\u00dcZ\\\/VAN-\\u0130HA)&quot;,&quot;created_timestamp&quot;:&quot;0&quot;,&quot;copyright&quot;:&quot;\\u0130HLAS HABER AJANSI, www.iha.com.tr&quot;,&quot;focal_length&quot;:&quot;0&quot;,&quot;iso&quot;:&quot;0&quot;,&quot;shutter_speed&quot;:&quot;0&quot;,&quot;title&quot;:&quot;N\\u0130SAN AYINDA KARLA M\\u00dcCADELE \\u00c7ALI\\u015eMASI&quot;,&quot;orientation&quot;:&quot;0&quot;}\" data-image-title=\"Nisan ay\u0131nda karla m\u00fccadele \u00e7al\u0131\u015fmas\u0131\" data-image-description=\"&lt;p&gt;Nisan ay\u0131nda karla m\u00fccadele \u00e7al\u0131\u015fmas\u0131&lt;\/p&gt; \" data-medium-file=\"https:\/\/i0.wp.com\/www.tvturk.com\/wp-content\/uploads\/2019\/04\/nisan-ayinda-karla-mucadele-calismasi_d152845.jpg?fit=300%2C169\" data-large-file=\"https:\/\/i0.wp.com\/www.tvturk.com\/wp-content\/uploads\/2019\/04\/nisan-ayinda-karla-mucadele-calismasi_d152845.jpg?fit=1000%2C562\" src=\"https:\/\/i0.wp.com\/www.tvturk.com\/wp-content\/uploads\/2019\/04\/nisan-ayinda-karla-mucadele-calismasi_d152845.jpg?w=246&#038;h=138\" srcset=\"https:\/\/i0.wp.com\/www.tvturk.com\/wp-content\/uploads\/2019\/04\/nisan-ayinda-karla-mucadele-calismasi_d152845.jpg?w=1000 1000w, https:\/\/i0.wp.com\/www.tvturk.com\/wp-content\/uploads\/2019\/04\/nisan-ayinda-karla-mucadele-calismasi_d152845.jpg?resize=150%2C84 150w, https:\/\/i0.wp.com\/www.tvturk.com\/wp-content\/uploads\/2019\/04\/nisan-ayinda-karla-mucadele-calismasi_d152845.jpg?resize=300%2C169 300w, https:\/\/i0.wp.com\/www.tvturk.com\/wp-content\/uploads\/2019\/04\/nisan-ayinda-karla-mucadele-calismasi_d152845.jpg?resize=768%2C432 768w, https:\/\/i0.wp.com\/www.tvturk.com\/wp-content\/uploads\/2019\/04\/nisan-ayinda-karla-mucadele-calismasi_d152845.jpg?resize=200%2C113 200w\" width=\"246\" height=\"138\" loading=\"lazy\" data-original-width=\"246\" data-original-height=\"138\" itemprop=\"http:\/\/schema.org\/image\" title=\"Nisan ay\u0131nda karla m\u00fccadele \u00e7al\u0131\u015fmas\u0131\" alt=\"Nisan ay\u0131nda karla m\u00fccadele \u00e7al\u0131\u015fmas\u0131\" style=\"width: 246px; height: 138px;\" \/> <\/a> <\/div> <\/div> <!-- close group --> <div class=\"gallery-group images-1\" style=\"width: 250px; height: 142px;\" data-original-width=\"250\" data-original-height=\"142\" > <div class=\"tiled-gallery-item tiled-gallery-item-small\" itemprop=\"associatedMedia\" itemscope itemtype=\"http:\/\/schema.org\/ImageObject\"> <a href=\"http:\/\/www.tvturk.com\/index.php\/nisan-ayinda-karla-mucadele-calismasi\/nisan-ayinda-karla-mucadele-calismasi-4\/\" border=\"0\" itemprop=\"url\"> <meta itemprop=\"width\" content=\"246\"> <meta itemprop=\"height\" content=\"138\"> <img decoding=\"async\" class=\"\" data-attachment-id=\"139971\" data-orig-file=\"http:\/\/www.tvturk.com\/wp-content\/uploads\/2019\/04\/nisan-ayinda-karla-mucadele-calismasi_edd1ba8.jpg\" data-orig-size=\"1000,562\" data-comments-opened=\"\" data-image-meta=\"{&quot;aperture&quot;:&quot;0&quot;,&quot;credit&quot;:&quot;IHA&quot;,&quot;camera&quot;:&quot;&quot;,&quot;caption&quot;:&quot;KARAYOLLARI 11. VAN B\\u00d6LGE M\\u00dcD\\u00dcRL\\u00dc\\u011e\\u00dc EK\\u0130PLER\\u0130, N\\u0130SAN AYININ \\u00dc\\u00c7\\u00dcNC\\u00dc HAFTASINDA VAN-BAH\\u00c7ESARAY KARAYOLU \\u00dcZER\\u0130NDE BULUNAN 3 B\\u0130N RAKIMLI KATAPET GE\\u00c7\\u0130D\\u0130\\u0027NDE KARLA M\\u00dcCADELE \\u00c7ALI\\u015eMASI Y\\u00dcR\\u00dcT\\u00dcYOR. (\\u015e\\u00dcKR\\u00dc AKY\\u00dcZ\\\/VAN-\\u0130HA)&quot;,&quot;created_timestamp&quot;:&quot;0&quot;,&quot;copyright&quot;:&quot;\\u0130HLAS HABER AJANSI, www.iha.com.tr&quot;,&quot;focal_length&quot;:&quot;0&quot;,&quot;iso&quot;:&quot;0&quot;,&quot;shutter_speed&quot;:&quot;0&quot;,&quot;title&quot;:&quot;N\\u0130SAN AYINDA KARLA M\\u00dcCADELE \\u00c7ALI\\u015eMASI&quot;,&quot;orientation&quot;:&quot;0&quot;}\" data-image-title=\"Nisan ay\u0131nda karla m\u00fccadele \u00e7al\u0131\u015fmas\u0131\" data-image-description=\"&lt;p&gt;Nisan ay\u0131nda karla m\u00fccadele \u00e7al\u0131\u015fmas\u0131&lt;\/p&gt; \" data-medium-file=\"https:\/\/i0.wp.com\/www.tvturk.com\/wp-content\/uploads\/2019\/04\/nisan-ayinda-karla-mucadele-calismasi_edd1ba8.jpg?fit=300%2C169\" data-large-file=\"https:\/\/i0.wp.com\/www.tvturk.com\/wp-content\/uploads\/2019\/04\/nisan-ayinda-karla-mucadele-calismasi_edd1ba8.jpg?fit=1000%2C562\" src=\"https:\/\/i0.wp.com\/www.tvturk.com\/wp-content\/uploads\/2019\/04\/nisan-ayinda-karla-mucadele-calismasi_edd1ba8.jpg?w=246&#038;h=138\" srcset=\"https:\/\/i0.wp.com\/www.tvturk.com\/wp-content\/uploads\/2019\/04\/nisan-ayinda-karla-mucadele-calismasi_edd1ba8.jpg?w=1000 1000w, https:\/\/i0.wp.com\/www.tvturk.com\/wp-content\/uploads\/2019\/04\/nisan-ayinda-karla-mucadele-calismasi_edd1ba8.jpg?resize=150%2C84 150w, https:\/\/i0.wp.com\/www.tvturk.com\/wp-content\/uploads\/2019\/04\/nisan-ayinda-karla-mucadele-calismasi_edd1ba8.jpg?resize=300%2C169 300w, https:\/\/i0.wp.com\/www.tvturk.com\/wp-content\/uploads\/2019\/04\/nisan-ayinda-karla-mucadele-calismasi_edd1ba8.jpg?resize=768%2C432 768w, https:\/\/i0.wp.com\/www.tvturk.com\/wp-content\/uploads\/2019\/04\/nisan-ayinda-karla-mucadele-calismasi_edd1ba8.jpg?resize=200%2C113 200w\" width=\"246\" height=\"138\" loading=\"lazy\" data-original-width=\"246\" data-original-height=\"138\" itemprop=\"http:\/\/schema.org\/image\" title=\"Nisan ay\u0131nda karla m\u00fccadele \u00e7al\u0131\u015fmas\u0131\" alt=\"Nisan ay\u0131nda karla m\u00fccadele \u00e7al\u0131\u015fmas\u0131\" style=\"width: 246px; height: 138px;\" \/> <\/a> <\/div> <\/div> <!-- close group --> <\/div> <!-- close row --> <div class=\"gallery-row\" style=\"width: 500px; height: 142px;\" data-original-width=\"500\" data-original-height=\"142\" > <div class=\"gallery-group images-1\" style=\"width: 250px; height: 142px;\" data-original-width=\"250\" data-original-height=\"142\" > <div class=\"tiled-gallery-item tiled-gallery-item-small\" itemprop=\"associatedMedia\" itemscope itemtype=\"http:\/\/schema.org\/ImageObject\"> <a href=\"http:\/\/www.tvturk.com\/index.php\/nisan-ayinda-karla-mucadele-calismasi\/nisan-ayinda-karla-mucadele-calismasi-5\/\" border=\"0\" itemprop=\"url\"> <meta itemprop=\"width\" content=\"246\"> <meta itemprop=\"height\" content=\"138\"> <img decoding=\"async\" class=\"\" data-attachment-id=\"139972\" data-orig-file=\"http:\/\/www.tvturk.com\/wp-content\/uploads\/2019\/04\/nisan-ayinda-karla-mucadele-calismasi_8b461bd.jpg\" data-orig-size=\"1000,562\" data-comments-opened=\"\" data-image-meta=\"{&quot;aperture&quot;:&quot;0&quot;,&quot;credit&quot;:&quot;IHA&quot;,&quot;camera&quot;:&quot;&quot;,&quot;caption&quot;:&quot;KARAYOLLARI 11. VAN B\\u00d6LGE M\\u00dcD\\u00dcRL\\u00dc\\u011e\\u00dc EK\\u0130PLER\\u0130, N\\u0130SAN AYININ \\u00dc\\u00c7\\u00dcNC\\u00dc HAFTASINDA VAN-BAH\\u00c7ESARAY KARAYOLU \\u00dcZER\\u0130NDE BULUNAN 3 B\\u0130N RAKIMLI KATAPET GE\\u00c7\\u0130D\\u0130\\u0027NDE KARLA M\\u00dcCADELE \\u00c7ALI\\u015eMASI Y\\u00dcR\\u00dcT\\u00dcYOR. (\\u015e\\u00dcKR\\u00dc AKY\\u00dcZ\\\/VAN-\\u0130HA)&quot;,&quot;created_timestamp&quot;:&quot;0&quot;,&quot;copyright&quot;:&quot;\\u0130HLAS HABER AJANSI, www.iha.com.tr&quot;,&quot;focal_length&quot;:&quot;0&quot;,&quot;iso&quot;:&quot;0&quot;,&quot;shutter_speed&quot;:&quot;0&quot;,&quot;title&quot;:&quot;N\\u0130SAN AYINDA KARLA M\\u00dcCADELE \\u00c7ALI\\u015eMASI&quot;,&quot;orientation&quot;:&quot;0&quot;}\" data-image-title=\"Nisan ay\u0131nda karla m\u00fccadele \u00e7al\u0131\u015fmas\u0131\" data-image-description=\"&lt;p&gt;Nisan ay\u0131nda karla m\u00fccadele \u00e7al\u0131\u015fmas\u0131&lt;\/p&gt; \" data-medium-file=\"https:\/\/i0.wp.com\/www.tvturk.com\/wp-content\/uploads\/2019\/04\/nisan-ayinda-karla-mucadele-calismasi_8b461bd.jpg?fit=300%2C169\" data-large-file=\"https:\/\/i0.wp.com\/www.tvturk.com\/wp-content\/uploads\/2019\/04\/nisan-ayinda-karla-mucadele-calismasi_8b461bd.jpg?fit=1000%2C562\" src=\"https:\/\/i0.wp.com\/www.tvturk.com\/wp-content\/uploads\/2019\/04\/nisan-ayinda-karla-mucadele-calismasi_8b461bd.jpg?w=246&#038;h=138\" srcset=\"https:\/\/i0.wp.com\/www.tvturk.com\/wp-content\/uploads\/2019\/04\/nisan-ayinda-karla-mucadele-calismasi_8b461bd.jpg?w=1000 1000w, https:\/\/i0.wp.com\/www.tvturk.com\/wp-content\/uploads\/2019\/04\/nisan-ayinda-karla-mucadele-calismasi_8b461bd.jpg?resize=150%2C84 150w, https:\/\/i0.wp.com\/www.tvturk.com\/wp-content\/uploads\/2019\/04\/nisan-ayinda-karla-mucadele-calismasi_8b461bd.jpg?resize=300%2C169 300w, https:\/\/i0.wp.com\/www.tvturk.com\/wp-content\/uploads\/2019\/04\/nisan-ayinda-karla-mucadele-calismasi_8b461bd.jpg?resize=768%2C432 768w, https:\/\/i0.wp.com\/www.tvturk.com\/wp-content\/uploads\/2019\/04\/nisan-ayinda-karla-mucadele-calismasi_8b461bd.jpg?resize=200%2C113 200w\" width=\"246\" height=\"138\" loading=\"lazy\" data-original-width=\"246\" data-original-height=\"138\" itemprop=\"http:\/\/schema.org\/image\" title=\"Nisan ay\u0131nda karla m\u00fccadele \u00e7al\u0131\u015fmas\u0131\" alt=\"Nisan ay\u0131nda karla m\u00fccadele \u00e7al\u0131\u015fmas\u0131\" style=\"width: 246px; height: 138px;\" \/> <\/a> <\/div> <\/div> <!-- close group --> <div class=\"gallery-group images-1\" style=\"width: 250px; height: 142px;\" data-original-width=\"250\" data-original-height=\"142\" > <div class=\"tiled-gallery-item tiled-gallery-item-small\" itemprop=\"associatedMedia\" itemscope itemtype=\"http:\/\/schema.org\/ImageObject\"> <a href=\"http:\/\/www.tvturk.com\/index.php\/nisan-ayinda-karla-mucadele-calismasi\/nisan-ayinda-karla-mucadele-calismasi-6\/\" border=\"0\" itemprop=\"url\"> <meta itemprop=\"width\" content=\"246\"> <meta itemprop=\"height\" content=\"138\"> <img decoding=\"async\" class=\"\" data-attachment-id=\"139973\" data-orig-file=\"http:\/\/www.tvturk.com\/wp-content\/uploads\/2019\/04\/nisan-ayinda-karla-mucadele-calismasi_59b7ef8.jpg\" data-orig-size=\"1000,562\" data-comments-opened=\"\" data-image-meta=\"{&quot;aperture&quot;:&quot;0&quot;,&quot;credit&quot;:&quot;IHA&quot;,&quot;camera&quot;:&quot;&quot;,&quot;caption&quot;:&quot;KARAYOLLARI 11. VAN B\\u00d6LGE M\\u00dcD\\u00dcRL\\u00dc\\u011e\\u00dc EK\\u0130PLER\\u0130, N\\u0130SAN AYININ \\u00dc\\u00c7\\u00dcNC\\u00dc HAFTASINDA VAN-BAH\\u00c7ESARAY KARAYOLU \\u00dcZER\\u0130NDE BULUNAN 3 B\\u0130N RAKIMLI KATAPET GE\\u00c7\\u0130D\\u0130\\u0027NDE KARLA M\\u00dcCADELE \\u00c7ALI\\u015eMASI Y\\u00dcR\\u00dcT\\u00dcYOR. (\\u015e\\u00dcKR\\u00dc AKY\\u00dcZ\\\/VAN-\\u0130HA)&quot;,&quot;created_timestamp&quot;:&quot;0&quot;,&quot;copyright&quot;:&quot;\\u0130HLAS HABER AJANSI, www.iha.com.tr&quot;,&quot;focal_length&quot;:&quot;0&quot;,&quot;iso&quot;:&quot;0&quot;,&quot;shutter_speed&quot;:&quot;0&quot;,&quot;title&quot;:&quot;N\\u0130SAN AYINDA KARLA M\\u00dcCADELE \\u00c7ALI\\u015eMASI&quot;,&quot;orientation&quot;:&quot;0&quot;}\" data-image-title=\"Nisan ay\u0131nda karla m\u00fccadele \u00e7al\u0131\u015fmas\u0131\" data-image-description=\"&lt;p&gt;Nisan ay\u0131nda karla m\u00fccadele \u00e7al\u0131\u015fmas\u0131&lt;\/p&gt; \" data-medium-file=\"https:\/\/i0.wp.com\/www.tvturk.com\/wp-content\/uploads\/2019\/04\/nisan-ayinda-karla-mucadele-calismasi_59b7ef8.jpg?fit=300%2C169\" data-large-file=\"https:\/\/i0.wp.com\/www.tvturk.com\/wp-content\/uploads\/2019\/04\/nisan-ayinda-karla-mucadele-calismasi_59b7ef8.jpg?fit=1000%2C562\" src=\"https:\/\/i0.wp.com\/www.tvturk.com\/wp-content\/uploads\/2019\/04\/nisan-ayinda-karla-mucadele-calismasi_59b7ef8.jpg?w=246&#038;h=138\" srcset=\"https:\/\/i0.wp.com\/www.tvturk.com\/wp-content\/uploads\/2019\/04\/nisan-ayinda-karla-mucadele-calismasi_59b7ef8.jpg?w=1000 1000w, https:\/\/i0.wp.com\/www.tvturk.com\/wp-content\/uploads\/2019\/04\/nisan-ayinda-karla-mucadele-calismasi_59b7ef8.jpg?resize=150%2C84 150w, https:\/\/i0.wp.com\/www.tvturk.com\/wp-content\/uploads\/2019\/04\/nisan-ayinda-karla-mucadele-calismasi_59b7ef8.jpg?resize=300%2C169 300w, https:\/\/i0.wp.com\/www.tvturk.com\/wp-content\/uploads\/2019\/04\/nisan-ayinda-karla-mucadele-calismasi_59b7ef8.jpg?resize=768%2C432 768w, https:\/\/i0.wp.com\/www.tvturk.com\/wp-content\/uploads\/2019\/04\/nisan-ayinda-karla-mucadele-calismasi_59b7ef8.jpg?resize=200%2C113 200w\" width=\"246\" height=\"138\" loading=\"lazy\" data-original-width=\"246\" data-original-height=\"138\" itemprop=\"http:\/\/schema.org\/image\" title=\"Nisan ay\u0131nda karla m\u00fccadele \u00e7al\u0131\u015fmas\u0131\" alt=\"Nisan ay\u0131nda karla m\u00fccadele \u00e7al\u0131\u015fmas\u0131\" style=\"width: 246px; height: 138px;\" \/> <\/a> <\/div> <\/div> <!-- close group --> <\/div> <!-- close row --> <div class=\"gallery-row\" style=\"width: 500px; height: 142px;\" data-original-width=\"500\" data-original-height=\"142\" > <div class=\"gallery-group images-1\" style=\"width: 250px; height: 142px;\" data-original-width=\"250\" data-original-height=\"142\" > <div class=\"tiled-gallery-item tiled-gallery-item-small\" itemprop=\"associatedMedia\" itemscope itemtype=\"http:\/\/schema.org\/ImageObject\"> <a href=\"http:\/\/www.tvturk.com\/index.php\/nisan-ayinda-karla-mucadele-calismasi\/nisan-ayinda-karla-mucadele-calismasi-7\/\" border=\"0\" itemprop=\"url\"> <meta itemprop=\"width\" content=\"246\"> <meta itemprop=\"height\" content=\"138\"> <img decoding=\"async\" class=\"\" data-attachment-id=\"139974\" data-orig-file=\"http:\/\/www.tvturk.com\/wp-content\/uploads\/2019\/04\/nisan-ayinda-karla-mucadele-calismasi_928fa4d.jpg\" data-orig-size=\"1000,562\" data-comments-opened=\"\" data-image-meta=\"{&quot;aperture&quot;:&quot;0&quot;,&quot;credit&quot;:&quot;IHA&quot;,&quot;camera&quot;:&quot;&quot;,&quot;caption&quot;:&quot;KARAYOLLARI 11. VAN B\\u00d6LGE M\\u00dcD\\u00dcRL\\u00dc\\u011e\\u00dc EK\\u0130PLER\\u0130, N\\u0130SAN AYININ \\u00dc\\u00c7\\u00dcNC\\u00dc HAFTASINDA VAN-BAH\\u00c7ESARAY KARAYOLU \\u00dcZER\\u0130NDE BULUNAN 3 B\\u0130N RAKIMLI KATAPET GE\\u00c7\\u0130D\\u0130\\u0027NDE KARLA M\\u00dcCADELE \\u00c7ALI\\u015eMASI Y\\u00dcR\\u00dcT\\u00dcYOR. (\\u015e\\u00dcKR\\u00dc AKY\\u00dcZ\\\/VAN-\\u0130HA)&quot;,&quot;created_timestamp&quot;:&quot;0&quot;,&quot;copyright&quot;:&quot;\\u0130HLAS HABER AJANSI, www.iha.com.tr&quot;,&quot;focal_length&quot;:&quot;0&quot;,&quot;iso&quot;:&quot;0&quot;,&quot;shutter_speed&quot;:&quot;0&quot;,&quot;title&quot;:&quot;N\\u0130SAN AYINDA KARLA M\\u00dcCADELE \\u00c7ALI\\u015eMASI&quot;,&quot;orientation&quot;:&quot;0&quot;}\" data-image-title=\"Nisan ay\u0131nda karla m\u00fccadele \u00e7al\u0131\u015fmas\u0131\" data-image-description=\"&lt;p&gt;Nisan ay\u0131nda karla m\u00fccadele \u00e7al\u0131\u015fmas\u0131&lt;\/p&gt; \" data-medium-file=\"https:\/\/i0.wp.com\/www.tvturk.com\/wp-content\/uploads\/2019\/04\/nisan-ayinda-karla-mucadele-calismasi_928fa4d.jpg?fit=300%2C169\" data-large-file=\"https:\/\/i0.wp.com\/www.tvturk.com\/wp-content\/uploads\/2019\/04\/nisan-ayinda-karla-mucadele-calismasi_928fa4d.jpg?fit=1000%2C562\" src=\"https:\/\/i0.wp.com\/www.tvturk.com\/wp-content\/uploads\/2019\/04\/nisan-ayinda-karla-mucadele-calismasi_928fa4d.jpg?w=246&#038;h=138\" srcset=\"https:\/\/i0.wp.com\/www.tvturk.com\/wp-content\/uploads\/2019\/04\/nisan-ayinda-karla-mucadele-calismasi_928fa4d.jpg?w=1000 1000w, https:\/\/i0.wp.com\/www.tvturk.com\/wp-content\/uploads\/2019\/04\/nisan-ayinda-karla-mucadele-calismasi_928fa4d.jpg?resize=150%2C84 150w, https:\/\/i0.wp.com\/www.tvturk.com\/wp-content\/uploads\/2019\/04\/nisan-ayinda-karla-mucadele-calismasi_928fa4d.jpg?resize=300%2C169 300w, https:\/\/i0.wp.com\/www.tvturk.com\/wp-content\/uploads\/2019\/04\/nisan-ayinda-karla-mucadele-calismasi_928fa4d.jpg?resize=768%2C432 768w, https:\/\/i0.wp.com\/www.tvturk.com\/wp-content\/uploads\/2019\/04\/nisan-ayinda-karla-mucadele-calismasi_928fa4d.jpg?resize=200%2C113 200w\" width=\"246\" height=\"138\" loading=\"lazy\" data-original-width=\"246\" data-original-height=\"138\" itemprop=\"http:\/\/schema.org\/image\" title=\"Nisan ay\u0131nda karla m\u00fccadele \u00e7al\u0131\u015fmas\u0131\" alt=\"Nisan ay\u0131nda karla m\u00fccadele \u00e7al\u0131\u015fmas\u0131\" style=\"width: 246px; height: 138px;\" \/> <\/a> <\/div> <\/div> <!-- close group --> <div class=\"gallery-group images-1\" style=\"width: 250px; height: 142px;\" data-original-width=\"250\" data-original-height=\"142\" > <div class=\"tiled-gallery-item tiled-gallery-item-small\" itemprop=\"associatedMedia\" itemscope itemtype=\"http:\/\/schema.org\/ImageObject\"> <a href=\"http:\/\/www.tvturk.com\/index.php\/nisan-ayinda-karla-mucadele-calismasi\/nisan-ayinda-karla-mucadele-calismasi-8\/\" border=\"0\" itemprop=\"url\"> <meta itemprop=\"width\" content=\"246\"> <meta itemprop=\"height\" content=\"138\"> <img decoding=\"async\" class=\"\" data-attachment-id=\"139975\" data-orig-file=\"http:\/\/www.tvturk.com\/wp-content\/uploads\/2019\/04\/nisan-ayinda-karla-mucadele-calismasi_d7fbadf.jpg\" data-orig-size=\"1000,562\" data-comments-opened=\"\" data-image-meta=\"{&quot;aperture&quot;:&quot;0&quot;,&quot;credit&quot;:&quot;IHA&quot;,&quot;camera&quot;:&quot;&quot;,&quot;caption&quot;:&quot;KARAYOLLARI 11. VAN B\\u00d6LGE M\\u00dcD\\u00dcRL\\u00dc\\u011e\\u00dc EK\\u0130PLER\\u0130, N\\u0130SAN AYININ \\u00dc\\u00c7\\u00dcNC\\u00dc HAFTASINDA VAN-BAH\\u00c7ESARAY KARAYOLU \\u00dcZER\\u0130NDE BULUNAN 3 B\\u0130N RAKIMLI KATAPET GE\\u00c7\\u0130D\\u0130\\u0027NDE KARLA M\\u00dcCADELE \\u00c7ALI\\u015eMASI Y\\u00dcR\\u00dcT\\u00dcYOR. (\\u015e\\u00dcKR\\u00dc AKY\\u00dcZ\\\/VAN-\\u0130HA)&quot;,&quot;created_timestamp&quot;:&quot;0&quot;,&quot;copyright&quot;:&quot;\\u0130HLAS HABER AJANSI, www.iha.com.tr&quot;,&quot;focal_length&quot;:&quot;0&quot;,&quot;iso&quot;:&quot;0&quot;,&quot;shutter_speed&quot;:&quot;0&quot;,&quot;title&quot;:&quot;N\\u0130SAN AYINDA KARLA M\\u00dcCADELE \\u00c7ALI\\u015eMASI&quot;,&quot;orientation&quot;:&quot;0&quot;}\" data-image-title=\"Nisan ay\u0131nda karla m\u00fccadele \u00e7al\u0131\u015fmas\u0131\" data-image-description=\"&lt;p&gt;Nisan ay\u0131nda karla m\u00fccadele \u00e7al\u0131\u015fmas\u0131&lt;\/p&gt; \" data-medium-file=\"https:\/\/i0.wp.com\/www.tvturk.com\/wp-content\/uploads\/2019\/04\/nisan-ayinda-karla-mucadele-calismasi_d7fbadf.jpg?fit=300%2C169\" data-large-file=\"https:\/\/i0.wp.com\/www.tvturk.com\/wp-content\/uploads\/2019\/04\/nisan-ayinda-karla-mucadele-calismasi_d7fbadf.jpg?fit=1000%2C562\" src=\"https:\/\/i0.wp.com\/www.tvturk.com\/wp-content\/uploads\/2019\/04\/nisan-ayinda-karla-mucadele-calismasi_d7fbadf.jpg?w=246&#038;h=138\" srcset=\"https:\/\/i0.wp.com\/www.tvturk.com\/wp-content\/uploads\/2019\/04\/nisan-ayinda-karla-mucadele-calismasi_d7fbadf.jpg?w=1000 1000w, https:\/\/i0.wp.com\/www.tvturk.com\/wp-content\/uploads\/2019\/04\/nisan-ayinda-karla-mucadele-calismasi_d7fbadf.jpg?resize=150%2C84 150w, https:\/\/i0.wp.com\/www.tvturk.com\/wp-content\/uploads\/2019\/04\/nisan-ayinda-karla-mucadele-calismasi_d7fbadf.jpg?resize=300%2C169 300w, https:\/\/i0.wp.com\/www.tvturk.com\/wp-content\/uploads\/2019\/04\/nisan-ayinda-karla-mucadele-calismasi_d7fbadf.jpg?resize=768%2C432 768w, https:\/\/i0.wp.com\/www.tvturk.com\/wp-content\/uploads\/2019\/04\/nisan-ayinda-karla-mucadele-calismasi_d7fbadf.jpg?resize=200%2C113 200w\" width=\"246\" height=\"138\" loading=\"lazy\" data-original-width=\"246\" data-original-height=\"138\" itemprop=\"http:\/\/schema.org\/image\" title=\"Nisan ay\u0131nda karla m\u00fccadele \u00e7al\u0131\u015fmas\u0131\" alt=\"Nisan ay\u0131nda karla m\u00fccadele \u00e7al\u0131\u015fmas\u0131\" style=\"width: 246px; height: 138px;\" \/> <\/a> <\/div> <\/div> <!-- close group --> <\/div> <!-- close row --> <\/div><\/p>\n","protected":false},"excerpt":{"rendered":"<p>KARAYOLLARI 11. VAN B\u00d6LGE M\u00dcD\u00dcRL\u00dc\u011e\u00dc EK\u0130PLER\u0130, N\u0130SAN AYININ \u00dc\u00c7\u00dcNC\u00dc HAFTASINDA VAN-BAH\u00c7ESARAY KARAYOLU \u00dcZER\u0130NDE BULUNAN 3 B\u0130N RAKIMLI KATAPET GE\u00c7\u0130D\u0130&#8217;NDE KARLA M\u00dcCADELE \u00c7ALI\u015eMASI Y\u00dcR\u00dcT\u00dcYOR.<\/p>\n","protected":false},"author":1,"featured_media":139969,"comment_status":"closed","ping_status":"open","sticky":false,"template":"","format":"standard","meta":{"jetpack_post_was_ever_published":false,"_jetpack_newsletter_access":"","_jetpack_dont_email_post_to_subs":false,"_jetpack_newsletter_tier_id":0,"_jetpack_memberships_contains_paywalled_content":false,"_jetpack_memberships_contains_paid_content":false,"footnotes":"","jetpack_publicize_message":"","jetpack_publicize_feature_enabled":true,"jetpack_social_post_already_shared":true,"jetpack_social_options":{"image_generator_settings":{"template":"highway","default_image_id":0,"font":"","enabled":false},"version":2}},"categories":[1],"tags":[211,1699,887,888,8366],"class_list":["post-139968","post","type-post","status-publish","format-standard","has-post-thumbnail","hentry","category-genel","tag-ayinda","tag-calismasi","tag-karla","tag-mucadele","tag-nisan"],"jetpack_publicize_connections":[],"jetpack_featured_media_url":"https:\/\/i0.wp.com\/www.tvturk.com\/wp-content\/uploads\/2019\/04\/nisan-ayinda-karla-mucadele-calismasi_9724f73.jpg?fit=1000%2C562","jetpack_sharing_enabled":true,"jetpack_shortlink":"https:\/\/wp.me\/paKIfm-Apy","_links":{"self":[{"href":"http:\/\/www.tvturk.com\/index.php\/wp-json\/wp\/v2\/posts\/139968","targetHints":{"allow":["GET"]}}],"collection":[{"href":"http:\/\/www.tvturk.com\/index.php\/wp-json\/wp\/v2\/posts"}],"about":[{"href":"http:\/\/www.tvturk.com\/index.php\/wp-json\/wp\/v2\/types\/post"}],"author":[{"embeddable":true,"href":"http:\/\/www.tvturk.com\/index.php\/wp-json\/wp\/v2\/users\/1"}],"replies":[{"embeddable":true,"href":"http:\/\/www.tvturk.com\/index.php\/wp-json\/wp\/v2\/comments?post=139968"}],"version-history":[{"count":1,"href":"http:\/\/www.tvturk.com\/index.php\/wp-json\/wp\/v2\/posts\/139968\/revisions"}],"predecessor-version":[{"id":139976,"href":"http:\/\/www.tvturk.com\/index.php\/wp-json\/wp\/v2\/posts\/139968\/revisions\/139976"}],"wp:featuredmedia":[{"embeddable":true,"href":"http:\/\/www.tvturk.com\/index.php\/wp-json\/wp\/v2\/media\/139969"}],"wp:attachment":[{"href":"http:\/\/www.tvturk.com\/index.php\/wp-json\/wp\/v2\/media?parent=139968"}],"wp:term":[{"taxonomy":"category","embeddable":true,"href":"http:\/\/www.tvturk.com\/index.php\/wp-json\/wp\/v2\/categories?post=139968"},{"taxonomy":"post_tag","embeddable":true,"href":"http:\/\/www.tvturk.com\/index.php\/wp-json\/wp\/v2\/tags?post=139968"}],"curies":[{"name":"wp","href":"https:\/\/api.w.org\/{rel}","templated":true}]}}