{"id":140058,"date":"2019-04-17T13:22:07","date_gmt":"2019-04-17T10:22:07","guid":{"rendered":"http:\/\/www.tvturk.com\/index.php\/qualcomm-ve-apple-uzlasma-karari-aldi\/"},"modified":"2019-04-17T13:22:07","modified_gmt":"2019-04-17T10:22:07","slug":"qualcomm-ve-apple-uzlasma-karari-aldi","status":"publish","type":"post","link":"http:\/\/www.tvturk.com\/index.php\/qualcomm-ve-apple-uzlasma-karari-aldi\/","title":{"rendered":"Qualcomm ve Apple uzla\u015fma karar\u0131 ald\u0131"},"content":{"rendered":"<p>Qualcomm ve Apple, aralar\u0131ndaki b\u00fct\u00fcn patent davalar\u0131n\u0131 d\u00fc\u015f\u00fcrerek uzla\u015fma karar\u0131 ald\u0131.<\/p>\n<p>Qualcomm ve Apple bug\u00fcn aralar\u0131nda s\u00fcren t\u00fcm davalar\u0131 sonland\u0131rd\u0131klar\u0131n\u0131 duyurdu. \u015eirketler uluslararas\u0131 bir patent lisans ve \u00e7ipseti tedarik anla\u015fmas\u0131na vard\u0131.<\/p>\n<p>Taraflar\u0131n yapt\u0131\u011f\u0131 anla\u015fmaya g\u00f6re Qualcomm, Apple\u2019a \u00e7ipseti tedarik edecek ve Apple, Qualcomm\u2019a patent \u00f6demesi yapacak. \u015eirketler1 Nisan 2019\u2019dan itibaren ge\u00e7erli olmak \u00fczere alt\u0131 y\u0131ll\u0131k, iki y\u0131l uzatma opsiyonlu lisans s\u00f6zle\u015fmesini imzalayarak d\u00fcnya \u00e7ap\u0131nda s\u00fcren b\u00fct\u00fcn davalar\u0131 sonland\u0131rm\u0131\u015f oldu.<\/p>\n","protected":false},"excerpt":{"rendered":"<p>QUALCOMM VE APPLE UZLA\u015eMA KARARI ALDI<\/p>\n","protected":false},"author":1,"featured_media":140059,"comment_status":"closed","ping_status":"open","sticky":false,"template":"","format":"standard","meta":{"jetpack_post_was_ever_published":false,"_jetpack_newsletter_access":"","_jetpack_dont_email_post_to_subs":false,"_jetpack_newsletter_tier_id":0,"_jetpack_memberships_contains_paywalled_content":false,"_jetpack_memberships_contains_paid_content":false,"footnotes":"","jetpack_publicize_message":"","jetpack_publicize_feature_enabled":true,"jetpack_social_post_already_shared":true,"jetpack_social_options":{"image_generator_settings":{"template":"highway","default_image_id":0,"font":"","enabled":false},"version":2}},"categories":[19],"tags":[7823,1075,31720,2832,31719],"class_list":["post-140058","post","type-post","status-publish","format-standard","has-post-thumbnail","hentry","category-ekonomi","tag-uzlasma","tag-aldi","tag-apple","tag-karari","tag-qualcomm"],"jetpack_publicize_connections":[],"jetpack_featured_media_url":"https:\/\/i0.wp.com\/www.tvturk.com\/wp-content\/uploads\/2019\/04\/qualcomm-ve-apple-uzlasma-karari-aldi_b169b70.jpg?fit=1000%2C562","jetpack_sharing_enabled":true,"jetpack_shortlink":"https:\/\/wp.me\/paKIfm-Ar0","_links":{"self":[{"href":"http:\/\/www.tvturk.com\/index.php\/wp-json\/wp\/v2\/posts\/140058","targetHints":{"allow":["GET"]}}],"collection":[{"href":"http:\/\/www.tvturk.com\/index.php\/wp-json\/wp\/v2\/posts"}],"about":[{"href":"http:\/\/www.tvturk.com\/index.php\/wp-json\/wp\/v2\/types\/post"}],"author":[{"embeddable":true,"href":"http:\/\/www.tvturk.com\/index.php\/wp-json\/wp\/v2\/users\/1"}],"replies":[{"embeddable":true,"href":"http:\/\/www.tvturk.com\/index.php\/wp-json\/wp\/v2\/comments?post=140058"}],"version-history":[{"count":0,"href":"http:\/\/www.tvturk.com\/index.php\/wp-json\/wp\/v2\/posts\/140058\/revisions"}],"wp:featuredmedia":[{"embeddable":true,"href":"http:\/\/www.tvturk.com\/index.php\/wp-json\/wp\/v2\/media\/140059"}],"wp:attachment":[{"href":"http:\/\/www.tvturk.com\/index.php\/wp-json\/wp\/v2\/media?parent=140058"}],"wp:term":[{"taxonomy":"category","embeddable":true,"href":"http:\/\/www.tvturk.com\/index.php\/wp-json\/wp\/v2\/categories?post=140058"},{"taxonomy":"post_tag","embeddable":true,"href":"http:\/\/www.tvturk.com\/index.php\/wp-json\/wp\/v2\/tags?post=140058"}],"curies":[{"name":"wp","href":"https:\/\/api.w.org\/{rel}","templated":true}]}}