{"id":140424,"date":"2019-04-17T15:50:15","date_gmt":"2019-04-17T12:50:15","guid":{"rendered":"http:\/\/www.tvturk.com\/index.php\/hakkari-van-yoluna-dev-kayalar-dustu\/"},"modified":"2019-04-17T15:50:19","modified_gmt":"2019-04-17T12:50:19","slug":"hakkari-van-yoluna-dev-kayalar-dustu","status":"publish","type":"post","link":"http:\/\/www.tvturk.com\/index.php\/hakkari-van-yoluna-dev-kayalar-dustu\/","title":{"rendered":"Hakkari &#8211; Van yoluna dev kayalar d\u00fc\u015ft\u00fc"},"content":{"rendered":"<p>Hakkari\u2019de etkili olan karla kar\u0131\u015f\u0131k ya\u011fmur nedeniyle da\u011fdan kopan dev kayalar, Hakkari-Van karayolunu \u00e7ift y\u00f6nl\u00fc olarak trafi\u011fe kapatt\u0131.<\/p>\n<p>Hakkari\u2019de son bir haftad\u0131r etkili olan sa\u011fanak ya\u011f\u0131\u015f, hayat\u0131 olumsuz y\u00f6nde etkiliyor. Ya\u011f\u0131\u015flar nedeniyle Hakkari-Van karayolunun 30. kilometresinde bulunan Erz\u0131ki mevkiine da\u011fdan dev kaya par\u00e7alar\u0131 d\u00fc\u015ft\u00fc. Ara\u00e7 s\u00fcr\u00fcc\u00fclerinin haber vermesiyle b\u00f6lgeye giden Karayollar\u0131 114. \u015eube \u015eefli\u011fi ekipleri, kaya d\u00fc\u015fmesi sonucu ula\u015f\u0131m\u0131n aksad\u0131\u011f\u0131 karayolunda temizleme \u00e7al\u0131\u015fmalar\u0131 ba\u015flatt\u0131.<\/p>\n<p>Ekiplerin uzun u\u011fra\u015flar\u0131 sonucu yol ge\u00e7ici olarak tek y\u00f6nden ula\u015f\u0131ma a\u00e7\u0131l\u0131rken, dev kayalar ise i\u015f makinesi yard\u0131m\u0131yla par\u00e7alan\u0131p dozerlerle temizleniyor.<\/p>\n<p>S\u00fcr\u00fcc\u00fclerden Hamza Kaval, d\u00fcn gece etkili olan ya\u011f\u0131\u015flarla birlikte da\u011flardan kopan kayalar\u0131n karayolunu kapatt\u0131\u011f\u0131n\u0131 ifade ederek, \u00e7al\u0131\u015fmalar\u0131ndan dolay\u0131 karayollar\u0131 ekiplerine te\u015fekk\u00fcr etti.<\/p>\n<p>Karayollar\u0131 personeli \u0130hsan Yeti\u015fmez ise sabah\u0131n erken saatlerinden itibaren karayoluna d\u00fc\u015fen kayalar\u0131 temizlemeye \u00e7al\u0131\u015ft\u0131klar\u0131n\u0131 ifade ederek, s\u00fcr\u00fcc\u00fclerin dikkatli olmas\u0131 \u00e7a\u011fr\u0131s\u0131nda bulundu.<div class=\"tiled-gallery type-rectangular tiled-gallery-unresized\" data-original-width=\"500\" data-carousel-extra='null' itemscope itemtype=\"http:\/\/schema.org\/ImageGallery\" > <div class=\"gallery-row\" style=\"width: 500px; height: 142px;\" data-original-width=\"500\" data-original-height=\"142\" > <div class=\"gallery-group images-1\" style=\"width: 250px; height: 142px;\" data-original-width=\"250\" data-original-height=\"142\" > <div class=\"tiled-gallery-item tiled-gallery-item-small\" itemprop=\"associatedMedia\" itemscope itemtype=\"http:\/\/schema.org\/ImageObject\"> <a href=\"http:\/\/www.tvturk.com\/index.php\/hakkari-van-yoluna-dev-kayalar-dustu\/hakkari-van-yoluna-dev-kayalar-dustu-3\/\" border=\"0\" itemprop=\"url\"> <meta itemprop=\"width\" content=\"246\"> <meta itemprop=\"height\" content=\"138\"> <img decoding=\"async\" class=\"\" data-attachment-id=\"140426\" data-orig-file=\"http:\/\/www.tvturk.com\/wp-content\/uploads\/2019\/04\/hakkari-van-yoluna-dev-kayalar-dustu_7ee3d8e.jpg\" data-orig-size=\"1000,562\" data-comments-opened=\"\" data-image-meta=\"{&quot;aperture&quot;:&quot;0&quot;,&quot;credit&quot;:&quot;IHA&quot;,&quot;camera&quot;:&quot;&quot;,&quot;caption&quot;:&quot;HAKKAR\\u0130\\u2019DE ETK\\u0130L\\u0130 OLAN KARLA KARI\\u015eIK YA\\u011eMUR NEDEN\\u0130YLE DA\\u011eDAN KOPAN DEV KAYA K\\u00dcTLELER\\u0130 HAKKAR\\u0130-VAN KARAYOLUNU \\u00c7\\u0130FT Y\\u00d6NL\\u00dc OLARAK TRAF\\u0130\\u011eE KAPATTI. (M\\u0130MAR KAYA\\\/HAKKAR\\u0130-\\u0130HA)&quot;,&quot;created_timestamp&quot;:&quot;0&quot;,&quot;copyright&quot;:&quot;\\u0130HLAS HABER AJANSI, www.iha.com.tr&quot;,&quot;focal_length&quot;:&quot;0&quot;,&quot;iso&quot;:&quot;0&quot;,&quot;shutter_speed&quot;:&quot;0&quot;,&quot;title&quot;:&quot;HAKKAR\\u0130 - VAN YOLUNA DEV KAYALAR D\\u00dc\\u015eT\\u00dc&quot;,&quot;orientation&quot;:&quot;0&quot;}\" data-image-title=\"Hakkari &amp;#8211; Van yoluna dev kayalar d\u00fc\u015ft\u00fc\" data-image-description=\"&lt;p&gt;Hakkari &amp;#8211; Van yoluna dev kayalar d\u00fc\u015ft\u00fc&lt;\/p&gt; \" data-medium-file=\"https:\/\/i0.wp.com\/www.tvturk.com\/wp-content\/uploads\/2019\/04\/hakkari-van-yoluna-dev-kayalar-dustu_7ee3d8e.jpg?fit=300%2C169\" data-large-file=\"https:\/\/i0.wp.com\/www.tvturk.com\/wp-content\/uploads\/2019\/04\/hakkari-van-yoluna-dev-kayalar-dustu_7ee3d8e.jpg?fit=1000%2C562\" src=\"https:\/\/i0.wp.com\/www.tvturk.com\/wp-content\/uploads\/2019\/04\/hakkari-van-yoluna-dev-kayalar-dustu_7ee3d8e.jpg?w=246&#038;h=138\" srcset=\"https:\/\/i0.wp.com\/www.tvturk.com\/wp-content\/uploads\/2019\/04\/hakkari-van-yoluna-dev-kayalar-dustu_7ee3d8e.jpg?w=1000 1000w, https:\/\/i0.wp.com\/www.tvturk.com\/wp-content\/uploads\/2019\/04\/hakkari-van-yoluna-dev-kayalar-dustu_7ee3d8e.jpg?resize=150%2C84 150w, https:\/\/i0.wp.com\/www.tvturk.com\/wp-content\/uploads\/2019\/04\/hakkari-van-yoluna-dev-kayalar-dustu_7ee3d8e.jpg?resize=300%2C169 300w, https:\/\/i0.wp.com\/www.tvturk.com\/wp-content\/uploads\/2019\/04\/hakkari-van-yoluna-dev-kayalar-dustu_7ee3d8e.jpg?resize=768%2C432 768w, https:\/\/i0.wp.com\/www.tvturk.com\/wp-content\/uploads\/2019\/04\/hakkari-van-yoluna-dev-kayalar-dustu_7ee3d8e.jpg?resize=200%2C113 200w\" width=\"246\" height=\"138\" loading=\"lazy\" data-original-width=\"246\" data-original-height=\"138\" itemprop=\"http:\/\/schema.org\/image\" title=\"Hakkari - Van yoluna dev kayalar d\u00fc\u015ft\u00fc\" alt=\"Hakkari - Van yoluna dev kayalar d\u00fc\u015ft\u00fc\" style=\"width: 246px; height: 138px;\" \/> <\/a> <\/div> <\/div> <!-- close group --> <div class=\"gallery-group images-1\" style=\"width: 250px; height: 142px;\" data-original-width=\"250\" data-original-height=\"142\" > <div class=\"tiled-gallery-item tiled-gallery-item-small\" itemprop=\"associatedMedia\" itemscope itemtype=\"http:\/\/schema.org\/ImageObject\"> <a href=\"http:\/\/www.tvturk.com\/index.php\/hakkari-van-yoluna-dev-kayalar-dustu\/hakkari-van-yoluna-dev-kayalar-dustu-4\/\" border=\"0\" itemprop=\"url\"> <meta itemprop=\"width\" content=\"246\"> <meta itemprop=\"height\" content=\"138\"> <img decoding=\"async\" class=\"\" data-attachment-id=\"140427\" data-orig-file=\"http:\/\/www.tvturk.com\/wp-content\/uploads\/2019\/04\/hakkari-van-yoluna-dev-kayalar-dustu_707d419.jpg\" data-orig-size=\"1000,562\" data-comments-opened=\"\" data-image-meta=\"{&quot;aperture&quot;:&quot;0&quot;,&quot;credit&quot;:&quot;IHA&quot;,&quot;camera&quot;:&quot;&quot;,&quot;caption&quot;:&quot;HAKKAR\\u0130\\u2019DE ETK\\u0130L\\u0130 OLAN KARLA KARI\\u015eIK YA\\u011eMUR NEDEN\\u0130YLE DA\\u011eDAN KOPAN DEV KAYA K\\u00dcTLELER\\u0130 HAKKAR\\u0130-VAN KARAYOLUNU \\u00c7\\u0130FT Y\\u00d6NL\\u00dc OLARAK TRAF\\u0130\\u011eE KAPATTI. (M\\u0130MAR KAYA\\\/HAKKAR\\u0130-\\u0130HA)&quot;,&quot;created_timestamp&quot;:&quot;0&quot;,&quot;copyright&quot;:&quot;\\u0130HLAS HABER AJANSI, www.iha.com.tr&quot;,&quot;focal_length&quot;:&quot;0&quot;,&quot;iso&quot;:&quot;0&quot;,&quot;shutter_speed&quot;:&quot;0&quot;,&quot;title&quot;:&quot;HAKKAR\\u0130 - VAN YOLUNA DEV KAYALAR D\\u00dc\\u015eT\\u00dc&quot;,&quot;orientation&quot;:&quot;0&quot;}\" data-image-title=\"Hakkari &amp;#8211; Van yoluna dev kayalar d\u00fc\u015ft\u00fc\" data-image-description=\"&lt;p&gt;Hakkari &amp;#8211; Van yoluna dev kayalar d\u00fc\u015ft\u00fc&lt;\/p&gt; \" data-medium-file=\"https:\/\/i0.wp.com\/www.tvturk.com\/wp-content\/uploads\/2019\/04\/hakkari-van-yoluna-dev-kayalar-dustu_707d419.jpg?fit=300%2C169\" data-large-file=\"https:\/\/i0.wp.com\/www.tvturk.com\/wp-content\/uploads\/2019\/04\/hakkari-van-yoluna-dev-kayalar-dustu_707d419.jpg?fit=1000%2C562\" src=\"https:\/\/i0.wp.com\/www.tvturk.com\/wp-content\/uploads\/2019\/04\/hakkari-van-yoluna-dev-kayalar-dustu_707d419.jpg?w=246&#038;h=138\" srcset=\"https:\/\/i0.wp.com\/www.tvturk.com\/wp-content\/uploads\/2019\/04\/hakkari-van-yoluna-dev-kayalar-dustu_707d419.jpg?w=1000 1000w, https:\/\/i0.wp.com\/www.tvturk.com\/wp-content\/uploads\/2019\/04\/hakkari-van-yoluna-dev-kayalar-dustu_707d419.jpg?resize=150%2C84 150w, https:\/\/i0.wp.com\/www.tvturk.com\/wp-content\/uploads\/2019\/04\/hakkari-van-yoluna-dev-kayalar-dustu_707d419.jpg?resize=300%2C169 300w, https:\/\/i0.wp.com\/www.tvturk.com\/wp-content\/uploads\/2019\/04\/hakkari-van-yoluna-dev-kayalar-dustu_707d419.jpg?resize=768%2C432 768w, https:\/\/i0.wp.com\/www.tvturk.com\/wp-content\/uploads\/2019\/04\/hakkari-van-yoluna-dev-kayalar-dustu_707d419.jpg?resize=200%2C113 200w\" width=\"246\" height=\"138\" loading=\"lazy\" data-original-width=\"246\" data-original-height=\"138\" itemprop=\"http:\/\/schema.org\/image\" title=\"Hakkari - Van yoluna dev kayalar d\u00fc\u015ft\u00fc\" alt=\"Hakkari - Van yoluna dev kayalar d\u00fc\u015ft\u00fc\" style=\"width: 246px; height: 138px;\" \/> <\/a> <\/div> <\/div> <!-- close group --> <\/div> <!-- close row --> <div class=\"gallery-row\" style=\"width: 500px; height: 283px;\" data-original-width=\"500\" data-original-height=\"283\" > <div class=\"gallery-group images-1\" style=\"width: 500px; height: 283px;\" data-original-width=\"500\" data-original-height=\"283\" > <div class=\"tiled-gallery-item tiled-gallery-item-large\" itemprop=\"associatedMedia\" itemscope itemtype=\"http:\/\/schema.org\/ImageObject\"> <a href=\"http:\/\/www.tvturk.com\/index.php\/hakkari-van-yoluna-dev-kayalar-dustu\/hakkari-van-yoluna-dev-kayalar-dustu-5\/\" border=\"0\" itemprop=\"url\"> <meta itemprop=\"width\" content=\"496\"> <meta itemprop=\"height\" content=\"279\"> <img decoding=\"async\" class=\"\" data-attachment-id=\"140428\" data-orig-file=\"http:\/\/www.tvturk.com\/wp-content\/uploads\/2019\/04\/hakkari-van-yoluna-dev-kayalar-dustu_5b73a8d.jpg\" data-orig-size=\"1000,562\" data-comments-opened=\"\" data-image-meta=\"{&quot;aperture&quot;:&quot;0&quot;,&quot;credit&quot;:&quot;IHA&quot;,&quot;camera&quot;:&quot;&quot;,&quot;caption&quot;:&quot;HAKKAR\\u0130\\u2019DE ETK\\u0130L\\u0130 OLAN KARLA KARI\\u015eIK YA\\u011eMUR NEDEN\\u0130YLE DA\\u011eDAN KOPAN DEV KAYA K\\u00dcTLELER\\u0130 HAKKAR\\u0130-VAN KARAYOLUNU \\u00c7\\u0130FT Y\\u00d6NL\\u00dc OLARAK TRAF\\u0130\\u011eE KAPATTI. (M\\u0130MAR KAYA\\\/HAKKAR\\u0130-\\u0130HA)&quot;,&quot;created_timestamp&quot;:&quot;0&quot;,&quot;copyright&quot;:&quot;\\u0130HLAS HABER AJANSI, www.iha.com.tr&quot;,&quot;focal_length&quot;:&quot;0&quot;,&quot;iso&quot;:&quot;0&quot;,&quot;shutter_speed&quot;:&quot;0&quot;,&quot;title&quot;:&quot;HAKKAR\\u0130 - VAN YOLUNA DEV KAYALAR D\\u00dc\\u015eT\\u00dc&quot;,&quot;orientation&quot;:&quot;0&quot;}\" data-image-title=\"Hakkari &amp;#8211; Van yoluna dev kayalar d\u00fc\u015ft\u00fc\" data-image-description=\"&lt;p&gt;Hakkari &amp;#8211; Van yoluna dev kayalar d\u00fc\u015ft\u00fc&lt;\/p&gt; \" data-medium-file=\"https:\/\/i0.wp.com\/www.tvturk.com\/wp-content\/uploads\/2019\/04\/hakkari-van-yoluna-dev-kayalar-dustu_5b73a8d.jpg?fit=300%2C169\" data-large-file=\"https:\/\/i0.wp.com\/www.tvturk.com\/wp-content\/uploads\/2019\/04\/hakkari-van-yoluna-dev-kayalar-dustu_5b73a8d.jpg?fit=1000%2C562\" src=\"https:\/\/i0.wp.com\/www.tvturk.com\/wp-content\/uploads\/2019\/04\/hakkari-van-yoluna-dev-kayalar-dustu_5b73a8d.jpg?w=496&#038;h=279\" srcset=\"https:\/\/i0.wp.com\/www.tvturk.com\/wp-content\/uploads\/2019\/04\/hakkari-van-yoluna-dev-kayalar-dustu_5b73a8d.jpg?w=1000 1000w, https:\/\/i0.wp.com\/www.tvturk.com\/wp-content\/uploads\/2019\/04\/hakkari-van-yoluna-dev-kayalar-dustu_5b73a8d.jpg?resize=150%2C84 150w, https:\/\/i0.wp.com\/www.tvturk.com\/wp-content\/uploads\/2019\/04\/hakkari-van-yoluna-dev-kayalar-dustu_5b73a8d.jpg?resize=300%2C169 300w, https:\/\/i0.wp.com\/www.tvturk.com\/wp-content\/uploads\/2019\/04\/hakkari-van-yoluna-dev-kayalar-dustu_5b73a8d.jpg?resize=768%2C432 768w, https:\/\/i0.wp.com\/www.tvturk.com\/wp-content\/uploads\/2019\/04\/hakkari-van-yoluna-dev-kayalar-dustu_5b73a8d.jpg?resize=200%2C113 200w\" width=\"496\" height=\"279\" loading=\"lazy\" data-original-width=\"496\" data-original-height=\"279\" itemprop=\"http:\/\/schema.org\/image\" title=\"Hakkari - Van yoluna dev kayalar d\u00fc\u015ft\u00fc\" alt=\"Hakkari - Van yoluna dev kayalar d\u00fc\u015ft\u00fc\" style=\"width: 496px; height: 279px;\" \/> <\/a> <\/div> <\/div> <!-- close group --> <\/div> <!-- close row --> <\/div><\/p>\n","protected":false},"excerpt":{"rendered":"<p>HAKKAR\u0130\u2019DE ETK\u0130L\u0130 OLAN KARLA KARI\u015eIK YA\u011eMUR NEDEN\u0130YLE DA\u011eDAN KOPAN DEV KAYA K\u00dcTLELER\u0130 HAKKAR\u0130-VAN KARAYOLUNU \u00c7\u0130FT Y\u00d6NL\u00dc OLARAK TRAF\u0130\u011eE KAPATTI.<\/p>\n","protected":false},"author":1,"featured_media":140425,"comment_status":"closed","ping_status":"open","sticky":false,"template":"","format":"standard","meta":{"jetpack_post_was_ever_published":false,"_jetpack_newsletter_access":"","_jetpack_dont_email_post_to_subs":false,"_jetpack_newsletter_tier_id":0,"_jetpack_memberships_contains_paywalled_content":false,"_jetpack_memberships_contains_paid_content":false,"footnotes":"","jetpack_publicize_message":"","jetpack_publicize_feature_enabled":true,"jetpack_social_post_already_shared":true,"jetpack_social_options":{"image_generator_settings":{"template":"highway","default_image_id":0,"font":"","enabled":false},"version":2}},"categories":[1],"tags":[3017,1613,1674,21649,1442,17653],"class_list":["post-140424","post","type-post","status-publish","format-standard","has-post-thumbnail","hentry","category-genel","tag-dev","tag-dustu","tag-hakkari","tag-kayalar","tag-van","tag-yoluna"],"jetpack_publicize_connections":[],"jetpack_featured_media_url":"https:\/\/i0.wp.com\/www.tvturk.com\/wp-content\/uploads\/2019\/04\/hakkari-van-yoluna-dev-kayalar-dustu_853df76.jpg?fit=1000%2C562","jetpack_sharing_enabled":true,"jetpack_shortlink":"https:\/\/wp.me\/paKIfm-AwU","_links":{"self":[{"href":"http:\/\/www.tvturk.com\/index.php\/wp-json\/wp\/v2\/posts\/140424","targetHints":{"allow":["GET"]}}],"collection":[{"href":"http:\/\/www.tvturk.com\/index.php\/wp-json\/wp\/v2\/posts"}],"about":[{"href":"http:\/\/www.tvturk.com\/index.php\/wp-json\/wp\/v2\/types\/post"}],"author":[{"embeddable":true,"href":"http:\/\/www.tvturk.com\/index.php\/wp-json\/wp\/v2\/users\/1"}],"replies":[{"embeddable":true,"href":"http:\/\/www.tvturk.com\/index.php\/wp-json\/wp\/v2\/comments?post=140424"}],"version-history":[{"count":1,"href":"http:\/\/www.tvturk.com\/index.php\/wp-json\/wp\/v2\/posts\/140424\/revisions"}],"predecessor-version":[{"id":140429,"href":"http:\/\/www.tvturk.com\/index.php\/wp-json\/wp\/v2\/posts\/140424\/revisions\/140429"}],"wp:featuredmedia":[{"embeddable":true,"href":"http:\/\/www.tvturk.com\/index.php\/wp-json\/wp\/v2\/media\/140425"}],"wp:attachment":[{"href":"http:\/\/www.tvturk.com\/index.php\/wp-json\/wp\/v2\/media?parent=140424"}],"wp:term":[{"taxonomy":"category","embeddable":true,"href":"http:\/\/www.tvturk.com\/index.php\/wp-json\/wp\/v2\/categories?post=140424"},{"taxonomy":"post_tag","embeddable":true,"href":"http:\/\/www.tvturk.com\/index.php\/wp-json\/wp\/v2\/tags?post=140424"}],"curies":[{"name":"wp","href":"https:\/\/api.w.org\/{rel}","templated":true}]}}