{"id":140430,"date":"2019-04-17T15:52:04","date_gmt":"2019-04-17T12:52:04","guid":{"rendered":"http:\/\/www.tvturk.com\/index.php\/eibden-ihracatin-yildizlarina-odul\/"},"modified":"2019-04-17T15:52:08","modified_gmt":"2019-04-17T12:52:08","slug":"eibden-ihracatin-yildizlarina-odul","status":"publish","type":"post","link":"http:\/\/www.tvturk.com\/index.php\/eibden-ihracatin-yildizlarina-odul\/","title":{"rendered":"E\u0130B\u2019den \u2019\u0130hracat\u0131n Y\u0131ld\u0131zlar\u0131\u2019na \u00f6d\u00fcl"},"content":{"rendered":"<p>Ege Zeytin ve Zeytinya\u011f\u0131 \u0130hracat\u00e7\u0131lar\u0131 Birli\u011finin 2018 y\u0131l\u0131 ola\u011fan mali genel kurulunda, 2018 y\u0131l\u0131nda sofral\u0131k zeytin ve zeytinya\u011f\u0131 ihracat\u0131nda ilk 10\u2019a giren firmalar \u00f6d\u00fcllendirildi. 2018 y\u0131l\u0131n\u0131 ihracat rekoru ile tamamlad\u0131klar\u0131n\u0131 belirten Ege Zeytin ve Zeytinya\u011f\u0131 \u0130hracat\u00e7\u0131lar\u0131 Birli\u011fi Ba\u015fkan\u0131 Davut Er, ambalajl\u0131 zeytinya\u011f\u0131 ihracat\u0131n\u0131n bu sezon y\u00fczde 83\u2019l\u00fck art\u0131\u015fla 11 bin 795 tondan 21 bin 725 tona y\u00fckseldi\u011fini s\u00f6yledi.<\/p>\n<p>Ege Zeytin ve Zeytinya\u011f\u0131 \u0130hracat\u00e7\u0131lar\u0131 Birli\u011finin 2018 y\u0131l\u0131 ola\u011fan mali genel kurulu, Ege \u0130hracat\u00e7\u0131 Birliklerinde (E\u0130B) yap\u0131ld\u0131. Kurulun divan ba\u015fkanl\u0131\u011f\u0131na Ramazan Abay se\u00e7ilirken, divan katipliklerine ise Cenk Arabac\u0131 ve Sedat Silahtar se\u00e7ildi. Genel kurulun ard\u0131ndan \u2019\u0130hracat\u0131n Y\u0131ld\u0131zlar\u0131\u2019 \u00f6d\u00fcl t\u00f6renine ge\u00e7ilerek, 2018 y\u0131l\u0131nda sofral\u0131k zeytin ve zeytinya\u011f\u0131 ihracat\u0131nda ilk 10\u2019a giren firmalar \u00f6d\u00fcllendirildi.<\/p>\n<p>\u201c\u0130hracat rekoru k\u0131rd\u0131k\u201d<\/p>\n<p>Genel kurulda konu\u015fan Ege Zeytin ve Zeytinya\u011f\u0131 \u0130hracat\u00e7\u0131lar\u0131 Birli\u011fi Ba\u015fkan\u0131 Davut Er, 2018 y\u0131l\u0131n\u0131 ihracat rekoru ile tamamlad\u0131klar\u0131n\u0131 ve ayn\u0131 y\u0131lda T\u00fcrkiye genelinde 168 milyar dolarl\u0131k ihracat hacmine ula\u015ft\u0131klar\u0131n\u0131 hat\u0131rlatt\u0131. 168 milyar dolarl\u0131k ihracatta tar\u0131m \u00fcr\u00fcnlerinin pay\u0131n\u0131n y\u00fczde 14 ile 23 milyar dolar seviyesine ula\u015ft\u0131\u011f\u0131n\u0131 vurgulayan Er, \u201cBu rakam\u0131n 5 milyar dolar\u0131, yani y\u00fczde 22\u2019si ise Ege \u0130hracat\u00e7\u0131 Birlikleri \u00fcyeleri taraf\u0131ndan ger\u00e7ekle\u015ftirildi. Bu rakamlar\u0131 b\u00f6lgemiz i\u00e7in son derece sevindirici ve gurur verici olarak g\u00f6r\u00fcyorum. Bu son derece \u00f6nemli bir rakam ama Ege B\u00f6lgesi i\u00e7in yeterli de\u011fil. Katma de\u011ferli \u00fcr\u00fcnlerle bu rakam\u0131 iki kat\u0131na \u00e7\u0131karmak i\u00e7ten bile de\u011fil\u201d dedi.<\/p>\n<p>\u201cSekt\u00f6r ihracat\u0131m\u0131z 400 milyon dolar\u0131 ge\u00e7mi\u015ftir\u201d<\/p>\n<p>2017\/2018 zeytin ve zeytinya\u011f\u0131 sezonu ve yeni sezon hakk\u0131nda da konu\u015fan Er, \u015f\u00f6yle devam etti:<\/p>\n<p>\u201c1 Ekim 2017 tarihinde ba\u015flayan 2017\/2018 sofral\u0131k zeytin sezonu Eyl\u00fcl sonu itibariyle tamamland\u0131. 30 Eyl\u00fcl 2018 tarihi itibariyle sofral\u0131k zeytin ihracat\u0131m\u0131z, bir \u00f6nceki sezonun tamam\u0131na k\u0131yasla miktar olarak y\u00fczde 16 artarak 58 bin tondan 68 bin tona, de\u011ferde ise y\u00fczde 15 artarak 110 milyon dolardan 127 milyon dolara y\u00fckseldi. 2017\/18 sezonu \u00f6zellikle zeytinya\u011f\u0131 ihracat\u0131m\u0131z i\u00e7in \u00e7ok verimli ge\u00e7ti diyebiliriz. 1 Kas\u0131m 2017 tarihinde ba\u015flayan zeytinya\u011f\u0131 sezonu, 31 Ekim 2018 tarihi itibariyle tamamland\u0131. \u0130hracat rakamlar\u0131m\u0131za bakt\u0131\u011f\u0131m\u0131zda bir \u00f6nceki sezona oranla miktar baz\u0131nda y\u00fczde 49 artarak 44 bin tondan 66 bin tona, tutarda ise y\u00fczde 46 artarak 174 milyon dolardan 255 milyon dolara ula\u015ft\u0131\u011f\u0131n\u0131 g\u00f6rmekteyiz. Prina ya\u011f\u0131 ile birlikte toplam sekt\u00f6r ihracat\u0131m\u0131z 400 milyon dolar\u0131 ge\u00e7mi\u015ftir.\u201d<\/p>\n<p>Ambalajl\u0131 zeytinya\u011f\u0131 ihracat\u0131nda y\u00fczde 83\u2019l\u00fck art\u0131\u015f<\/p>\n<p>\u00d6zellikle ambalajl\u0131 zeytinya\u011f\u0131 ihracat\u0131n\u0131n bu sezon y\u00fczde 83\u2019l\u00fck art\u0131\u015fla 11 bin 795 tondan 21 bin 725 tona y\u00fckseldi\u011fini belirten Er, \u201cToplamda 92 milyon dolar tutar\u0131nda zeytinya\u011f\u0131n\u0131 ambalajl\u0131 olarak ihra\u00e7 ettik. \u00d6zellikle katma de\u011feri y\u00fcksek bir \u00fcr\u00fcn olarak ambalajl\u0131 zeytinya\u011f\u0131 ihracat\u0131m\u0131z\u0131n y\u00fckseli\u015fini sekt\u00f6r\u00fcm\u00fcz i\u00e7in son derece \u00f6nemli bir geli\u015fme olarak g\u00f6r\u00fcyorum. D\u00fcnya standartlar\u0131na g\u00f6re kaliteli bir zeytinya\u011f\u0131 \u00fcretimimiz var ve bu ya\u011flar\u0131n ambalajl\u0131 olarak ihracat\u0131ndaki art\u0131\u015f\u0131 g\u00f6rmek bizi sevindiriyor ve ihracat hedeflerimize ula\u015fma konusunda umutland\u0131r\u0131yor\u201d diye konu\u015ftu.<\/p>\n<p>\u201cTelafi etti\u011fimizi d\u00fc\u015f\u00fcn\u00fcyorum\u201d<\/p>\n<p>2018\/2019 sezonu ile ilgili bilgi veren Er, \u201c1 Ekim 2018-31 Mart 2019 aras\u0131ndaki 6 ayl\u0131k d\u00f6nemde sofral\u0131k zeytin ihracat\u0131m\u0131z miktarda y\u00fczde 46 oran\u0131nda art\u0131\u015f ile 52 bin tona ula\u015ft\u0131. 1 Kas\u0131m 2018-31 Mart 2019 aras\u0131ndaki 5 ayl\u0131k d\u00f6nemde zeytinya\u011f\u0131 ihracat\u0131m\u0131z\u0131n ise miktarda y\u00fczde 28 d\u00fc\u015f\u00fc\u015f ile 30 bin ton olarak ger\u00e7ekle\u015fti. Bu sezon zeytinya\u011f\u0131 ihracat\u0131m\u0131zdaki d\u00fc\u015f\u00fc\u015f\u00fc zeytin ihracat\u0131m\u0131zdaki art\u0131\u015f ile \u00f6nemli \u00f6l\u00e7\u00fcde telafi etti\u011fimizi d\u00fc\u015f\u00fcn\u00fcyorum. Umar\u0131m \u00f6n\u00fcm\u00fczdeki sezonlarda hem zeytin, hem zeytinya\u011f\u0131 ihracat\u0131m\u0131z artarak devam edecek ve T\u00fcrkiye\u2019de tek birlik durumunda olan Zeytin ve Zeytinya\u011f\u0131 Birli\u011fimiz tar\u0131m sekt\u00f6rlerinin parlayan y\u0131ld\u0131z\u0131 olmaya devam edecektir\u201d dedi.<\/p>\n<p>&#8220;Yeni projelere ihtiya\u00e7 var&#8221;<\/p>\n<p>Bir y\u0131l boyunca bakanl\u0131klar d\u00fczeyinde bir\u00e7ok toplant\u0131ya kat\u0131l\u0131m sa\u011flad\u0131klar\u0131n\u0131 ifade eden Er, \u201c\u00d6zellikle \u00fcreticilerimize ve ihracat\u00e7\u0131lar\u0131m\u0131za desteklerin art\u0131r\u0131lmas\u0131 konusundaki t\u00fcm talepleri ilgili bakanl\u0131klara ilettik ve bu konudaki \u00e7al\u0131\u015fmalar\u0131m\u0131z\u0131 aral\u0131ks\u0131z s\u00fcrd\u00fcrece\u011fiz. T\u00fcrkiye \u0130hracat\u00e7\u0131lar Meclisimizin 2019 y\u0131l\u0131 ihracat\u0131m\u0131z\u0131 200 milyar dolara y\u00fckseltme hedefi do\u011frultusunda yeni projelere ihtiyac\u0131 var. \u00d6zellikle yenilik\u00e7i \u00fcretim s\u00fcre\u00e7lerine ve katma de\u011ferli \u00fcretime katk\u0131 sa\u011flayacak projelerinizi bekledi\u011fimizi ifade etmek istiyorum. Bu y\u00f6nde \u00fcr\u00fcn, \u00fcretim, paketleme, ta\u015f\u0131ma, pazarlama dahil t\u00fcm s\u00fcre\u00e7lere ili\u015fkin olabilecek proje \u00f6nerilerinizi genel sekreterlik taraf\u0131ndan \u00f6n\u00fcm\u00fczdeki g\u00fcnlerde sizlere iletilecek duyuruya cevaben iletmenizi bekleyece\u011fiz\u201d dedi.<div class=\"tiled-gallery type-rectangular tiled-gallery-unresized\" data-original-width=\"500\" data-carousel-extra='null' itemscope itemtype=\"http:\/\/schema.org\/ImageGallery\" > <div class=\"gallery-row\" style=\"width: 500px; height: 168px;\" data-original-width=\"500\" data-original-height=\"168\" > <div class=\"gallery-group images-1\" style=\"width: 250px; height: 168px;\" data-original-width=\"250\" data-original-height=\"168\" > <div class=\"tiled-gallery-item tiled-gallery-item-small\" itemprop=\"associatedMedia\" itemscope itemtype=\"http:\/\/schema.org\/ImageObject\"> <a href=\"http:\/\/www.tvturk.com\/index.php\/eibden-ihracatin-yildizlarina-odul\/eibden-ihracatin-yildizlarina-odul-3\/\" border=\"0\" itemprop=\"url\"> <meta itemprop=\"width\" content=\"246\"> <meta itemprop=\"height\" content=\"164\"> <img decoding=\"async\" class=\"\" data-attachment-id=\"140432\" data-orig-file=\"http:\/\/www.tvturk.com\/wp-content\/uploads\/2019\/04\/eibden-ihracatin-yildizlarina-odul_1c4a186.jpg\" data-orig-size=\"1000,666\" data-comments-opened=\"\" data-image-meta=\"{&quot;aperture&quot;:&quot;0&quot;,&quot;credit&quot;:&quot;IHA&quot;,&quot;camera&quot;:&quot;&quot;,&quot;caption&quot;:&quot;EGE ZEYT\\u0130N VE ZEYT\\u0130NYA\\u011eI \\u0130HRACAT\\u00c7ILARI B\\u0130RL\\u0130\\u011e\\u0130N\\u0130N 2018 YILI OLA\\u011eAN MAL\\u0130 GENEL KURULU, EGE \\u0130HRACAT\\u00c7I B\\u0130RL\\u0130KLER\\u0130NDE (E\\u0130B) YAPILDI. (CEREN ATMACA - HAL\\u0130L KARAHAN\\\/\\u0130ZM\\u0130R-\\u0130HA)&quot;,&quot;created_timestamp&quot;:&quot;0&quot;,&quot;copyright&quot;:&quot;\\u0130HLAS HABER AJANSI, www.iha.com.tr&quot;,&quot;focal_length&quot;:&quot;0&quot;,&quot;iso&quot;:&quot;0&quot;,&quot;shutter_speed&quot;:&quot;0&quot;,&quot;title&quot;:&quot;E\\u0130B\\u0027DEN \\u0027\\u0130HRACATIN YILDIZLARI\\u0027NA \\u00d6D\\u00dcL EGE ZEYT\\u0130N VE ZEYT\\u0130NYA\\u011eI \\u0130HRACAT\\u00c7ILARI B\\u0130RL\\u0130\\u011e\\u0130, 2018 YILINI \\u0130HRACAT REKORU \\u0130LE TAMAMLADI AMBALAJLI ZEYT\\u0130NYA\\u011eI \\u0130HRACATINDA Y\\u00dcZDE 83\\u2019L\\u00dcK ARTI\\u015e YA\\u015eANDI&quot;,&quot;orientation&quot;:&quot;0&quot;}\" data-image-title=\"E\u0130B\u2019den \u2019\u0130hracat\u0131n Y\u0131ld\u0131zlar\u0131\u2019na \u00f6d\u00fcl\" data-image-description=\"&lt;p&gt;E\u0130B\u2019den \u2019\u0130hracat\u0131n Y\u0131ld\u0131zlar\u0131\u2019na \u00f6d\u00fcl&lt;\/p&gt; \" data-medium-file=\"https:\/\/i0.wp.com\/www.tvturk.com\/wp-content\/uploads\/2019\/04\/eibden-ihracatin-yildizlarina-odul_1c4a186.jpg?fit=300%2C200\" data-large-file=\"https:\/\/i0.wp.com\/www.tvturk.com\/wp-content\/uploads\/2019\/04\/eibden-ihracatin-yildizlarina-odul_1c4a186.jpg?fit=1000%2C666\" src=\"https:\/\/i0.wp.com\/www.tvturk.com\/wp-content\/uploads\/2019\/04\/eibden-ihracatin-yildizlarina-odul_1c4a186.jpg?w=246&#038;h=164\" srcset=\"https:\/\/i0.wp.com\/www.tvturk.com\/wp-content\/uploads\/2019\/04\/eibden-ihracatin-yildizlarina-odul_1c4a186.jpg?w=1000 1000w, https:\/\/i0.wp.com\/www.tvturk.com\/wp-content\/uploads\/2019\/04\/eibden-ihracatin-yildizlarina-odul_1c4a186.jpg?resize=150%2C100 150w, https:\/\/i0.wp.com\/www.tvturk.com\/wp-content\/uploads\/2019\/04\/eibden-ihracatin-yildizlarina-odul_1c4a186.jpg?resize=300%2C200 300w, https:\/\/i0.wp.com\/www.tvturk.com\/wp-content\/uploads\/2019\/04\/eibden-ihracatin-yildizlarina-odul_1c4a186.jpg?resize=768%2C511 768w, https:\/\/i0.wp.com\/www.tvturk.com\/wp-content\/uploads\/2019\/04\/eibden-ihracatin-yildizlarina-odul_1c4a186.jpg?resize=170%2C113 170w, https:\/\/i0.wp.com\/www.tvturk.com\/wp-content\/uploads\/2019\/04\/eibden-ihracatin-yildizlarina-odul_1c4a186.jpg?resize=120%2C80 120w\" width=\"246\" height=\"164\" loading=\"lazy\" data-original-width=\"246\" data-original-height=\"164\" itemprop=\"http:\/\/schema.org\/image\" title=\"E\u0130B\u2019den \u2019\u0130hracat\u0131n Y\u0131ld\u0131zlar\u0131\u2019na \u00f6d\u00fcl\" alt=\"E\u0130B\u2019den \u2019\u0130hracat\u0131n Y\u0131ld\u0131zlar\u0131\u2019na \u00f6d\u00fcl\" style=\"width: 246px; height: 164px;\" \/> <\/a> <\/div> <\/div> <!-- close group --> <div class=\"gallery-group images-1\" style=\"width: 250px; height: 168px;\" data-original-width=\"250\" data-original-height=\"168\" > <div class=\"tiled-gallery-item tiled-gallery-item-small\" itemprop=\"associatedMedia\" itemscope itemtype=\"http:\/\/schema.org\/ImageObject\"> <a href=\"http:\/\/www.tvturk.com\/index.php\/eibden-ihracatin-yildizlarina-odul\/eibden-ihracatin-yildizlarina-odul-4\/\" border=\"0\" itemprop=\"url\"> <meta itemprop=\"width\" content=\"246\"> <meta itemprop=\"height\" content=\"164\"> <img decoding=\"async\" class=\"\" data-attachment-id=\"140433\" data-orig-file=\"http:\/\/www.tvturk.com\/wp-content\/uploads\/2019\/04\/eibden-ihracatin-yildizlarina-odul_d47d412.jpg\" data-orig-size=\"1000,666\" data-comments-opened=\"\" data-image-meta=\"{&quot;aperture&quot;:&quot;0&quot;,&quot;credit&quot;:&quot;IHA&quot;,&quot;camera&quot;:&quot;&quot;,&quot;caption&quot;:&quot;2018 YILINDA SOFRALIK ZEYT\\u0130N VE ZEYT\\u0130NYA\\u011eI \\u0130HRACATINDA \\u0130LK 10\\u2019A G\\u0130REN F\\u0130RMALAR \\u00d6D\\u00dcLLEND\\u0130R\\u0130LD\\u0130. 2018 YILINI \\u0130HRACAT REKORU \\u0130LE TAMAMLADIKLARINI BEL\\u0130RTEN EGE ZEYT\\u0130N VE ZEYT\\u0130NYA\\u011eI \\u0130HRACAT\\u00c7ILARI B\\u0130RL\\u0130\\u011e\\u0130 BA\\u015eKANI DAVUT ER, AMBALAJLI ZEYT\\u0130NYA\\u011eI \\u0130HRACATININ BU SEZON Y\\u00dcZDE 83\\u2019L\\u00dcK ARTI\\u015eLA 11 B\\u0130N 795 TONDAN, 21 B\\u0130N 725 TONA Y\\u00dcKSELD\\u0130\\u011e\\u0130N\\u0130 DE S\\u00d6YLED\\u0130. (CEREN ATMACA - HAL\\u0130L KARAHAN\\\/\\u0130ZM\\u0130R-\\u0130HA)&quot;,&quot;created_timestamp&quot;:&quot;0&quot;,&quot;copyright&quot;:&quot;\\u0130HLAS HABER AJANSI, www.iha.com.tr&quot;,&quot;focal_length&quot;:&quot;0&quot;,&quot;iso&quot;:&quot;0&quot;,&quot;shutter_speed&quot;:&quot;0&quot;,&quot;title&quot;:&quot;E\\u0130B\\u0027DEN \\u0027\\u0130HRACATIN YILDIZLARI\\u0027NA \\u00d6D\\u00dcL EGE ZEYT\\u0130N VE ZEYT\\u0130NYA\\u011eI \\u0130HRACAT\\u00c7ILARI B\\u0130RL\\u0130\\u011e\\u0130, 2018 YILINI \\u0130HRACAT REKORU \\u0130LE TAMAMLADI AMBALAJLI ZEYT\\u0130NYA\\u011eI \\u0130HRACATINDA Y\\u00dcZDE 83\\u2019L\\u00dcK ARTI\\u015e YA\\u015eANDI&quot;,&quot;orientation&quot;:&quot;0&quot;}\" data-image-title=\"E\u0130B\u2019den \u2019\u0130hracat\u0131n Y\u0131ld\u0131zlar\u0131\u2019na \u00f6d\u00fcl\" data-image-description=\"&lt;p&gt;E\u0130B\u2019den \u2019\u0130hracat\u0131n Y\u0131ld\u0131zlar\u0131\u2019na \u00f6d\u00fcl&lt;\/p&gt; \" data-medium-file=\"https:\/\/i0.wp.com\/www.tvturk.com\/wp-content\/uploads\/2019\/04\/eibden-ihracatin-yildizlarina-odul_d47d412.jpg?fit=300%2C200\" data-large-file=\"https:\/\/i0.wp.com\/www.tvturk.com\/wp-content\/uploads\/2019\/04\/eibden-ihracatin-yildizlarina-odul_d47d412.jpg?fit=1000%2C666\" src=\"https:\/\/i0.wp.com\/www.tvturk.com\/wp-content\/uploads\/2019\/04\/eibden-ihracatin-yildizlarina-odul_d47d412.jpg?w=246&#038;h=164\" srcset=\"https:\/\/i0.wp.com\/www.tvturk.com\/wp-content\/uploads\/2019\/04\/eibden-ihracatin-yildizlarina-odul_d47d412.jpg?w=1000 1000w, https:\/\/i0.wp.com\/www.tvturk.com\/wp-content\/uploads\/2019\/04\/eibden-ihracatin-yildizlarina-odul_d47d412.jpg?resize=150%2C100 150w, https:\/\/i0.wp.com\/www.tvturk.com\/wp-content\/uploads\/2019\/04\/eibden-ihracatin-yildizlarina-odul_d47d412.jpg?resize=300%2C200 300w, https:\/\/i0.wp.com\/www.tvturk.com\/wp-content\/uploads\/2019\/04\/eibden-ihracatin-yildizlarina-odul_d47d412.jpg?resize=768%2C511 768w, https:\/\/i0.wp.com\/www.tvturk.com\/wp-content\/uploads\/2019\/04\/eibden-ihracatin-yildizlarina-odul_d47d412.jpg?resize=170%2C113 170w, https:\/\/i0.wp.com\/www.tvturk.com\/wp-content\/uploads\/2019\/04\/eibden-ihracatin-yildizlarina-odul_d47d412.jpg?resize=120%2C80 120w\" width=\"246\" height=\"164\" loading=\"lazy\" data-original-width=\"246\" data-original-height=\"164\" itemprop=\"http:\/\/schema.org\/image\" title=\"E\u0130B\u2019den \u2019\u0130hracat\u0131n Y\u0131ld\u0131zlar\u0131\u2019na \u00f6d\u00fcl\" alt=\"E\u0130B\u2019den \u2019\u0130hracat\u0131n Y\u0131ld\u0131zlar\u0131\u2019na \u00f6d\u00fcl\" style=\"width: 246px; height: 164px;\" \/> <\/a> <\/div> <\/div> <!-- close group --> <\/div> <!-- close row --> <\/div><\/p>\n","protected":false},"excerpt":{"rendered":"<p>EGE ZEYT\u0130N VE ZEYT\u0130NYA\u011eI \u0130HRACAT\u00c7ILARI B\u0130RL\u0130\u011e\u0130N\u0130N 2018 YILI OLA\u011eAN MAL\u0130 GENEL KURULUNDA, 2018 YILINDA SOFRALIK ZEYT\u0130N VE ZEYT\u0130NYA\u011eI \u0130HRACATINDA \u0130LK 10\u2019A G\u0130REN F\u0130RMALAR \u00d6D\u00dcLLEND\u0130R\u0130LD\u0130.<\/p>\n","protected":false},"author":1,"featured_media":140431,"comment_status":"closed","ping_status":"open","sticky":false,"template":"","format":"standard","meta":{"jetpack_post_was_ever_published":false,"_jetpack_newsletter_access":"","_jetpack_dont_email_post_to_subs":false,"_jetpack_newsletter_tier_id":0,"_jetpack_memberships_contains_paywalled_content":false,"_jetpack_memberships_contains_paid_content":false,"footnotes":"","jetpack_publicize_message":"","jetpack_publicize_feature_enabled":true,"jetpack_social_post_already_shared":true,"jetpack_social_options":{"image_generator_settings":{"template":"highway","default_image_id":0,"font":"","enabled":false},"version":2}},"categories":[19],"tags":[21168,4739,4204,16695],"class_list":["post-140430","post","type-post","status-publish","format-standard","has-post-thumbnail","hentry","category-ekonomi","tag-eibden","tag-ihracatin","tag-odul","tag-yildizlarina"],"jetpack_publicize_connections":[],"jetpack_featured_media_url":"https:\/\/i0.wp.com\/www.tvturk.com\/wp-content\/uploads\/2019\/04\/eibden-ihracatin-yildizlarina-odul_dcbab05.jpg?fit=1000%2C666","jetpack_sharing_enabled":true,"jetpack_shortlink":"https:\/\/wp.me\/paKIfm-Ax0","_links":{"self":[{"href":"http:\/\/www.tvturk.com\/index.php\/wp-json\/wp\/v2\/posts\/140430","targetHints":{"allow":["GET"]}}],"collection":[{"href":"http:\/\/www.tvturk.com\/index.php\/wp-json\/wp\/v2\/posts"}],"about":[{"href":"http:\/\/www.tvturk.com\/index.php\/wp-json\/wp\/v2\/types\/post"}],"author":[{"embeddable":true,"href":"http:\/\/www.tvturk.com\/index.php\/wp-json\/wp\/v2\/users\/1"}],"replies":[{"embeddable":true,"href":"http:\/\/www.tvturk.com\/index.php\/wp-json\/wp\/v2\/comments?post=140430"}],"version-history":[{"count":1,"href":"http:\/\/www.tvturk.com\/index.php\/wp-json\/wp\/v2\/posts\/140430\/revisions"}],"predecessor-version":[{"id":140434,"href":"http:\/\/www.tvturk.com\/index.php\/wp-json\/wp\/v2\/posts\/140430\/revisions\/140434"}],"wp:featuredmedia":[{"embeddable":true,"href":"http:\/\/www.tvturk.com\/index.php\/wp-json\/wp\/v2\/media\/140431"}],"wp:attachment":[{"href":"http:\/\/www.tvturk.com\/index.php\/wp-json\/wp\/v2\/media?parent=140430"}],"wp:term":[{"taxonomy":"category","embeddable":true,"href":"http:\/\/www.tvturk.com\/index.php\/wp-json\/wp\/v2\/categories?post=140430"},{"taxonomy":"post_tag","embeddable":true,"href":"http:\/\/www.tvturk.com\/index.php\/wp-json\/wp\/v2\/tags?post=140430"}],"curies":[{"name":"wp","href":"https:\/\/api.w.org\/{rel}","templated":true}]}}