{"id":140529,"date":"2019-04-17T16:38:17","date_gmt":"2019-04-17T13:38:17","guid":{"rendered":"http:\/\/www.tvturk.com\/index.php\/kestigi-agacin-altinda-kalan-bir-kisi-hayatini-kaybetti\/"},"modified":"2019-04-17T16:38:19","modified_gmt":"2019-04-17T13:38:19","slug":"kestigi-agacin-altinda-kalan-bir-kisi-hayatini-kaybetti","status":"publish","type":"post","link":"http:\/\/www.tvturk.com\/index.php\/kestigi-agacin-altinda-kalan-bir-kisi-hayatini-kaybetti\/","title":{"rendered":"Kesti\u011fi a\u011fac\u0131n alt\u0131nda kalan bir ki\u015fi hayat\u0131n\u0131 kaybetti"},"content":{"rendered":"<p>Zonguldak\u2019ta Kesti\u011fi a\u011fa\u00e7la birlikte yere d\u00fc\u015ferek kafas\u0131ndan a\u011f\u0131r \u015fekilde yaralanan Murat K\u0131ransoy hayat\u0131n\u0131 kaybetti.<\/p>\n<p>Zonguldak\u2019ta kesti\u011fi a\u011fa\u00e7la birlikte yere d\u00fc\u015ferek kafas\u0131ndan a\u011f\u0131r \u015fekilde yaralanarak tedavi alt\u0131na al\u0131nan Murat K\u0131ransoy ya\u015fam m\u00fccadelesini kaybetti. Edinilen bilgiye g\u00f6re olay ge\u00e7ti\u011fimiz \u015eubat ay\u0131nda Dilaver Mahallesi S\u0131n\u0131r Sokakta meydana geldi. \u0130ddiaya g\u00f6re, elektrik teknisyeni Murat K\u0131ransoy evlerinin \u00f6n\u00fcnde bulunan a\u011fa\u00e7lar\u0131 kesti\u011fi esnada K\u0131ransoy\u2019un kesti\u011fi a\u011fa\u00e7la birlikte yere d\u00fc\u015ferek a\u011f\u0131r yaraland\u0131. Kafas\u0131n\u0131n \u00fczerine d\u00fc\u015fen a\u011fa\u00e7la yaralanan Murat K\u0131ransoy, yak\u0131nlar\u0131n\u0131n ihbar\u0131 \u00fczerine olay yerine gelen 112 Acil Servis ambulans\u0131 ile Zonguldak Atat\u00fcrk Devlet Hastanesine kald\u0131r\u0131lm\u0131\u015ft\u0131. Durumu a\u011f\u0131r olan Murat K\u0131ransoy, Zonguldak\u2019tan tedavisi i\u00e7in Ankara\u2019ya sevk edilerek tedavi alt\u0131na al\u0131nm\u0131\u015ft\u0131. Yakla\u015f\u0131k 2 ayd\u0131r tedavi g\u00f6ren ve durumu a\u011f\u0131r olan Murat K\u0131ransoy ya\u015fam sava\u015f\u0131n\u0131 kaybetti. Olayla ilgili ba\u015flat\u0131lan soru\u015fturma s\u00fcr\u00fcyor.<div class=\"tiled-gallery type-rectangular tiled-gallery-unresized\" data-original-width=\"500\" data-carousel-extra='null' itemscope itemtype=\"http:\/\/schema.org\/ImageGallery\" > <div class=\"gallery-row\" style=\"width: 500px; height: 182px;\" data-original-width=\"500\" data-original-height=\"182\" > <div class=\"gallery-group images-1\" style=\"width: 321px; height: 182px;\" data-original-width=\"321\" data-original-height=\"182\" > <div class=\"tiled-gallery-item tiled-gallery-item-large\" itemprop=\"associatedMedia\" itemscope itemtype=\"http:\/\/schema.org\/ImageObject\"> <a href=\"http:\/\/www.tvturk.com\/index.php\/kestigi-agacin-altinda-kalan-bir-kisi-hayatini-kaybetti\/kestigi-agacin-altinda-kalan-bir-kisi-hayatini-kaybetti-3\/\" border=\"0\" itemprop=\"url\"> <meta itemprop=\"width\" content=\"317\"> <meta itemprop=\"height\" content=\"178\"> <img decoding=\"async\" class=\"\" data-attachment-id=\"140531\" data-orig-file=\"http:\/\/www.tvturk.com\/wp-content\/uploads\/2019\/04\/kestigi-agacin-altinda-kalan-bir-kisi-hayatini-kaybetti_d2ec3b3.jpg\" data-orig-size=\"1000,563\" data-comments-opened=\"\" data-image-meta=\"{&quot;aperture&quot;:&quot;0&quot;,&quot;credit&quot;:&quot;IHA&quot;,&quot;camera&quot;:&quot;&quot;,&quot;caption&quot;:&quot;ZONGULDAK\\u0027TA KEST\\u0130\\u011e\\u0130 A\\u011eA\\u00c7LA B\\u0130RL\\u0130KTE YERE D\\u00dc\\u015eEREK KAFASINDAN A\\u011eIR \\u015eEK\\u0130LDE YARALANAN MURAT KIRANSOY HAYATINI KAYBETT\\u0130. (SERTA\\u00c7 \\u00d6ZDEM\\u0130R\\\/ZONGULDAK-\\u0130HA)&quot;,&quot;created_timestamp&quot;:&quot;0&quot;,&quot;copyright&quot;:&quot;\\u0130HLAS HABER AJANSI, www.iha.com.tr&quot;,&quot;focal_length&quot;:&quot;0&quot;,&quot;iso&quot;:&quot;0&quot;,&quot;shutter_speed&quot;:&quot;0&quot;,&quot;title&quot;:&quot;KEST\\u0130\\u011e\\u0130 A\\u011eACIN ALTINDA KALAN B\\u0130R K\\u0130\\u015e\\u0130 HAYATINI KAYBETT\\u0130&quot;,&quot;orientation&quot;:&quot;0&quot;}\" data-image-title=\"Kesti\u011fi a\u011fac\u0131n alt\u0131nda kalan bir ki\u015fi hayat\u0131n\u0131 kaybetti\" data-image-description=\"&lt;p&gt;Kesti\u011fi a\u011fac\u0131n alt\u0131nda kalan bir ki\u015fi hayat\u0131n\u0131 kaybetti&lt;\/p&gt; \" data-medium-file=\"https:\/\/i0.wp.com\/www.tvturk.com\/wp-content\/uploads\/2019\/04\/kestigi-agacin-altinda-kalan-bir-kisi-hayatini-kaybetti_d2ec3b3.jpg?fit=300%2C169\" data-large-file=\"https:\/\/i0.wp.com\/www.tvturk.com\/wp-content\/uploads\/2019\/04\/kestigi-agacin-altinda-kalan-bir-kisi-hayatini-kaybetti_d2ec3b3.jpg?fit=1000%2C563\" src=\"https:\/\/i0.wp.com\/www.tvturk.com\/wp-content\/uploads\/2019\/04\/kestigi-agacin-altinda-kalan-bir-kisi-hayatini-kaybetti_d2ec3b3.jpg?w=317&#038;h=178\" srcset=\"https:\/\/i0.wp.com\/www.tvturk.com\/wp-content\/uploads\/2019\/04\/kestigi-agacin-altinda-kalan-bir-kisi-hayatini-kaybetti_d2ec3b3.jpg?w=1000 1000w, https:\/\/i0.wp.com\/www.tvturk.com\/wp-content\/uploads\/2019\/04\/kestigi-agacin-altinda-kalan-bir-kisi-hayatini-kaybetti_d2ec3b3.jpg?resize=150%2C84 150w, https:\/\/i0.wp.com\/www.tvturk.com\/wp-content\/uploads\/2019\/04\/kestigi-agacin-altinda-kalan-bir-kisi-hayatini-kaybetti_d2ec3b3.jpg?resize=300%2C169 300w, https:\/\/i0.wp.com\/www.tvturk.com\/wp-content\/uploads\/2019\/04\/kestigi-agacin-altinda-kalan-bir-kisi-hayatini-kaybetti_d2ec3b3.jpg?resize=768%2C432 768w, https:\/\/i0.wp.com\/www.tvturk.com\/wp-content\/uploads\/2019\/04\/kestigi-agacin-altinda-kalan-bir-kisi-hayatini-kaybetti_d2ec3b3.jpg?resize=200%2C113 200w\" width=\"317\" height=\"178\" loading=\"lazy\" data-original-width=\"317\" data-original-height=\"178\" itemprop=\"http:\/\/schema.org\/image\" title=\"Kesti\u011fi a\u011fac\u0131n alt\u0131nda kalan bir ki\u015fi hayat\u0131n\u0131 kaybetti\" alt=\"Kesti\u011fi a\u011fac\u0131n alt\u0131nda kalan bir ki\u015fi hayat\u0131n\u0131 kaybetti\" style=\"width: 317px; height: 178px;\" \/> <\/a> <\/div> <\/div> <!-- close group --> <div class=\"gallery-group images-1\" style=\"width: 179px; height: 182px;\" data-original-width=\"179\" data-original-height=\"182\" > <div class=\"tiled-gallery-item tiled-gallery-item-small\" itemprop=\"associatedMedia\" itemscope itemtype=\"http:\/\/schema.org\/ImageObject\"> <a href=\"http:\/\/www.tvturk.com\/index.php\/kestigi-agacin-altinda-kalan-bir-kisi-hayatini-kaybetti\/kestigi-agacin-altinda-kalan-bir-kisi-hayatini-kaybetti-4\/\" border=\"0\" itemprop=\"url\"> <meta itemprop=\"width\" content=\"175\"> <meta itemprop=\"height\" content=\"178\"> <img decoding=\"async\" class=\"\" data-attachment-id=\"140532\" data-orig-file=\"http:\/\/www.tvturk.com\/wp-content\/uploads\/2019\/04\/kestigi-agacin-altinda-kalan-bir-kisi-hayatini-kaybetti_d2983c8.jpg\" data-orig-size=\"777,789\" data-comments-opened=\"\" data-image-meta=\"{&quot;aperture&quot;:&quot;0&quot;,&quot;credit&quot;:&quot;IHA&quot;,&quot;camera&quot;:&quot;&quot;,&quot;caption&quot;:&quot;ZONGULDAK\\u0027TA KEST\\u0130\\u011e\\u0130 A\\u011eA\\u00c7LA B\\u0130RL\\u0130KTE YERE D\\u00dc\\u015eEREK KAFASINDAN A\\u011eIR \\u015eEK\\u0130LDE YARALANAN MURAT KIRANSOY HAYATINI KAYBETT\\u0130. (SERTA\\u00c7 \\u00d6ZDEM\\u0130R\\\/ZONGULDAK-\\u0130HA)&quot;,&quot;created_timestamp&quot;:&quot;1555560660&quot;,&quot;copyright&quot;:&quot;\\u0130HLAS HABER AJANSI, www.iha.com.tr&quot;,&quot;focal_length&quot;:&quot;0&quot;,&quot;iso&quot;:&quot;0&quot;,&quot;shutter_speed&quot;:&quot;0&quot;,&quot;title&quot;:&quot;KEST\\u0130\\u011e\\u0130 A\\u011eACIN ALTINDA KALAN B\\u0130R K\\u0130\\u015e\\u0130 HAYATINI KAYBETT\\u0130&quot;,&quot;orientation&quot;:&quot;0&quot;}\" data-image-title=\"Kesti\u011fi a\u011fac\u0131n alt\u0131nda kalan bir ki\u015fi hayat\u0131n\u0131 kaybetti\" data-image-description=\"&lt;p&gt;Kesti\u011fi a\u011fac\u0131n alt\u0131nda kalan bir ki\u015fi hayat\u0131n\u0131 kaybetti&lt;\/p&gt; \" data-medium-file=\"https:\/\/i0.wp.com\/www.tvturk.com\/wp-content\/uploads\/2019\/04\/kestigi-agacin-altinda-kalan-bir-kisi-hayatini-kaybetti_d2983c8.jpg?fit=295%2C300\" data-large-file=\"https:\/\/i0.wp.com\/www.tvturk.com\/wp-content\/uploads\/2019\/04\/kestigi-agacin-altinda-kalan-bir-kisi-hayatini-kaybetti_d2983c8.jpg?fit=777%2C789\" src=\"https:\/\/i0.wp.com\/www.tvturk.com\/wp-content\/uploads\/2019\/04\/kestigi-agacin-altinda-kalan-bir-kisi-hayatini-kaybetti_d2983c8.jpg?w=175&#038;h=178\" srcset=\"https:\/\/i0.wp.com\/www.tvturk.com\/wp-content\/uploads\/2019\/04\/kestigi-agacin-altinda-kalan-bir-kisi-hayatini-kaybetti_d2983c8.jpg?w=777 777w, https:\/\/i0.wp.com\/www.tvturk.com\/wp-content\/uploads\/2019\/04\/kestigi-agacin-altinda-kalan-bir-kisi-hayatini-kaybetti_d2983c8.jpg?resize=148%2C150 148w, https:\/\/i0.wp.com\/www.tvturk.com\/wp-content\/uploads\/2019\/04\/kestigi-agacin-altinda-kalan-bir-kisi-hayatini-kaybetti_d2983c8.jpg?resize=295%2C300 295w, https:\/\/i0.wp.com\/www.tvturk.com\/wp-content\/uploads\/2019\/04\/kestigi-agacin-altinda-kalan-bir-kisi-hayatini-kaybetti_d2983c8.jpg?resize=768%2C780 768w\" width=\"175\" height=\"178\" loading=\"lazy\" data-original-width=\"175\" data-original-height=\"178\" itemprop=\"http:\/\/schema.org\/image\" title=\"Kesti\u011fi a\u011fac\u0131n alt\u0131nda kalan bir ki\u015fi hayat\u0131n\u0131 kaybetti\" alt=\"Kesti\u011fi a\u011fac\u0131n alt\u0131nda kalan bir ki\u015fi hayat\u0131n\u0131 kaybetti\" style=\"width: 175px; height: 178px;\" \/> <\/a> <\/div> <\/div> <!-- close group --> <\/div> <!-- close row --> <\/div><\/p>\n","protected":false},"excerpt":{"rendered":"<p>ZONGULDAK&#8217;TA KEST\u0130\u011e\u0130 A\u011eA\u00c7LA B\u0130RL\u0130KTE YERE D\u00dc\u015eEREK KAFASINDAN A\u011eIR \u015eEK\u0130LDE YARALANAN MURAT KIRANSOY HAYATINI KAYBETT\u0130.<\/p>\n","protected":false},"author":1,"featured_media":140530,"comment_status":"closed","ping_status":"open","sticky":false,"template":"","format":"standard","meta":{"jetpack_post_was_ever_published":false,"_jetpack_newsletter_access":"","_jetpack_dont_email_post_to_subs":false,"_jetpack_newsletter_tier_id":0,"_jetpack_memberships_contains_paywalled_content":false,"_jetpack_memberships_contains_paid_content":false,"footnotes":"","jetpack_publicize_message":"","jetpack_publicize_feature_enabled":true,"jetpack_social_post_already_shared":true,"jetpack_social_options":{"image_generator_settings":{"template":"highway","default_image_id":0,"font":"","enabled":false},"version":2}},"categories":[1],"tags":[20037,3114,125,848,1274,849,15007,1012],"class_list":["post-140529","post","type-post","status-publish","format-standard","has-post-thumbnail","hentry","category-genel","tag-agacin","tag-altinda","tag-bir","tag-hayatini","tag-kalan","tag-kaybetti","tag-kestigi","tag-kisi"],"jetpack_publicize_connections":[],"jetpack_featured_media_url":"https:\/\/i0.wp.com\/www.tvturk.com\/wp-content\/uploads\/2019\/04\/kestigi-agacin-altinda-kalan-bir-kisi-hayatini-kaybetti_f10e8fc.jpg?fit=1000%2C563","jetpack_sharing_enabled":true,"jetpack_shortlink":"https:\/\/wp.me\/paKIfm-AyB","_links":{"self":[{"href":"http:\/\/www.tvturk.com\/index.php\/wp-json\/wp\/v2\/posts\/140529","targetHints":{"allow":["GET"]}}],"collection":[{"href":"http:\/\/www.tvturk.com\/index.php\/wp-json\/wp\/v2\/posts"}],"about":[{"href":"http:\/\/www.tvturk.com\/index.php\/wp-json\/wp\/v2\/types\/post"}],"author":[{"embeddable":true,"href":"http:\/\/www.tvturk.com\/index.php\/wp-json\/wp\/v2\/users\/1"}],"replies":[{"embeddable":true,"href":"http:\/\/www.tvturk.com\/index.php\/wp-json\/wp\/v2\/comments?post=140529"}],"version-history":[{"count":1,"href":"http:\/\/www.tvturk.com\/index.php\/wp-json\/wp\/v2\/posts\/140529\/revisions"}],"predecessor-version":[{"id":140533,"href":"http:\/\/www.tvturk.com\/index.php\/wp-json\/wp\/v2\/posts\/140529\/revisions\/140533"}],"wp:featuredmedia":[{"embeddable":true,"href":"http:\/\/www.tvturk.com\/index.php\/wp-json\/wp\/v2\/media\/140530"}],"wp:attachment":[{"href":"http:\/\/www.tvturk.com\/index.php\/wp-json\/wp\/v2\/media?parent=140529"}],"wp:term":[{"taxonomy":"category","embeddable":true,"href":"http:\/\/www.tvturk.com\/index.php\/wp-json\/wp\/v2\/categories?post=140529"},{"taxonomy":"post_tag","embeddable":true,"href":"http:\/\/www.tvturk.com\/index.php\/wp-json\/wp\/v2\/tags?post=140529"}],"curies":[{"name":"wp","href":"https:\/\/api.w.org\/{rel}","templated":true}]}}