{"id":140637,"date":"2019-04-17T17:37:51","date_gmt":"2019-04-17T14:37:51","guid":{"rendered":"http:\/\/www.tvturk.com\/index.php\/diyanet-isleri-baskani-erbas-tum-muslumanlarin-ve-yeni-zelandalilarin-basi-sag-olsun\/"},"modified":"2019-04-17T17:37:54","modified_gmt":"2019-04-17T14:37:54","slug":"diyanet-isleri-baskani-erbas-tum-muslumanlarin-ve-yeni-zelandalilarin-basi-sag-olsun","status":"publish","type":"post","link":"http:\/\/www.tvturk.com\/index.php\/diyanet-isleri-baskani-erbas-tum-muslumanlarin-ve-yeni-zelandalilarin-basi-sag-olsun\/","title":{"rendered":"Diyanet \u0130\u015fleri Ba\u015fkan\u0131 Erba\u015f: \u201cT\u00fcm M\u00fcsl\u00fcmanlar\u0131n ve Yeni Zelandal\u0131lar\u0131n ba\u015f\u0131 sa\u011f olsun\u201d"},"content":{"rendered":"<p>Avustralya ve Yeni Zelanda\u2019daki temaslar\u0131n\u0131 tamamlayan Diyanet \u0130\u015fleri Ba\u015fkan\u0131 Prof. Dr. Ali Erba\u015f, \u201cT\u00fcm M\u00fcsl\u00fcmanlar\u0131n ve Yeni Zelandal\u0131lar\u0131n ba\u015f\u0131 sa\u011f olsun\u201d dedi.<\/p>\n<p>Diyanet \u0130\u015fleri Ba\u015fkan\u0131 Ali Erba\u015f, Avustralya ve Yeni Zelanda temaslar\u0131n\u0131 tamamlad\u0131. Erba\u015f temaslar\u0131n\u0131n son g\u00fcn\u00fcnde Diyanet \u0130\u015fleri Ba\u015fkanl\u0131\u011f\u0131na ba\u011fl\u0131 camileri ziyaret edip T\u00fcrk-\u0130slam Toplumu \u00fcyeleriyle bir araya geldi. Gitti\u011fi her b\u00f6lgede b\u00fcy\u00fck ilgiyle kar\u015f\u0131la\u015fan Ali Erba\u015f, toplum \u00fcyelerine te\u015fekk\u00fcr etti. 2008\u2019de ibadete a\u00e7\u0131lan ve ge\u00e7ti\u011fimiz y\u0131l minarelerinin yap\u0131m\u0131n\u0131n tamamland\u0131\u011f\u0131 Melbourne Meadow Heights Diyanet Camisi\u2019ni ziyaret eden Diyanet \u0130\u015fleri Ba\u015fkan\u0131, camide k\u0131ld\u0131\u011f\u0131 namaz\u0131n ard\u0131ndan toplum \u00fcyelerine hitap etti.<\/p>\n<p>T\u00fcrkiye\u2019den 15 bin kilometre \u00f6tede g\u00f6rd\u00fc\u011f\u00fc minareler kar\u015f\u0131s\u0131nda duyguland\u0131\u011f\u0131n\u0131 dile getiren Erba\u015f konu\u015fmas\u0131nda, &#8220;Yurdumuzdan sizlere selam getirdim. Gurbette ya\u015famak zordur. Ancak sizler y\u0131llar \u00f6nce vatanlar\u0131ndan uzaklara g\u00f6\u00e7 ederek memleket hasreti \u00e7ekenler \u2018Buralarda ibadethane yok, ibadetimizi yapmayal\u0131m\u2019 demediniz. Gurbettekiler bir araya geldiler, evler ald\u0131lar, camiye \u00e7evirdiler, t\u00fcrl\u00fc fedakarl\u0131klarla arsalar ald\u0131lar camiler yapt\u0131lar. Bug\u00fcn burada bunun \u00f6rneklerini g\u00f6r\u00fcyoruz. Eme\u011fi ge\u00e7enlerden Allah raz\u0131 olsun. Minareleri g\u00f6rd\u00fcm ve i\u00e7im k\u0131p\u0131r k\u0131p\u0131r etti. Elhamd\u00fclillah dedim. Bu ne g\u00fczellik bu ne b\u00fcy\u00fck nimet\u201d ifadelerine yer verdi.<\/p>\n<p>\u201c100\u2019\u00fc a\u015fk\u0131n \u00fclkede var\u0131z\u201d<\/p>\n<p>Melbourne temaslar\u0131 kapsam\u0131nda Diyanete ba\u011fl\u0131 Meadow Heights Cami\u2019nde konu\u015fan Diyanet \u0130\u015fleri Ba\u015fkan\u0131 Ali Erba\u015f, Diyanet \u0130\u015fleri Ba\u015fkanl\u0131\u011f\u0131n\u0131n 100\u2019\u00fc a\u015fk\u0131n \u00fclkede var oldu\u011funu belirtti. 2 bin 500 imam ve m\u00fcezzin kadrosuyla yurt d\u0131\u015f\u0131nda aktif bir kurum olduklar\u0131n\u0131n alt\u0131n\u0131 \u00e7izen Erba\u015f, \u201cVaizimiz, m\u00fcezzinimiz, ata\u015femiz hepimiz hocay\u0131z biz. M\u00fcmk\u00fcn oldu\u011funca dinimizi ve \u0130slam\u0131 g\u00f6rmeyen g\u00f6zlere g\u00f6stermeye, duymayan kulaklara duyurmaya, anlamayan kalplere anlatmaya \u00e7al\u0131\u015f\u0131yoruz. Bizlere dua edin bizler de sizlere dua ediyoruz\u201d \u015feklinde konu\u015ftu.<\/p>\n<p>\u201cCumhurba\u015fkan\u0131m\u0131z\u0131n selam\u0131n\u0131 getirdim\u201d<\/p>\n<p>Diyanet \u0130\u015fleri Ba\u015fkan\u0131 Ali Erba\u015f, Avustralya ziyaretinde Victoria T\u00fcrk-\u0130slam Cemiyetleri\u2019nin ad\u0131na d\u00fczenlemi\u015f oldu\u011fu resepsiyona kat\u0131ld\u0131. Kur\u2019an tilavetiyle ba\u015flayan yemekli resepsiyonda yakla\u015f\u0131k 300 ki\u015fiye konu\u015fan Ali Erba\u015f, Cumhurba\u015fkan\u0131 Recep Tayyip Erdo\u011fan\u2019\u0131n selam\u0131n\u0131 salonda bulunanlara iletti. \u0130slam\u0131n yard\u0131m anlay\u0131\u015f\u0131n\u0131n \u00f6nemine de\u011finen Diyanet \u0130\u015fleri Ba\u015fkan\u0131, \u201cHz. Muhammed d\u00fcnya tarihinde ilk vak\u0131f olu\u015fumunu ger\u00e7ekle\u015ftiren ki\u015fidir. Hay\u0131r i\u015flemek yard\u0131ma muhta\u00e7lara yard\u0131m etmek bize Peygamberimizin miras\u0131d\u0131r\u201d dedi.<\/p>\n<p>\u201cT\u00fcm M\u00fcsl\u00fcmanlar\u0131n ve Yeni Zelandal\u0131lar\u0131n ba\u015f\u0131 sa\u011f olsun\u201d<\/p>\n<p>Diyanet \u0130\u015fleri Ba\u015fkan\u0131 Ali Erba\u015f ad\u0131na verilen resepsiyonda yapt\u0131\u011f\u0131 konu\u015fmada Yeni Zelanda\u2019da ter\u00f6r sald\u0131r\u0131s\u0131nda ya\u015fam\u0131n\u0131 yitirenlere Allah\u2019tan rahmet, yaral\u0131lara ise \u015fifa dileklerinde bulundu. Yeni Zelanda\u2019daki izlenimlerini salondakilerle payla\u015fan Al Erba\u015f, \u201dFarkl\u0131 inan\u00e7lara mensup insanlar\u0131n camilerimizin \u00f6nlerine \u00e7i\u00e7ek b\u0131rakarak ac\u0131m\u0131za ortak olduklar\u0131n\u0131 g\u00f6rd\u00fcm. D\u00fcnyan\u0131n d\u00f6rt bir yan\u0131ndan taziye ve ba\u015fsa\u011fl\u0131\u011f\u0131 i\u00e7in Christchurch \u015fehrine ak\u0131n edildi\u011fine tan\u0131k olduk. \u0130slam\u2019a ve M\u00fcsl\u00fcmanlara y\u00f6nelik sald\u0131r\u0131lar\u0131n hi\u00e7bir zaman emeline ula\u015famayaca\u011f\u0131n\u0131 orada bir kez daha anlad\u0131k. Hepimizin ba\u015f\u0131 sa\u011f olsun\u201d dedi.<\/p>\n<p>Erba\u015f\u2019a program\u0131n ard\u0131ndan plaket ve te\u015fekk\u00fcr berat\u0131 takdim edildi.<div class=\"tiled-gallery type-rectangular tiled-gallery-unresized\" data-original-width=\"500\" data-carousel-extra='null' itemscope itemtype=\"http:\/\/schema.org\/ImageGallery\" > <div class=\"gallery-row\" style=\"width: 500px; height: 142px;\" data-original-width=\"500\" data-original-height=\"142\" > <div class=\"gallery-group images-1\" style=\"width: 250px; height: 142px;\" data-original-width=\"250\" data-original-height=\"142\" > <div class=\"tiled-gallery-item tiled-gallery-item-small\" itemprop=\"associatedMedia\" itemscope itemtype=\"http:\/\/schema.org\/ImageObject\"> <a href=\"http:\/\/www.tvturk.com\/index.php\/diyanet-isleri-baskani-erbas-tum-muslumanlarin-ve-yeni-zelandalilarin-basi-sag-olsun\/diyanet-isleri-baskani-erbas-tum-muslumanlarin-ve-yeni-zelandalilarin-basi-sag-olsun-3\/\" border=\"0\" itemprop=\"url\"> <meta itemprop=\"width\" content=\"246\"> <meta itemprop=\"height\" content=\"138\"> <img decoding=\"async\" class=\"\" data-attachment-id=\"140639\" data-orig-file=\"http:\/\/www.tvturk.com\/wp-content\/uploads\/2019\/04\/diyanet-isleri-baskani-erbas-tum-muslumanlarin-ve-yeni-zelandalilarin-basi-sag-olsun_72be282.jpg\" data-orig-size=\"1000,560\" data-comments-opened=\"\" data-image-meta=\"{&quot;aperture&quot;:&quot;0&quot;,&quot;credit&quot;:&quot;IHA&quot;,&quot;camera&quot;:&quot;&quot;,&quot;caption&quot;:&quot;D\\u0130YANET \\u0130\\u015eLER\\u0130 BA\\u015eKANI AL\\u0130 ERBA\\u015e, AVUSTRALYA VE YEN\\u0130 ZELANDA TEMASLARINI TAMAMLADI. ERBA\\u015e TEMASLARININ SON G\\u00dcN\\u00dcNDE D\\u0130YANET \\u0130\\u015eLER\\u0130 BA\\u015eKANLI\\u011eINA BA\\u011eLI CAM\\u0130LER\\u0130 Z\\u0130YARET ED\\u0130P T\\u00dcRK-\\u0130SLAM TOPLUMU \\u00dcYELER\\u0130YLE B\\u0130R ARAYA GELD\\u0130. (MAHMUT YILMAZ\\\/MELBOURNE-\\u0130HA)&quot;,&quot;created_timestamp&quot;:&quot;0&quot;,&quot;copyright&quot;:&quot;\\u0130HLAS HABER AJANSI, www.iha.com.tr&quot;,&quot;focal_length&quot;:&quot;0&quot;,&quot;iso&quot;:&quot;0&quot;,&quot;shutter_speed&quot;:&quot;0&quot;,&quot;title&quot;:&quot;D\\u0130YANET \\u0130\\u015eLER\\u0130 BA\\u015eKANI ERBA\\u015e: \\u201cT\\u00dcM M\\u00dcSL\\u00dcMANLARIN VE YEN\\u0130 ZELANDALILARIN BA\\u015eI SA\\u011e OLSUN\\u201d&quot;,&quot;orientation&quot;:&quot;0&quot;}\" data-image-title=\"Diyanet \u0130\u015fleri Ba\u015fkan\u0131 Erba\u015f: \u201cT\u00fcm M\u00fcsl\u00fcmanlar\u0131n ve Yeni Zelandal\u0131lar\u0131n ba\u015f\u0131 sa\u011f olsun\u201d\" data-image-description=\"&lt;p&gt;Diyanet \u0130\u015fleri Ba\u015fkan\u0131 Erba\u015f: \u201cT\u00fcm M\u00fcsl\u00fcmanlar\u0131n ve Yeni Zelandal\u0131lar\u0131n ba\u015f\u0131 sa\u011f olsun\u201d&lt;\/p&gt; \" data-medium-file=\"https:\/\/i0.wp.com\/www.tvturk.com\/wp-content\/uploads\/2019\/04\/diyanet-isleri-baskani-erbas-tum-muslumanlarin-ve-yeni-zelandalilarin-basi-sag-olsun_72be282.jpg?fit=300%2C168\" data-large-file=\"https:\/\/i0.wp.com\/www.tvturk.com\/wp-content\/uploads\/2019\/04\/diyanet-isleri-baskani-erbas-tum-muslumanlarin-ve-yeni-zelandalilarin-basi-sag-olsun_72be282.jpg?fit=1000%2C560\" src=\"https:\/\/i0.wp.com\/www.tvturk.com\/wp-content\/uploads\/2019\/04\/diyanet-isleri-baskani-erbas-tum-muslumanlarin-ve-yeni-zelandalilarin-basi-sag-olsun_72be282.jpg?w=246&#038;h=138\" srcset=\"https:\/\/i0.wp.com\/www.tvturk.com\/wp-content\/uploads\/2019\/04\/diyanet-isleri-baskani-erbas-tum-muslumanlarin-ve-yeni-zelandalilarin-basi-sag-olsun_72be282.jpg?w=1000 1000w, https:\/\/i0.wp.com\/www.tvturk.com\/wp-content\/uploads\/2019\/04\/diyanet-isleri-baskani-erbas-tum-muslumanlarin-ve-yeni-zelandalilarin-basi-sag-olsun_72be282.jpg?resize=150%2C84 150w, https:\/\/i0.wp.com\/www.tvturk.com\/wp-content\/uploads\/2019\/04\/diyanet-isleri-baskani-erbas-tum-muslumanlarin-ve-yeni-zelandalilarin-basi-sag-olsun_72be282.jpg?resize=300%2C168 300w, https:\/\/i0.wp.com\/www.tvturk.com\/wp-content\/uploads\/2019\/04\/diyanet-isleri-baskani-erbas-tum-muslumanlarin-ve-yeni-zelandalilarin-basi-sag-olsun_72be282.jpg?resize=768%2C430 768w, https:\/\/i0.wp.com\/www.tvturk.com\/wp-content\/uploads\/2019\/04\/diyanet-isleri-baskani-erbas-tum-muslumanlarin-ve-yeni-zelandalilarin-basi-sag-olsun_72be282.jpg?resize=200%2C113 200w\" width=\"246\" height=\"138\" loading=\"lazy\" data-original-width=\"246\" data-original-height=\"138\" itemprop=\"http:\/\/schema.org\/image\" title=\"Diyanet \u0130\u015fleri Ba\u015fkan\u0131 Erba\u015f: \u201cT\u00fcm M\u00fcsl\u00fcmanlar\u0131n ve Yeni Zelandal\u0131lar\u0131n ba\u015f\u0131 sa\u011f olsun\u201d\" alt=\"Diyanet \u0130\u015fleri Ba\u015fkan\u0131 Erba\u015f: \u201cT\u00fcm M\u00fcsl\u00fcmanlar\u0131n ve Yeni Zelandal\u0131lar\u0131n ba\u015f\u0131 sa\u011f olsun\u201d\" style=\"width: 246px; height: 138px;\" \/> <\/a> <\/div> <\/div> <!-- close group --> <div class=\"gallery-group images-1\" style=\"width: 250px; height: 142px;\" data-original-width=\"250\" data-original-height=\"142\" > <div class=\"tiled-gallery-item tiled-gallery-item-small\" itemprop=\"associatedMedia\" itemscope itemtype=\"http:\/\/schema.org\/ImageObject\"> <a href=\"http:\/\/www.tvturk.com\/index.php\/diyanet-isleri-baskani-erbas-tum-muslumanlarin-ve-yeni-zelandalilarin-basi-sag-olsun\/diyanet-isleri-baskani-erbas-tum-muslumanlarin-ve-yeni-zelandalilarin-basi-sag-olsun-4\/\" border=\"0\" itemprop=\"url\"> <meta itemprop=\"width\" content=\"246\"> <meta itemprop=\"height\" content=\"138\"> <img decoding=\"async\" class=\"\" data-attachment-id=\"140640\" data-orig-file=\"http:\/\/www.tvturk.com\/wp-content\/uploads\/2019\/04\/diyanet-isleri-baskani-erbas-tum-muslumanlarin-ve-yeni-zelandalilarin-basi-sag-olsun_e96fcc4.jpg\" data-orig-size=\"1000,560\" data-comments-opened=\"\" data-image-meta=\"{&quot;aperture&quot;:&quot;0&quot;,&quot;credit&quot;:&quot;IHA&quot;,&quot;camera&quot;:&quot;&quot;,&quot;caption&quot;:&quot;D\\u0130YANET \\u0130\\u015eLER\\u0130 BA\\u015eKANI AL\\u0130 ERBA\\u015e, AVUSTRALYA VE YEN\\u0130 ZELANDA TEMASLARINI TAMAMLADI. ERBA\\u015e TEMASLARININ SON G\\u00dcN\\u00dcNDE D\\u0130YANET \\u0130\\u015eLER\\u0130 BA\\u015eKANLI\\u011eINA BA\\u011eLI CAM\\u0130LER\\u0130 Z\\u0130YARET ED\\u0130P T\\u00dcRK-\\u0130SLAM TOPLUMU \\u00dcYELER\\u0130YLE B\\u0130R ARAYA GELD\\u0130. (MAHMUT YILMAZ\\\/MELBOURNE-\\u0130HA)&quot;,&quot;created_timestamp&quot;:&quot;0&quot;,&quot;copyright&quot;:&quot;\\u0130HLAS HABER AJANSI, www.iha.com.tr&quot;,&quot;focal_length&quot;:&quot;0&quot;,&quot;iso&quot;:&quot;0&quot;,&quot;shutter_speed&quot;:&quot;0&quot;,&quot;title&quot;:&quot;D\\u0130YANET \\u0130\\u015eLER\\u0130 BA\\u015eKANI ERBA\\u015e: \\u201cT\\u00dcM M\\u00dcSL\\u00dcMANLARIN VE YEN\\u0130 ZELANDALILARIN BA\\u015eI SA\\u011e OLSUN\\u201d&quot;,&quot;orientation&quot;:&quot;0&quot;}\" data-image-title=\"Diyanet \u0130\u015fleri Ba\u015fkan\u0131 Erba\u015f: \u201cT\u00fcm M\u00fcsl\u00fcmanlar\u0131n ve Yeni Zelandal\u0131lar\u0131n ba\u015f\u0131 sa\u011f olsun\u201d\" data-image-description=\"&lt;p&gt;Diyanet \u0130\u015fleri Ba\u015fkan\u0131 Erba\u015f: \u201cT\u00fcm M\u00fcsl\u00fcmanlar\u0131n ve Yeni Zelandal\u0131lar\u0131n ba\u015f\u0131 sa\u011f olsun\u201d&lt;\/p&gt; \" data-medium-file=\"https:\/\/i0.wp.com\/www.tvturk.com\/wp-content\/uploads\/2019\/04\/diyanet-isleri-baskani-erbas-tum-muslumanlarin-ve-yeni-zelandalilarin-basi-sag-olsun_e96fcc4.jpg?fit=300%2C168\" data-large-file=\"https:\/\/i0.wp.com\/www.tvturk.com\/wp-content\/uploads\/2019\/04\/diyanet-isleri-baskani-erbas-tum-muslumanlarin-ve-yeni-zelandalilarin-basi-sag-olsun_e96fcc4.jpg?fit=1000%2C560\" src=\"https:\/\/i0.wp.com\/www.tvturk.com\/wp-content\/uploads\/2019\/04\/diyanet-isleri-baskani-erbas-tum-muslumanlarin-ve-yeni-zelandalilarin-basi-sag-olsun_e96fcc4.jpg?w=246&#038;h=138\" srcset=\"https:\/\/i0.wp.com\/www.tvturk.com\/wp-content\/uploads\/2019\/04\/diyanet-isleri-baskani-erbas-tum-muslumanlarin-ve-yeni-zelandalilarin-basi-sag-olsun_e96fcc4.jpg?w=1000 1000w, https:\/\/i0.wp.com\/www.tvturk.com\/wp-content\/uploads\/2019\/04\/diyanet-isleri-baskani-erbas-tum-muslumanlarin-ve-yeni-zelandalilarin-basi-sag-olsun_e96fcc4.jpg?resize=150%2C84 150w, https:\/\/i0.wp.com\/www.tvturk.com\/wp-content\/uploads\/2019\/04\/diyanet-isleri-baskani-erbas-tum-muslumanlarin-ve-yeni-zelandalilarin-basi-sag-olsun_e96fcc4.jpg?resize=300%2C168 300w, https:\/\/i0.wp.com\/www.tvturk.com\/wp-content\/uploads\/2019\/04\/diyanet-isleri-baskani-erbas-tum-muslumanlarin-ve-yeni-zelandalilarin-basi-sag-olsun_e96fcc4.jpg?resize=768%2C430 768w, https:\/\/i0.wp.com\/www.tvturk.com\/wp-content\/uploads\/2019\/04\/diyanet-isleri-baskani-erbas-tum-muslumanlarin-ve-yeni-zelandalilarin-basi-sag-olsun_e96fcc4.jpg?resize=200%2C113 200w\" width=\"246\" height=\"138\" loading=\"lazy\" data-original-width=\"246\" data-original-height=\"138\" itemprop=\"http:\/\/schema.org\/image\" title=\"Diyanet \u0130\u015fleri Ba\u015fkan\u0131 Erba\u015f: \u201cT\u00fcm M\u00fcsl\u00fcmanlar\u0131n ve Yeni Zelandal\u0131lar\u0131n ba\u015f\u0131 sa\u011f olsun\u201d\" alt=\"Diyanet \u0130\u015fleri Ba\u015fkan\u0131 Erba\u015f: \u201cT\u00fcm M\u00fcsl\u00fcmanlar\u0131n ve Yeni Zelandal\u0131lar\u0131n ba\u015f\u0131 sa\u011f olsun\u201d\" style=\"width: 246px; height: 138px;\" \/> <\/a> <\/div> <\/div> <!-- close group --> <\/div> <!-- close row --> <div class=\"gallery-row\" style=\"width: 500px; height: 282px;\" data-original-width=\"500\" data-original-height=\"282\" > <div class=\"gallery-group images-1\" style=\"width: 500px; height: 282px;\" data-original-width=\"500\" data-original-height=\"282\" > <div class=\"tiled-gallery-item tiled-gallery-item-large\" itemprop=\"associatedMedia\" itemscope itemtype=\"http:\/\/schema.org\/ImageObject\"> <a href=\"http:\/\/www.tvturk.com\/index.php\/diyanet-isleri-baskani-erbas-tum-muslumanlarin-ve-yeni-zelandalilarin-basi-sag-olsun\/diyanet-isleri-baskani-erbas-tum-muslumanlarin-ve-yeni-zelandalilarin-basi-sag-olsun-5\/\" border=\"0\" itemprop=\"url\"> <meta itemprop=\"width\" content=\"496\"> <meta itemprop=\"height\" content=\"278\"> <img decoding=\"async\" class=\"\" data-attachment-id=\"140641\" data-orig-file=\"http:\/\/www.tvturk.com\/wp-content\/uploads\/2019\/04\/diyanet-isleri-baskani-erbas-tum-muslumanlarin-ve-yeni-zelandalilarin-basi-sag-olsun_8be6f7c.jpg\" data-orig-size=\"1000,560\" data-comments-opened=\"\" data-image-meta=\"{&quot;aperture&quot;:&quot;0&quot;,&quot;credit&quot;:&quot;IHA&quot;,&quot;camera&quot;:&quot;&quot;,&quot;caption&quot;:&quot;AVUSTRALYA VE YEN\\u0130 ZELANDA\\u0027DAK\\u0130 TEMASLARINI TAMAMLAYAN D\\u0130YANET \\u0130\\u015eLER\\u0130 BA\\u015eKANI PROF. DR. AL\\u0130 ERBA\\u015e, \\u201cT\\u00dcM M\\u00dcSL\\u00dcMANLARIN VE YEN\\u0130 ZELANDALILARIN BA\\u015eI SA\\u011e OLSUN\\u201d DED\\u0130. (MAHMUT YILMAZ\\\/MELBOURNE-\\u0130HA)&quot;,&quot;created_timestamp&quot;:&quot;0&quot;,&quot;copyright&quot;:&quot;\\u0130HLAS HABER AJANSI, www.iha.com.tr&quot;,&quot;focal_length&quot;:&quot;0&quot;,&quot;iso&quot;:&quot;0&quot;,&quot;shutter_speed&quot;:&quot;0&quot;,&quot;title&quot;:&quot;D\\u0130YANET \\u0130\\u015eLER\\u0130 BA\\u015eKANI ERBA\\u015e: \\u201cT\\u00dcM M\\u00dcSL\\u00dcMANLARIN VE YEN\\u0130 ZELANDALILARIN BA\\u015eI SA\\u011e OLSUN\\u201d&quot;,&quot;orientation&quot;:&quot;0&quot;}\" data-image-title=\"Diyanet \u0130\u015fleri Ba\u015fkan\u0131 Erba\u015f: \u201cT\u00fcm M\u00fcsl\u00fcmanlar\u0131n ve Yeni Zelandal\u0131lar\u0131n ba\u015f\u0131 sa\u011f olsun\u201d\" data-image-description=\"&lt;p&gt;Diyanet \u0130\u015fleri Ba\u015fkan\u0131 Erba\u015f: \u201cT\u00fcm M\u00fcsl\u00fcmanlar\u0131n ve Yeni Zelandal\u0131lar\u0131n ba\u015f\u0131 sa\u011f olsun\u201d&lt;\/p&gt; \" data-medium-file=\"https:\/\/i0.wp.com\/www.tvturk.com\/wp-content\/uploads\/2019\/04\/diyanet-isleri-baskani-erbas-tum-muslumanlarin-ve-yeni-zelandalilarin-basi-sag-olsun_8be6f7c.jpg?fit=300%2C168\" data-large-file=\"https:\/\/i0.wp.com\/www.tvturk.com\/wp-content\/uploads\/2019\/04\/diyanet-isleri-baskani-erbas-tum-muslumanlarin-ve-yeni-zelandalilarin-basi-sag-olsun_8be6f7c.jpg?fit=1000%2C560\" src=\"https:\/\/i0.wp.com\/www.tvturk.com\/wp-content\/uploads\/2019\/04\/diyanet-isleri-baskani-erbas-tum-muslumanlarin-ve-yeni-zelandalilarin-basi-sag-olsun_8be6f7c.jpg?w=496&#038;h=278\" srcset=\"https:\/\/i0.wp.com\/www.tvturk.com\/wp-content\/uploads\/2019\/04\/diyanet-isleri-baskani-erbas-tum-muslumanlarin-ve-yeni-zelandalilarin-basi-sag-olsun_8be6f7c.jpg?w=1000 1000w, https:\/\/i0.wp.com\/www.tvturk.com\/wp-content\/uploads\/2019\/04\/diyanet-isleri-baskani-erbas-tum-muslumanlarin-ve-yeni-zelandalilarin-basi-sag-olsun_8be6f7c.jpg?resize=150%2C84 150w, https:\/\/i0.wp.com\/www.tvturk.com\/wp-content\/uploads\/2019\/04\/diyanet-isleri-baskani-erbas-tum-muslumanlarin-ve-yeni-zelandalilarin-basi-sag-olsun_8be6f7c.jpg?resize=300%2C168 300w, https:\/\/i0.wp.com\/www.tvturk.com\/wp-content\/uploads\/2019\/04\/diyanet-isleri-baskani-erbas-tum-muslumanlarin-ve-yeni-zelandalilarin-basi-sag-olsun_8be6f7c.jpg?resize=768%2C430 768w, https:\/\/i0.wp.com\/www.tvturk.com\/wp-content\/uploads\/2019\/04\/diyanet-isleri-baskani-erbas-tum-muslumanlarin-ve-yeni-zelandalilarin-basi-sag-olsun_8be6f7c.jpg?resize=200%2C113 200w\" width=\"496\" height=\"278\" loading=\"lazy\" data-original-width=\"496\" data-original-height=\"278\" itemprop=\"http:\/\/schema.org\/image\" title=\"Diyanet \u0130\u015fleri Ba\u015fkan\u0131 Erba\u015f: \u201cT\u00fcm M\u00fcsl\u00fcmanlar\u0131n ve Yeni Zelandal\u0131lar\u0131n ba\u015f\u0131 sa\u011f olsun\u201d\" alt=\"Diyanet \u0130\u015fleri Ba\u015fkan\u0131 Erba\u015f: \u201cT\u00fcm M\u00fcsl\u00fcmanlar\u0131n ve Yeni Zelandal\u0131lar\u0131n ba\u015f\u0131 sa\u011f olsun\u201d\" style=\"width: 496px; height: 278px;\" \/> <\/a> <\/div> <\/div> <!-- close group --> <\/div> <!-- close row --> <\/div><\/p>\n","protected":false},"excerpt":{"rendered":"<p>D\u0130YANET \u0130\u015eLER\u0130 BA\u015eKANI AL\u0130 ERBA\u015e, AVUSTRALYA VE YEN\u0130 ZELANDA TEMASLARINI TAMAMLADI. ERBA\u015e TEMASLARININ SON G\u00dcN\u00dcNDE D\u0130YANET \u0130\u015eLER\u0130 BA\u015eKANLI\u011eINA BA\u011eLI CAM\u0130LER\u0130 Z\u0130YARET ED\u0130P T\u00dcRK-\u0130SLAM TOPLUMU \u00dcYELER\u0130YLE B\u0130R ARAYA GELD\u0130.<\/p>\n","protected":false},"author":1,"featured_media":140638,"comment_status":"closed","ping_status":"open","sticky":false,"template":"","format":"standard","meta":{"jetpack_post_was_ever_published":false,"_jetpack_newsletter_access":"","_jetpack_dont_email_post_to_subs":false,"_jetpack_newsletter_tier_id":0,"_jetpack_memberships_contains_paywalled_content":false,"_jetpack_memberships_contains_paid_content":false,"footnotes":"","jetpack_publicize_message":"","jetpack_publicize_feature_enabled":true,"jetpack_social_post_already_shared":true,"jetpack_social_options":{"image_generator_settings":{"template":"highway","default_image_id":0,"font":"","enabled":false},"version":2}},"categories":[10],"tags":[12463,216,3150,10687,3151,20428,6245,1785,1325,87,31809],"class_list":["post-140637","post","type-post","status-publish","format-standard","has-post-thumbnail","hentry","category-dunya","tag-basi","tag-baskani","tag-diyanet","tag-erbas","tag-isleri","tag-muslumanlarin","tag-olsun","tag-sag","tag-tum","tag-yeni","tag-zelandalilarin"],"jetpack_publicize_connections":[],"jetpack_featured_media_url":"https:\/\/i0.wp.com\/www.tvturk.com\/wp-content\/uploads\/2019\/04\/diyanet-isleri-baskani-erbas-tum-muslumanlarin-ve-yeni-zelandalilarin-basi-sag-olsun_c28c52d.jpg?fit=1000%2C560","jetpack_sharing_enabled":true,"jetpack_shortlink":"https:\/\/wp.me\/paKIfm-AAl","_links":{"self":[{"href":"http:\/\/www.tvturk.com\/index.php\/wp-json\/wp\/v2\/posts\/140637","targetHints":{"allow":["GET"]}}],"collection":[{"href":"http:\/\/www.tvturk.com\/index.php\/wp-json\/wp\/v2\/posts"}],"about":[{"href":"http:\/\/www.tvturk.com\/index.php\/wp-json\/wp\/v2\/types\/post"}],"author":[{"embeddable":true,"href":"http:\/\/www.tvturk.com\/index.php\/wp-json\/wp\/v2\/users\/1"}],"replies":[{"embeddable":true,"href":"http:\/\/www.tvturk.com\/index.php\/wp-json\/wp\/v2\/comments?post=140637"}],"version-history":[{"count":1,"href":"http:\/\/www.tvturk.com\/index.php\/wp-json\/wp\/v2\/posts\/140637\/revisions"}],"predecessor-version":[{"id":140642,"href":"http:\/\/www.tvturk.com\/index.php\/wp-json\/wp\/v2\/posts\/140637\/revisions\/140642"}],"wp:featuredmedia":[{"embeddable":true,"href":"http:\/\/www.tvturk.com\/index.php\/wp-json\/wp\/v2\/media\/140638"}],"wp:attachment":[{"href":"http:\/\/www.tvturk.com\/index.php\/wp-json\/wp\/v2\/media?parent=140637"}],"wp:term":[{"taxonomy":"category","embeddable":true,"href":"http:\/\/www.tvturk.com\/index.php\/wp-json\/wp\/v2\/categories?post=140637"},{"taxonomy":"post_tag","embeddable":true,"href":"http:\/\/www.tvturk.com\/index.php\/wp-json\/wp\/v2\/tags?post=140637"}],"curies":[{"name":"wp","href":"https:\/\/api.w.org\/{rel}","templated":true}]}}