{"id":140714,"date":"2019-04-17T19:03:50","date_gmt":"2019-04-17T16:03:50","guid":{"rendered":"http:\/\/www.tvturk.com\/index.php\/perunun-eski-devlet-baskani-garcia-intihar-etti\/"},"modified":"2019-04-17T19:03:50","modified_gmt":"2019-04-17T16:03:50","slug":"perunun-eski-devlet-baskani-garcia-intihar-etti","status":"publish","type":"post","link":"http:\/\/www.tvturk.com\/index.php\/perunun-eski-devlet-baskani-garcia-intihar-etti\/","title":{"rendered":"Peru\u2019nun eski Devlet Ba\u015fkan\u0131 Garcia intihar etti"},"content":{"rendered":"<p>Peru\u2019nun eski Devlet Ba\u015fkan\u0131 Alan Garcia, kap\u0131s\u0131na tutuklama emriyle gelen polisleri g\u00f6r\u00fcnce intihar etti.<\/p>\n<p>Hakk\u0131nda \u00f6n tutuklama emri \u00e7\u0131kar\u0131lan eski Peru Devlet Ba\u015fkan\u0131 Alan Garcia, kap\u0131s\u0131n\u0131n \u00f6n\u00fcnde toplanan polisleri g\u00f6r\u00fcnce kafas\u0131na tabanca ile ate\u015f ederek intihar etti. Ba\u015f\u0131n\u0131n sa\u011f taraf\u0131ndan s\u0131kt\u0131\u011f\u0131 kur\u015fun sol taraf\u0131ndan \u00e7\u0131kan Garcia\u2019n\u0131n \u00f6l\u00fcm haberi resmi olarak do\u011fruland\u0131. Peru Devlet Ba\u015fkan\u0131 Martin Vizcarra da, sosyal medya hesab\u0131ndan yay\u0131mlad\u0131\u011f\u0131 mesajda, &#8220;Eski Devlet Ba\u015fkan\u0131 Alan Garcia\u2019n\u0131n \u00f6l\u00fcm\u00fc ile deh\u015fete d\u00fc\u015ft\u00fck. Ailesine ve sevdiklerine ba\u015fsa\u011fl\u0131\u011f\u0131 diliyorum.&#8221; dedi.<\/p>\n","protected":false},"excerpt":{"rendered":"<p>PERU DEVLET BA\u015eKANI MART\u0130N V\u0130ZCARRA DA, SOSYAL MEDYA HESABINDAN YAYIMLADI\u011eI MESAJDA, &#8220;ESK\u0130 DEVLET BA\u015eKANI ALAN GARC\u0130A&#8217;NIN \u00d6L\u00dcM\u00dc \u0130LE DEH\u015eETE D\u00dc\u015eT\u00dcK. A\u0130LES\u0130NE VE SEVD\u0130KLER\u0130NE BA\u015eSA\u011eLI\u011eI D\u0130L\u0130YORUM.&#8221; DED\u0130.<\/p>\n","protected":false},"author":1,"featured_media":140715,"comment_status":"closed","ping_status":"open","sticky":false,"template":"","format":"standard","meta":{"jetpack_post_was_ever_published":false,"_jetpack_newsletter_access":"","_jetpack_dont_email_post_to_subs":false,"_jetpack_newsletter_tier_id":0,"_jetpack_memberships_contains_paywalled_content":false,"_jetpack_memberships_contains_paid_content":false,"footnotes":"","jetpack_publicize_message":"","jetpack_publicize_feature_enabled":true,"jetpack_social_post_already_shared":true,"jetpack_social_options":{"image_generator_settings":{"template":"highway","default_image_id":0,"font":"","enabled":false},"version":2}},"categories":[10],"tags":[216,1564,1123,207,31821,4706,31820],"class_list":["post-140714","post","type-post","status-publish","format-standard","has-post-thumbnail","hentry","category-dunya","tag-baskani","tag-devlet","tag-eski","tag-etti","tag-garcia","tag-intihar","tag-perunun"],"jetpack_publicize_connections":[],"jetpack_featured_media_url":"https:\/\/i0.wp.com\/www.tvturk.com\/wp-content\/uploads\/2019\/04\/perunun-eski-devlet-baskani-garcia-intihar-etti_75a036d.jpg?fit=630%2C230","jetpack_sharing_enabled":true,"jetpack_shortlink":"https:\/\/wp.me\/paKIfm-ABA","_links":{"self":[{"href":"http:\/\/www.tvturk.com\/index.php\/wp-json\/wp\/v2\/posts\/140714","targetHints":{"allow":["GET"]}}],"collection":[{"href":"http:\/\/www.tvturk.com\/index.php\/wp-json\/wp\/v2\/posts"}],"about":[{"href":"http:\/\/www.tvturk.com\/index.php\/wp-json\/wp\/v2\/types\/post"}],"author":[{"embeddable":true,"href":"http:\/\/www.tvturk.com\/index.php\/wp-json\/wp\/v2\/users\/1"}],"replies":[{"embeddable":true,"href":"http:\/\/www.tvturk.com\/index.php\/wp-json\/wp\/v2\/comments?post=140714"}],"version-history":[{"count":0,"href":"http:\/\/www.tvturk.com\/index.php\/wp-json\/wp\/v2\/posts\/140714\/revisions"}],"wp:featuredmedia":[{"embeddable":true,"href":"http:\/\/www.tvturk.com\/index.php\/wp-json\/wp\/v2\/media\/140715"}],"wp:attachment":[{"href":"http:\/\/www.tvturk.com\/index.php\/wp-json\/wp\/v2\/media?parent=140714"}],"wp:term":[{"taxonomy":"category","embeddable":true,"href":"http:\/\/www.tvturk.com\/index.php\/wp-json\/wp\/v2\/categories?post=140714"},{"taxonomy":"post_tag","embeddable":true,"href":"http:\/\/www.tvturk.com\/index.php\/wp-json\/wp\/v2\/tags?post=140714"}],"curies":[{"name":"wp","href":"https:\/\/api.w.org\/{rel}","templated":true}]}}