{"id":14074,"date":"2019-02-08T23:51:02","date_gmt":"2019-02-08T20:51:02","guid":{"rendered":"http:\/\/www.tvturk.com\/index.php\/millilerden-ilk-gunde-8-madalya\/"},"modified":"2019-02-08T23:51:08","modified_gmt":"2019-02-08T20:51:08","slug":"millilerden-ilk-gunde-8-madalya","status":"publish","type":"post","link":"http:\/\/www.tvturk.com\/index.php\/millilerden-ilk-gunde-8-madalya\/","title":{"rendered":"Millilerden ilk g\u00fcnde 8 madalya"},"content":{"rendered":"<p>Danimarka\u2019n\u0131n Aalborg kentinde ba\u015flayan 46. \u00dcmit, Gen\u00e7 ve 21 Ya\u015f Alt\u0131 Avrupa Karate \u015eampiyonas\u0131\u2019n\u0131n ilk g\u00fcn\u00fcnde milli karateciler 5 alt\u0131n, 1 g\u00fcm\u00fc\u015f ve 2 bronz madalya kazand\u0131.<\/p>\n<p>Gigantum Arena\u2019n\u0131n ev sahipli\u011fi yapt\u0131\u011f\u0131 \u015fampiyonan\u0131n ilk g\u00fcn\u00fcnde \u00fcmitler kumite ile \u00fcmit, gen\u00e7 ve 21 ya\u015f alt\u0131 ferdi kata dallar\u0131nda madalya da\u011f\u0131t\u0131ld\u0131. Ferdi kata dal\u0131nda d\u00f6rt final m\u00fccadelesine \u00e7\u0131kan milli tak\u0131mda Menek\u015fe Vardar \u00fcmit bayanlarda Slovak Michaela Cukanova\u2019y\u0131 ma\u011flup ederek kariyerinin en b\u00fcy\u00fck ba\u015far\u0131s\u0131na ula\u015ft\u0131. Gen\u00e7 bayanlar kata dal\u0131nda \u0130talyan Sara Soldano\u2019yu ma\u011flup eden Keyda Nur \u00c7olak da bu kategoride \u00fcst \u00fcste ikinci alt\u0131n madalyas\u0131n\u0131 kazand\u0131. \u00dcmitler d\u00fcnya \u015fampiyonu unvan\u0131 ile ilk kez gen\u00e7lerde m\u00fccadele eden Enes \u00d6zdemir, \u0130talyan Alessandro Cricco kar\u015f\u0131s\u0131nda kazanarak Avrupa \u015fampiyonu oldu.<\/p>\n<p>Kariyerinin ilk Avrupa \u015eampiyonas\u0131\u2019nda 21 ya\u015f alt\u0131 bayanlar kata dal\u0131nda finale y\u00fckselen Arzu Firdevs Ko\u00e7, \u0130talyan Carola Casane\u2019ye ma\u011flup olarak g\u00fcm\u00fc\u015f madalyada kal\u0131rken, Alman Morris Tellocke\u2019yi ma\u011flup eden Emre Vefa G\u00f6kta\u015f ise bronz madalya ile organizasyonu noktalad\u0131.<\/p>\n<p>Kata dal\u0131nda yap\u0131lan madalya m\u00fcsabakalar\u0131n\u0131n ard\u0131ndan \u00fcmitler kumite m\u00fccadelelerine ge\u00e7ildi. Kumite 57 kiloda \u00d6mer Faruk Y\u00fcr\u00fcr, finalde \u0130sko\u00e7 Jacob Smart kar\u015f\u0131s\u0131nda 1-0 kazan\u0131rken, +70 kiloda da Ahmet Bulut, Kosoval\u0131 Melos Gashi\u2019yi 1-0 ile ge\u00e7ti ve kariyer zirvesi yapt\u0131. \u00dcmit bayanlar kumite 47 kilo \u00fc\u00e7\u00fcnc\u00fcl\u00fck ma\u00e7\u0131nda M\u00fc\u015ferref \u00d6zdemir, Portekizli Lea Barros\u2019u 3-0 ma\u011flup ederek bronz madalyan\u0131n sahibi oldu.<div class=\"tiled-gallery type-rectangular tiled-gallery-unresized\" data-original-width=\"500\" data-carousel-extra='null' itemscope itemtype=\"http:\/\/schema.org\/ImageGallery\" > <div class=\"gallery-row\" style=\"width: 500px; height: 251px;\" data-original-width=\"500\" data-original-height=\"251\" > <div class=\"gallery-group images-1\" style=\"width: 334px; height: 251px;\" data-original-width=\"334\" data-original-height=\"251\" > <div class=\"tiled-gallery-item tiled-gallery-item-large\" itemprop=\"associatedMedia\" itemscope itemtype=\"http:\/\/schema.org\/ImageObject\"> <a href=\"http:\/\/www.tvturk.com\/index.php\/millilerden-ilk-gunde-8-madalya\/millilerden-ilk-gunde-8-madalya-3\/\" border=\"0\" itemprop=\"url\"> <meta itemprop=\"width\" content=\"330\"> <meta itemprop=\"height\" content=\"247\"> <img decoding=\"async\" class=\"\" data-attachment-id=\"14076\" data-orig-file=\"http:\/\/www.tvturk.com\/wp-content\/uploads\/2019\/02\/millilerden-ilk-gunde-8-madalya_768ca46.jpg\" data-orig-size=\"1000,750\" data-comments-opened=\"\" data-image-meta=\"{&quot;aperture&quot;:&quot;0&quot;,&quot;credit&quot;:&quot;IHA&quot;,&quot;camera&quot;:&quot;&quot;,&quot;caption&quot;:&quot;GEN\\u00c7 BAYANLAR KATA DALINDA \\u0130TALYAN SARA SOLDANO\\u2019YU MA\\u011eLUP EDEN KEYDA NUR \\u00c7OLAK DA BU KATEGOR\\u0130DE \\u00dcST \\u00dcSTE \\u0130K\\u0130NC\\u0130 ALTIN MADALYASINI KAZANDI. (\\u0130HA\\\/\\u0130STANBUL-\\u0130HA)&quot;,&quot;created_timestamp&quot;:&quot;0&quot;,&quot;copyright&quot;:&quot;\\u0130HLAS HABER AJANSI, www.iha.com.tr&quot;,&quot;focal_length&quot;:&quot;0&quot;,&quot;iso&quot;:&quot;0&quot;,&quot;shutter_speed&quot;:&quot;0&quot;,&quot;title&quot;:&quot;M\\u0130LL\\u0130LERDEN \\u0130LK G\\u00dcNDE 8 MADALYA&quot;,&quot;orientation&quot;:&quot;0&quot;}\" data-image-title=\"Millilerden ilk g\u00fcnde 8 madalya\" data-image-description=\"&lt;p&gt;Millilerden ilk g\u00fcnde 8 madalya&lt;\/p&gt; \" data-medium-file=\"https:\/\/i0.wp.com\/www.tvturk.com\/wp-content\/uploads\/2019\/02\/millilerden-ilk-gunde-8-madalya_768ca46.jpg?fit=300%2C225\" data-large-file=\"https:\/\/i0.wp.com\/www.tvturk.com\/wp-content\/uploads\/2019\/02\/millilerden-ilk-gunde-8-madalya_768ca46.jpg?fit=1000%2C750\" src=\"https:\/\/i0.wp.com\/www.tvturk.com\/wp-content\/uploads\/2019\/02\/millilerden-ilk-gunde-8-madalya_768ca46.jpg?w=330&#038;h=247\" srcset=\"https:\/\/i0.wp.com\/www.tvturk.com\/wp-content\/uploads\/2019\/02\/millilerden-ilk-gunde-8-madalya_768ca46.jpg?w=1000 1000w, https:\/\/i0.wp.com\/www.tvturk.com\/wp-content\/uploads\/2019\/02\/millilerden-ilk-gunde-8-madalya_768ca46.jpg?resize=150%2C113 150w, https:\/\/i0.wp.com\/www.tvturk.com\/wp-content\/uploads\/2019\/02\/millilerden-ilk-gunde-8-madalya_768ca46.jpg?resize=300%2C225 300w, https:\/\/i0.wp.com\/www.tvturk.com\/wp-content\/uploads\/2019\/02\/millilerden-ilk-gunde-8-madalya_768ca46.jpg?resize=768%2C576 768w\" width=\"330\" height=\"247\" loading=\"lazy\" data-original-width=\"330\" data-original-height=\"247\" itemprop=\"http:\/\/schema.org\/image\" title=\"Millilerden ilk g\u00fcnde 8 madalya\" alt=\"Millilerden ilk g\u00fcnde 8 madalya\" style=\"width: 330px; height: 247px;\" \/> <\/a> <\/div> <\/div> <!-- close group --> <div class=\"gallery-group images-2\" style=\"width: 166px; height: 251px;\" data-original-width=\"166\" data-original-height=\"251\" > <div class=\"tiled-gallery-item tiled-gallery-item-small\" itemprop=\"associatedMedia\" itemscope itemtype=\"http:\/\/schema.org\/ImageObject\"> <a href=\"http:\/\/www.tvturk.com\/index.php\/millilerden-ilk-gunde-8-madalya\/millilerden-ilk-gunde-8-madalya-4\/\" border=\"0\" itemprop=\"url\"> <meta itemprop=\"width\" content=\"162\"> <meta itemprop=\"height\" content=\"122\"> <img decoding=\"async\" class=\"\" data-attachment-id=\"14077\" data-orig-file=\"http:\/\/www.tvturk.com\/wp-content\/uploads\/2019\/02\/millilerden-ilk-gunde-8-madalya_2a3c144.jpg\" data-orig-size=\"1000,750\" data-comments-opened=\"\" data-image-meta=\"{&quot;aperture&quot;:&quot;0&quot;,&quot;credit&quot;:&quot;IHA&quot;,&quot;camera&quot;:&quot;&quot;,&quot;caption&quot;:&quot;FERD\\u0130 KATA DALINDA D\\u00d6RT F\\u0130NAL M\\u00dcCADELES\\u0130NE \\u00c7IKAN M\\u0130LL\\u0130 TAKIMDA MENEK\\u015eE VARDAR \\u00dcM\\u0130T BAYANLARDA SLOVAK M\\u0130CHAELA CUKANOVA\\u2019YI MA\\u011eLUP EDEREK KAR\\u0130YER\\u0130N\\u0130N EN B\\u00dcY\\u00dcK BA\\u015eARISINA ULA\\u015eTI. (\\u0130HA\\\/\\u0130STANBUL-\\u0130HA)&quot;,&quot;created_timestamp&quot;:&quot;0&quot;,&quot;copyright&quot;:&quot;\\u0130HLAS HABER AJANSI, www.iha.com.tr&quot;,&quot;focal_length&quot;:&quot;0&quot;,&quot;iso&quot;:&quot;0&quot;,&quot;shutter_speed&quot;:&quot;0&quot;,&quot;title&quot;:&quot;M\\u0130LL\\u0130LERDEN \\u0130LK G\\u00dcNDE 8 MADALYA&quot;,&quot;orientation&quot;:&quot;0&quot;}\" data-image-title=\"Millilerden ilk g\u00fcnde 8 madalya\" data-image-description=\"&lt;p&gt;Millilerden ilk g\u00fcnde 8 madalya&lt;\/p&gt; \" data-medium-file=\"https:\/\/i0.wp.com\/www.tvturk.com\/wp-content\/uploads\/2019\/02\/millilerden-ilk-gunde-8-madalya_2a3c144.jpg?fit=300%2C225\" data-large-file=\"https:\/\/i0.wp.com\/www.tvturk.com\/wp-content\/uploads\/2019\/02\/millilerden-ilk-gunde-8-madalya_2a3c144.jpg?fit=1000%2C750\" src=\"https:\/\/i0.wp.com\/www.tvturk.com\/wp-content\/uploads\/2019\/02\/millilerden-ilk-gunde-8-madalya_2a3c144.jpg?w=162&#038;h=122\" srcset=\"https:\/\/i0.wp.com\/www.tvturk.com\/wp-content\/uploads\/2019\/02\/millilerden-ilk-gunde-8-madalya_2a3c144.jpg?w=1000 1000w, https:\/\/i0.wp.com\/www.tvturk.com\/wp-content\/uploads\/2019\/02\/millilerden-ilk-gunde-8-madalya_2a3c144.jpg?resize=150%2C113 150w, https:\/\/i0.wp.com\/www.tvturk.com\/wp-content\/uploads\/2019\/02\/millilerden-ilk-gunde-8-madalya_2a3c144.jpg?resize=300%2C225 300w, https:\/\/i0.wp.com\/www.tvturk.com\/wp-content\/uploads\/2019\/02\/millilerden-ilk-gunde-8-madalya_2a3c144.jpg?resize=768%2C576 768w\" width=\"162\" height=\"122\" loading=\"lazy\" data-original-width=\"162\" data-original-height=\"122\" itemprop=\"http:\/\/schema.org\/image\" title=\"Millilerden ilk g\u00fcnde 8 madalya\" alt=\"Millilerden ilk g\u00fcnde 8 madalya\" style=\"width: 162px; height: 122px;\" \/> <\/a> <\/div> <div class=\"tiled-gallery-item tiled-gallery-item-small\" itemprop=\"associatedMedia\" itemscope itemtype=\"http:\/\/schema.org\/ImageObject\"> <a href=\"http:\/\/www.tvturk.com\/index.php\/millilerden-ilk-gunde-8-madalya\/millilerden-ilk-gunde-8-madalya-5\/\" border=\"0\" itemprop=\"url\"> <meta itemprop=\"width\" content=\"162\"> <meta itemprop=\"height\" content=\"121\"> <img decoding=\"async\" class=\"\" data-attachment-id=\"14078\" data-orig-file=\"http:\/\/www.tvturk.com\/wp-content\/uploads\/2019\/02\/millilerden-ilk-gunde-8-madalya_ab14322.jpg\" data-orig-size=\"1000,750\" data-comments-opened=\"\" data-image-meta=\"{&quot;aperture&quot;:&quot;0&quot;,&quot;credit&quot;:&quot;IHA&quot;,&quot;camera&quot;:&quot;&quot;,&quot;caption&quot;:&quot;DAN\\u0130MARKA\\u2019NIN AALBORG KENT\\u0130NDE BA\\u015eLAYAN 46. \\u00dcM\\u0130T, GEN\\u00c7 VE 21 YA\\u015e ALTI AVRUPA KARATE \\u015eAMP\\u0130YONASI\\u2019NIN \\u0130LK G\\u00dcN\\u00dcNDE M\\u0130LL\\u0130 KARATEC\\u0130LER 5 ALTIN, 1 G\\u00dcM\\u00dc\\u015e VE 2 BRONZ MADALYA KAZANDI. (\\u0130HA\\\/\\u0130STANBUL-\\u0130HA)&quot;,&quot;created_timestamp&quot;:&quot;0&quot;,&quot;copyright&quot;:&quot;\\u0130HLAS HABER AJANSI, www.iha.com.tr&quot;,&quot;focal_length&quot;:&quot;0&quot;,&quot;iso&quot;:&quot;0&quot;,&quot;shutter_speed&quot;:&quot;0&quot;,&quot;title&quot;:&quot;M\\u0130LL\\u0130LERDEN \\u0130LK G\\u00dcNDE 8 MADALYA&quot;,&quot;orientation&quot;:&quot;0&quot;}\" data-image-title=\"Millilerden ilk g\u00fcnde 8 madalya\" data-image-description=\"&lt;p&gt;Millilerden ilk g\u00fcnde 8 madalya&lt;\/p&gt; \" data-medium-file=\"https:\/\/i0.wp.com\/www.tvturk.com\/wp-content\/uploads\/2019\/02\/millilerden-ilk-gunde-8-madalya_ab14322.jpg?fit=300%2C225\" data-large-file=\"https:\/\/i0.wp.com\/www.tvturk.com\/wp-content\/uploads\/2019\/02\/millilerden-ilk-gunde-8-madalya_ab14322.jpg?fit=1000%2C750\" src=\"https:\/\/i0.wp.com\/www.tvturk.com\/wp-content\/uploads\/2019\/02\/millilerden-ilk-gunde-8-madalya_ab14322.jpg?w=162&#038;h=121\" srcset=\"https:\/\/i0.wp.com\/www.tvturk.com\/wp-content\/uploads\/2019\/02\/millilerden-ilk-gunde-8-madalya_ab14322.jpg?w=1000 1000w, https:\/\/i0.wp.com\/www.tvturk.com\/wp-content\/uploads\/2019\/02\/millilerden-ilk-gunde-8-madalya_ab14322.jpg?resize=150%2C113 150w, https:\/\/i0.wp.com\/www.tvturk.com\/wp-content\/uploads\/2019\/02\/millilerden-ilk-gunde-8-madalya_ab14322.jpg?resize=300%2C225 300w, https:\/\/i0.wp.com\/www.tvturk.com\/wp-content\/uploads\/2019\/02\/millilerden-ilk-gunde-8-madalya_ab14322.jpg?resize=768%2C576 768w\" width=\"162\" height=\"121\" loading=\"lazy\" data-original-width=\"162\" data-original-height=\"121\" itemprop=\"http:\/\/schema.org\/image\" title=\"Millilerden ilk g\u00fcnde 8 madalya\" alt=\"Millilerden ilk g\u00fcnde 8 madalya\" style=\"width: 162px; height: 121px;\" \/> <\/a> <\/div> <\/div> <!-- close group --> <\/div> <!-- close row --> <div class=\"gallery-row\" style=\"width: 500px; height: 240px;\" data-original-width=\"500\" data-original-height=\"240\" > <div class=\"gallery-group images-1\" style=\"width: 319px; height: 240px;\" data-original-width=\"319\" data-original-height=\"240\" > <div class=\"tiled-gallery-item tiled-gallery-item-large\" itemprop=\"associatedMedia\" itemscope itemtype=\"http:\/\/schema.org\/ImageObject\"> <a href=\"http:\/\/www.tvturk.com\/index.php\/millilerden-ilk-gunde-8-madalya\/millilerden-ilk-gunde-8-madalya-6\/\" border=\"0\" itemprop=\"url\"> <meta itemprop=\"width\" content=\"315\"> <meta itemprop=\"height\" content=\"236\"> <img decoding=\"async\" class=\"\" data-attachment-id=\"14079\" data-orig-file=\"http:\/\/www.tvturk.com\/wp-content\/uploads\/2019\/02\/millilerden-ilk-gunde-8-madalya_f58ab0d.jpg\" data-orig-size=\"1000,750\" data-comments-opened=\"\" data-image-meta=\"{&quot;aperture&quot;:&quot;0&quot;,&quot;credit&quot;:&quot;IHA&quot;,&quot;camera&quot;:&quot;&quot;,&quot;caption&quot;:&quot;DAN\\u0130MARKA\\u2019NIN AALBORG KENT\\u0130NDE BA\\u015eLAYAN 46. \\u00dcM\\u0130T, GEN\\u00c7 VE 21 YA\\u015e ALTI AVRUPA KARATE \\u015eAMP\\u0130YONASI\\u2019NIN \\u0130LK G\\u00dcN\\u00dcNDE M\\u0130LL\\u0130 KARATEC\\u0130LER 5 ALTIN, 1 G\\u00dcM\\u00dc\\u015e VE 2 BRONZ MADALYA KAZANDI. (\\u0130HA\\\/\\u0130STANBUL-\\u0130HA)&quot;,&quot;created_timestamp&quot;:&quot;0&quot;,&quot;copyright&quot;:&quot;\\u0130HLAS HABER AJANSI, www.iha.com.tr&quot;,&quot;focal_length&quot;:&quot;0&quot;,&quot;iso&quot;:&quot;0&quot;,&quot;shutter_speed&quot;:&quot;0&quot;,&quot;title&quot;:&quot;M\\u0130LL\\u0130LERDEN \\u0130LK G\\u00dcNDE 8 MADALYA&quot;,&quot;orientation&quot;:&quot;0&quot;}\" data-image-title=\"Millilerden ilk g\u00fcnde 8 madalya\" data-image-description=\"&lt;p&gt;Millilerden ilk g\u00fcnde 8 madalya&lt;\/p&gt; \" data-medium-file=\"https:\/\/i0.wp.com\/www.tvturk.com\/wp-content\/uploads\/2019\/02\/millilerden-ilk-gunde-8-madalya_f58ab0d.jpg?fit=300%2C225\" data-large-file=\"https:\/\/i0.wp.com\/www.tvturk.com\/wp-content\/uploads\/2019\/02\/millilerden-ilk-gunde-8-madalya_f58ab0d.jpg?fit=1000%2C750\" src=\"https:\/\/i0.wp.com\/www.tvturk.com\/wp-content\/uploads\/2019\/02\/millilerden-ilk-gunde-8-madalya_f58ab0d.jpg?w=315&#038;h=236\" srcset=\"https:\/\/i0.wp.com\/www.tvturk.com\/wp-content\/uploads\/2019\/02\/millilerden-ilk-gunde-8-madalya_f58ab0d.jpg?w=1000 1000w, https:\/\/i0.wp.com\/www.tvturk.com\/wp-content\/uploads\/2019\/02\/millilerden-ilk-gunde-8-madalya_f58ab0d.jpg?resize=150%2C113 150w, https:\/\/i0.wp.com\/www.tvturk.com\/wp-content\/uploads\/2019\/02\/millilerden-ilk-gunde-8-madalya_f58ab0d.jpg?resize=300%2C225 300w, https:\/\/i0.wp.com\/www.tvturk.com\/wp-content\/uploads\/2019\/02\/millilerden-ilk-gunde-8-madalya_f58ab0d.jpg?resize=768%2C576 768w\" width=\"315\" height=\"236\" loading=\"lazy\" data-original-width=\"315\" data-original-height=\"236\" itemprop=\"http:\/\/schema.org\/image\" title=\"Millilerden ilk g\u00fcnde 8 madalya\" alt=\"Millilerden ilk g\u00fcnde 8 madalya\" style=\"width: 315px; height: 236px;\" \/> <\/a> <\/div> <\/div> <!-- close group --> <div class=\"gallery-group images-1\" style=\"width: 181px; height: 240px;\" data-original-width=\"181\" data-original-height=\"240\" > <div class=\"tiled-gallery-item tiled-gallery-item-small\" itemprop=\"associatedMedia\" itemscope itemtype=\"http:\/\/schema.org\/ImageObject\"> <a href=\"http:\/\/www.tvturk.com\/index.php\/millilerden-ilk-gunde-8-madalya\/millilerden-ilk-gunde-8-madalya-7\/\" border=\"0\" itemprop=\"url\"> <meta itemprop=\"width\" content=\"177\"> <meta itemprop=\"height\" content=\"236\"> <img decoding=\"async\" class=\"\" data-attachment-id=\"14080\" data-orig-file=\"http:\/\/www.tvturk.com\/wp-content\/uploads\/2019\/02\/millilerden-ilk-gunde-8-madalya_0cee7e1.jpg\" data-orig-size=\"750,1000\" data-comments-opened=\"\" data-image-meta=\"{&quot;aperture&quot;:&quot;0&quot;,&quot;credit&quot;:&quot;IHA&quot;,&quot;camera&quot;:&quot;&quot;,&quot;caption&quot;:&quot;+70 K\\u0130LODA DA AHMET BULUT, KOSOVALI MELOS GASH\\u0130\\u2019Y\\u0130 1-0 \\u0130LE GE\\u00c7T\\u0130 VE KAR\\u0130YER Z\\u0130RVES\\u0130 YAPTI. (\\u0130HA\\\/\\u0130STANBUL-\\u0130HA)&quot;,&quot;created_timestamp&quot;:&quot;0&quot;,&quot;copyright&quot;:&quot;\\u0130HLAS HABER AJANSI, www.iha.com.tr&quot;,&quot;focal_length&quot;:&quot;0&quot;,&quot;iso&quot;:&quot;0&quot;,&quot;shutter_speed&quot;:&quot;0&quot;,&quot;title&quot;:&quot;M\\u0130LL\\u0130LERDEN \\u0130LK G\\u00dcNDE 8 MADALYA&quot;,&quot;orientation&quot;:&quot;0&quot;}\" data-image-title=\"Millilerden ilk g\u00fcnde 8 madalya\" data-image-description=\"&lt;p&gt;Millilerden ilk g\u00fcnde 8 madalya&lt;\/p&gt; \" data-medium-file=\"https:\/\/i0.wp.com\/www.tvturk.com\/wp-content\/uploads\/2019\/02\/millilerden-ilk-gunde-8-madalya_0cee7e1.jpg?fit=225%2C300\" data-large-file=\"https:\/\/i0.wp.com\/www.tvturk.com\/wp-content\/uploads\/2019\/02\/millilerden-ilk-gunde-8-madalya_0cee7e1.jpg?fit=750%2C1000\" src=\"https:\/\/i0.wp.com\/www.tvturk.com\/wp-content\/uploads\/2019\/02\/millilerden-ilk-gunde-8-madalya_0cee7e1.jpg?w=177&#038;h=236\" srcset=\"https:\/\/i0.wp.com\/www.tvturk.com\/wp-content\/uploads\/2019\/02\/millilerden-ilk-gunde-8-madalya_0cee7e1.jpg?w=750 750w, https:\/\/i0.wp.com\/www.tvturk.com\/wp-content\/uploads\/2019\/02\/millilerden-ilk-gunde-8-madalya_0cee7e1.jpg?resize=113%2C150 113w, https:\/\/i0.wp.com\/www.tvturk.com\/wp-content\/uploads\/2019\/02\/millilerden-ilk-gunde-8-madalya_0cee7e1.jpg?resize=225%2C300 225w\" width=\"177\" height=\"236\" loading=\"lazy\" data-original-width=\"177\" data-original-height=\"236\" itemprop=\"http:\/\/schema.org\/image\" title=\"Millilerden ilk g\u00fcnde 8 madalya\" alt=\"Millilerden ilk g\u00fcnde 8 madalya\" style=\"width: 177px; height: 236px;\" \/> <\/a> <\/div> <\/div> <!-- close group --> <\/div> <!-- close row --> <div class=\"gallery-row\" style=\"width: 500px; height: 221px;\" data-original-width=\"500\" data-original-height=\"221\" > <div class=\"gallery-group images-1\" style=\"width: 167px; height: 221px;\" data-original-width=\"167\" data-original-height=\"221\" > <div class=\"tiled-gallery-item tiled-gallery-item-small\" itemprop=\"associatedMedia\" itemscope itemtype=\"http:\/\/schema.org\/ImageObject\"> <a href=\"http:\/\/www.tvturk.com\/index.php\/millilerden-ilk-gunde-8-madalya\/millilerden-ilk-gunde-8-madalya-8\/\" border=\"0\" itemprop=\"url\"> <meta itemprop=\"width\" content=\"163\"> <meta itemprop=\"height\" content=\"217\"> <img decoding=\"async\" class=\"\" data-attachment-id=\"14081\" data-orig-file=\"http:\/\/www.tvturk.com\/wp-content\/uploads\/2019\/02\/millilerden-ilk-gunde-8-madalya_22d4358.jpg\" data-orig-size=\"750,1000\" data-comments-opened=\"\" data-image-meta=\"{&quot;aperture&quot;:&quot;0&quot;,&quot;credit&quot;:&quot;IHA&quot;,&quot;camera&quot;:&quot;&quot;,&quot;caption&quot;:&quot;KAR\\u0130YER\\u0130N\\u0130N \\u0130LK AVRUPA \\u015eAMP\\u0130YONASI\\u2019NDA 21 YA\\u015e ALTI BAYANLAR KATA DALINDA F\\u0130NALE Y\\u00dcKSELEN ARZU F\\u0130RDEVS KO\\u00c7, \\u0130TALYAN CAROLA CASANE\\u2019YE MA\\u011eLUP OLARAK G\\u00dcM\\u00dc\\u015e MADALYADA KALDI. (\\u0130HA\\\/\\u0130STANBUL-\\u0130HA)&quot;,&quot;created_timestamp&quot;:&quot;0&quot;,&quot;copyright&quot;:&quot;\\u0130HLAS HABER AJANSI, www.iha.com.tr&quot;,&quot;focal_length&quot;:&quot;0&quot;,&quot;iso&quot;:&quot;0&quot;,&quot;shutter_speed&quot;:&quot;0&quot;,&quot;title&quot;:&quot;M\\u0130LL\\u0130LERDEN \\u0130LK G\\u00dcNDE 8 MADALYA&quot;,&quot;orientation&quot;:&quot;0&quot;}\" data-image-title=\"Millilerden ilk g\u00fcnde 8 madalya\" data-image-description=\"&lt;p&gt;Millilerden ilk g\u00fcnde 8 madalya&lt;\/p&gt; \" data-medium-file=\"https:\/\/i0.wp.com\/www.tvturk.com\/wp-content\/uploads\/2019\/02\/millilerden-ilk-gunde-8-madalya_22d4358.jpg?fit=225%2C300\" data-large-file=\"https:\/\/i0.wp.com\/www.tvturk.com\/wp-content\/uploads\/2019\/02\/millilerden-ilk-gunde-8-madalya_22d4358.jpg?fit=750%2C1000\" src=\"https:\/\/i0.wp.com\/www.tvturk.com\/wp-content\/uploads\/2019\/02\/millilerden-ilk-gunde-8-madalya_22d4358.jpg?w=163&#038;h=217\" srcset=\"https:\/\/i0.wp.com\/www.tvturk.com\/wp-content\/uploads\/2019\/02\/millilerden-ilk-gunde-8-madalya_22d4358.jpg?w=750 750w, https:\/\/i0.wp.com\/www.tvturk.com\/wp-content\/uploads\/2019\/02\/millilerden-ilk-gunde-8-madalya_22d4358.jpg?resize=113%2C150 113w, https:\/\/i0.wp.com\/www.tvturk.com\/wp-content\/uploads\/2019\/02\/millilerden-ilk-gunde-8-madalya_22d4358.jpg?resize=225%2C300 225w\" width=\"163\" height=\"217\" loading=\"lazy\" data-original-width=\"163\" data-original-height=\"217\" itemprop=\"http:\/\/schema.org\/image\" title=\"Millilerden ilk g\u00fcnde 8 madalya\" alt=\"Millilerden ilk g\u00fcnde 8 madalya\" style=\"width: 163px; height: 217px;\" \/> <\/a> <\/div> <\/div> <!-- close group --> <div class=\"gallery-group images-1\" style=\"width: 167px; height: 221px;\" data-original-width=\"167\" data-original-height=\"221\" > <div class=\"tiled-gallery-item tiled-gallery-item-small\" itemprop=\"associatedMedia\" itemscope itemtype=\"http:\/\/schema.org\/ImageObject\"> <a href=\"http:\/\/www.tvturk.com\/index.php\/millilerden-ilk-gunde-8-madalya\/millilerden-ilk-gunde-8-madalya-9\/\" border=\"0\" itemprop=\"url\"> <meta itemprop=\"width\" content=\"163\"> <meta itemprop=\"height\" content=\"217\"> <img decoding=\"async\" class=\"\" data-attachment-id=\"14082\" data-orig-file=\"http:\/\/www.tvturk.com\/wp-content\/uploads\/2019\/02\/millilerden-ilk-gunde-8-madalya_284b743.jpg\" data-orig-size=\"750,1000\" data-comments-opened=\"\" data-image-meta=\"{&quot;aperture&quot;:&quot;0&quot;,&quot;credit&quot;:&quot;IHA&quot;,&quot;camera&quot;:&quot;&quot;,&quot;caption&quot;:&quot;ALMAN MORR\\u0130S TELLOCKE\\u2019Y\\u0130 MA\\u011eLUP EDEN EMRE VEFA G\\u00d6KTA\\u015e \\u0130SE BRONZ MADALYA \\u0130LE ORGAN\\u0130ZASYONU NOKTALADI. (\\u0130HA\\\/\\u0130STANBUL-\\u0130HA)&quot;,&quot;created_timestamp&quot;:&quot;0&quot;,&quot;copyright&quot;:&quot;\\u0130HLAS HABER AJANSI, www.iha.com.tr&quot;,&quot;focal_length&quot;:&quot;0&quot;,&quot;iso&quot;:&quot;0&quot;,&quot;shutter_speed&quot;:&quot;0&quot;,&quot;title&quot;:&quot;M\\u0130LL\\u0130LERDEN \\u0130LK G\\u00dcNDE 8 MADALYA&quot;,&quot;orientation&quot;:&quot;0&quot;}\" data-image-title=\"Millilerden ilk g\u00fcnde 8 madalya\" data-image-description=\"&lt;p&gt;Millilerden ilk g\u00fcnde 8 madalya&lt;\/p&gt; \" data-medium-file=\"https:\/\/i0.wp.com\/www.tvturk.com\/wp-content\/uploads\/2019\/02\/millilerden-ilk-gunde-8-madalya_284b743.jpg?fit=225%2C300\" data-large-file=\"https:\/\/i0.wp.com\/www.tvturk.com\/wp-content\/uploads\/2019\/02\/millilerden-ilk-gunde-8-madalya_284b743.jpg?fit=750%2C1000\" src=\"https:\/\/i0.wp.com\/www.tvturk.com\/wp-content\/uploads\/2019\/02\/millilerden-ilk-gunde-8-madalya_284b743.jpg?w=163&#038;h=217\" srcset=\"https:\/\/i0.wp.com\/www.tvturk.com\/wp-content\/uploads\/2019\/02\/millilerden-ilk-gunde-8-madalya_284b743.jpg?w=750 750w, https:\/\/i0.wp.com\/www.tvturk.com\/wp-content\/uploads\/2019\/02\/millilerden-ilk-gunde-8-madalya_284b743.jpg?resize=113%2C150 113w, https:\/\/i0.wp.com\/www.tvturk.com\/wp-content\/uploads\/2019\/02\/millilerden-ilk-gunde-8-madalya_284b743.jpg?resize=225%2C300 225w\" width=\"163\" height=\"217\" loading=\"lazy\" data-original-width=\"163\" data-original-height=\"217\" itemprop=\"http:\/\/schema.org\/image\" title=\"Millilerden ilk g\u00fcnde 8 madalya\" alt=\"Millilerden ilk g\u00fcnde 8 madalya\" style=\"width: 163px; height: 217px;\" \/> <\/a> <\/div> <\/div> <!-- close group --> <div class=\"gallery-group images-1\" style=\"width: 166px; height: 221px;\" data-original-width=\"166\" data-original-height=\"221\" > <div class=\"tiled-gallery-item tiled-gallery-item-small\" itemprop=\"associatedMedia\" itemscope itemtype=\"http:\/\/schema.org\/ImageObject\"> <a href=\"http:\/\/www.tvturk.com\/index.php\/millilerden-ilk-gunde-8-madalya\/millilerden-ilk-gunde-8-madalya-10\/\" border=\"0\" itemprop=\"url\"> <meta itemprop=\"width\" content=\"162\"> <meta itemprop=\"height\" content=\"217\"> <img decoding=\"async\" class=\"\" data-attachment-id=\"14083\" data-orig-file=\"http:\/\/www.tvturk.com\/wp-content\/uploads\/2019\/02\/millilerden-ilk-gunde-8-madalya_433a601.jpg\" data-orig-size=\"750,1000\" data-comments-opened=\"\" data-image-meta=\"{&quot;aperture&quot;:&quot;0&quot;,&quot;credit&quot;:&quot;IHA&quot;,&quot;camera&quot;:&quot;&quot;,&quot;caption&quot;:&quot;KUM\\u0130TE 57 K\\u0130LODA \\u00d6MER FARUK Y\\u00dcR\\u00dcR, F\\u0130NALDE \\u0130SKO\\u00c7 JACOB SMART KAR\\u015eISINDA 1-0 KAZANDI. (\\u0130HA\\\/\\u0130STANBUL-\\u0130HA)&quot;,&quot;created_timestamp&quot;:&quot;0&quot;,&quot;copyright&quot;:&quot;\\u0130HLAS HABER AJANSI, www.iha.com.tr&quot;,&quot;focal_length&quot;:&quot;0&quot;,&quot;iso&quot;:&quot;0&quot;,&quot;shutter_speed&quot;:&quot;0&quot;,&quot;title&quot;:&quot;M\\u0130LL\\u0130LERDEN \\u0130LK G\\u00dcNDE 8 MADALYA&quot;,&quot;orientation&quot;:&quot;0&quot;}\" data-image-title=\"Millilerden ilk g\u00fcnde 8 madalya\" data-image-description=\"&lt;p&gt;Millilerden ilk g\u00fcnde 8 madalya&lt;\/p&gt; \" data-medium-file=\"https:\/\/i0.wp.com\/www.tvturk.com\/wp-content\/uploads\/2019\/02\/millilerden-ilk-gunde-8-madalya_433a601.jpg?fit=225%2C300\" data-large-file=\"https:\/\/i0.wp.com\/www.tvturk.com\/wp-content\/uploads\/2019\/02\/millilerden-ilk-gunde-8-madalya_433a601.jpg?fit=750%2C1000\" src=\"https:\/\/i0.wp.com\/www.tvturk.com\/wp-content\/uploads\/2019\/02\/millilerden-ilk-gunde-8-madalya_433a601.jpg?w=162&#038;h=217\" srcset=\"https:\/\/i0.wp.com\/www.tvturk.com\/wp-content\/uploads\/2019\/02\/millilerden-ilk-gunde-8-madalya_433a601.jpg?w=750 750w, https:\/\/i0.wp.com\/www.tvturk.com\/wp-content\/uploads\/2019\/02\/millilerden-ilk-gunde-8-madalya_433a601.jpg?resize=113%2C150 113w, https:\/\/i0.wp.com\/www.tvturk.com\/wp-content\/uploads\/2019\/02\/millilerden-ilk-gunde-8-madalya_433a601.jpg?resize=225%2C300 225w\" width=\"162\" height=\"217\" loading=\"lazy\" data-original-width=\"162\" data-original-height=\"217\" itemprop=\"http:\/\/schema.org\/image\" title=\"Millilerden ilk g\u00fcnde 8 madalya\" alt=\"Millilerden ilk g\u00fcnde 8 madalya\" style=\"width: 162px; height: 217px;\" \/> <\/a> <\/div> <\/div> <!-- close group --> <\/div> <!-- close row --> <\/div><\/p>\n","protected":false},"excerpt":{"rendered":"<p>\u00dcM\u0130TLER D\u00dcNYA \u015eAMP\u0130YONU UNVANI \u0130LE \u0130LK KEZ GEN\u00c7LERDE M\u00dcCADELE EDEN ENES \u00d6ZDEM\u0130R, \u0130TALYAN ALESSANDRO CR\u0130CCO KAR\u015eISINDA KAZANARAK AVRUPA \u015eAMP\u0130YONU OLDU.<\/p>\n","protected":false},"author":1,"featured_media":14075,"comment_status":"closed","ping_status":"open","sticky":false,"template":"","format":"standard","meta":{"jetpack_post_was_ever_published":false,"_jetpack_newsletter_access":"","_jetpack_dont_email_post_to_subs":false,"_jetpack_newsletter_tier_id":0,"_jetpack_memberships_contains_paywalled_content":false,"_jetpack_memberships_contains_paid_content":false,"footnotes":"","jetpack_publicize_message":"","jetpack_publicize_feature_enabled":true,"jetpack_social_post_already_shared":false,"jetpack_social_options":{"image_generator_settings":{"template":"highway","default_image_id":0,"font":"","enabled":false},"version":2}},"categories":[657],"tags":[6040,37,3800,6975],"class_list":["post-14074","post","type-post","status-publish","format-standard","has-post-thumbnail","hentry","category-spor","tag-gunde","tag-ilk","tag-madalya","tag-millilerden"],"jetpack_publicize_connections":[],"jetpack_featured_media_url":"https:\/\/i0.wp.com\/www.tvturk.com\/wp-content\/uploads\/2019\/02\/millilerden-ilk-gunde-8-madalya_b4bb284.jpg?fit=1000%2C750","jetpack_sharing_enabled":true,"jetpack_shortlink":"https:\/\/wp.me\/paKIfm-3F0","_links":{"self":[{"href":"http:\/\/www.tvturk.com\/index.php\/wp-json\/wp\/v2\/posts\/14074","targetHints":{"allow":["GET"]}}],"collection":[{"href":"http:\/\/www.tvturk.com\/index.php\/wp-json\/wp\/v2\/posts"}],"about":[{"href":"http:\/\/www.tvturk.com\/index.php\/wp-json\/wp\/v2\/types\/post"}],"author":[{"embeddable":true,"href":"http:\/\/www.tvturk.com\/index.php\/wp-json\/wp\/v2\/users\/1"}],"replies":[{"embeddable":true,"href":"http:\/\/www.tvturk.com\/index.php\/wp-json\/wp\/v2\/comments?post=14074"}],"version-history":[{"count":1,"href":"http:\/\/www.tvturk.com\/index.php\/wp-json\/wp\/v2\/posts\/14074\/revisions"}],"predecessor-version":[{"id":14084,"href":"http:\/\/www.tvturk.com\/index.php\/wp-json\/wp\/v2\/posts\/14074\/revisions\/14084"}],"wp:featuredmedia":[{"embeddable":true,"href":"http:\/\/www.tvturk.com\/index.php\/wp-json\/wp\/v2\/media\/14075"}],"wp:attachment":[{"href":"http:\/\/www.tvturk.com\/index.php\/wp-json\/wp\/v2\/media?parent=14074"}],"wp:term":[{"taxonomy":"category","embeddable":true,"href":"http:\/\/www.tvturk.com\/index.php\/wp-json\/wp\/v2\/categories?post=14074"},{"taxonomy":"post_tag","embeddable":true,"href":"http:\/\/www.tvturk.com\/index.php\/wp-json\/wp\/v2\/tags?post=14074"}],"curies":[{"name":"wp","href":"https:\/\/api.w.org\/{rel}","templated":true}]}}