{"id":140782,"date":"2019-04-17T20:24:11","date_gmt":"2019-04-17T17:24:11","guid":{"rendered":"http:\/\/www.tvturk.com\/index.php\/imamoglu-su-an-itibariyle-kutsal-bir-goreve-basladigimiz-farkindayim\/"},"modified":"2019-04-17T20:24:14","modified_gmt":"2019-04-17T17:24:14","slug":"imamoglu-su-an-itibariyle-kutsal-bir-goreve-basladigimiz-farkindayim","status":"publish","type":"post","link":"http:\/\/www.tvturk.com\/index.php\/imamoglu-su-an-itibariyle-kutsal-bir-goreve-basladigimiz-farkindayim\/","title":{"rendered":"\u0130mamo\u011flu: &#8220;\u015eu an itibariyle kutsal bir g\u00f6reve ba\u015flad\u0131\u011f\u0131m\u0131z fark\u0131nday\u0131m\u201d"},"content":{"rendered":"<p>\u0130stanbul B\u00fcy\u00fck\u015fehir Belediye Ba\u015fkan\u0131 se\u00e7ilen Ekrem \u0130mamo\u011flu, g\u00f6revi Mevl\u00fct Uysal\u2019dan devrald\u0131. \u0130mamo\u011flu, \u201cBiz 16 milyon ad\u0131na bu g\u00f6revi devrald\u0131k, 16 milyon insan\u0131n temsilcisiyiz, emanet\u00e7isiyiz. \u015eu an itibariyle kutsal bir g\u00f6reve ba\u015flad\u0131\u011f\u0131m\u0131z fark\u0131nday\u0131m\u201d dedi.<\/p>\n<p>\u0130stanbul B\u00fcy\u00fck\u015fehir Belediye Ba\u015fkan\u0131 se\u00e7ilen Ekrem \u0130mamo\u011flu, \u00c7a\u011flayan\u2019daki \u0130stanbul Adalet Saray\u0131nda bulunan \u0130l Se\u00e7im Kurulundan mazbatas\u0131n\u0131 ald\u0131ktan sonra e\u015fi Dilek \u0130mamo\u011flu ve CHP y\u00f6neticileriyle Sara\u00e7hane\u2019deki \u0130BB binas\u0131nda geldi. Burada toplanan kalabal\u0131\u011f\u0131n aras\u0131ndan g\u00fc\u00e7l\u00fckle b\u00fcy\u00fck\u015fehir belediyesine giren \u0130mamo\u011flu g\u00f6revi makama \u00e7\u0131karak Mevl\u00fct Uysal\u2019dan g\u00f6revi devrald\u0131. Devir teslim t\u00f6reni s\u0131ras\u0131nda \u0130mamo\u011flu ve Uysal bas\u0131n mensuplar\u0131na a\u00e7\u0131klamalarda bulundu.<\/p>\n<p>\u201cHalk\u0131n emanet\u00e7isiyiz ve bu emaneti Ekrem Bey\u2019e emanet ediyoruz\u201d<\/p>\n<p>G\u00f6revi devreden Mevl\u00fct Uysal, \u201c\u0130stanbul il se\u00e7im kurulu mazbatay\u0131 Ekrem Bey\u2019e verdi. Bizde emaneti Ekrem Bey\u2019e devrediyoruz. S\u00fcreci hep beraber takip ediyoruz. Nihayetinde halk\u0131n emanet\u00e7iyiz. Bu emaneti, Ekrem Bey\u2019e emanet ediyoruz hay\u0131rl\u0131 olsun diyoruz\u201d diyerek m\u00fchr\u00fc teslim etti.<\/p>\n<p>\u201cBu makam 16 milyon insan\u0131n emanetidir\u201d<\/p>\n<p>\u0130stanbul B\u00fcy\u00fck\u015fehir Belediye Ba\u015fkan\u0131 se\u00e7ilen Ekrem \u0130mamo\u011flu ise, \u201cKesinlikle ifade ettikleri gibi 16 milyon insan\u0131n bir emanetidir bu makam. Bu emanet bizler i\u00e7in \u00e7ok kutsald\u0131r, biz g\u00f6rev s\u00fcremiz boyunca bu emanete hizmet etmekten elbette onur duyaca\u011f\u0131z. Ge\u00e7mi\u015ften bu g\u00fcne bu \u015fehre kimin eme\u011fi ge\u00e7mi\u015fse bu \u015fehre hizmet etmi\u015fse, onlara y\u00fcrekten minnet duygular\u0131m\u0131 \u015f\u00fckran duygular\u0131m\u0131 belirtmek istiyorum. Bu makam bizden sonrada ba\u015fkalar\u0131na nasip olacakt\u0131r. Biz yine bu makam\u0131 lay\u0131k\u0131yla devrederken, ayn\u0131 centilmenlikte devrederek onlara da yolunuz a\u00e7\u0131k olsun demeyi in\u015fallah bize nasip eder. Bu kavramlarla say\u0131n ba\u015fkana te\u015fekk\u00fcr ediyorum. \u0130n\u015fallah \u0130stanbul\u2019umuza ve T\u00fcrkiye\u2019mize hay\u0131rl\u0131 u\u011furlu olsun diyoruz\u201d diye konu\u015ftu.<\/p>\n<p>\u201c\u015eu an itibariyle kutsal bir g\u00f6reve ba\u015flad\u0131\u011f\u0131m\u0131z fark\u0131nday\u0131m\u201d<\/p>\n<p>G\u00f6revi devrald\u0131ktan sonra bas\u0131n mensubunun sorusunu yan\u0131tlayan \u0130mamo\u011flu, \u201cBug\u00fcn h\u0131zl\u0131ca g\u00f6revimize ba\u015flamak ve b\u00fcy\u00fck\u015fehir belediyesi b\u00fcnyesindeki bir \u00e7ok konuya hakim olmak ve \u00e7al\u0131\u015fanlarla bulu\u015fmak istiyoruz. Bu s\u00fcreci haber vermeden planlayal\u0131m istedik ama buras\u0131 \u0130stanbul b\u00fcy\u00fck bir co\u015fkusu var. Biz 16 milyon ad\u0131na bu g\u00f6revi devrald\u0131k, 16 milyon insan\u0131n temsilcisiyiz, emanet\u00e7isiyiz. \u0130n\u015fallah \u00e7ok g\u00fczel hizmetler yapaca\u011f\u0131z. her an\u0131m\u0131z\u0131 o vatanda\u015flar\u0131m\u0131zla payla\u015faca\u011f\u0131z. \u0130n\u015fallah t\u00fcm hem\u015ferilerimizin katk\u0131lar\u0131yla \u015fehrin bir \u00e7ok sorununu \u00e7\u00f6zece\u011fiz.  Hay\u0131rl\u0131 u\u011furlu olsun \u015fu an itibariyle kutsal bir g\u00f6reve ba\u015flad\u0131\u011f\u0131m\u0131z fark\u0131nday\u0131m. Bu \u015fehrin derinli\u011finin, tarihi y\u00fck\u00fcn\u00fc, maneviyat\u0131n\u0131 hisseden birisiyim. B\u00fct\u00fcn sorumluluk duygular\u0131mla, bu \u015fehrin insanlar\u0131yla hazineleriyle bu \u015fehrin gelece\u011fine b\u00fcy\u00fck hizmetler yapaca\u011f\u0131m\u0131z\u0131 hissediyorum. Kimsenin g\u00f6z\u00fc arkada kalmas\u0131n\u201d \u015feklinde konu\u015ftu.<div class=\"tiled-gallery type-rectangular tiled-gallery-unresized\" data-original-width=\"500\" data-carousel-extra='null' itemscope itemtype=\"http:\/\/schema.org\/ImageGallery\" > <div class=\"gallery-row\" style=\"width: 500px; height: 224px;\" data-original-width=\"500\" data-original-height=\"224\" > <div class=\"gallery-group images-1\" style=\"width: 334px; height: 224px;\" data-original-width=\"334\" data-original-height=\"224\" > <div class=\"tiled-gallery-item tiled-gallery-item-large\" itemprop=\"associatedMedia\" itemscope itemtype=\"http:\/\/schema.org\/ImageObject\"> <a href=\"http:\/\/www.tvturk.com\/index.php\/imamoglu-su-an-itibariyle-kutsal-bir-goreve-basladigimiz-farkindayim\/imamoglu-su-an-itibariyle-kutsal-bir-goreve-basladigimiz-farkindayim-3\/\" border=\"0\" itemprop=\"url\"> <meta itemprop=\"width\" content=\"330\"> <meta itemprop=\"height\" content=\"220\"> <img decoding=\"async\" class=\"\" data-attachment-id=\"140784\" data-orig-file=\"http:\/\/www.tvturk.com\/wp-content\/uploads\/2019\/04\/imamoglu-su-an-itibariyle-kutsal-bir-goreve-basladigimiz-farkindayim_2f590cd.jpg\" data-orig-size=\"1000,666\" data-comments-opened=\"\" data-image-meta=\"{&quot;aperture&quot;:&quot;0&quot;,&quot;credit&quot;:&quot;IHA&quot;,&quot;camera&quot;:&quot;&quot;,&quot;caption&quot;:&quot;\\u0130STANBUL B\\u00dcY\\u00dcK\\u015eEH\\u0130R BELED\\u0130YE BA\\u015eKANI SE\\u00c7\\u0130LEN EKREM \\u0130MAMO\\u011eLU, G\\u00d6REV\\u0130 MEVL\\u00dcT UYSAL\\u2019DAN DEVRALDI. (\\u0130HA\\\/\\u0130STANBUL-\\u0130HA)&quot;,&quot;created_timestamp&quot;:&quot;0&quot;,&quot;copyright&quot;:&quot;\\u0130HLAS HABER AJANSI, www.iha.com.tr&quot;,&quot;focal_length&quot;:&quot;0&quot;,&quot;iso&quot;:&quot;0&quot;,&quot;shutter_speed&quot;:&quot;0&quot;,&quot;title&quot;:&quot;\\u0130MAMO\\u011eLU: \\u0022\\u015eU AN \\u0130T\\u0130BAR\\u0130YLE KUTSAL B\\u0130R G\\u00d6REVE BA\\u015eLADI\\u011eIMIZ FARKINDAYIM\\u201d EKREM \\u0130MAMO\\u011eLU, G\\u00d6REV\\u0130 MEVL\\u00dcT UYSAL\\u2019DAN DEVRALDI&quot;,&quot;orientation&quot;:&quot;0&quot;}\" data-image-title=\"\u0130mamo\u011flu: &amp;#8220;\u015eu an itibariyle kutsal bir g\u00f6reve ba\u015flad\u0131\u011f\u0131m\u0131z fark\u0131nday\u0131m\u201d\" data-image-description=\"&lt;p&gt;\u0130mamo\u011flu: &amp;#8220;\u015eu an itibariyle kutsal bir g\u00f6reve ba\u015flad\u0131\u011f\u0131m\u0131z fark\u0131nday\u0131m\u201d&lt;\/p&gt; \" data-medium-file=\"https:\/\/i0.wp.com\/www.tvturk.com\/wp-content\/uploads\/2019\/04\/imamoglu-su-an-itibariyle-kutsal-bir-goreve-basladigimiz-farkindayim_2f590cd.jpg?fit=300%2C200\" data-large-file=\"https:\/\/i0.wp.com\/www.tvturk.com\/wp-content\/uploads\/2019\/04\/imamoglu-su-an-itibariyle-kutsal-bir-goreve-basladigimiz-farkindayim_2f590cd.jpg?fit=1000%2C666\" src=\"https:\/\/i0.wp.com\/www.tvturk.com\/wp-content\/uploads\/2019\/04\/imamoglu-su-an-itibariyle-kutsal-bir-goreve-basladigimiz-farkindayim_2f590cd.jpg?w=330&#038;h=220\" srcset=\"https:\/\/i0.wp.com\/www.tvturk.com\/wp-content\/uploads\/2019\/04\/imamoglu-su-an-itibariyle-kutsal-bir-goreve-basladigimiz-farkindayim_2f590cd.jpg?w=1000 1000w, https:\/\/i0.wp.com\/www.tvturk.com\/wp-content\/uploads\/2019\/04\/imamoglu-su-an-itibariyle-kutsal-bir-goreve-basladigimiz-farkindayim_2f590cd.jpg?resize=150%2C100 150w, https:\/\/i0.wp.com\/www.tvturk.com\/wp-content\/uploads\/2019\/04\/imamoglu-su-an-itibariyle-kutsal-bir-goreve-basladigimiz-farkindayim_2f590cd.jpg?resize=300%2C200 300w, https:\/\/i0.wp.com\/www.tvturk.com\/wp-content\/uploads\/2019\/04\/imamoglu-su-an-itibariyle-kutsal-bir-goreve-basladigimiz-farkindayim_2f590cd.jpg?resize=768%2C511 768w, https:\/\/i0.wp.com\/www.tvturk.com\/wp-content\/uploads\/2019\/04\/imamoglu-su-an-itibariyle-kutsal-bir-goreve-basladigimiz-farkindayim_2f590cd.jpg?resize=170%2C113 170w, https:\/\/i0.wp.com\/www.tvturk.com\/wp-content\/uploads\/2019\/04\/imamoglu-su-an-itibariyle-kutsal-bir-goreve-basladigimiz-farkindayim_2f590cd.jpg?resize=120%2C80 120w\" width=\"330\" height=\"220\" loading=\"lazy\" data-original-width=\"330\" data-original-height=\"220\" itemprop=\"http:\/\/schema.org\/image\" title=\"\u0130mamo\u011flu: &quot;\u015eu an itibariyle kutsal bir g\u00f6reve ba\u015flad\u0131\u011f\u0131m\u0131z fark\u0131nday\u0131m\u201d\" alt=\"\u0130mamo\u011flu: &quot;\u015eu an itibariyle kutsal bir g\u00f6reve ba\u015flad\u0131\u011f\u0131m\u0131z fark\u0131nday\u0131m\u201d\" style=\"width: 330px; height: 220px;\" \/> <\/a> <\/div> <\/div> <!-- close group --> <div class=\"gallery-group images-2\" style=\"width: 166px; height: 224px;\" data-original-width=\"166\" data-original-height=\"224\" > <div class=\"tiled-gallery-item tiled-gallery-item-small\" itemprop=\"associatedMedia\" itemscope itemtype=\"http:\/\/schema.org\/ImageObject\"> <a href=\"http:\/\/www.tvturk.com\/index.php\/imamoglu-su-an-itibariyle-kutsal-bir-goreve-basladigimiz-farkindayim\/imamoglu-su-an-itibariyle-kutsal-bir-goreve-basladigimiz-farkindayim-4\/\" border=\"0\" itemprop=\"url\"> <meta itemprop=\"width\" content=\"162\"> <meta itemprop=\"height\" content=\"108\"> <img decoding=\"async\" class=\"\" data-attachment-id=\"140785\" data-orig-file=\"http:\/\/www.tvturk.com\/wp-content\/uploads\/2019\/04\/imamoglu-su-an-itibariyle-kutsal-bir-goreve-basladigimiz-farkindayim_df2ec9b.jpg\" data-orig-size=\"1000,666\" data-comments-opened=\"\" data-image-meta=\"{&quot;aperture&quot;:&quot;0&quot;,&quot;credit&quot;:&quot;IHA&quot;,&quot;camera&quot;:&quot;&quot;,&quot;caption&quot;:&quot;\\u0130STANBUL B\\u00dcY\\u00dcK\\u015eEH\\u0130R BELED\\u0130YE BA\\u015eKANI SE\\u00c7\\u0130LEN EKREM \\u0130MAMO\\u011eLU, G\\u00d6REV\\u0130 MEVL\\u00dcT UYSAL\\u2019DAN DEVRALDI. (\\u0130HA\\\/\\u0130STANBUL-\\u0130HA)&quot;,&quot;created_timestamp&quot;:&quot;0&quot;,&quot;copyright&quot;:&quot;\\u0130HLAS HABER AJANSI, www.iha.com.tr&quot;,&quot;focal_length&quot;:&quot;0&quot;,&quot;iso&quot;:&quot;0&quot;,&quot;shutter_speed&quot;:&quot;0&quot;,&quot;title&quot;:&quot;\\u0130MAMO\\u011eLU: \\u0022\\u015eU AN \\u0130T\\u0130BAR\\u0130YLE KUTSAL B\\u0130R G\\u00d6REVE BA\\u015eLADI\\u011eIMIZ FARKINDAYIM\\u201d EKREM \\u0130MAMO\\u011eLU, G\\u00d6REV\\u0130 MEVL\\u00dcT UYSAL\\u2019DAN DEVRALDI&quot;,&quot;orientation&quot;:&quot;0&quot;}\" data-image-title=\"\u0130mamo\u011flu: &amp;#8220;\u015eu an itibariyle kutsal bir g\u00f6reve ba\u015flad\u0131\u011f\u0131m\u0131z fark\u0131nday\u0131m\u201d\" data-image-description=\"&lt;p&gt;\u0130mamo\u011flu: &amp;#8220;\u015eu an itibariyle kutsal bir g\u00f6reve ba\u015flad\u0131\u011f\u0131m\u0131z fark\u0131nday\u0131m\u201d&lt;\/p&gt; \" data-medium-file=\"https:\/\/i0.wp.com\/www.tvturk.com\/wp-content\/uploads\/2019\/04\/imamoglu-su-an-itibariyle-kutsal-bir-goreve-basladigimiz-farkindayim_df2ec9b.jpg?fit=300%2C200\" data-large-file=\"https:\/\/i0.wp.com\/www.tvturk.com\/wp-content\/uploads\/2019\/04\/imamoglu-su-an-itibariyle-kutsal-bir-goreve-basladigimiz-farkindayim_df2ec9b.jpg?fit=1000%2C666\" src=\"https:\/\/i0.wp.com\/www.tvturk.com\/wp-content\/uploads\/2019\/04\/imamoglu-su-an-itibariyle-kutsal-bir-goreve-basladigimiz-farkindayim_df2ec9b.jpg?w=162&#038;h=108\" srcset=\"https:\/\/i0.wp.com\/www.tvturk.com\/wp-content\/uploads\/2019\/04\/imamoglu-su-an-itibariyle-kutsal-bir-goreve-basladigimiz-farkindayim_df2ec9b.jpg?w=1000 1000w, https:\/\/i0.wp.com\/www.tvturk.com\/wp-content\/uploads\/2019\/04\/imamoglu-su-an-itibariyle-kutsal-bir-goreve-basladigimiz-farkindayim_df2ec9b.jpg?resize=150%2C100 150w, https:\/\/i0.wp.com\/www.tvturk.com\/wp-content\/uploads\/2019\/04\/imamoglu-su-an-itibariyle-kutsal-bir-goreve-basladigimiz-farkindayim_df2ec9b.jpg?resize=300%2C200 300w, https:\/\/i0.wp.com\/www.tvturk.com\/wp-content\/uploads\/2019\/04\/imamoglu-su-an-itibariyle-kutsal-bir-goreve-basladigimiz-farkindayim_df2ec9b.jpg?resize=768%2C511 768w, https:\/\/i0.wp.com\/www.tvturk.com\/wp-content\/uploads\/2019\/04\/imamoglu-su-an-itibariyle-kutsal-bir-goreve-basladigimiz-farkindayim_df2ec9b.jpg?resize=170%2C113 170w, https:\/\/i0.wp.com\/www.tvturk.com\/wp-content\/uploads\/2019\/04\/imamoglu-su-an-itibariyle-kutsal-bir-goreve-basladigimiz-farkindayim_df2ec9b.jpg?resize=120%2C80 120w\" width=\"162\" height=\"108\" loading=\"lazy\" data-original-width=\"162\" data-original-height=\"108\" itemprop=\"http:\/\/schema.org\/image\" title=\"\u0130mamo\u011flu: &quot;\u015eu an itibariyle kutsal bir g\u00f6reve ba\u015flad\u0131\u011f\u0131m\u0131z fark\u0131nday\u0131m\u201d\" alt=\"\u0130mamo\u011flu: &quot;\u015eu an itibariyle kutsal bir g\u00f6reve ba\u015flad\u0131\u011f\u0131m\u0131z fark\u0131nday\u0131m\u201d\" style=\"width: 162px; height: 108px;\" \/> <\/a> <\/div> <div class=\"tiled-gallery-item tiled-gallery-item-small\" itemprop=\"associatedMedia\" itemscope itemtype=\"http:\/\/schema.org\/ImageObject\"> <a href=\"http:\/\/www.tvturk.com\/index.php\/imamoglu-su-an-itibariyle-kutsal-bir-goreve-basladigimiz-farkindayim\/imamoglu-su-an-itibariyle-kutsal-bir-goreve-basladigimiz-farkindayim-5\/\" border=\"0\" itemprop=\"url\"> <meta itemprop=\"width\" content=\"162\"> <meta itemprop=\"height\" content=\"108\"> <img decoding=\"async\" class=\"\" data-attachment-id=\"140786\" data-orig-file=\"http:\/\/www.tvturk.com\/wp-content\/uploads\/2019\/04\/imamoglu-su-an-itibariyle-kutsal-bir-goreve-basladigimiz-farkindayim_876e2f8.jpg\" data-orig-size=\"1000,666\" data-comments-opened=\"\" data-image-meta=\"{&quot;aperture&quot;:&quot;0&quot;,&quot;credit&quot;:&quot;IHA&quot;,&quot;camera&quot;:&quot;&quot;,&quot;caption&quot;:&quot;\\u0130STANBUL B\\u00dcY\\u00dcK\\u015eEH\\u0130R BELED\\u0130YE BA\\u015eKANI SE\\u00c7\\u0130LEN EKREM \\u0130MAMO\\u011eLU, G\\u00d6REV\\u0130 MEVL\\u00dcT UYSAL\\u2019DAN DEVRALDI. (\\u0130HA\\\/\\u0130STANBUL-\\u0130HA)&quot;,&quot;created_timestamp&quot;:&quot;0&quot;,&quot;copyright&quot;:&quot;\\u0130HLAS HABER AJANSI, www.iha.com.tr&quot;,&quot;focal_length&quot;:&quot;0&quot;,&quot;iso&quot;:&quot;0&quot;,&quot;shutter_speed&quot;:&quot;0&quot;,&quot;title&quot;:&quot;\\u0130MAMO\\u011eLU: \\u0022\\u015eU AN \\u0130T\\u0130BAR\\u0130YLE KUTSAL B\\u0130R G\\u00d6REVE BA\\u015eLADI\\u011eIMIZ FARKINDAYIM\\u201d EKREM \\u0130MAMO\\u011eLU, G\\u00d6REV\\u0130 MEVL\\u00dcT UYSAL\\u2019DAN DEVRALDI&quot;,&quot;orientation&quot;:&quot;0&quot;}\" data-image-title=\"\u0130mamo\u011flu: &amp;#8220;\u015eu an itibariyle kutsal bir g\u00f6reve ba\u015flad\u0131\u011f\u0131m\u0131z fark\u0131nday\u0131m\u201d\" data-image-description=\"&lt;p&gt;\u0130mamo\u011flu: &amp;#8220;\u015eu an itibariyle kutsal bir g\u00f6reve ba\u015flad\u0131\u011f\u0131m\u0131z fark\u0131nday\u0131m\u201d&lt;\/p&gt; \" data-medium-file=\"https:\/\/i0.wp.com\/www.tvturk.com\/wp-content\/uploads\/2019\/04\/imamoglu-su-an-itibariyle-kutsal-bir-goreve-basladigimiz-farkindayim_876e2f8.jpg?fit=300%2C200\" data-large-file=\"https:\/\/i0.wp.com\/www.tvturk.com\/wp-content\/uploads\/2019\/04\/imamoglu-su-an-itibariyle-kutsal-bir-goreve-basladigimiz-farkindayim_876e2f8.jpg?fit=1000%2C666\" src=\"https:\/\/i0.wp.com\/www.tvturk.com\/wp-content\/uploads\/2019\/04\/imamoglu-su-an-itibariyle-kutsal-bir-goreve-basladigimiz-farkindayim_876e2f8.jpg?w=162&#038;h=108\" srcset=\"https:\/\/i0.wp.com\/www.tvturk.com\/wp-content\/uploads\/2019\/04\/imamoglu-su-an-itibariyle-kutsal-bir-goreve-basladigimiz-farkindayim_876e2f8.jpg?w=1000 1000w, https:\/\/i0.wp.com\/www.tvturk.com\/wp-content\/uploads\/2019\/04\/imamoglu-su-an-itibariyle-kutsal-bir-goreve-basladigimiz-farkindayim_876e2f8.jpg?resize=150%2C100 150w, https:\/\/i0.wp.com\/www.tvturk.com\/wp-content\/uploads\/2019\/04\/imamoglu-su-an-itibariyle-kutsal-bir-goreve-basladigimiz-farkindayim_876e2f8.jpg?resize=300%2C200 300w, https:\/\/i0.wp.com\/www.tvturk.com\/wp-content\/uploads\/2019\/04\/imamoglu-su-an-itibariyle-kutsal-bir-goreve-basladigimiz-farkindayim_876e2f8.jpg?resize=768%2C511 768w, https:\/\/i0.wp.com\/www.tvturk.com\/wp-content\/uploads\/2019\/04\/imamoglu-su-an-itibariyle-kutsal-bir-goreve-basladigimiz-farkindayim_876e2f8.jpg?resize=170%2C113 170w, https:\/\/i0.wp.com\/www.tvturk.com\/wp-content\/uploads\/2019\/04\/imamoglu-su-an-itibariyle-kutsal-bir-goreve-basladigimiz-farkindayim_876e2f8.jpg?resize=120%2C80 120w\" width=\"162\" height=\"108\" loading=\"lazy\" data-original-width=\"162\" data-original-height=\"108\" itemprop=\"http:\/\/schema.org\/image\" title=\"\u0130mamo\u011flu: &quot;\u015eu an itibariyle kutsal bir g\u00f6reve ba\u015flad\u0131\u011f\u0131m\u0131z fark\u0131nday\u0131m\u201d\" alt=\"\u0130mamo\u011flu: &quot;\u015eu an itibariyle kutsal bir g\u00f6reve ba\u015flad\u0131\u011f\u0131m\u0131z fark\u0131nday\u0131m\u201d\" style=\"width: 162px; height: 108px;\" \/> <\/a> <\/div> <\/div> <!-- close group --> <\/div> <!-- close row --> <\/div><\/p>\n","protected":false},"excerpt":{"rendered":"<p>\u0130STANBUL B\u00dcY\u00dcK\u015eEH\u0130R BELED\u0130YE BA\u015eKANI SE\u00c7\u0130LEN EKREM \u0130MAMO\u011eLU, G\u00d6REV\u0130 MEVL\u00dcT UYSAL\u2019DAN DEVRALDI.<\/p>\n","protected":false},"author":1,"featured_media":140783,"comment_status":"closed","ping_status":"open","sticky":false,"template":"","format":"standard","meta":{"jetpack_post_was_ever_published":false,"_jetpack_newsletter_access":"","_jetpack_dont_email_post_to_subs":false,"_jetpack_newsletter_tier_id":0,"_jetpack_memberships_contains_paywalled_content":false,"_jetpack_memberships_contains_paid_content":false,"footnotes":"","jetpack_publicize_message":"","jetpack_publicize_feature_enabled":true,"jetpack_social_post_already_shared":true,"jetpack_social_options":{"image_generator_settings":{"template":"highway","default_image_id":0,"font":"","enabled":false},"version":2}},"categories":[1],"tags":[4404,31825,125,31826,3137,919,28243,16841],"class_list":["post-140782","post","type-post","status-publish","format-standard","has-post-thumbnail","hentry","category-genel","tag-su","tag-basladigimiz","tag-bir","tag-farkindayim","tag-goreve","tag-imamoglu","tag-itibariyle","tag-kutsal"],"jetpack_publicize_connections":[],"jetpack_featured_media_url":"https:\/\/i0.wp.com\/www.tvturk.com\/wp-content\/uploads\/2019\/04\/imamoglu-su-an-itibariyle-kutsal-bir-goreve-basladigimiz-farkindayim_eea6e1c.jpg?fit=1000%2C666","jetpack_sharing_enabled":true,"jetpack_shortlink":"https:\/\/wp.me\/paKIfm-ACG","_links":{"self":[{"href":"http:\/\/www.tvturk.com\/index.php\/wp-json\/wp\/v2\/posts\/140782","targetHints":{"allow":["GET"]}}],"collection":[{"href":"http:\/\/www.tvturk.com\/index.php\/wp-json\/wp\/v2\/posts"}],"about":[{"href":"http:\/\/www.tvturk.com\/index.php\/wp-json\/wp\/v2\/types\/post"}],"author":[{"embeddable":true,"href":"http:\/\/www.tvturk.com\/index.php\/wp-json\/wp\/v2\/users\/1"}],"replies":[{"embeddable":true,"href":"http:\/\/www.tvturk.com\/index.php\/wp-json\/wp\/v2\/comments?post=140782"}],"version-history":[{"count":1,"href":"http:\/\/www.tvturk.com\/index.php\/wp-json\/wp\/v2\/posts\/140782\/revisions"}],"predecessor-version":[{"id":140787,"href":"http:\/\/www.tvturk.com\/index.php\/wp-json\/wp\/v2\/posts\/140782\/revisions\/140787"}],"wp:featuredmedia":[{"embeddable":true,"href":"http:\/\/www.tvturk.com\/index.php\/wp-json\/wp\/v2\/media\/140783"}],"wp:attachment":[{"href":"http:\/\/www.tvturk.com\/index.php\/wp-json\/wp\/v2\/media?parent=140782"}],"wp:term":[{"taxonomy":"category","embeddable":true,"href":"http:\/\/www.tvturk.com\/index.php\/wp-json\/wp\/v2\/categories?post=140782"},{"taxonomy":"post_tag","embeddable":true,"href":"http:\/\/www.tvturk.com\/index.php\/wp-json\/wp\/v2\/tags?post=140782"}],"curies":[{"name":"wp","href":"https:\/\/api.w.org\/{rel}","templated":true}]}}