{"id":14120,"date":"2019-02-09T00:39:46","date_gmt":"2019-02-08T21:39:46","guid":{"rendered":"http:\/\/www.tvturk.com\/index.php\/1-kisinin-oldugu-17-kisinin-yaralandigi-feci-kaza-kamerada\/"},"modified":"2019-02-09T00:39:47","modified_gmt":"2019-02-08T21:39:47","slug":"1-kisinin-oldugu-17-kisinin-yaralandigi-feci-kaza-kamerada","status":"publish","type":"post","link":"http:\/\/www.tvturk.com\/index.php\/1-kisinin-oldugu-17-kisinin-yaralandigi-feci-kaza-kamerada\/","title":{"rendered":"1 ki\u015finin \u00f6ld\u00fc\u011f\u00fc 17 ki\u015finin yaraland\u0131\u011f\u0131 feci kaza kamerada"},"content":{"rendered":"<p>Malatya\u2019da iki yolcu otob\u00fcs\u00fcn\u00fcn \u00e7arp\u0131\u015fmas\u0131 sonucu 1 ki\u015finin \u00f6ld\u00fc\u011f\u00fc 17 ki\u015finin yaraland\u0131\u011f\u0131 feci kaza g\u00fcvenlik kameras\u0131na yans\u0131d\u0131.<\/p>\n<p>Malatya-Kayseri karayolu Ak\u00e7ada\u011f il\u00e7esi giri\u015finde yer alan kav\u015fakta meydana gelen kazada Ali U. y\u00f6netimindeki 58 AAC 917 plakal\u0131 \u015fehirleraras\u0131 yolcu otob\u00fcs\u00fc ile Battal Y. idaresindeki 44 ED 711 plakal\u0131 B\u00fcy\u00fck\u015fehir Belediyesine ba\u011fl\u0131 halk otob\u00fcs\u00fc \u00e7arp\u0131\u015ft\u0131. Feci kaza sonras\u0131 b\u00f6lgeye sevk edilen ambulanslarla Malatya\u2019daki hastanelere kald\u0131r\u0131lan yaral\u0131lardan Mehmet Mustafa Kozan (51) yap\u0131lan t\u00fcm m\u00fcdahalelere ra\u011fmen ya\u015fam\u0131n\u0131 yitirirken di\u011fer yaral\u0131lar\u0131n ise tedavileri s\u00fcr\u00fcyor.<\/p>\n<p>1 ki\u015finin \u00f6l\u00fcm\u00fc 17 ki\u015finin de yaralanmas\u0131 ile sonu\u00e7lanan kaza ise \u00e7evrede bulunan bir akaryak\u0131t istasyonunun g\u00fcvenlik kameralar\u0131na yans\u0131d\u0131. G\u00f6r\u00fcnt\u00fclerde saatler 08.40\u2019\u0131 g\u00f6sterdi\u011finde Malatya istikametinden Ak\u00e7ada\u011f il\u00e7esine do\u011fru gelen B\u00fcy\u00fck\u015fehir Belediyesi MOTA\u015e yolcu otob\u00fcs\u00fc, kav\u015fakta d\u00f6nd\u00fckten sonra trafik \u0131\u015f\u0131\u011f\u0131nda bekliyor. K\u0131sa bir s\u00fcre sonra harekete ge\u00e7en belediye otob\u00fcs\u00fcne ise Ankara istikametinden gelen \u015fehirleraras\u0131 yolcu otob\u00fcs\u00fcn\u00fcn h\u0131zla gelerek \u00e7arpt\u0131\u011f\u0131 g\u00f6r\u00fcl\u00fcyor.<\/p>\n<p>Kaza sonras\u0131 belediye otob\u00fcs\u00fcnde bulunan yolcular, Ak\u00e7ada\u011f istikametine d\u00f6nd\u00fckten sonra k\u0131rm\u0131z\u0131 \u0131\u015f\u0131k yand\u0131\u011f\u0131 i\u00e7in beklediklerini, sonras\u0131nda ise ye\u015fil \u0131\u015f\u0131kla birlikte harekete ge\u00e7tikleri s\u0131rada b\u00fcy\u00fck bir g\u00fcr\u00fclt\u00fc ile otob\u00fcs\u00fcn ara\u00e7lar\u0131na \u00e7arpt\u0131\u011f\u0131n\u0131 s\u00f6yledi.<div class=\"tiled-gallery type-rectangular tiled-gallery-unresized\" data-original-width=\"500\" data-carousel-extra='null' itemscope itemtype=\"http:\/\/schema.org\/ImageGallery\" > <div class=\"gallery-row\" style=\"width: 500px; height: 142px;\" data-original-width=\"500\" data-original-height=\"142\" > <div class=\"gallery-group images-1\" style=\"width: 250px; height: 142px;\" data-original-width=\"250\" data-original-height=\"142\" > <div class=\"tiled-gallery-item tiled-gallery-item-small\" itemprop=\"associatedMedia\" itemscope itemtype=\"http:\/\/schema.org\/ImageObject\"> <a href=\"http:\/\/www.tvturk.com\/index.php\/1-kisinin-oldugu-17-kisinin-yaralandigi-feci-kaza-kamerada\/1-kisinin-oldugu-17-kisinin-yaralandigi-feci-kaza-kamerada-3\/\" border=\"0\" itemprop=\"url\"> <meta itemprop=\"width\" content=\"246\"> <meta itemprop=\"height\" content=\"138\"> <img decoding=\"async\" class=\"\" data-attachment-id=\"14122\" data-orig-file=\"http:\/\/www.tvturk.com\/wp-content\/uploads\/2019\/02\/1-kisinin-oldugu-17-kisinin-yaralandigi-feci-kaza-kamerada_ca3a1e3.jpg\" data-orig-size=\"1000,562\" data-comments-opened=\"\" data-image-meta=\"{&quot;aperture&quot;:&quot;0&quot;,&quot;credit&quot;:&quot;IHA&quot;,&quot;camera&quot;:&quot;&quot;,&quot;caption&quot;:&quot;MALATYA\\u2019DA \\u0130K\\u0130 YOLCU OTOB\\u00dcS\\u00dcN\\u00dcN \\u00c7ARPI\\u015eMA ANI G\\u00dcVENL\\u0130K KAMERASINA YANSIDI. FEC\\u0130 KAZADA 1 K\\u0130\\u015e\\u0130 \\u00d6LD\\u00dc 17 K\\u0130\\u015e\\u0130 \\u0130SE YARALANDI. (\\u0130HA\\\/MALATYA-\\u0130HA)&quot;,&quot;created_timestamp&quot;:&quot;0&quot;,&quot;copyright&quot;:&quot;\\u0130HLAS HABER AJANSI, www.iha.com.tr&quot;,&quot;focal_length&quot;:&quot;0&quot;,&quot;iso&quot;:&quot;0&quot;,&quot;shutter_speed&quot;:&quot;0&quot;,&quot;title&quot;:&quot;1 K\\u0130\\u015e\\u0130N\\u0130N \\u00d6LD\\u00dc\\u011e\\u00dc 17 K\\u0130\\u015e\\u0130N\\u0130N YARALANDI\\u011eI FEC\\u0130 KAZA KAMERADA&quot;,&quot;orientation&quot;:&quot;0&quot;}\" data-image-title=\"1 ki\u015finin \u00f6ld\u00fc\u011f\u00fc 17 ki\u015finin yaraland\u0131\u011f\u0131 feci kaza kamerada\" data-image-description=\"&lt;p&gt;1 ki\u015finin \u00f6ld\u00fc\u011f\u00fc 17 ki\u015finin yaraland\u0131\u011f\u0131 feci kaza kamerada&lt;\/p&gt; \" data-medium-file=\"https:\/\/i0.wp.com\/www.tvturk.com\/wp-content\/uploads\/2019\/02\/1-kisinin-oldugu-17-kisinin-yaralandigi-feci-kaza-kamerada_ca3a1e3.jpg?fit=300%2C169\" data-large-file=\"https:\/\/i0.wp.com\/www.tvturk.com\/wp-content\/uploads\/2019\/02\/1-kisinin-oldugu-17-kisinin-yaralandigi-feci-kaza-kamerada_ca3a1e3.jpg?fit=1000%2C562\" src=\"https:\/\/i0.wp.com\/www.tvturk.com\/wp-content\/uploads\/2019\/02\/1-kisinin-oldugu-17-kisinin-yaralandigi-feci-kaza-kamerada_ca3a1e3.jpg?w=246&#038;h=138\" srcset=\"https:\/\/i0.wp.com\/www.tvturk.com\/wp-content\/uploads\/2019\/02\/1-kisinin-oldugu-17-kisinin-yaralandigi-feci-kaza-kamerada_ca3a1e3.jpg?w=1000 1000w, https:\/\/i0.wp.com\/www.tvturk.com\/wp-content\/uploads\/2019\/02\/1-kisinin-oldugu-17-kisinin-yaralandigi-feci-kaza-kamerada_ca3a1e3.jpg?resize=150%2C84 150w, https:\/\/i0.wp.com\/www.tvturk.com\/wp-content\/uploads\/2019\/02\/1-kisinin-oldugu-17-kisinin-yaralandigi-feci-kaza-kamerada_ca3a1e3.jpg?resize=300%2C169 300w, https:\/\/i0.wp.com\/www.tvturk.com\/wp-content\/uploads\/2019\/02\/1-kisinin-oldugu-17-kisinin-yaralandigi-feci-kaza-kamerada_ca3a1e3.jpg?resize=768%2C432 768w, https:\/\/i0.wp.com\/www.tvturk.com\/wp-content\/uploads\/2019\/02\/1-kisinin-oldugu-17-kisinin-yaralandigi-feci-kaza-kamerada_ca3a1e3.jpg?resize=200%2C113 200w\" width=\"246\" height=\"138\" loading=\"lazy\" data-original-width=\"246\" data-original-height=\"138\" itemprop=\"http:\/\/schema.org\/image\" title=\"1 ki\u015finin \u00f6ld\u00fc\u011f\u00fc 17 ki\u015finin yaraland\u0131\u011f\u0131 feci kaza kamerada\" alt=\"1 ki\u015finin \u00f6ld\u00fc\u011f\u00fc 17 ki\u015finin yaraland\u0131\u011f\u0131 feci kaza kamerada\" style=\"width: 246px; height: 138px;\" \/> <\/a> <\/div> <\/div> <!-- close group --> <div class=\"gallery-group images-1\" style=\"width: 250px; height: 142px;\" data-original-width=\"250\" data-original-height=\"142\" > <div class=\"tiled-gallery-item tiled-gallery-item-small\" itemprop=\"associatedMedia\" itemscope itemtype=\"http:\/\/schema.org\/ImageObject\"> <a href=\"http:\/\/www.tvturk.com\/index.php\/1-kisinin-oldugu-17-kisinin-yaralandigi-feci-kaza-kamerada\/1-kisinin-oldugu-17-kisinin-yaralandigi-feci-kaza-kamerada-4\/\" border=\"0\" itemprop=\"url\"> <meta itemprop=\"width\" content=\"246\"> <meta itemprop=\"height\" content=\"138\"> <img decoding=\"async\" class=\"\" data-attachment-id=\"14123\" data-orig-file=\"http:\/\/www.tvturk.com\/wp-content\/uploads\/2019\/02\/1-kisinin-oldugu-17-kisinin-yaralandigi-feci-kaza-kamerada_92a01c9.jpg\" data-orig-size=\"1000,562\" data-comments-opened=\"\" data-image-meta=\"{&quot;aperture&quot;:&quot;0&quot;,&quot;credit&quot;:&quot;IHA&quot;,&quot;camera&quot;:&quot;&quot;,&quot;caption&quot;:&quot;MALATYA\\u2019DA \\u0130K\\u0130 YOLCU OTOB\\u00dcS\\u00dcN\\u00dcN \\u00c7ARPI\\u015eMA ANI G\\u00dcVENL\\u0130K KAMERASINA YANSIDI. FEC\\u0130 KAZADA 1 K\\u0130\\u015e\\u0130 \\u00d6LD\\u00dc 17 K\\u0130\\u015e\\u0130 \\u0130SE YARALANDI. (\\u0130HA\\\/MALATYA-\\u0130HA)&quot;,&quot;created_timestamp&quot;:&quot;0&quot;,&quot;copyright&quot;:&quot;\\u0130HLAS HABER AJANSI, www.iha.com.tr&quot;,&quot;focal_length&quot;:&quot;0&quot;,&quot;iso&quot;:&quot;0&quot;,&quot;shutter_speed&quot;:&quot;0&quot;,&quot;title&quot;:&quot;1 K\\u0130\\u015e\\u0130N\\u0130N \\u00d6LD\\u00dc\\u011e\\u00dc 17 K\\u0130\\u015e\\u0130N\\u0130N YARALANDI\\u011eI FEC\\u0130 KAZA KAMERADA&quot;,&quot;orientation&quot;:&quot;0&quot;}\" data-image-title=\"1 ki\u015finin \u00f6ld\u00fc\u011f\u00fc 17 ki\u015finin yaraland\u0131\u011f\u0131 feci kaza kamerada\" data-image-description=\"&lt;p&gt;1 ki\u015finin \u00f6ld\u00fc\u011f\u00fc 17 ki\u015finin yaraland\u0131\u011f\u0131 feci kaza kamerada&lt;\/p&gt; \" data-medium-file=\"https:\/\/i0.wp.com\/www.tvturk.com\/wp-content\/uploads\/2019\/02\/1-kisinin-oldugu-17-kisinin-yaralandigi-feci-kaza-kamerada_92a01c9.jpg?fit=300%2C169\" data-large-file=\"https:\/\/i0.wp.com\/www.tvturk.com\/wp-content\/uploads\/2019\/02\/1-kisinin-oldugu-17-kisinin-yaralandigi-feci-kaza-kamerada_92a01c9.jpg?fit=1000%2C562\" src=\"https:\/\/i0.wp.com\/www.tvturk.com\/wp-content\/uploads\/2019\/02\/1-kisinin-oldugu-17-kisinin-yaralandigi-feci-kaza-kamerada_92a01c9.jpg?w=246&#038;h=138\" srcset=\"https:\/\/i0.wp.com\/www.tvturk.com\/wp-content\/uploads\/2019\/02\/1-kisinin-oldugu-17-kisinin-yaralandigi-feci-kaza-kamerada_92a01c9.jpg?w=1000 1000w, https:\/\/i0.wp.com\/www.tvturk.com\/wp-content\/uploads\/2019\/02\/1-kisinin-oldugu-17-kisinin-yaralandigi-feci-kaza-kamerada_92a01c9.jpg?resize=150%2C84 150w, https:\/\/i0.wp.com\/www.tvturk.com\/wp-content\/uploads\/2019\/02\/1-kisinin-oldugu-17-kisinin-yaralandigi-feci-kaza-kamerada_92a01c9.jpg?resize=300%2C169 300w, https:\/\/i0.wp.com\/www.tvturk.com\/wp-content\/uploads\/2019\/02\/1-kisinin-oldugu-17-kisinin-yaralandigi-feci-kaza-kamerada_92a01c9.jpg?resize=768%2C432 768w, https:\/\/i0.wp.com\/www.tvturk.com\/wp-content\/uploads\/2019\/02\/1-kisinin-oldugu-17-kisinin-yaralandigi-feci-kaza-kamerada_92a01c9.jpg?resize=200%2C113 200w\" width=\"246\" height=\"138\" loading=\"lazy\" data-original-width=\"246\" data-original-height=\"138\" itemprop=\"http:\/\/schema.org\/image\" title=\"1 ki\u015finin \u00f6ld\u00fc\u011f\u00fc 17 ki\u015finin yaraland\u0131\u011f\u0131 feci kaza kamerada\" alt=\"1 ki\u015finin \u00f6ld\u00fc\u011f\u00fc 17 ki\u015finin yaraland\u0131\u011f\u0131 feci kaza kamerada\" style=\"width: 246px; height: 138px;\" \/> <\/a> <\/div> <\/div> <!-- close group --> <\/div> <!-- close row --> <\/div><\/p>\n","protected":false},"excerpt":{"rendered":"<p>MALATYA\u2019DA \u0130K\u0130 YOLCU OTOB\u00dcS\u00dcN\u00dcN \u00c7ARPI\u015eMA ANI G\u00dcVENL\u0130K KAMERASINA YANSIDI. FEC\u0130 KAZADA 1 K\u0130\u015e\u0130 \u00d6LD\u00dc 17 K\u0130\u015e\u0130 \u0130SE YARALANDI.<\/p>\n","protected":false},"author":1,"featured_media":14121,"comment_status":"closed","ping_status":"open","sticky":false,"template":"","format":"standard","meta":{"jetpack_post_was_ever_published":false,"_jetpack_newsletter_access":"","_jetpack_dont_email_post_to_subs":false,"_jetpack_newsletter_tier_id":0,"_jetpack_memberships_contains_paywalled_content":false,"_jetpack_memberships_contains_paid_content":false,"footnotes":"","jetpack_publicize_message":"","jetpack_publicize_feature_enabled":true,"jetpack_social_post_already_shared":false,"jetpack_social_options":{"image_generator_settings":{"template":"highway","default_image_id":0,"font":"","enabled":false},"version":2}},"categories":[655],"tags":[2340,1142,852,6893,1974,6976],"class_list":["post-14120","post","type-post","status-publish","format-standard","has-post-thumbnail","hentry","category-son-dakika","tag-feci","tag-kamerada","tag-kaza","tag-kisinin","tag-oldugu","tag-yaralandigi"],"jetpack_publicize_connections":[],"jetpack_featured_media_url":"https:\/\/i0.wp.com\/www.tvturk.com\/wp-content\/uploads\/2019\/02\/1-kisinin-oldugu-17-kisinin-yaralandigi-feci-kaza-kamerada_093bb30.jpg?fit=1000%2C562","jetpack_sharing_enabled":true,"jetpack_shortlink":"https:\/\/wp.me\/paKIfm-3FK","_links":{"self":[{"href":"http:\/\/www.tvturk.com\/index.php\/wp-json\/wp\/v2\/posts\/14120","targetHints":{"allow":["GET"]}}],"collection":[{"href":"http:\/\/www.tvturk.com\/index.php\/wp-json\/wp\/v2\/posts"}],"about":[{"href":"http:\/\/www.tvturk.com\/index.php\/wp-json\/wp\/v2\/types\/post"}],"author":[{"embeddable":true,"href":"http:\/\/www.tvturk.com\/index.php\/wp-json\/wp\/v2\/users\/1"}],"replies":[{"embeddable":true,"href":"http:\/\/www.tvturk.com\/index.php\/wp-json\/wp\/v2\/comments?post=14120"}],"version-history":[{"count":1,"href":"http:\/\/www.tvturk.com\/index.php\/wp-json\/wp\/v2\/posts\/14120\/revisions"}],"predecessor-version":[{"id":14124,"href":"http:\/\/www.tvturk.com\/index.php\/wp-json\/wp\/v2\/posts\/14120\/revisions\/14124"}],"wp:featuredmedia":[{"embeddable":true,"href":"http:\/\/www.tvturk.com\/index.php\/wp-json\/wp\/v2\/media\/14121"}],"wp:attachment":[{"href":"http:\/\/www.tvturk.com\/index.php\/wp-json\/wp\/v2\/media?parent=14120"}],"wp:term":[{"taxonomy":"category","embeddable":true,"href":"http:\/\/www.tvturk.com\/index.php\/wp-json\/wp\/v2\/categories?post=14120"},{"taxonomy":"post_tag","embeddable":true,"href":"http:\/\/www.tvturk.com\/index.php\/wp-json\/wp\/v2\/tags?post=14120"}],"curies":[{"name":"wp","href":"https:\/\/api.w.org\/{rel}","templated":true}]}}