{"id":141217,"date":"2019-04-18T11:25:09","date_gmt":"2019-04-18T08:25:09","guid":{"rendered":"http:\/\/www.tvturk.com\/index.php\/kars-cayi-tasti-afad-vatandaslari-uyardi\/"},"modified":"2019-04-18T11:25:15","modified_gmt":"2019-04-18T08:25:15","slug":"kars-cayi-tasti-afad-vatandaslari-uyardi","status":"publish","type":"post","link":"http:\/\/www.tvturk.com\/index.php\/kars-cayi-tasti-afad-vatandaslari-uyardi\/","title":{"rendered":"Kars \u00c7ay\u0131 ta\u015ft\u0131, AFAD vatanda\u015flar\u0131 uyard\u0131"},"content":{"rendered":"<p>Kars\u2019ta havalar\u0131n \u0131s\u0131nmas\u0131 nedeniyle karlar\u0131n erimesi ve etkili olan ya\u011f\u0131\u015f Kars \u00c7ay\u0131\u2019n\u0131 ta\u015f\u0131rd\u0131. Yetkililer \u00f6zellikle dere yataklar\u0131n\u0131n yak\u0131n\u0131nda ya\u015fayan vatanda\u015flar\u0131 uyard\u0131.<\/p>\n<p>Kars\u2019ta bu y\u0131l, ge\u00e7ti\u011fimiz y\u0131llara oranla daha \u00e7ok ya\u011fan kar\u0131n havalar\u0131n \u0131s\u0131nmas\u0131yla erimesi ve ya\u011fmurun da etkisiyle Kars \u00c7ay\u0131 ta\u015ft\u0131. Ta\u015fan Kars \u00c7ay\u0131 yetkilileri hareket ge\u00e7irdi.<\/p>\n<p>Kars \u0130l Afet ve Acil Durum M\u00fcd\u00fcr\u00fc (AFAD) Oktay Ay\u011fan, a\u011f\u0131r ge\u00e7en ve bol ya\u011f\u0131\u015f\u0131n oldu\u011fu k\u0131\u015f ay\u0131n\u0131 geride b\u0131rakt\u0131\u011f\u0131m\u0131z bu bug\u00fcnlerde ani kar erimeleri sonras\u0131 meydana gelebilecek sel bask\u0131nlar\u0131na kar\u015f\u0131 vatanda\u015flar\u0131 uyard\u0131. Vatanda\u015flar\u0131 \u00f6zellikle gece saatlerinde dikkatli ve tedbirli olmaya \u00e7a\u011f\u0131ran AFAD \u0130l M\u00fcd\u00fcr\u00fc Oktay Ay\u011fan, &#8220;\u0130lkbahar ile birlikte karlar\u0131n erimesi sonucu \u00f6zellikle dere yata\u011f\u0131nda bulunan ev ve i\u015f yerlerinde s\u0131kl\u0131kla su ta\u015fk\u0131nlar\u0131 ya\u015famaktay\u0131z. Bundan sonra da bu gibi olaylar devam edecek. Vatanda\u015flar\u0131m\u0131z\u0131n bu konuda duyarl\u0131 olmas\u0131n\u0131 istiyoruz&#8221; dedi.<\/p>\n<p>&#8220;Vatanda\u015flar sel bask\u0131nlar\u0131nda 122\u2019yi acilen aramal\u0131&#8221;<\/p>\n<p>&#8220;AFAD olarak ekiplerimizle 24 saat bu t\u00fcr vakalara m\u00fcdahale etme kapasitesine sahibiz&#8221; diyen AFAD Kars \u0130l M\u00fcd\u00fcr\u00fc Oktay Ay\u011fan, &#8220;Bizim 122 acil ihbar hatt\u0131m\u0131z bulunmakta. Su bak\u0131n\u0131na ya da sel bask\u0131n\u0131na maruz kalan vatanda\u015flar\u0131m\u0131z\u0131n ivedilikle bizleri aramas\u0131 gerekiyor. Biz de di\u011fer payda\u015f kurumlar\u0131m\u0131zla birlikte m\u00fcdahale ve m\u00fcdahale sonras\u0131 iyile\u015ftirme \u00e7al\u0131\u015fmalar\u0131n\u0131 tamamlayarak vatanda\u015flar\u0131m\u0131z\u0131n ma\u011fduriyetini giderme gayreti i\u00e7erisindeyiz&#8221; diye konu\u015ftu.<\/p>\n<p>AFAD Kars \u0130l M\u00fcd\u00fcr\u00fc Oktay Ay\u011fan, &#8220;\u00d6zellikle ilkbahar d\u00f6neminde su bask\u0131nlar\u0131 \u00e7ok s\u0131k ya\u015fan\u0131yor. Ge\u00e7ti\u011fimiz y\u0131llarda da b\u00fcy\u00fck su ta\u015fk\u0131nlar\u0131 ya\u015fad\u0131k. Bu y\u0131l da ya\u015fayaca\u011f\u0131m\u0131z\u0131 tahmin etti\u011fimizden dolay\u0131 \u00f6n haz\u0131rl\u0131klar\u0131m\u0131z\u0131 tamamlad\u0131k. Bu gibi afet olaylar\u0131yla vatanda\u015flar kar\u015f\u0131la\u015ft\u0131klar\u0131nda ivedilikle AFAD\u2019\u0131n 122 acil ihbar hatt\u0131n\u0131 aramalar\u0131 gerekiyor&#8221; dedi.<\/p>\n<p>Kars\u2019ta etkili olan lodos ve ak\u015famlar\u0131 ya\u011fan ya\u011fmur, karlar\u0131n h\u0131zl\u0131 erimesine neden oluyor. Eriyen karlardan dolay\u0131 Kars \u00c7ay\u0131\u2019n\u0131n debisi her ge\u00e7en g\u00fcn biraz daha fazla y\u00fckseliyor. Y\u00fckselen Kars \u00c7ay\u0131 etraf\u0131nda bulunan a\u011fa\u00e7l\u0131k alanlar\u0131 ve tar\u0131m arazilerini sular alt\u0131nda b\u0131rak\u0131yor.<div class=\"tiled-gallery type-rectangular tiled-gallery-unresized\" data-original-width=\"500\" data-carousel-extra='null' itemscope itemtype=\"http:\/\/schema.org\/ImageGallery\" > <div class=\"gallery-row\" style=\"width: 500px; height: 228px;\" data-original-width=\"500\" data-original-height=\"228\" > <div class=\"gallery-group images-1\" style=\"width: 341px; height: 228px;\" data-original-width=\"341\" data-original-height=\"228\" > <div class=\"tiled-gallery-item tiled-gallery-item-large\" itemprop=\"associatedMedia\" itemscope itemtype=\"http:\/\/schema.org\/ImageObject\"> <a href=\"http:\/\/www.tvturk.com\/index.php\/kars-cayi-tasti-afad-vatandaslari-uyardi\/kars-cayi-tasti-afad-vatandaslari-uyardi-3\/\" border=\"0\" itemprop=\"url\"> <meta itemprop=\"width\" content=\"337\"> <meta itemprop=\"height\" content=\"224\"> <img decoding=\"async\" class=\"\" data-attachment-id=\"141219\" data-orig-file=\"http:\/\/www.tvturk.com\/wp-content\/uploads\/2019\/04\/kars-cayi-tasti-afad-vatandaslari-uyardi_96dcc9b.jpg\" data-orig-size=\"1000,664\" data-comments-opened=\"\" data-image-meta=\"{&quot;aperture&quot;:&quot;0&quot;,&quot;credit&quot;:&quot;IHA&quot;,&quot;camera&quot;:&quot;&quot;,&quot;caption&quot;:&quot;KARS\\u0027TA HAVALARIN ISINMASI NEDEN\\u0130YLE KARLARIN ER\\u0130MES\\u0130 VE ETK\\u0130L\\u0130 OLAN YA\\u011eI\\u015e KARS \\u00c7AYI\\u2019NI TA\\u015eIRDI. YETK\\u0130L\\u0130LER \\u00d6ZELL\\u0130KLE DERE YATAKLARININ YAKININDA YA\\u015eAYAN VATANDA\\u015eLARI UYARDI. (I\\u015eIK \\u00c7APANO\\u011eLU\\\/KARS-\\u0130HA)&quot;,&quot;created_timestamp&quot;:&quot;0&quot;,&quot;copyright&quot;:&quot;\\u0130HLAS HABER AJANSI, www.iha.com.tr&quot;,&quot;focal_length&quot;:&quot;0&quot;,&quot;iso&quot;:&quot;0&quot;,&quot;shutter_speed&quot;:&quot;0&quot;,&quot;title&quot;:&quot;KARS \\u00c7AYI TA\\u015eTI, AFAD VATANDA\\u015eLARI UYARDI&quot;,&quot;orientation&quot;:&quot;0&quot;}\" data-image-title=\"Kars \u00c7ay\u0131 ta\u015ft\u0131, AFAD vatanda\u015flar\u0131 uyard\u0131\" data-image-description=\"&lt;p&gt;Kars \u00c7ay\u0131 ta\u015ft\u0131, AFAD vatanda\u015flar\u0131 uyard\u0131&lt;\/p&gt; \" data-medium-file=\"https:\/\/i0.wp.com\/www.tvturk.com\/wp-content\/uploads\/2019\/04\/kars-cayi-tasti-afad-vatandaslari-uyardi_96dcc9b.jpg?fit=300%2C199\" data-large-file=\"https:\/\/i0.wp.com\/www.tvturk.com\/wp-content\/uploads\/2019\/04\/kars-cayi-tasti-afad-vatandaslari-uyardi_96dcc9b.jpg?fit=1000%2C664\" src=\"https:\/\/i0.wp.com\/www.tvturk.com\/wp-content\/uploads\/2019\/04\/kars-cayi-tasti-afad-vatandaslari-uyardi_96dcc9b.jpg?w=337&#038;h=224\" srcset=\"https:\/\/i0.wp.com\/www.tvturk.com\/wp-content\/uploads\/2019\/04\/kars-cayi-tasti-afad-vatandaslari-uyardi_96dcc9b.jpg?w=1000 1000w, https:\/\/i0.wp.com\/www.tvturk.com\/wp-content\/uploads\/2019\/04\/kars-cayi-tasti-afad-vatandaslari-uyardi_96dcc9b.jpg?resize=150%2C100 150w, https:\/\/i0.wp.com\/www.tvturk.com\/wp-content\/uploads\/2019\/04\/kars-cayi-tasti-afad-vatandaslari-uyardi_96dcc9b.jpg?resize=300%2C200 300w, https:\/\/i0.wp.com\/www.tvturk.com\/wp-content\/uploads\/2019\/04\/kars-cayi-tasti-afad-vatandaslari-uyardi_96dcc9b.jpg?resize=768%2C510 768w, https:\/\/i0.wp.com\/www.tvturk.com\/wp-content\/uploads\/2019\/04\/kars-cayi-tasti-afad-vatandaslari-uyardi_96dcc9b.jpg?resize=170%2C113 170w, https:\/\/i0.wp.com\/www.tvturk.com\/wp-content\/uploads\/2019\/04\/kars-cayi-tasti-afad-vatandaslari-uyardi_96dcc9b.jpg?resize=120%2C80 120w\" width=\"337\" height=\"224\" loading=\"lazy\" data-original-width=\"337\" data-original-height=\"224\" itemprop=\"http:\/\/schema.org\/image\" title=\"Kars \u00c7ay\u0131 ta\u015ft\u0131, AFAD vatanda\u015flar\u0131 uyard\u0131\" alt=\"Kars \u00c7ay\u0131 ta\u015ft\u0131, AFAD vatanda\u015flar\u0131 uyard\u0131\" style=\"width: 337px; height: 224px;\" \/> <\/a> <\/div> <\/div> <!-- close group --> <div class=\"gallery-group images-2\" style=\"width: 159px; height: 228px;\" data-original-width=\"159\" data-original-height=\"228\" > <div class=\"tiled-gallery-item tiled-gallery-item-small\" itemprop=\"associatedMedia\" itemscope itemtype=\"http:\/\/schema.org\/ImageObject\"> <a href=\"http:\/\/www.tvturk.com\/index.php\/kars-cayi-tasti-afad-vatandaslari-uyardi\/kars-cayi-tasti-afad-vatandaslari-uyardi-4\/\" border=\"0\" itemprop=\"url\"> <meta itemprop=\"width\" content=\"155\"> <meta itemprop=\"height\" content=\"103\"> <img decoding=\"async\" class=\"\" data-attachment-id=\"141220\" data-orig-file=\"http:\/\/www.tvturk.com\/wp-content\/uploads\/2019\/04\/kars-cayi-tasti-afad-vatandaslari-uyardi_d76e1ce.jpg\" data-orig-size=\"1000,664\" data-comments-opened=\"\" data-image-meta=\"{&quot;aperture&quot;:&quot;0&quot;,&quot;credit&quot;:&quot;IHA&quot;,&quot;camera&quot;:&quot;&quot;,&quot;caption&quot;:&quot;KARS\\u0027TA HAVALARIN ISINMASI NEDEN\\u0130YLE KARLARIN ER\\u0130MES\\u0130 VE ETK\\u0130L\\u0130 OLAN YA\\u011eI\\u015e KARS \\u00c7AYI\\u2019NI TA\\u015eIRDI. YETK\\u0130L\\u0130LER \\u00d6ZELL\\u0130KLE DERE YATAKLARININ YAKININDA YA\\u015eAYAN VATANDA\\u015eLARI UYARDI. (I\\u015eIK \\u00c7APANO\\u011eLU\\\/KARS-\\u0130HA)&quot;,&quot;created_timestamp&quot;:&quot;0&quot;,&quot;copyright&quot;:&quot;\\u0130HLAS HABER AJANSI, www.iha.com.tr&quot;,&quot;focal_length&quot;:&quot;0&quot;,&quot;iso&quot;:&quot;0&quot;,&quot;shutter_speed&quot;:&quot;0&quot;,&quot;title&quot;:&quot;KARS \\u00c7AYI TA\\u015eTI, AFAD VATANDA\\u015eLARI UYARDI&quot;,&quot;orientation&quot;:&quot;0&quot;}\" data-image-title=\"Kars \u00c7ay\u0131 ta\u015ft\u0131, AFAD vatanda\u015flar\u0131 uyard\u0131\" data-image-description=\"&lt;p&gt;Kars \u00c7ay\u0131 ta\u015ft\u0131, AFAD vatanda\u015flar\u0131 uyard\u0131&lt;\/p&gt; \" data-medium-file=\"https:\/\/i0.wp.com\/www.tvturk.com\/wp-content\/uploads\/2019\/04\/kars-cayi-tasti-afad-vatandaslari-uyardi_d76e1ce.jpg?fit=300%2C199\" data-large-file=\"https:\/\/i0.wp.com\/www.tvturk.com\/wp-content\/uploads\/2019\/04\/kars-cayi-tasti-afad-vatandaslari-uyardi_d76e1ce.jpg?fit=1000%2C664\" src=\"https:\/\/i0.wp.com\/www.tvturk.com\/wp-content\/uploads\/2019\/04\/kars-cayi-tasti-afad-vatandaslari-uyardi_d76e1ce.jpg?w=155&#038;h=103\" srcset=\"https:\/\/i0.wp.com\/www.tvturk.com\/wp-content\/uploads\/2019\/04\/kars-cayi-tasti-afad-vatandaslari-uyardi_d76e1ce.jpg?w=1000 1000w, https:\/\/i0.wp.com\/www.tvturk.com\/wp-content\/uploads\/2019\/04\/kars-cayi-tasti-afad-vatandaslari-uyardi_d76e1ce.jpg?resize=150%2C100 150w, https:\/\/i0.wp.com\/www.tvturk.com\/wp-content\/uploads\/2019\/04\/kars-cayi-tasti-afad-vatandaslari-uyardi_d76e1ce.jpg?resize=300%2C200 300w, https:\/\/i0.wp.com\/www.tvturk.com\/wp-content\/uploads\/2019\/04\/kars-cayi-tasti-afad-vatandaslari-uyardi_d76e1ce.jpg?resize=768%2C510 768w, https:\/\/i0.wp.com\/www.tvturk.com\/wp-content\/uploads\/2019\/04\/kars-cayi-tasti-afad-vatandaslari-uyardi_d76e1ce.jpg?resize=170%2C113 170w, https:\/\/i0.wp.com\/www.tvturk.com\/wp-content\/uploads\/2019\/04\/kars-cayi-tasti-afad-vatandaslari-uyardi_d76e1ce.jpg?resize=120%2C80 120w\" width=\"155\" height=\"103\" loading=\"lazy\" data-original-width=\"155\" data-original-height=\"103\" itemprop=\"http:\/\/schema.org\/image\" title=\"Kars \u00c7ay\u0131 ta\u015ft\u0131, AFAD vatanda\u015flar\u0131 uyard\u0131\" alt=\"Kars \u00c7ay\u0131 ta\u015ft\u0131, AFAD vatanda\u015flar\u0131 uyard\u0131\" style=\"width: 155px; height: 103px;\" \/> <\/a> <\/div> <div class=\"tiled-gallery-item tiled-gallery-item-small\" itemprop=\"associatedMedia\" itemscope itemtype=\"http:\/\/schema.org\/ImageObject\"> <a href=\"http:\/\/www.tvturk.com\/index.php\/kars-cayi-tasti-afad-vatandaslari-uyardi\/kars-cayi-tasti-afad-vatandaslari-uyardi-5\/\" border=\"0\" itemprop=\"url\"> <meta itemprop=\"width\" content=\"155\"> <meta itemprop=\"height\" content=\"117\"> <img decoding=\"async\" class=\"\" data-attachment-id=\"141221\" data-orig-file=\"http:\/\/www.tvturk.com\/wp-content\/uploads\/2019\/04\/kars-cayi-tasti-afad-vatandaslari-uyardi_c76acbf.jpg\" data-orig-size=\"1000,750\" data-comments-opened=\"\" data-image-meta=\"{&quot;aperture&quot;:&quot;0&quot;,&quot;credit&quot;:&quot;IHA&quot;,&quot;camera&quot;:&quot;&quot;,&quot;caption&quot;:&quot;AFAD KARS \\u0130L M\\u00dcD\\u00dcR\\u00dc OKTAY AY\\u011eAN, \\u0022\\u00d6ZELL\\u0130KLE \\u0130LKBAHAR D\\u00d6NEM\\u0130NDE SU BASKINLARI \\u00c7OK SIK YA\\u015eANIYOR. GE\\u00c7T\\u0130\\u011e\\u0130M\\u0130Z YILLARDA DA B\\u00dcY\\u00dcK SU TA\\u015eKINLARI YA\\u015eADIK. BU YIL DA YA\\u015eAYACA\\u011eIMIZI TAHM\\u0130N ETT\\u0130\\u011e\\u0130M\\u0130ZDEN DOLAYI \\u00d6N HAZIRLIKLARIMIZI TAMAMLADIK. BU G\\u0130B\\u0130 AFET OLAYLARIYLA VATANDA\\u015eLAR KAR\\u015eILA\\u015eTIKLARINDA \\u0130VED\\u0130L\\u0130KLE AFAD\\u2019IN 122 AC\\u0130L \\u0130HBAR HATTINI ARAMALARI GEREK\\u0130YOR\\u0022 DED\\u0130. (I\\u015eIK \\u00c7APANO\\u011eLU\\\/KARS-\\u0130HA)&quot;,&quot;created_timestamp&quot;:&quot;0&quot;,&quot;copyright&quot;:&quot;\\u0130HLAS HABER AJANSI, www.iha.com.tr&quot;,&quot;focal_length&quot;:&quot;0&quot;,&quot;iso&quot;:&quot;0&quot;,&quot;shutter_speed&quot;:&quot;0&quot;,&quot;title&quot;:&quot;KARS \\u00c7AYI TA\\u015eTI, AFAD VATANDA\\u015eLARI UYARDI&quot;,&quot;orientation&quot;:&quot;0&quot;}\" data-image-title=\"Kars \u00c7ay\u0131 ta\u015ft\u0131, AFAD vatanda\u015flar\u0131 uyard\u0131\" data-image-description=\"&lt;p&gt;Kars \u00c7ay\u0131 ta\u015ft\u0131, AFAD vatanda\u015flar\u0131 uyard\u0131&lt;\/p&gt; \" data-medium-file=\"https:\/\/i0.wp.com\/www.tvturk.com\/wp-content\/uploads\/2019\/04\/kars-cayi-tasti-afad-vatandaslari-uyardi_c76acbf.jpg?fit=300%2C225\" data-large-file=\"https:\/\/i0.wp.com\/www.tvturk.com\/wp-content\/uploads\/2019\/04\/kars-cayi-tasti-afad-vatandaslari-uyardi_c76acbf.jpg?fit=1000%2C750\" src=\"https:\/\/i0.wp.com\/www.tvturk.com\/wp-content\/uploads\/2019\/04\/kars-cayi-tasti-afad-vatandaslari-uyardi_c76acbf.jpg?w=155&#038;h=117\" srcset=\"https:\/\/i0.wp.com\/www.tvturk.com\/wp-content\/uploads\/2019\/04\/kars-cayi-tasti-afad-vatandaslari-uyardi_c76acbf.jpg?w=1000 1000w, https:\/\/i0.wp.com\/www.tvturk.com\/wp-content\/uploads\/2019\/04\/kars-cayi-tasti-afad-vatandaslari-uyardi_c76acbf.jpg?resize=150%2C113 150w, https:\/\/i0.wp.com\/www.tvturk.com\/wp-content\/uploads\/2019\/04\/kars-cayi-tasti-afad-vatandaslari-uyardi_c76acbf.jpg?resize=300%2C225 300w, https:\/\/i0.wp.com\/www.tvturk.com\/wp-content\/uploads\/2019\/04\/kars-cayi-tasti-afad-vatandaslari-uyardi_c76acbf.jpg?resize=768%2C576 768w\" width=\"155\" height=\"117\" loading=\"lazy\" data-original-width=\"155\" data-original-height=\"117\" itemprop=\"http:\/\/schema.org\/image\" title=\"Kars \u00c7ay\u0131 ta\u015ft\u0131, AFAD vatanda\u015flar\u0131 uyard\u0131\" alt=\"Kars \u00c7ay\u0131 ta\u015ft\u0131, AFAD vatanda\u015flar\u0131 uyard\u0131\" style=\"width: 155px; height: 117px;\" \/> <\/a> <\/div> <\/div> <!-- close group --> <\/div> <!-- close row --> <div class=\"gallery-row\" style=\"width: 500px; height: 112px;\" data-original-width=\"500\" data-original-height=\"112\" > <div class=\"gallery-group images-1\" style=\"width: 167px; height: 112px;\" data-original-width=\"167\" data-original-height=\"112\" > <div class=\"tiled-gallery-item tiled-gallery-item-small\" itemprop=\"associatedMedia\" itemscope itemtype=\"http:\/\/schema.org\/ImageObject\"> <a href=\"http:\/\/www.tvturk.com\/index.php\/kars-cayi-tasti-afad-vatandaslari-uyardi\/kars-cayi-tasti-afad-vatandaslari-uyardi-6\/\" border=\"0\" itemprop=\"url\"> <meta itemprop=\"width\" content=\"163\"> <meta itemprop=\"height\" content=\"108\"> <img decoding=\"async\" class=\"\" data-attachment-id=\"141222\" data-orig-file=\"http:\/\/www.tvturk.com\/wp-content\/uploads\/2019\/04\/kars-cayi-tasti-afad-vatandaslari-uyardi_ee946db.jpg\" data-orig-size=\"1000,664\" data-comments-opened=\"\" data-image-meta=\"{&quot;aperture&quot;:&quot;0&quot;,&quot;credit&quot;:&quot;IHA&quot;,&quot;camera&quot;:&quot;&quot;,&quot;caption&quot;:&quot;KARS\\u0027TA HAVALARIN ISINMASI NEDEN\\u0130YLE KARLARIN ER\\u0130MES\\u0130 VE ETK\\u0130L\\u0130 OLAN YA\\u011eI\\u015e KARS \\u00c7AYI\\u2019NI TA\\u015eIRDI. YETK\\u0130L\\u0130LER \\u00d6ZELL\\u0130KLE DERE YATAKLARININ YAKININDA YA\\u015eAYAN VATANDA\\u015eLARI UYARDI. (I\\u015eIK \\u00c7APANO\\u011eLU\\\/KARS-\\u0130HA)&quot;,&quot;created_timestamp&quot;:&quot;0&quot;,&quot;copyright&quot;:&quot;\\u0130HLAS HABER AJANSI, www.iha.com.tr&quot;,&quot;focal_length&quot;:&quot;0&quot;,&quot;iso&quot;:&quot;0&quot;,&quot;shutter_speed&quot;:&quot;0&quot;,&quot;title&quot;:&quot;KARS \\u00c7AYI TA\\u015eTI, AFAD VATANDA\\u015eLARI UYARDI&quot;,&quot;orientation&quot;:&quot;0&quot;}\" data-image-title=\"Kars \u00c7ay\u0131 ta\u015ft\u0131, AFAD vatanda\u015flar\u0131 uyard\u0131\" data-image-description=\"&lt;p&gt;Kars \u00c7ay\u0131 ta\u015ft\u0131, AFAD vatanda\u015flar\u0131 uyard\u0131&lt;\/p&gt; \" data-medium-file=\"https:\/\/i0.wp.com\/www.tvturk.com\/wp-content\/uploads\/2019\/04\/kars-cayi-tasti-afad-vatandaslari-uyardi_ee946db.jpg?fit=300%2C199\" data-large-file=\"https:\/\/i0.wp.com\/www.tvturk.com\/wp-content\/uploads\/2019\/04\/kars-cayi-tasti-afad-vatandaslari-uyardi_ee946db.jpg?fit=1000%2C664\" src=\"https:\/\/i0.wp.com\/www.tvturk.com\/wp-content\/uploads\/2019\/04\/kars-cayi-tasti-afad-vatandaslari-uyardi_ee946db.jpg?w=163&#038;h=108\" srcset=\"https:\/\/i0.wp.com\/www.tvturk.com\/wp-content\/uploads\/2019\/04\/kars-cayi-tasti-afad-vatandaslari-uyardi_ee946db.jpg?w=1000 1000w, https:\/\/i0.wp.com\/www.tvturk.com\/wp-content\/uploads\/2019\/04\/kars-cayi-tasti-afad-vatandaslari-uyardi_ee946db.jpg?resize=150%2C100 150w, https:\/\/i0.wp.com\/www.tvturk.com\/wp-content\/uploads\/2019\/04\/kars-cayi-tasti-afad-vatandaslari-uyardi_ee946db.jpg?resize=300%2C200 300w, https:\/\/i0.wp.com\/www.tvturk.com\/wp-content\/uploads\/2019\/04\/kars-cayi-tasti-afad-vatandaslari-uyardi_ee946db.jpg?resize=768%2C510 768w, https:\/\/i0.wp.com\/www.tvturk.com\/wp-content\/uploads\/2019\/04\/kars-cayi-tasti-afad-vatandaslari-uyardi_ee946db.jpg?resize=170%2C113 170w, https:\/\/i0.wp.com\/www.tvturk.com\/wp-content\/uploads\/2019\/04\/kars-cayi-tasti-afad-vatandaslari-uyardi_ee946db.jpg?resize=120%2C80 120w\" width=\"163\" height=\"108\" loading=\"lazy\" data-original-width=\"163\" data-original-height=\"108\" itemprop=\"http:\/\/schema.org\/image\" title=\"Kars \u00c7ay\u0131 ta\u015ft\u0131, AFAD vatanda\u015flar\u0131 uyard\u0131\" alt=\"Kars \u00c7ay\u0131 ta\u015ft\u0131, AFAD vatanda\u015flar\u0131 uyard\u0131\" style=\"width: 163px; height: 108px;\" \/> <\/a> <\/div> <\/div> <!-- close group --> <div class=\"gallery-group images-1\" style=\"width: 167px; height: 112px;\" data-original-width=\"167\" data-original-height=\"112\" > <div class=\"tiled-gallery-item tiled-gallery-item-small\" itemprop=\"associatedMedia\" itemscope itemtype=\"http:\/\/schema.org\/ImageObject\"> <a href=\"http:\/\/www.tvturk.com\/index.php\/kars-cayi-tasti-afad-vatandaslari-uyardi\/kars-cayi-tasti-afad-vatandaslari-uyardi-7\/\" border=\"0\" itemprop=\"url\"> <meta itemprop=\"width\" content=\"163\"> <meta itemprop=\"height\" content=\"108\"> <img decoding=\"async\" class=\"\" data-attachment-id=\"141223\" data-orig-file=\"http:\/\/www.tvturk.com\/wp-content\/uploads\/2019\/04\/kars-cayi-tasti-afad-vatandaslari-uyardi_83c207f.jpg\" data-orig-size=\"1000,664\" data-comments-opened=\"\" data-image-meta=\"{&quot;aperture&quot;:&quot;0&quot;,&quot;credit&quot;:&quot;IHA&quot;,&quot;camera&quot;:&quot;&quot;,&quot;caption&quot;:&quot;KARS\\u0027TA HAVALARIN ISINMASI NEDEN\\u0130YLE KARLARIN ER\\u0130MES\\u0130 VE ETK\\u0130L\\u0130 OLAN YA\\u011eI\\u015e KARS \\u00c7AYI\\u2019NI TA\\u015eIRDI. YETK\\u0130L\\u0130LER \\u00d6ZELL\\u0130KLE DERE YATAKLARININ YAKININDA YA\\u015eAYAN VATANDA\\u015eLARI UYARDI. (I\\u015eIK \\u00c7APANO\\u011eLU\\\/KARS-\\u0130HA)&quot;,&quot;created_timestamp&quot;:&quot;0&quot;,&quot;copyright&quot;:&quot;\\u0130HLAS HABER AJANSI, www.iha.com.tr&quot;,&quot;focal_length&quot;:&quot;0&quot;,&quot;iso&quot;:&quot;0&quot;,&quot;shutter_speed&quot;:&quot;0&quot;,&quot;title&quot;:&quot;KARS \\u00c7AYI TA\\u015eTI, AFAD VATANDA\\u015eLARI UYARDI&quot;,&quot;orientation&quot;:&quot;0&quot;}\" data-image-title=\"Kars \u00c7ay\u0131 ta\u015ft\u0131, AFAD vatanda\u015flar\u0131 uyard\u0131\" data-image-description=\"&lt;p&gt;Kars \u00c7ay\u0131 ta\u015ft\u0131, AFAD vatanda\u015flar\u0131 uyard\u0131&lt;\/p&gt; \" data-medium-file=\"https:\/\/i0.wp.com\/www.tvturk.com\/wp-content\/uploads\/2019\/04\/kars-cayi-tasti-afad-vatandaslari-uyardi_83c207f.jpg?fit=300%2C199\" data-large-file=\"https:\/\/i0.wp.com\/www.tvturk.com\/wp-content\/uploads\/2019\/04\/kars-cayi-tasti-afad-vatandaslari-uyardi_83c207f.jpg?fit=1000%2C664\" src=\"https:\/\/i0.wp.com\/www.tvturk.com\/wp-content\/uploads\/2019\/04\/kars-cayi-tasti-afad-vatandaslari-uyardi_83c207f.jpg?w=163&#038;h=108\" srcset=\"https:\/\/i0.wp.com\/www.tvturk.com\/wp-content\/uploads\/2019\/04\/kars-cayi-tasti-afad-vatandaslari-uyardi_83c207f.jpg?w=1000 1000w, https:\/\/i0.wp.com\/www.tvturk.com\/wp-content\/uploads\/2019\/04\/kars-cayi-tasti-afad-vatandaslari-uyardi_83c207f.jpg?resize=150%2C100 150w, https:\/\/i0.wp.com\/www.tvturk.com\/wp-content\/uploads\/2019\/04\/kars-cayi-tasti-afad-vatandaslari-uyardi_83c207f.jpg?resize=300%2C200 300w, https:\/\/i0.wp.com\/www.tvturk.com\/wp-content\/uploads\/2019\/04\/kars-cayi-tasti-afad-vatandaslari-uyardi_83c207f.jpg?resize=768%2C510 768w, https:\/\/i0.wp.com\/www.tvturk.com\/wp-content\/uploads\/2019\/04\/kars-cayi-tasti-afad-vatandaslari-uyardi_83c207f.jpg?resize=170%2C113 170w, https:\/\/i0.wp.com\/www.tvturk.com\/wp-content\/uploads\/2019\/04\/kars-cayi-tasti-afad-vatandaslari-uyardi_83c207f.jpg?resize=120%2C80 120w\" width=\"163\" height=\"108\" loading=\"lazy\" data-original-width=\"163\" data-original-height=\"108\" itemprop=\"http:\/\/schema.org\/image\" title=\"Kars \u00c7ay\u0131 ta\u015ft\u0131, AFAD vatanda\u015flar\u0131 uyard\u0131\" alt=\"Kars \u00c7ay\u0131 ta\u015ft\u0131, AFAD vatanda\u015flar\u0131 uyard\u0131\" style=\"width: 163px; height: 108px;\" \/> <\/a> <\/div> <\/div> <!-- close group --> <div class=\"gallery-group images-1\" style=\"width: 166px; height: 112px;\" data-original-width=\"166\" data-original-height=\"112\" > <div class=\"tiled-gallery-item tiled-gallery-item-small\" itemprop=\"associatedMedia\" itemscope itemtype=\"http:\/\/schema.org\/ImageObject\"> <a href=\"http:\/\/www.tvturk.com\/index.php\/kars-cayi-tasti-afad-vatandaslari-uyardi\/kars-cayi-tasti-afad-vatandaslari-uyardi-8\/\" border=\"0\" itemprop=\"url\"> <meta itemprop=\"width\" content=\"162\"> <meta itemprop=\"height\" content=\"108\"> <img decoding=\"async\" class=\"\" data-attachment-id=\"141224\" data-orig-file=\"http:\/\/www.tvturk.com\/wp-content\/uploads\/2019\/04\/kars-cayi-tasti-afad-vatandaslari-uyardi_8a0055f.jpg\" data-orig-size=\"1000,664\" data-comments-opened=\"\" data-image-meta=\"{&quot;aperture&quot;:&quot;0&quot;,&quot;credit&quot;:&quot;IHA&quot;,&quot;camera&quot;:&quot;&quot;,&quot;caption&quot;:&quot;KARS\\u0027TA HAVALARIN ISINMASI NEDEN\\u0130YLE KARLARIN ER\\u0130MES\\u0130 VE ETK\\u0130L\\u0130 OLAN YA\\u011eI\\u015e KARS \\u00c7AYI\\u2019NI TA\\u015eIRDI. YETK\\u0130L\\u0130LER \\u00d6ZELL\\u0130KLE DERE YATAKLARININ YAKININDA YA\\u015eAYAN VATANDA\\u015eLARI UYARDI. (I\\u015eIK \\u00c7APANO\\u011eLU\\\/KARS-\\u0130HA)&quot;,&quot;created_timestamp&quot;:&quot;0&quot;,&quot;copyright&quot;:&quot;\\u0130HLAS HABER AJANSI, www.iha.com.tr&quot;,&quot;focal_length&quot;:&quot;0&quot;,&quot;iso&quot;:&quot;0&quot;,&quot;shutter_speed&quot;:&quot;0&quot;,&quot;title&quot;:&quot;KARS \\u00c7AYI TA\\u015eTI, AFAD VATANDA\\u015eLARI UYARDI&quot;,&quot;orientation&quot;:&quot;0&quot;}\" data-image-title=\"Kars \u00c7ay\u0131 ta\u015ft\u0131, AFAD vatanda\u015flar\u0131 uyard\u0131\" data-image-description=\"&lt;p&gt;Kars \u00c7ay\u0131 ta\u015ft\u0131, AFAD vatanda\u015flar\u0131 uyard\u0131&lt;\/p&gt; \" data-medium-file=\"https:\/\/i0.wp.com\/www.tvturk.com\/wp-content\/uploads\/2019\/04\/kars-cayi-tasti-afad-vatandaslari-uyardi_8a0055f.jpg?fit=300%2C199\" data-large-file=\"https:\/\/i0.wp.com\/www.tvturk.com\/wp-content\/uploads\/2019\/04\/kars-cayi-tasti-afad-vatandaslari-uyardi_8a0055f.jpg?fit=1000%2C664\" src=\"https:\/\/i0.wp.com\/www.tvturk.com\/wp-content\/uploads\/2019\/04\/kars-cayi-tasti-afad-vatandaslari-uyardi_8a0055f.jpg?w=162&#038;h=108\" srcset=\"https:\/\/i0.wp.com\/www.tvturk.com\/wp-content\/uploads\/2019\/04\/kars-cayi-tasti-afad-vatandaslari-uyardi_8a0055f.jpg?w=1000 1000w, https:\/\/i0.wp.com\/www.tvturk.com\/wp-content\/uploads\/2019\/04\/kars-cayi-tasti-afad-vatandaslari-uyardi_8a0055f.jpg?resize=150%2C100 150w, https:\/\/i0.wp.com\/www.tvturk.com\/wp-content\/uploads\/2019\/04\/kars-cayi-tasti-afad-vatandaslari-uyardi_8a0055f.jpg?resize=300%2C200 300w, https:\/\/i0.wp.com\/www.tvturk.com\/wp-content\/uploads\/2019\/04\/kars-cayi-tasti-afad-vatandaslari-uyardi_8a0055f.jpg?resize=768%2C510 768w, https:\/\/i0.wp.com\/www.tvturk.com\/wp-content\/uploads\/2019\/04\/kars-cayi-tasti-afad-vatandaslari-uyardi_8a0055f.jpg?resize=170%2C113 170w, https:\/\/i0.wp.com\/www.tvturk.com\/wp-content\/uploads\/2019\/04\/kars-cayi-tasti-afad-vatandaslari-uyardi_8a0055f.jpg?resize=120%2C80 120w\" width=\"162\" height=\"108\" loading=\"lazy\" data-original-width=\"162\" data-original-height=\"108\" itemprop=\"http:\/\/schema.org\/image\" title=\"Kars \u00c7ay\u0131 ta\u015ft\u0131, AFAD vatanda\u015flar\u0131 uyard\u0131\" alt=\"Kars \u00c7ay\u0131 ta\u015ft\u0131, AFAD vatanda\u015flar\u0131 uyard\u0131\" style=\"width: 162px; height: 108px;\" \/> <\/a> <\/div> <\/div> <!-- close group --> <\/div> <!-- close row --> <\/div><\/p>\n","protected":false},"excerpt":{"rendered":"<p>KARS&#8217;TA HAVALARIN ISINMASI NEDEN\u0130YLE KARLARIN ER\u0130MES\u0130 VE ETK\u0130L\u0130 OLAN YA\u011eI\u015e KARS \u00c7AYI\u2019NI TA\u015eIRDI. YETK\u0130L\u0130LER \u00d6ZELL\u0130KLE DERE YATAKLARININ YAKININDA YA\u015eAYAN VATANDA\u015eLARI UYARDI.<\/p>\n","protected":false},"author":1,"featured_media":141218,"comment_status":"closed","ping_status":"open","sticky":false,"template":"","format":"standard","meta":{"jetpack_post_was_ever_published":false,"_jetpack_newsletter_access":"","_jetpack_dont_email_post_to_subs":false,"_jetpack_newsletter_tier_id":0,"_jetpack_memberships_contains_paywalled_content":false,"_jetpack_memberships_contains_paid_content":false,"footnotes":"","jetpack_publicize_message":"","jetpack_publicize_feature_enabled":true,"jetpack_social_post_already_shared":true,"jetpack_social_options":{"image_generator_settings":{"template":"highway","default_image_id":0,"font":"","enabled":false},"version":2}},"categories":[1],"tags":[2382,24353,4301,4666,1169,922],"class_list":["post-141217","post","type-post","status-publish","format-standard","has-post-thumbnail","hentry","category-genel","tag-afad","tag-cayi","tag-kars","tag-tasti","tag-uyardi","tag-vatandaslari"],"jetpack_publicize_connections":[],"jetpack_featured_media_url":"https:\/\/i0.wp.com\/www.tvturk.com\/wp-content\/uploads\/2019\/04\/kars-cayi-tasti-afad-vatandaslari-uyardi_8e9ae2d.jpg?fit=1000%2C664","jetpack_sharing_enabled":true,"jetpack_shortlink":"https:\/\/wp.me\/paKIfm-AJH","_links":{"self":[{"href":"http:\/\/www.tvturk.com\/index.php\/wp-json\/wp\/v2\/posts\/141217","targetHints":{"allow":["GET"]}}],"collection":[{"href":"http:\/\/www.tvturk.com\/index.php\/wp-json\/wp\/v2\/posts"}],"about":[{"href":"http:\/\/www.tvturk.com\/index.php\/wp-json\/wp\/v2\/types\/post"}],"author":[{"embeddable":true,"href":"http:\/\/www.tvturk.com\/index.php\/wp-json\/wp\/v2\/users\/1"}],"replies":[{"embeddable":true,"href":"http:\/\/www.tvturk.com\/index.php\/wp-json\/wp\/v2\/comments?post=141217"}],"version-history":[{"count":1,"href":"http:\/\/www.tvturk.com\/index.php\/wp-json\/wp\/v2\/posts\/141217\/revisions"}],"predecessor-version":[{"id":141225,"href":"http:\/\/www.tvturk.com\/index.php\/wp-json\/wp\/v2\/posts\/141217\/revisions\/141225"}],"wp:featuredmedia":[{"embeddable":true,"href":"http:\/\/www.tvturk.com\/index.php\/wp-json\/wp\/v2\/media\/141218"}],"wp:attachment":[{"href":"http:\/\/www.tvturk.com\/index.php\/wp-json\/wp\/v2\/media?parent=141217"}],"wp:term":[{"taxonomy":"category","embeddable":true,"href":"http:\/\/www.tvturk.com\/index.php\/wp-json\/wp\/v2\/categories?post=141217"},{"taxonomy":"post_tag","embeddable":true,"href":"http:\/\/www.tvturk.com\/index.php\/wp-json\/wp\/v2\/tags?post=141217"}],"curies":[{"name":"wp","href":"https:\/\/api.w.org\/{rel}","templated":true}]}}