{"id":141528,"date":"2019-04-18T13:48:11","date_gmt":"2019-04-18T10:48:11","guid":{"rendered":"http:\/\/www.tvturk.com\/index.php\/mersinin-yuksek-kesimlerine-kar-yagdi\/"},"modified":"2019-04-18T13:48:13","modified_gmt":"2019-04-18T10:48:13","slug":"mersinin-yuksek-kesimlerine-kar-yagdi","status":"publish","type":"post","link":"http:\/\/www.tvturk.com\/index.php\/mersinin-yuksek-kesimlerine-kar-yagdi\/","title":{"rendered":"Mersin\u2019in y\u00fcksek kesimlerine kar ya\u011fd\u0131"},"content":{"rendered":"<p>Mersin\u2019in Erdemli il\u00e7esinin y\u00fcksek kesimlerinde kar ya\u011f\u0131\u015f\u0131 etkili oldu.<\/p>\n<p>\u0130l\u00e7e merkezine 40 kilometre mesafedeki 1500 rakaml\u0131 Sorgun Yaylas\u0131\u2019nda etkili olan kar ya\u011f\u0131\u015f\u0131 vatanda\u015flar\u0131 \u015fa\u015f\u0131rtt\u0131. Sorgun\u2019da Kefenk\u0131r\u0131\u011f\u0131 mevkisindeki bir mermer oca\u011f\u0131 \u015fantiyesinde \u00e7al\u0131\u015fanlar, zamans\u0131z ya\u011fan karla b\u00fcy\u00fck \u015fa\u015fk\u0131nl\u0131k ya\u015fad\u0131. \u015eantiye \u00e7al\u0131\u015fanlar\u0131 \u015fantiye alan\u0131na \u00e7\u0131karak kar ya\u011f\u0131\u015f\u0131n\u0131 izledi. \u0130l\u00e7eye ba\u011fl\u0131 Sinap, K\u00fc\u00e7\u00fckf\u0131nd\u0131k ve \u015eahna b\u00f6lgesinde de dolu ya\u011f\u0131\u015f\u0131n\u0131n etkili oldu\u011fu bildirildi.<div class=\"tiled-gallery type-rectangular tiled-gallery-unresized\" data-original-width=\"500\" data-carousel-extra='null' itemscope itemtype=\"http:\/\/schema.org\/ImageGallery\" > <div class=\"gallery-row\" style=\"width: 500px; height: 665px;\" data-original-width=\"500\" data-original-height=\"665\" > <div class=\"gallery-group images-1\" style=\"width: 500px; height: 665px;\" data-original-width=\"500\" data-original-height=\"665\" > <div class=\"tiled-gallery-item tiled-gallery-item-large\" itemprop=\"associatedMedia\" itemscope itemtype=\"http:\/\/schema.org\/ImageObject\"> <a href=\"http:\/\/www.tvturk.com\/index.php\/mersinin-yuksek-kesimlerine-kar-yagdi\/mersinin-yuksek-kesimlerine-kar-yagdi-3\/\" border=\"0\" itemprop=\"url\"> <meta itemprop=\"width\" content=\"496\"> <meta itemprop=\"height\" content=\"661\"> <img decoding=\"async\" class=\"\" data-attachment-id=\"141530\" data-orig-file=\"http:\/\/www.tvturk.com\/wp-content\/uploads\/2019\/04\/mersinin-yuksek-kesimlerine-kar-yagdi_27f8758.jpg\" data-orig-size=\"750,1000\" data-comments-opened=\"\" data-image-meta=\"{&quot;aperture&quot;:&quot;0&quot;,&quot;credit&quot;:&quot;IHA&quot;,&quot;camera&quot;:&quot;&quot;,&quot;caption&quot;:&quot;MERS\\u0130N\\u0027\\u0130N ERDEML\\u0130 \\u0130L\\u00c7ES\\u0130N\\u0130N Y\\u00dcKSEK KES\\u0130MLER\\u0130NDE KAR YA\\u011eI\\u015eI ETK\\u0130L\\u0130 OLDU. (\\u0130HA\\\/MERS\\u0130N-\\u0130HA)&quot;,&quot;created_timestamp&quot;:&quot;0&quot;,&quot;copyright&quot;:&quot;\\u0130HLAS HABER AJANSI, www.iha.com.tr&quot;,&quot;focal_length&quot;:&quot;0&quot;,&quot;iso&quot;:&quot;0&quot;,&quot;shutter_speed&quot;:&quot;0&quot;,&quot;title&quot;:&quot;MERS\\u0130N\\u0027\\u0130N Y\\u00dcKSEK KES\\u0130MLER\\u0130NE KAR YA\\u011eDI&quot;,&quot;orientation&quot;:&quot;0&quot;}\" data-image-title=\"Mersin\u2019in y\u00fcksek kesimlerine kar ya\u011fd\u0131\" data-image-description=\"&lt;p&gt;Mersin\u2019in y\u00fcksek kesimlerine kar ya\u011fd\u0131&lt;\/p&gt; \" data-medium-file=\"https:\/\/i0.wp.com\/www.tvturk.com\/wp-content\/uploads\/2019\/04\/mersinin-yuksek-kesimlerine-kar-yagdi_27f8758.jpg?fit=225%2C300\" data-large-file=\"https:\/\/i0.wp.com\/www.tvturk.com\/wp-content\/uploads\/2019\/04\/mersinin-yuksek-kesimlerine-kar-yagdi_27f8758.jpg?fit=750%2C1000\" src=\"https:\/\/i0.wp.com\/www.tvturk.com\/wp-content\/uploads\/2019\/04\/mersinin-yuksek-kesimlerine-kar-yagdi_27f8758.jpg?w=496&#038;h=661\" srcset=\"https:\/\/i0.wp.com\/www.tvturk.com\/wp-content\/uploads\/2019\/04\/mersinin-yuksek-kesimlerine-kar-yagdi_27f8758.jpg?w=750 750w, https:\/\/i0.wp.com\/www.tvturk.com\/wp-content\/uploads\/2019\/04\/mersinin-yuksek-kesimlerine-kar-yagdi_27f8758.jpg?resize=113%2C150 113w, https:\/\/i0.wp.com\/www.tvturk.com\/wp-content\/uploads\/2019\/04\/mersinin-yuksek-kesimlerine-kar-yagdi_27f8758.jpg?resize=225%2C300 225w\" width=\"496\" height=\"661\" loading=\"lazy\" data-original-width=\"496\" data-original-height=\"661\" itemprop=\"http:\/\/schema.org\/image\" title=\"Mersin\u2019in y\u00fcksek kesimlerine kar ya\u011fd\u0131\" alt=\"Mersin\u2019in y\u00fcksek kesimlerine kar ya\u011fd\u0131\" style=\"width: 496px; height: 661px;\" \/> <\/a> <\/div> <\/div> <!-- close group --> <\/div> <!-- close row --> <\/div><\/p>\n","protected":false},"excerpt":{"rendered":"<p>MERS\u0130N&#8217;\u0130N ERDEML\u0130 \u0130L\u00c7ES\u0130N\u0130N Y\u00dcKSEK KES\u0130MLER\u0130NDE KAR YA\u011eI\u015eI ETK\u0130L\u0130 OLDU.<\/p>\n","protected":false},"author":1,"featured_media":141529,"comment_status":"closed","ping_status":"open","sticky":false,"template":"","format":"standard","meta":{"jetpack_post_was_ever_published":false,"_jetpack_newsletter_access":"","_jetpack_dont_email_post_to_subs":false,"_jetpack_newsletter_tier_id":0,"_jetpack_memberships_contains_paywalled_content":false,"_jetpack_memberships_contains_paid_content":false,"footnotes":"","jetpack_publicize_message":"","jetpack_publicize_feature_enabled":true,"jetpack_social_post_already_shared":true,"jetpack_social_options":{"image_generator_settings":{"template":"highway","default_image_id":0,"font":"","enabled":false},"version":2}},"categories":[1],"tags":[878,31922,23829,6375,3448],"class_list":["post-141528","post","type-post","status-publish","format-standard","has-post-thumbnail","hentry","category-genel","tag-kar","tag-kesimlerine","tag-mersinin","tag-yagdi","tag-yuksek"],"jetpack_publicize_connections":[],"jetpack_featured_media_url":"https:\/\/i0.wp.com\/www.tvturk.com\/wp-content\/uploads\/2019\/04\/mersinin-yuksek-kesimlerine-kar-yagdi_dfad1a5.jpg?fit=750%2C1000","jetpack_sharing_enabled":true,"jetpack_shortlink":"https:\/\/wp.me\/paKIfm-AOI","_links":{"self":[{"href":"http:\/\/www.tvturk.com\/index.php\/wp-json\/wp\/v2\/posts\/141528","targetHints":{"allow":["GET"]}}],"collection":[{"href":"http:\/\/www.tvturk.com\/index.php\/wp-json\/wp\/v2\/posts"}],"about":[{"href":"http:\/\/www.tvturk.com\/index.php\/wp-json\/wp\/v2\/types\/post"}],"author":[{"embeddable":true,"href":"http:\/\/www.tvturk.com\/index.php\/wp-json\/wp\/v2\/users\/1"}],"replies":[{"embeddable":true,"href":"http:\/\/www.tvturk.com\/index.php\/wp-json\/wp\/v2\/comments?post=141528"}],"version-history":[{"count":1,"href":"http:\/\/www.tvturk.com\/index.php\/wp-json\/wp\/v2\/posts\/141528\/revisions"}],"predecessor-version":[{"id":141531,"href":"http:\/\/www.tvturk.com\/index.php\/wp-json\/wp\/v2\/posts\/141528\/revisions\/141531"}],"wp:featuredmedia":[{"embeddable":true,"href":"http:\/\/www.tvturk.com\/index.php\/wp-json\/wp\/v2\/media\/141529"}],"wp:attachment":[{"href":"http:\/\/www.tvturk.com\/index.php\/wp-json\/wp\/v2\/media?parent=141528"}],"wp:term":[{"taxonomy":"category","embeddable":true,"href":"http:\/\/www.tvturk.com\/index.php\/wp-json\/wp\/v2\/categories?post=141528"},{"taxonomy":"post_tag","embeddable":true,"href":"http:\/\/www.tvturk.com\/index.php\/wp-json\/wp\/v2\/tags?post=141528"}],"curies":[{"name":"wp","href":"https:\/\/api.w.org\/{rel}","templated":true}]}}