{"id":141555,"date":"2019-04-18T14:02:13","date_gmt":"2019-04-18T11:02:13","guid":{"rendered":"http:\/\/www.tvturk.com\/index.php\/ziraat-odasi-baskanindan-vahim-aciklama\/"},"modified":"2019-04-18T14:02:13","modified_gmt":"2019-04-18T11:02:13","slug":"ziraat-odasi-baskanindan-vahim-aciklama","status":"publish","type":"post","link":"http:\/\/www.tvturk.com\/index.php\/ziraat-odasi-baskanindan-vahim-aciklama\/","title":{"rendered":"Ziraat odas\u0131 ba\u015fkan\u0131ndan vahim a\u00e7\u0131klama"},"content":{"rendered":"<p>Bursa\u2019n\u0131n \u0130neg\u00f6l Ziraat Odas\u0131 Ba\u015fkan\u0131 Sezai \u00c7elik, d\u00fczenledi\u011fi bas\u0131n toplant\u0131s\u0131nda tar\u0131mla ilgili \u015fok a\u00e7\u0131klamalarda bulundu.<\/p>\n<p>Ziraat Odas\u0131 Ba\u015fkan\u0131 Sezai \u00c7elik, &#8220;Malumunuz \u00fclkemiz k\u0131ska\u00e7 alt\u0131nda, b\u00fcy\u00fck Ortado\u011fu projesi ile her taraftan \u00e7evrilmi\u015f durumda. Vadedilmi\u015f topraklar bizler vatanda\u015flar olarak bunlar\u0131 alg\u0131l\u0131yor. Bu\u011fday gelecekte en \u00f6nemli madde yani g\u0131da maddesi olacak, bunlar\u0131 yetkililer s\u00f6yl\u00fcyor su ve bu\u011fday\u0131n \u00f6nemli oldu\u011funu. Nas\u0131l y\u0131llar \u00f6nce bu\u011fday ve su \u00f6nemli ise bundan  30-40 sene sonra en \u00f6nemli \u015fey bu\u011fday olacak. Topraklar\u0131m\u0131z\u0131n k\u0131ymetini bilelim, bu sene 18 milyon ton civar\u0131nda bu\u011fday hasad\u0131m\u0131z olaca\u011f\u0131 s\u00f6yleniyor. Halbuki bizim bu\u011fday hasad\u0131m\u0131z y\u0131lda 24,5 milyon tona \u00e7\u0131kt\u0131\u011f\u0131 anlarda oldu. 18 milyon ton hasat etti\u011finiz zaman zaten 5 milyon ton ithal etmeniz gerekiyor. Bir de bizim co\u011frafyam\u0131zda a\u015f\u0131r\u0131 ya\u011fmurlardan dolay\u0131 kalite bozuklu\u011fu oluyor. Bu nedenle nitelikli bu\u011fday almak zorunda kal\u0131yoruz yurt d\u0131\u015f\u0131ndan. 24-25 milyon ton bu\u011fday \u00fcretmemiz gerekiyor ki rahat bir \u015fekilde ya\u015fayal\u0131m. Onun i\u00e7in biz bu sene g\u00fcbrelerin pahal\u0131 olmas\u0131ndan dolay\u0131 bir\u00e7ok \u00e7ift\u00e7i tarlalar\u0131na g\u00fcbre atamad\u0131. Dolas\u0131yla girdi ve ak\u0131r yak\u0131t maliyetlerinden dolay\u0131 ekemeyenler de var. Az \u00f6nce s\u00f6yledi\u011fim gibi gelecekte bu\u011fday ve su s\u0131k\u0131nt\u0131s\u0131 olaca\u011f\u0131 i\u00e7in ilk \u00f6nce biz bu\u011fdaydan dolay\u0131 a\u00e7\u0131k vermekteyiz. Benim kanaatime g\u00f6re \u00f6yle g\u00fcnler gelecek ki vatanda\u015flar elma armut ve kiraz gibi tarlalar\u0131n\u0131 mecburen kesecek ve oralara da kendi temel g\u0131da maddelerini bu\u011fday fasulye gibi benzer \u015feyleri ekecek&#8221; diye konu\u015ftu.<\/p>\n","protected":false},"excerpt":{"rendered":"<p>BURSA \u0130NEG\u00d6L Z\u0130RAAT ODASI BA\u015eKANI SEZA\u0130 \u00c7EL\u0130K, D\u00dcZENLED\u0130\u011e\u0130 BASIN TOPLANTISINDA TARIMLA \u0130LG\u0130L\u0130 \u015eOK A\u00c7IKLAMALARDA BULUNDU. \u00c7EL\u0130K \u00d6YLE G\u00dcNLER GELECEK K\u0130 VATANDA\u015eLAR ELMA ARMUT A\u011eA\u00c7LARI KES\u0130P KEND\u0130 TEMEL GIDA MADDELER\u0130N\u0130 BU\u011eDAY FASULYE G\u0130B\u0130 \u015eEYLER\u0130 EKECEK VE YA\u015eAMINI S\u00dcRD\u00dcRECEK.<\/p>\n","protected":false},"author":1,"featured_media":141556,"comment_status":"closed","ping_status":"open","sticky":false,"template":"","format":"standard","meta":{"jetpack_post_was_ever_published":false,"_jetpack_newsletter_access":"","_jetpack_dont_email_post_to_subs":false,"_jetpack_newsletter_tier_id":0,"_jetpack_memberships_contains_paywalled_content":false,"_jetpack_memberships_contains_paid_content":false,"footnotes":"","jetpack_publicize_message":"","jetpack_publicize_feature_enabled":true,"jetpack_social_post_already_shared":true,"jetpack_social_options":{"image_generator_settings":{"template":"highway","default_image_id":0,"font":"","enabled":false},"version":2}},"categories":[19],"tags":[3349,3428,374,31926,166],"class_list":["post-141555","post","type-post","status-publish","format-standard","has-post-thumbnail","hentry","category-ekonomi","tag-aciklama","tag-baskanindan","tag-odasi","tag-vahim","tag-ziraat"],"jetpack_publicize_connections":[],"jetpack_featured_media_url":"https:\/\/i0.wp.com\/www.tvturk.com\/wp-content\/uploads\/2019\/04\/ziraat-odasi-baskanindan-vahim-aciklama_b069659.jpg?fit=1000%2C555","jetpack_sharing_enabled":true,"jetpack_shortlink":"https:\/\/wp.me\/paKIfm-AP9","_links":{"self":[{"href":"http:\/\/www.tvturk.com\/index.php\/wp-json\/wp\/v2\/posts\/141555","targetHints":{"allow":["GET"]}}],"collection":[{"href":"http:\/\/www.tvturk.com\/index.php\/wp-json\/wp\/v2\/posts"}],"about":[{"href":"http:\/\/www.tvturk.com\/index.php\/wp-json\/wp\/v2\/types\/post"}],"author":[{"embeddable":true,"href":"http:\/\/www.tvturk.com\/index.php\/wp-json\/wp\/v2\/users\/1"}],"replies":[{"embeddable":true,"href":"http:\/\/www.tvturk.com\/index.php\/wp-json\/wp\/v2\/comments?post=141555"}],"version-history":[{"count":0,"href":"http:\/\/www.tvturk.com\/index.php\/wp-json\/wp\/v2\/posts\/141555\/revisions"}],"wp:featuredmedia":[{"embeddable":true,"href":"http:\/\/www.tvturk.com\/index.php\/wp-json\/wp\/v2\/media\/141556"}],"wp:attachment":[{"href":"http:\/\/www.tvturk.com\/index.php\/wp-json\/wp\/v2\/media?parent=141555"}],"wp:term":[{"taxonomy":"category","embeddable":true,"href":"http:\/\/www.tvturk.com\/index.php\/wp-json\/wp\/v2\/categories?post=141555"},{"taxonomy":"post_tag","embeddable":true,"href":"http:\/\/www.tvturk.com\/index.php\/wp-json\/wp\/v2\/tags?post=141555"}],"curies":[{"name":"wp","href":"https:\/\/api.w.org\/{rel}","templated":true}]}}