{"id":141582,"date":"2019-04-18T14:24:10","date_gmt":"2019-04-18T11:24:10","guid":{"rendered":"http:\/\/www.tvturk.com\/index.php\/erzincanda-yaban-hayat-fotokapanlarla-goruntulendi\/"},"modified":"2019-04-18T14:24:13","modified_gmt":"2019-04-18T11:24:13","slug":"erzincanda-yaban-hayat-fotokapanlarla-goruntulendi","status":"publish","type":"post","link":"http:\/\/www.tvturk.com\/index.php\/erzincanda-yaban-hayat-fotokapanlarla-goruntulendi\/","title":{"rendered":"Erzincan\u2019da yaban hayat fotokapanlarla g\u00f6r\u00fcnt\u00fclendi"},"content":{"rendered":"<p>Erzincan\u2019da yaban hayvanlar\u0131n\u0131n t\u00fcr\u00fc ve pop\u00fclasyonun tespiti amac\u0131yla belirli avlaklara kurulan 40 fotokapanla ay\u0131, tilki, kurt, yaban domuzu, da\u011f ke\u00e7isi, va\u015fak ve nesli t\u00fckenmekte olan ur kekli\u011fi g\u00f6r\u00fcnt\u00fclendi.<\/p>\n<p>Tar\u0131m ve Orman Bakanl\u0131\u011f\u0131 Erzincan \u015eube M\u00fcd\u00fcrl\u00fc\u011f\u00fc taraf\u0131ndan Erzincan\u2019da yaban hayvanlar\u0131n g\u00f6r\u00fcnt\u00fclenmesi i\u00e7in \u00e7e\u015fitli avlak b\u00f6lgelerine kurulan fotokapanlar ile son zamanlarda g\u00f6r\u00fcnt\u00fclenen hayvan say\u0131s\u0131n\u0131n artt\u0131\u011f\u0131n\u0131n tespit edildi\u011fi kaydedildi.<\/p>\n<p>Nesli t\u00fckenmekte olan ur kekli\u011fine rastland\u0131<\/p>\n<p>\u00d6zellikle av ve yaban hayvanlar\u0131n\u0131n daha fazla \u00e7e\u015fitlilik g\u00f6sterdi\u011fi alanlarla bulunan fotokapanlar belirli aral\u0131klarla kontrol edilip \u00e7ekmi\u015f oldu\u011fu foto\u011fraf ve videolar t\u00fcr izleme \u00e7al\u0131\u015fmalar\u0131nda kullan\u0131l\u0131yor. Fotokapanlar sayesinde Erzincan\u2019da varl\u0131\u011f\u0131 \u015f\u00fcpheli durumda olan ur kekli\u011fine rastland\u0131. 2 bin 500 rak\u0131m \u00fczerinde ya\u015fayan ve nesli t\u00fckenme tehlikesi ile kar\u015f\u0131 kar\u015f\u0131ya olan ur kekli\u011finin fotokapan sayesinde Erzincan\u2019daki varl\u0131\u011f\u0131 kan\u0131tland\u0131. Fotokapan g\u00f6r\u00fcnt\u00fclerinde, ur kekli\u011finin yan\u0131 s\u0131ra yaban ke\u00e7isi, boz ay\u0131, yaban domuzu, yabani tav\u015fan, k\u0131nal\u0131 keklik, tilki, kurt gibi yaban hayvanlar\u0131na da rastland\u0131.<\/p>\n<p>Ulusal Biyolojik \u00c7e\u015fitlilik Envanteri ve \u0130zleme Projesi kapsam\u0131nda belirli noktalara kurulan fotokapanlarla hem yaban hayat\u0131 izleniyor hem de ka\u00e7ak avc\u0131l\u0131\u011f\u0131n \u00f6n\u00fcne ge\u00e7ilmesi hedefleniyor.<div class=\"tiled-gallery type-rectangular tiled-gallery-unresized\" data-original-width=\"500\" data-carousel-extra='null' itemscope itemtype=\"http:\/\/schema.org\/ImageGallery\" > <div class=\"gallery-row\" style=\"width: 500px; height: 75px;\" data-original-width=\"500\" data-original-height=\"75\" > <div class=\"gallery-group images-1\" style=\"width: 125px; height: 75px;\" data-original-width=\"125\" data-original-height=\"75\" > <div class=\"tiled-gallery-item tiled-gallery-item-small\" itemprop=\"associatedMedia\" itemscope itemtype=\"http:\/\/schema.org\/ImageObject\"> <a href=\"http:\/\/www.tvturk.com\/index.php\/erzincanda-yaban-hayat-fotokapanlarla-goruntulendi\/erzincanda-yaban-hayat-fotokapanlarla-goruntulendi-3\/\" border=\"0\" itemprop=\"url\"> <meta itemprop=\"width\" content=\"121\"> <meta itemprop=\"height\" content=\"71\"> <img decoding=\"async\" class=\"\" data-attachment-id=\"141584\" data-orig-file=\"http:\/\/www.tvturk.com\/wp-content\/uploads\/2019\/04\/erzincanda-yaban-hayat-fotokapanlarla-goruntulendi_e1164a8.jpg\" data-orig-size=\"1000,587\" data-comments-opened=\"\" data-image-meta=\"{&quot;aperture&quot;:&quot;0&quot;,&quot;credit&quot;:&quot;IHA&quot;,&quot;camera&quot;:&quot;&quot;,&quot;caption&quot;:&quot;ERZ\\u0130NCAN\\u0027DA YABAN HAYVANLARININ T\\u00dcR\\u00dc VE POP\\u00dcLASYONUN TESP\\u0130T\\u0130 AMACIYLA BEL\\u0130RL\\u0130 AVLAKLARA KURULAN 40 FOTOKAPANLA AYI, T\\u0130LK\\u0130, KURT, YABAN DOMUZU, DA\\u011e KE\\u00c7\\u0130S\\u0130, VA\\u015eAK VE NESL\\u0130 T\\u00dcKENMEKTE OLAN UR KEKL\\u0130\\u011e\\u0130 G\\u00d6R\\u00dcNT\\u00dcLEND\\u0130. (ABDULLAH ASLAN\\\/ERZ\\u0130NCAN-\\u0130HA)&quot;,&quot;created_timestamp&quot;:&quot;0&quot;,&quot;copyright&quot;:&quot;\\u0130HLAS HABER AJANSI, www.iha.com.tr&quot;,&quot;focal_length&quot;:&quot;0&quot;,&quot;iso&quot;:&quot;0&quot;,&quot;shutter_speed&quot;:&quot;0&quot;,&quot;title&quot;:&quot;ERZ\\u0130NCAN\\u0027DA YABAN HAYAT FOTOKAPANLARLA G\\u00d6R\\u00dcNT\\u00dcLEND\\u0130&quot;,&quot;orientation&quot;:&quot;0&quot;}\" data-image-title=\"Erzincan\u2019da yaban hayat fotokapanlarla g\u00f6r\u00fcnt\u00fclendi\" data-image-description=\"&lt;p&gt;Erzincan\u2019da yaban hayat fotokapanlarla g\u00f6r\u00fcnt\u00fclendi&lt;\/p&gt; \" data-medium-file=\"https:\/\/i0.wp.com\/www.tvturk.com\/wp-content\/uploads\/2019\/04\/erzincanda-yaban-hayat-fotokapanlarla-goruntulendi_e1164a8.jpg?fit=300%2C176\" data-large-file=\"https:\/\/i0.wp.com\/www.tvturk.com\/wp-content\/uploads\/2019\/04\/erzincanda-yaban-hayat-fotokapanlarla-goruntulendi_e1164a8.jpg?fit=1000%2C587\" src=\"https:\/\/i0.wp.com\/www.tvturk.com\/wp-content\/uploads\/2019\/04\/erzincanda-yaban-hayat-fotokapanlarla-goruntulendi_e1164a8.jpg?w=121&#038;h=71\" srcset=\"https:\/\/i0.wp.com\/www.tvturk.com\/wp-content\/uploads\/2019\/04\/erzincanda-yaban-hayat-fotokapanlarla-goruntulendi_e1164a8.jpg?w=1000 1000w, https:\/\/i0.wp.com\/www.tvturk.com\/wp-content\/uploads\/2019\/04\/erzincanda-yaban-hayat-fotokapanlarla-goruntulendi_e1164a8.jpg?resize=150%2C88 150w, https:\/\/i0.wp.com\/www.tvturk.com\/wp-content\/uploads\/2019\/04\/erzincanda-yaban-hayat-fotokapanlarla-goruntulendi_e1164a8.jpg?resize=300%2C176 300w, https:\/\/i0.wp.com\/www.tvturk.com\/wp-content\/uploads\/2019\/04\/erzincanda-yaban-hayat-fotokapanlarla-goruntulendi_e1164a8.jpg?resize=768%2C451 768w, https:\/\/i0.wp.com\/www.tvturk.com\/wp-content\/uploads\/2019\/04\/erzincanda-yaban-hayat-fotokapanlarla-goruntulendi_e1164a8.jpg?resize=380%2C220 380w\" width=\"121\" height=\"71\" loading=\"lazy\" data-original-width=\"121\" data-original-height=\"71\" itemprop=\"http:\/\/schema.org\/image\" title=\"Erzincan\u2019da yaban hayat fotokapanlarla g\u00f6r\u00fcnt\u00fclendi\" alt=\"Erzincan\u2019da yaban hayat fotokapanlarla g\u00f6r\u00fcnt\u00fclendi\" style=\"width: 121px; height: 71px;\" \/> <\/a> <\/div> <\/div> <!-- close group --> <div class=\"gallery-group images-1\" style=\"width: 114px; height: 75px;\" data-original-width=\"114\" data-original-height=\"75\" > <div class=\"tiled-gallery-item tiled-gallery-item-small\" itemprop=\"associatedMedia\" itemscope itemtype=\"http:\/\/schema.org\/ImageObject\"> <a href=\"http:\/\/www.tvturk.com\/index.php\/erzincanda-yaban-hayat-fotokapanlarla-goruntulendi\/erzincanda-yaban-hayat-fotokapanlarla-goruntulendi-4\/\" border=\"0\" itemprop=\"url\"> <meta itemprop=\"width\" content=\"110\"> <meta itemprop=\"height\" content=\"71\"> <img decoding=\"async\" class=\"\" data-attachment-id=\"141585\" data-orig-file=\"http:\/\/www.tvturk.com\/wp-content\/uploads\/2019\/04\/erzincanda-yaban-hayat-fotokapanlarla-goruntulendi_2a98918.jpg\" data-orig-size=\"971,631\" data-comments-opened=\"\" data-image-meta=\"{&quot;aperture&quot;:&quot;0&quot;,&quot;credit&quot;:&quot;IHA&quot;,&quot;camera&quot;:&quot;&quot;,&quot;caption&quot;:&quot;ERZ\\u0130NCAN\\u0027DA YABAN HAYVANLARININ T\\u00dcR\\u00dc VE POP\\u00dcLASYONUN TESP\\u0130T\\u0130 AMACIYLA BEL\\u0130RL\\u0130 AVLAKLARA KURULAN 40 FOTOKAPANLA AYI, T\\u0130LK\\u0130, KURT, YABAN DOMUZU, DA\\u011e KE\\u00c7\\u0130S\\u0130, VA\\u015eAK VE NESL\\u0130 T\\u00dcKENMEKTE OLAN UR KEKL\\u0130\\u011e\\u0130 G\\u00d6R\\u00dcNT\\u00dcLEND\\u0130. (ABDULLAH ASLAN\\\/ERZ\\u0130NCAN-\\u0130HA)&quot;,&quot;created_timestamp&quot;:&quot;0&quot;,&quot;copyright&quot;:&quot;\\u0130HLAS HABER AJANSI, www.iha.com.tr&quot;,&quot;focal_length&quot;:&quot;0&quot;,&quot;iso&quot;:&quot;0&quot;,&quot;shutter_speed&quot;:&quot;0&quot;,&quot;title&quot;:&quot;ERZ\\u0130NCAN\\u0027DA YABAN HAYAT FOTOKAPANLARLA G\\u00d6R\\u00dcNT\\u00dcLEND\\u0130&quot;,&quot;orientation&quot;:&quot;1&quot;}\" data-image-title=\"Erzincan\u2019da yaban hayat fotokapanlarla g\u00f6r\u00fcnt\u00fclendi\" data-image-description=\"&lt;p&gt;Erzincan\u2019da yaban hayat fotokapanlarla g\u00f6r\u00fcnt\u00fclendi&lt;\/p&gt; \" data-medium-file=\"https:\/\/i0.wp.com\/www.tvturk.com\/wp-content\/uploads\/2019\/04\/erzincanda-yaban-hayat-fotokapanlarla-goruntulendi_2a98918.jpg?fit=300%2C195\" data-large-file=\"https:\/\/i0.wp.com\/www.tvturk.com\/wp-content\/uploads\/2019\/04\/erzincanda-yaban-hayat-fotokapanlarla-goruntulendi_2a98918.jpg?fit=971%2C631\" src=\"https:\/\/i0.wp.com\/www.tvturk.com\/wp-content\/uploads\/2019\/04\/erzincanda-yaban-hayat-fotokapanlarla-goruntulendi_2a98918.jpg?w=110&#038;h=71\" srcset=\"https:\/\/i0.wp.com\/www.tvturk.com\/wp-content\/uploads\/2019\/04\/erzincanda-yaban-hayat-fotokapanlarla-goruntulendi_2a98918.jpg?w=971 971w, https:\/\/i0.wp.com\/www.tvturk.com\/wp-content\/uploads\/2019\/04\/erzincanda-yaban-hayat-fotokapanlarla-goruntulendi_2a98918.jpg?resize=150%2C97 150w, https:\/\/i0.wp.com\/www.tvturk.com\/wp-content\/uploads\/2019\/04\/erzincanda-yaban-hayat-fotokapanlarla-goruntulendi_2a98918.jpg?resize=300%2C195 300w, https:\/\/i0.wp.com\/www.tvturk.com\/wp-content\/uploads\/2019\/04\/erzincanda-yaban-hayat-fotokapanlarla-goruntulendi_2a98918.jpg?resize=768%2C499 768w, https:\/\/i0.wp.com\/www.tvturk.com\/wp-content\/uploads\/2019\/04\/erzincanda-yaban-hayat-fotokapanlarla-goruntulendi_2a98918.jpg?resize=510%2C330 510w\" width=\"110\" height=\"71\" loading=\"lazy\" data-original-width=\"110\" data-original-height=\"71\" itemprop=\"http:\/\/schema.org\/image\" title=\"Erzincan\u2019da yaban hayat fotokapanlarla g\u00f6r\u00fcnt\u00fclendi\" alt=\"Erzincan\u2019da yaban hayat fotokapanlarla g\u00f6r\u00fcnt\u00fclendi\" style=\"width: 110px; height: 71px;\" \/> <\/a> <\/div> <\/div> <!-- close group --> <div class=\"gallery-group images-1\" style=\"width: 131px; height: 75px;\" data-original-width=\"131\" data-original-height=\"75\" > <div class=\"tiled-gallery-item tiled-gallery-item-small\" itemprop=\"associatedMedia\" itemscope itemtype=\"http:\/\/schema.org\/ImageObject\"> <a href=\"http:\/\/www.tvturk.com\/index.php\/erzincanda-yaban-hayat-fotokapanlarla-goruntulendi\/erzincanda-yaban-hayat-fotokapanlarla-goruntulendi-5\/\" border=\"0\" itemprop=\"url\"> <meta itemprop=\"width\" content=\"127\"> <meta itemprop=\"height\" content=\"71\"> <img decoding=\"async\" class=\"\" data-attachment-id=\"141586\" data-orig-file=\"http:\/\/www.tvturk.com\/wp-content\/uploads\/2019\/04\/erzincanda-yaban-hayat-fotokapanlarla-goruntulendi_51ddcd9.jpg\" data-orig-size=\"650,365\" data-comments-opened=\"\" data-image-meta=\"{&quot;aperture&quot;:&quot;0&quot;,&quot;credit&quot;:&quot;IHA&quot;,&quot;camera&quot;:&quot;&quot;,&quot;caption&quot;:&quot;ERZ\\u0130NCAN\\u0027DA YABAN HAYVANLARININ T\\u00dcR\\u00dc VE POP\\u00dcLASYONUN TESP\\u0130T\\u0130 AMACIYLA BEL\\u0130RL\\u0130 AVLAKLARA KURULAN 40 FOTOKAPANLA AYI, T\\u0130LK\\u0130, KURT, YABAN DOMUZU, DA\\u011e KE\\u00c7\\u0130S\\u0130, VA\\u015eAK VE NESL\\u0130 T\\u00dcKENMEKTE OLAN UR KEKL\\u0130\\u011e\\u0130 G\\u00d6R\\u00dcNT\\u00dcLEND\\u0130. (ABDULLAH ASLAN\\\/ERZ\\u0130NCAN-\\u0130HA)&quot;,&quot;created_timestamp&quot;:&quot;0&quot;,&quot;copyright&quot;:&quot;\\u0130HLAS HABER AJANSI, www.iha.com.tr&quot;,&quot;focal_length&quot;:&quot;0&quot;,&quot;iso&quot;:&quot;0&quot;,&quot;shutter_speed&quot;:&quot;0&quot;,&quot;title&quot;:&quot;ERZ\\u0130NCAN\\u0027DA YABAN HAYAT FOTOKAPANLARLA G\\u00d6R\\u00dcNT\\u00dcLEND\\u0130&quot;,&quot;orientation&quot;:&quot;1&quot;}\" data-image-title=\"Erzincan\u2019da yaban hayat fotokapanlarla g\u00f6r\u00fcnt\u00fclendi\" data-image-description=\"&lt;p&gt;Erzincan\u2019da yaban hayat fotokapanlarla g\u00f6r\u00fcnt\u00fclendi&lt;\/p&gt; \" data-medium-file=\"https:\/\/i0.wp.com\/www.tvturk.com\/wp-content\/uploads\/2019\/04\/erzincanda-yaban-hayat-fotokapanlarla-goruntulendi_51ddcd9.jpg?fit=300%2C168\" data-large-file=\"https:\/\/i0.wp.com\/www.tvturk.com\/wp-content\/uploads\/2019\/04\/erzincanda-yaban-hayat-fotokapanlarla-goruntulendi_51ddcd9.jpg?fit=650%2C365\" src=\"https:\/\/i0.wp.com\/www.tvturk.com\/wp-content\/uploads\/2019\/04\/erzincanda-yaban-hayat-fotokapanlarla-goruntulendi_51ddcd9.jpg?w=127&#038;h=71\" srcset=\"https:\/\/i0.wp.com\/www.tvturk.com\/wp-content\/uploads\/2019\/04\/erzincanda-yaban-hayat-fotokapanlarla-goruntulendi_51ddcd9.jpg?w=650 650w, https:\/\/i0.wp.com\/www.tvturk.com\/wp-content\/uploads\/2019\/04\/erzincanda-yaban-hayat-fotokapanlarla-goruntulendi_51ddcd9.jpg?resize=150%2C84 150w, https:\/\/i0.wp.com\/www.tvturk.com\/wp-content\/uploads\/2019\/04\/erzincanda-yaban-hayat-fotokapanlarla-goruntulendi_51ddcd9.jpg?resize=300%2C168 300w, https:\/\/i0.wp.com\/www.tvturk.com\/wp-content\/uploads\/2019\/04\/erzincanda-yaban-hayat-fotokapanlarla-goruntulendi_51ddcd9.jpg?resize=200%2C113 200w\" width=\"127\" height=\"71\" loading=\"lazy\" data-original-width=\"127\" data-original-height=\"71\" itemprop=\"http:\/\/schema.org\/image\" title=\"Erzincan\u2019da yaban hayat fotokapanlarla g\u00f6r\u00fcnt\u00fclendi\" alt=\"Erzincan\u2019da yaban hayat fotokapanlarla g\u00f6r\u00fcnt\u00fclendi\" style=\"width: 127px; height: 71px;\" \/> <\/a> <\/div> <\/div> <!-- close group --> <div class=\"gallery-group images-1\" style=\"width: 130px; height: 75px;\" data-original-width=\"130\" data-original-height=\"75\" > <div class=\"tiled-gallery-item tiled-gallery-item-small\" itemprop=\"associatedMedia\" itemscope itemtype=\"http:\/\/schema.org\/ImageObject\"> <a href=\"http:\/\/www.tvturk.com\/index.php\/erzincanda-yaban-hayat-fotokapanlarla-goruntulendi\/erzincanda-yaban-hayat-fotokapanlarla-goruntulendi-6\/\" border=\"0\" itemprop=\"url\"> <meta itemprop=\"width\" content=\"126\"> <meta itemprop=\"height\" content=\"71\"> <img decoding=\"async\" class=\"\" data-attachment-id=\"141587\" data-orig-file=\"http:\/\/www.tvturk.com\/wp-content\/uploads\/2019\/04\/erzincanda-yaban-hayat-fotokapanlarla-goruntulendi_f75ad23.jpg\" data-orig-size=\"1000,567\" data-comments-opened=\"\" data-image-meta=\"{&quot;aperture&quot;:&quot;0&quot;,&quot;credit&quot;:&quot;IHA&quot;,&quot;camera&quot;:&quot;&quot;,&quot;caption&quot;:&quot;ERZ\\u0130NCAN\\u0027DA YABAN HAYVANLARININ T\\u00dcR\\u00dc VE POP\\u00dcLASYONUN TESP\\u0130T\\u0130 AMACIYLA BEL\\u0130RL\\u0130 AVLAKLARA KURULAN 40 FOTOKAPANLA AYI, T\\u0130LK\\u0130, KURT, YABAN DOMUZU, DA\\u011e KE\\u00c7\\u0130S\\u0130, VA\\u015eAK VE NESL\\u0130 T\\u00dcKENMEKTE OLAN UR KEKL\\u0130\\u011e\\u0130 G\\u00d6R\\u00dcNT\\u00dcLEND\\u0130. (ABDULLAH ASLAN\\\/ERZ\\u0130NCAN-\\u0130HA)&quot;,&quot;created_timestamp&quot;:&quot;0&quot;,&quot;copyright&quot;:&quot;\\u0130HLAS HABER AJANSI, www.iha.com.tr&quot;,&quot;focal_length&quot;:&quot;0&quot;,&quot;iso&quot;:&quot;0&quot;,&quot;shutter_speed&quot;:&quot;0&quot;,&quot;title&quot;:&quot;ERZ\\u0130NCAN\\u0027DA YABAN HAYAT FOTOKAPANLARLA G\\u00d6R\\u00dcNT\\u00dcLEND\\u0130&quot;,&quot;orientation&quot;:&quot;0&quot;}\" data-image-title=\"Erzincan\u2019da yaban hayat fotokapanlarla g\u00f6r\u00fcnt\u00fclendi\" data-image-description=\"&lt;p&gt;Erzincan\u2019da yaban hayat fotokapanlarla g\u00f6r\u00fcnt\u00fclendi&lt;\/p&gt; \" data-medium-file=\"https:\/\/i0.wp.com\/www.tvturk.com\/wp-content\/uploads\/2019\/04\/erzincanda-yaban-hayat-fotokapanlarla-goruntulendi_f75ad23.jpg?fit=300%2C170\" data-large-file=\"https:\/\/i0.wp.com\/www.tvturk.com\/wp-content\/uploads\/2019\/04\/erzincanda-yaban-hayat-fotokapanlarla-goruntulendi_f75ad23.jpg?fit=1000%2C567\" src=\"https:\/\/i0.wp.com\/www.tvturk.com\/wp-content\/uploads\/2019\/04\/erzincanda-yaban-hayat-fotokapanlarla-goruntulendi_f75ad23.jpg?w=126&#038;h=71\" srcset=\"https:\/\/i0.wp.com\/www.tvturk.com\/wp-content\/uploads\/2019\/04\/erzincanda-yaban-hayat-fotokapanlarla-goruntulendi_f75ad23.jpg?w=1000 1000w, https:\/\/i0.wp.com\/www.tvturk.com\/wp-content\/uploads\/2019\/04\/erzincanda-yaban-hayat-fotokapanlarla-goruntulendi_f75ad23.jpg?resize=150%2C85 150w, https:\/\/i0.wp.com\/www.tvturk.com\/wp-content\/uploads\/2019\/04\/erzincanda-yaban-hayat-fotokapanlarla-goruntulendi_f75ad23.jpg?resize=300%2C170 300w, https:\/\/i0.wp.com\/www.tvturk.com\/wp-content\/uploads\/2019\/04\/erzincanda-yaban-hayat-fotokapanlarla-goruntulendi_f75ad23.jpg?resize=768%2C435 768w, https:\/\/i0.wp.com\/www.tvturk.com\/wp-content\/uploads\/2019\/04\/erzincanda-yaban-hayat-fotokapanlarla-goruntulendi_f75ad23.jpg?resize=200%2C113 200w\" width=\"126\" height=\"71\" loading=\"lazy\" data-original-width=\"126\" data-original-height=\"71\" itemprop=\"http:\/\/schema.org\/image\" title=\"Erzincan\u2019da yaban hayat fotokapanlarla g\u00f6r\u00fcnt\u00fclendi\" alt=\"Erzincan\u2019da yaban hayat fotokapanlarla g\u00f6r\u00fcnt\u00fclendi\" style=\"width: 126px; height: 71px;\" \/> <\/a> <\/div> <\/div> <!-- close group --> <\/div> <!-- close row --> <\/div><\/p>\n","protected":false},"excerpt":{"rendered":"<p>ERZ\u0130NCAN&#8217;DA YABAN HAYVANLARININ T\u00dcR\u00dc VE POP\u00dcLASYONUN TESP\u0130T\u0130 AMACIYLA BEL\u0130RL\u0130 AVLAKLARA KURULAN 40 FOTOKAPANLA AYI, T\u0130LK\u0130, KURT, YABAN DOMUZU, DA\u011e KE\u00c7\u0130S\u0130, VA\u015eAK VE NESL\u0130 T\u00dcKENMEKTE OLAN UR KEKL\u0130\u011e\u0130 G\u00d6R\u00dcNT\u00dcLEND\u0130.<\/p>\n","protected":false},"author":1,"featured_media":141583,"comment_status":"closed","ping_status":"open","sticky":false,"template":"","format":"standard","meta":{"jetpack_post_was_ever_published":false,"_jetpack_newsletter_access":"","_jetpack_dont_email_post_to_subs":false,"_jetpack_newsletter_tier_id":0,"_jetpack_memberships_contains_paywalled_content":false,"_jetpack_memberships_contains_paid_content":false,"footnotes":"","jetpack_publicize_message":"","jetpack_publicize_feature_enabled":true,"jetpack_social_post_already_shared":true,"jetpack_social_options":{"image_generator_settings":{"template":"highway","default_image_id":0,"font":"","enabled":false},"version":2}},"categories":[1],"tags":[3732,29444,3388,606,4096],"class_list":["post-141582","post","type-post","status-publish","format-standard","has-post-thumbnail","hentry","category-genel","tag-erzincanda","tag-fotokapanlarla","tag-goruntulendi","tag-hayat","tag-yaban"],"jetpack_publicize_connections":[],"jetpack_featured_media_url":"https:\/\/i0.wp.com\/www.tvturk.com\/wp-content\/uploads\/2019\/04\/erzincanda-yaban-hayat-fotokapanlarla-goruntulendi_31121c2.jpg?fit=820%2C594","jetpack_sharing_enabled":true,"jetpack_shortlink":"https:\/\/wp.me\/paKIfm-APA","_links":{"self":[{"href":"http:\/\/www.tvturk.com\/index.php\/wp-json\/wp\/v2\/posts\/141582","targetHints":{"allow":["GET"]}}],"collection":[{"href":"http:\/\/www.tvturk.com\/index.php\/wp-json\/wp\/v2\/posts"}],"about":[{"href":"http:\/\/www.tvturk.com\/index.php\/wp-json\/wp\/v2\/types\/post"}],"author":[{"embeddable":true,"href":"http:\/\/www.tvturk.com\/index.php\/wp-json\/wp\/v2\/users\/1"}],"replies":[{"embeddable":true,"href":"http:\/\/www.tvturk.com\/index.php\/wp-json\/wp\/v2\/comments?post=141582"}],"version-history":[{"count":1,"href":"http:\/\/www.tvturk.com\/index.php\/wp-json\/wp\/v2\/posts\/141582\/revisions"}],"predecessor-version":[{"id":141588,"href":"http:\/\/www.tvturk.com\/index.php\/wp-json\/wp\/v2\/posts\/141582\/revisions\/141588"}],"wp:featuredmedia":[{"embeddable":true,"href":"http:\/\/www.tvturk.com\/index.php\/wp-json\/wp\/v2\/media\/141583"}],"wp:attachment":[{"href":"http:\/\/www.tvturk.com\/index.php\/wp-json\/wp\/v2\/media?parent=141582"}],"wp:term":[{"taxonomy":"category","embeddable":true,"href":"http:\/\/www.tvturk.com\/index.php\/wp-json\/wp\/v2\/categories?post=141582"},{"taxonomy":"post_tag","embeddable":true,"href":"http:\/\/www.tvturk.com\/index.php\/wp-json\/wp\/v2\/tags?post=141582"}],"curies":[{"name":"wp","href":"https:\/\/api.w.org\/{rel}","templated":true}]}}