{"id":14162,"date":"2019-02-09T07:52:46","date_gmt":"2019-02-09T04:52:46","guid":{"rendered":"http:\/\/www.tvturk.com\/index.php\/ozhasekiye-haymanada-coskulu-karsilama\/"},"modified":"2019-02-09T07:52:48","modified_gmt":"2019-02-09T04:52:48","slug":"ozhasekiye-haymanada-coskulu-karsilama","status":"publish","type":"post","link":"http:\/\/www.tvturk.com\/index.php\/ozhasekiye-haymanada-coskulu-karsilama\/","title":{"rendered":"\u00d6zhaseki\u2019ye haymana\u2019da co\u015fkulu kar\u015f\u0131lama"},"content":{"rendered":"<p>Cumhur \u0130ttifak\u0131\u2019n\u0131n Ankara B\u00fcy\u00fck\u015fehir Belediye Ba\u015fkan Aday\u0131 Mehmet \u00d6zhaseki, il\u00e7e ziyaretlerine h\u0131z kesmeden devam ediyor.<\/p>\n<p>Haymana\u2019da, y\u00fczlerce il\u00e7elinin sevgi g\u00f6sterileriyle kar\u015f\u0131lanan \u00d6zhaseki, Haymana Belediyesi taraf\u0131ndan yap\u0131m\u0131 ger\u00e7ekle\u015ftirilen tesislerin toplu a\u00e7\u0131l\u0131\u015f t\u00f6renine de kat\u0131ld\u0131.<\/p>\n<p>\u0130l\u00e7e belediyelerle el ele<\/p>\n<p>Ba\u015fkent\u2019i mahalle mahalle gezerek, hem esnafla hem vatanda\u015flarla hem de Sivil Toplum Kurulu\u015flar\u0131 (STK) ile birebir g\u00f6r\u00fc\u015fmeler ger\u00e7ekle\u015ftiren \u00d6zhaseki\u2019ye Haymana ziyaretinde AK Parti Ankara Milletvekili Yal\u00e7\u0131n Akdo\u011fan ve Cumhur \u0130ttifak\u0131 Haymana Belediye Ba\u015fkan Aday\u0131 \u00d6zdemir Turgut da e\u015flik etti.<\/p>\n<p>Haymana Belediye Ba\u015fkan\u0131 \u00d6zdemir Turgut, il\u00e7elilere \u00e7a\u011fr\u0131da bulunarak, \u201cBana ne kadar oy veriyorsan\u0131z, benden daha fazlas\u0131n\u0131 \u00d6zhaseki ba\u015fkan\u0131m\u0131za vereceksiniz. Allah\u2019\u0131n izniyle Ankara\u2019da B\u00fcy\u00fck\u015fehir Belediye Ba\u015fkan\u0131 olarak g\u00f6rece\u011fiz kendisini. Bir de m\u00fcjde vereyim, do\u011falgaz i\u00e7in bu y\u0131l ilk kazma vurulacak\u201d dedi.<\/p>\n<p>\u201c\u00d6zhaseki, belediyecilikte bir markad\u0131r\u201d<\/p>\n<p>\u201c\u00d6zhakesi Ba\u015fkan Ankara i\u00e7in b\u00fcy\u00fck bir \u015fanst\u0131r\u201d diyen AK Parti Ankara Milletvekili Yal\u00e7\u0131n Akdo\u011fan, \u00d6zhaseki\u2019nin belediyecilikte marka isim oldu\u011funu vurgulad\u0131.<\/p>\n<p>Cumhurba\u015fkan\u0131 Recep Tayyip Erdo\u011fan\u2019\u0131n \u0130stanbul B\u00fcy\u00fck\u015fehir Belediye Ba\u015fkanl\u0131\u011f\u0131 d\u00f6neminde yazd\u0131\u011f\u0131 destan\u0131 \u00d6zhaseki\u2019nin de Kayseri\u2019de yazd\u0131\u011f\u0131na dikkat \u00e7eken Akdo\u011fan, CHP Ankara Belediye Ba\u015fkan Aday\u0131 Mansur Yava\u015f\u2019\u0131n \u201cdevlet ve siyaset tecr\u00fcbesi\u201dne sahip olmad\u0131\u011f\u0131n\u0131 s\u00f6yledi.<\/p>\n<p>Yava\u015f\u2019\u0131n daha \u00f6nce kaybetti\u011fi se\u00e7imleri de hat\u0131rlatan Akdo\u011fan \u015f\u00f6yle konu\u015ftu:<\/p>\n<p>\u201c\u015eimdi CHP zihniyetinin aday\u0131 olarak ortaya \u00e7\u0131kt\u0131 ama Mehmet \u00d6zhaseki\u2019de t\u00fcm tecr\u00fcbelerin hepsi var. Ankara topyek\u00fcn kalk\u0131nacaksa, merkezi y\u00f6netimi ve il\u00e7e belediyeleriyle bunu sa\u011flayacak isim olarak Say\u0131n Cumuhrba\u015fkan\u0131m\u0131z, \u00d6zhaseki ba\u015fkan\u0131m\u0131z\u0131 aday olarak g\u00f6sterdi. Bize de onu bu g\u00f6reve ta\u015f\u0131mak d\u00fc\u015fer.\u201d<\/p>\n<p>\u00d6zhaseki\u2019den haymanal\u0131lara m\u00fcjde<\/p>\n<p>Sa\u011fanak ya\u011fmur ve so\u011fu\u011fa ra\u011fmen Haymana\u2019da SKM \u00f6n\u00fcn\u00fc dolduran y\u00fczlerce il\u00e7elinin sloganlar\u0131 e\u015fli\u011finde k\u00fcrs\u00fcye \u00e7\u0131kan \u00d6zhaseki, s\u00f6zlerine Haymanal\u0131lara te\u015fekk\u00fcr ederek ba\u015flad\u0131.<\/p>\n<p>\u201c\u0130yi g\u00fcnde, k\u00f6t\u00fc g\u00fcnde, ya\u011fmur demeden \u00e7amur demeden yan\u0131m\u0131zdas\u0131n\u0131z. Sizlere te\u015fekk\u00fcr ediyorum\u201d diyen \u00d6zhaseki, Haymanal\u0131lara m\u00fcjde de verdi.<\/p>\n<p>Haymana\u2019da yap\u0131lacak projeleri ayr\u0131nt\u0131lar\u0131yla anlatan \u00d6zhaseki, \u201c\u0130\u00e7me suyu \u015febekesinin bir k\u0131sm\u0131 tamamland\u0131 ama tamam\u0131 yenilenecek. S\u0131cak asfalt d\u00f6k\u00fclecek, Aile Ya\u015fam Merkezi yap\u0131lacak. \u0130\u015fin \u00f6zeti \u015fehrin merkezinde ne varsa, il\u00e7ede de o olacak. \u0130l\u00e7e sakinleri ya\u015fad\u0131klar\u0131 yerden keyif alacak, k\u0131rsal destekler var, bunlar\u0131 buraya y\u00f6nlendirip, buran\u0131n canland\u0131r\u0131lmas\u0131n\u0131 sa\u011flayaca\u011f\u0131z\u201d diye konu\u015ftu.<\/p>\n<p>Haymana\u2019n\u0131n d\u00fcnyan\u0131n en iyi jeotermal su kaynaklar\u0131na sahip oldu\u011funu belirten \u00d6zhaseki, \u201cYapaca\u011f\u0131m\u0131z \u00e7al\u0131\u015fmalarla buraya turist ya\u011facak. Ben \u015fimdiye kadar hangi se\u00e7ime girdiysem dersimi \u00e7al\u0131\u015ft\u0131m ama kar\u015f\u0131 taraf ortaya hi\u00e7bir proje koyamad\u0131\u201d dedi.<\/p>\n<p>\u0130\u015fte o projeler<\/p>\n<p>Haymana Aile Ya\u015fam Merkezi,<\/p>\n<p>Haymana \u015eehitler Meydan\u0131,<\/p>\n<p>Hasana\u011fa Deresi Rekreasyon Projesi,<\/p>\n<p>Sa\u011fl\u0131k Turizmi Destekleme Projeleri,<\/p>\n<p>\u00d6mer \u00d6zkan Park\u0131,<\/p>\n<p>Haymana \u0130tfaiye \u0130stasyonu,<\/p>\n<p>Hibe Destek Projeleri,<\/p>\n<p>Mahallelere Mini Futbol, Voleybol, Basketbol Sahalar\u0131 ve Potalar\u0131,<\/p>\n<p>Eri\u015filebilir Belediye,<\/p>\n<p>S\u0131f\u0131r At\u0131k Projesi,<\/p>\n<p>Cami-Abdesthane Tadilat ve Bak\u0131m Onar\u0131m\u0131,<\/p>\n<p>K\u00f6y Mezarl\u0131klar\u0131 D\u00fczenlemesi,<\/p>\n<p>Grup Yollar\u0131, Mahalle Alt Yap\u0131lar\u0131n\u0131n Tamamlamas\u0131 ve Dere Ge\u00e7i\u015f K\u00f6pr\u00fcleri<\/p>\n<p>\u201cK\u0131l\u0131\u00e7daro\u011flu\u2019ndan kazand\u0131\u011f\u0131m tazminatla haymana\u2019da da d\u00f6ner da\u011f\u0131taca\u011f\u0131m\u201d<\/p>\n<p>CHP Genel Ba\u015fkan\u0131 Kemal K\u0131l\u0131\u00e7daro\u011flu\u2019ndan kazand\u0131\u011f\u0131 tazminat paras\u0131yla Ankara\u2019da vatanda\u015flara d\u00f6ner da\u011f\u0131taca\u011f\u0131n\u0131 a\u00e7\u0131klayan Mehmet \u00d6zhaseki, \u201cD\u00f6ner tezgahlar\u0131ndan birini de Haymana\u2019da kuraca\u011f\u0131z\u201d a\u00e7\u0131klamas\u0131n\u0131 yapt\u0131.<\/p>\n<p>\u201cHer g\u00fcn buraday\u0131z, yeter ki istekte bulunun\u201d s\u00f6zleriyle Haymanal\u0131lara seslenen \u00d6zhaseki, \u201cBunlar\u0131n hepsini yapmaya g\u00fcc\u00fcm\u00fcz var. Yetmedi\u011fi yerde de Cumhurba\u015fkan\u0131m\u0131z var, Allah raz\u0131 olsun\u201d diye konu\u015ftu.<\/p>\n<p>\u201c31 Mart ak\u015fam\u0131na kadar herkesle g\u00f6r\u00fc\u015f\u00fcp \u00e7al\u0131\u015fmaya var m\u0131s\u0131n\u0131z? S\u00f6z m\u00fc?\u201d sorusuna da Haymanal\u0131lardan \u201cs\u00f6z\u201d cevab\u0131n\u0131 alan \u00d6zhaseki, vatanda\u015flarla da yak\u0131ndan ilgilendi, esnafla sohbet etti. \u0130l\u00e7e ziyareti s\u0131ras\u0131nda ayr\u0131ca 73 ya\u015f\u0131ndaki Mehkune Y\u00fcnl\u00fc\u2019n\u00fcn sa\u011fl\u0131k sorunlar\u0131n\u0131 dinleyen \u00d6zhaseki, tedavisinin yap\u0131lmas\u0131 i\u00e7in de ilgililere talimat verdi.<\/p>\n<p>CHP\u2019ye zihniyet ele\u015ftirisi<\/p>\n<p>Se\u00e7im Koordinasyon Merkezi\u2019nin a\u00e7\u0131l\u0131\u015f\u0131n\u0131 da ger\u00e7ekle\u015ftiren \u00d6zhaseki daha sonra AK Parti \u0130l\u00e7e Ba\u015fkanl\u0131\u011f\u0131 ile MHP \u0130l\u00e7e Ba\u015fkanl\u0131\u011f\u0131\u2019n\u0131 da ziyaret etti.<\/p>\n<p>MHP \u0130l\u00e7e Ba\u015fkanl\u0131\u011f\u0131n\u0131 ziyareti s\u0131ras\u0131nda CHP\u2019nin siyaset anlay\u0131\u015f\u0131n\u0131 ele\u015ftiren \u00d6zhaseki, \u201cAtat\u00fcrk\u2019\u00fcn kurdu\u011fu CHP Deniz Baykal\u2019dan sonra zihniyet de\u011fi\u015ftirdi. Bir taraftan \u00fclk\u00fcc\u00fc oylar\u0131na talip olurken di\u011fer taraftan da HDP ile gizli g\u00f6r\u00fc\u015fmeler ger\u00e7ekle\u015ftirerek, onlar\u0131n oylar\u0131na talip oluyor. B\u00f6yle bir \u015fey olamaz\u201d dedi.<div class=\"tiled-gallery type-rectangular tiled-gallery-unresized\" data-original-width=\"500\" data-carousel-extra='null' itemscope itemtype=\"http:\/\/schema.org\/ImageGallery\" > <div class=\"gallery-row\" style=\"width: 500px; height: 168px;\" data-original-width=\"500\" data-original-height=\"168\" > <div class=\"gallery-group images-1\" style=\"width: 250px; height: 168px;\" data-original-width=\"250\" data-original-height=\"168\" > <div class=\"tiled-gallery-item tiled-gallery-item-small\" itemprop=\"associatedMedia\" itemscope itemtype=\"http:\/\/schema.org\/ImageObject\"> <a href=\"http:\/\/www.tvturk.com\/index.php\/ozhasekiye-haymanada-coskulu-karsilama\/ozhasekiye-haymanada-coskulu-karsilama-3\/\" border=\"0\" itemprop=\"url\"> <meta itemprop=\"width\" content=\"246\"> <meta itemprop=\"height\" content=\"164\"> <img decoding=\"async\" class=\"\" data-attachment-id=\"14164\" data-orig-file=\"http:\/\/www.tvturk.com\/wp-content\/uploads\/2019\/02\/ozhasekiye-haymanada-coskulu-karsilama_ba68236.jpg\" data-orig-size=\"1000,666\" data-comments-opened=\"\" data-image-meta=\"{&quot;aperture&quot;:&quot;0&quot;,&quot;credit&quot;:&quot;IHA&quot;,&quot;camera&quot;:&quot;&quot;,&quot;caption&quot;:&quot;CUMHUR \\u0130TT\\u0130FAKI\\u2019NIN ANKARA BELED\\u0130YE BA\\u015eKAN ADAYI MEHMET \\u00d6ZHASEK\\u0130, \\u0130L\\u00c7E Z\\u0130YARETLER\\u0130NE HIZ KESMEDEN DEVAM ED\\u0130YOR. (\\u0130HA\\\/ANKARA-\\u0130HA)&quot;,&quot;created_timestamp&quot;:&quot;0&quot;,&quot;copyright&quot;:&quot;\\u0130HLAS HABER AJANSI, www.iha.com.tr&quot;,&quot;focal_length&quot;:&quot;0&quot;,&quot;iso&quot;:&quot;0&quot;,&quot;shutter_speed&quot;:&quot;0&quot;,&quot;title&quot;:&quot;\\u00d6ZHASEK\\u0130\\u2019YE HAYMANA\\u2019DA CO\\u015eKULU KAR\\u015eILAMA&quot;,&quot;orientation&quot;:&quot;0&quot;}\" data-image-title=\"\u00d6zhaseki\u2019ye haymana\u2019da co\u015fkulu kar\u015f\u0131lama\" data-image-description=\"&lt;p&gt;\u00d6zhaseki\u2019ye haymana\u2019da co\u015fkulu kar\u015f\u0131lama&lt;\/p&gt; \" data-medium-file=\"https:\/\/i0.wp.com\/www.tvturk.com\/wp-content\/uploads\/2019\/02\/ozhasekiye-haymanada-coskulu-karsilama_ba68236.jpg?fit=300%2C200\" data-large-file=\"https:\/\/i0.wp.com\/www.tvturk.com\/wp-content\/uploads\/2019\/02\/ozhasekiye-haymanada-coskulu-karsilama_ba68236.jpg?fit=1000%2C666\" src=\"https:\/\/i0.wp.com\/www.tvturk.com\/wp-content\/uploads\/2019\/02\/ozhasekiye-haymanada-coskulu-karsilama_ba68236.jpg?w=246&#038;h=164\" srcset=\"https:\/\/i0.wp.com\/www.tvturk.com\/wp-content\/uploads\/2019\/02\/ozhasekiye-haymanada-coskulu-karsilama_ba68236.jpg?w=1000 1000w, https:\/\/i0.wp.com\/www.tvturk.com\/wp-content\/uploads\/2019\/02\/ozhasekiye-haymanada-coskulu-karsilama_ba68236.jpg?resize=150%2C100 150w, https:\/\/i0.wp.com\/www.tvturk.com\/wp-content\/uploads\/2019\/02\/ozhasekiye-haymanada-coskulu-karsilama_ba68236.jpg?resize=300%2C200 300w, https:\/\/i0.wp.com\/www.tvturk.com\/wp-content\/uploads\/2019\/02\/ozhasekiye-haymanada-coskulu-karsilama_ba68236.jpg?resize=768%2C511 768w, https:\/\/i0.wp.com\/www.tvturk.com\/wp-content\/uploads\/2019\/02\/ozhasekiye-haymanada-coskulu-karsilama_ba68236.jpg?resize=170%2C113 170w, https:\/\/i0.wp.com\/www.tvturk.com\/wp-content\/uploads\/2019\/02\/ozhasekiye-haymanada-coskulu-karsilama_ba68236.jpg?resize=120%2C80 120w\" width=\"246\" height=\"164\" loading=\"lazy\" data-original-width=\"246\" data-original-height=\"164\" itemprop=\"http:\/\/schema.org\/image\" title=\"\u00d6zhaseki\u2019ye haymana\u2019da co\u015fkulu kar\u015f\u0131lama\" alt=\"\u00d6zhaseki\u2019ye haymana\u2019da co\u015fkulu kar\u015f\u0131lama\" style=\"width: 246px; height: 164px;\" \/> <\/a> <\/div> <\/div> <!-- close group --> <div class=\"gallery-group images-1\" style=\"width: 250px; height: 168px;\" data-original-width=\"250\" data-original-height=\"168\" > <div class=\"tiled-gallery-item tiled-gallery-item-small\" itemprop=\"associatedMedia\" itemscope itemtype=\"http:\/\/schema.org\/ImageObject\"> <a href=\"http:\/\/www.tvturk.com\/index.php\/ozhasekiye-haymanada-coskulu-karsilama\/ozhasekiye-haymanada-coskulu-karsilama-4\/\" border=\"0\" itemprop=\"url\"> <meta itemprop=\"width\" content=\"246\"> <meta itemprop=\"height\" content=\"164\"> <img decoding=\"async\" class=\"\" data-attachment-id=\"14165\" data-orig-file=\"http:\/\/www.tvturk.com\/wp-content\/uploads\/2019\/02\/ozhasekiye-haymanada-coskulu-karsilama_aeeecd7.jpg\" data-orig-size=\"1000,666\" data-comments-opened=\"\" data-image-meta=\"{&quot;aperture&quot;:&quot;0&quot;,&quot;credit&quot;:&quot;IHA&quot;,&quot;camera&quot;:&quot;&quot;,&quot;caption&quot;:&quot;CUMHUR \\u0130TT\\u0130FAKI\\u2019NIN ANKARA BELED\\u0130YE BA\\u015eKAN ADAYI MEHMET \\u00d6ZHASEK\\u0130, \\u0130L\\u00c7E Z\\u0130YARETLER\\u0130NE HIZ KESMEDEN DEVAM ED\\u0130YOR. (\\u0130HA\\\/ANKARA-\\u0130HA)&quot;,&quot;created_timestamp&quot;:&quot;0&quot;,&quot;copyright&quot;:&quot;\\u0130HLAS HABER AJANSI, www.iha.com.tr&quot;,&quot;focal_length&quot;:&quot;0&quot;,&quot;iso&quot;:&quot;0&quot;,&quot;shutter_speed&quot;:&quot;0&quot;,&quot;title&quot;:&quot;\\u00d6ZHASEK\\u0130\\u2019YE HAYMANA\\u2019DA CO\\u015eKULU KAR\\u015eILAMA&quot;,&quot;orientation&quot;:&quot;0&quot;}\" data-image-title=\"\u00d6zhaseki\u2019ye haymana\u2019da co\u015fkulu kar\u015f\u0131lama\" data-image-description=\"&lt;p&gt;\u00d6zhaseki\u2019ye haymana\u2019da co\u015fkulu kar\u015f\u0131lama&lt;\/p&gt; \" data-medium-file=\"https:\/\/i0.wp.com\/www.tvturk.com\/wp-content\/uploads\/2019\/02\/ozhasekiye-haymanada-coskulu-karsilama_aeeecd7.jpg?fit=300%2C200\" data-large-file=\"https:\/\/i0.wp.com\/www.tvturk.com\/wp-content\/uploads\/2019\/02\/ozhasekiye-haymanada-coskulu-karsilama_aeeecd7.jpg?fit=1000%2C666\" src=\"https:\/\/i0.wp.com\/www.tvturk.com\/wp-content\/uploads\/2019\/02\/ozhasekiye-haymanada-coskulu-karsilama_aeeecd7.jpg?w=246&#038;h=164\" srcset=\"https:\/\/i0.wp.com\/www.tvturk.com\/wp-content\/uploads\/2019\/02\/ozhasekiye-haymanada-coskulu-karsilama_aeeecd7.jpg?w=1000 1000w, https:\/\/i0.wp.com\/www.tvturk.com\/wp-content\/uploads\/2019\/02\/ozhasekiye-haymanada-coskulu-karsilama_aeeecd7.jpg?resize=150%2C100 150w, https:\/\/i0.wp.com\/www.tvturk.com\/wp-content\/uploads\/2019\/02\/ozhasekiye-haymanada-coskulu-karsilama_aeeecd7.jpg?resize=300%2C200 300w, https:\/\/i0.wp.com\/www.tvturk.com\/wp-content\/uploads\/2019\/02\/ozhasekiye-haymanada-coskulu-karsilama_aeeecd7.jpg?resize=768%2C511 768w, https:\/\/i0.wp.com\/www.tvturk.com\/wp-content\/uploads\/2019\/02\/ozhasekiye-haymanada-coskulu-karsilama_aeeecd7.jpg?resize=170%2C113 170w, https:\/\/i0.wp.com\/www.tvturk.com\/wp-content\/uploads\/2019\/02\/ozhasekiye-haymanada-coskulu-karsilama_aeeecd7.jpg?resize=120%2C80 120w\" width=\"246\" height=\"164\" loading=\"lazy\" data-original-width=\"246\" data-original-height=\"164\" itemprop=\"http:\/\/schema.org\/image\" title=\"\u00d6zhaseki\u2019ye haymana\u2019da co\u015fkulu kar\u015f\u0131lama\" alt=\"\u00d6zhaseki\u2019ye haymana\u2019da co\u015fkulu kar\u015f\u0131lama\" style=\"width: 246px; height: 164px;\" \/> <\/a> <\/div> <\/div> <!-- close group --> <\/div> <!-- close row --> <\/div><\/p>\n","protected":false},"excerpt":{"rendered":"<p>CUMHUR \u0130TT\u0130FAKI\u2019NIN ANKARA BELED\u0130YE BA\u015eKAN ADAYI MEHMET \u00d6ZHASEK\u0130, \u0130L\u00c7E Z\u0130YARETLER\u0130NE HIZ KESMEDEN DEVAM ED\u0130YOR.<\/p>\n","protected":false},"author":1,"featured_media":14163,"comment_status":"closed","ping_status":"open","sticky":false,"template":"","format":"standard","meta":{"jetpack_post_was_ever_published":false,"_jetpack_newsletter_access":"","_jetpack_dont_email_post_to_subs":false,"_jetpack_newsletter_tier_id":0,"_jetpack_memberships_contains_paywalled_content":false,"_jetpack_memberships_contains_paid_content":false,"footnotes":"","jetpack_publicize_message":"","jetpack_publicize_feature_enabled":true,"jetpack_social_post_already_shared":false,"jetpack_social_options":{"image_generator_settings":{"template":"highway","default_image_id":0,"font":"","enabled":false},"version":2}},"categories":[9],"tags":[679,6988,680,6987],"class_list":["post-14162","post","type-post","status-publish","format-standard","has-post-thumbnail","hentry","category-siyaset","tag-coskulu","tag-haymanada","tag-karsilama","tag-ozhasekiye"],"jetpack_publicize_connections":[],"jetpack_featured_media_url":"https:\/\/i0.wp.com\/www.tvturk.com\/wp-content\/uploads\/2019\/02\/ozhasekiye-haymanada-coskulu-karsilama_3016884.jpg?fit=1000%2C666","jetpack_sharing_enabled":true,"jetpack_shortlink":"https:\/\/wp.me\/paKIfm-3Gq","_links":{"self":[{"href":"http:\/\/www.tvturk.com\/index.php\/wp-json\/wp\/v2\/posts\/14162","targetHints":{"allow":["GET"]}}],"collection":[{"href":"http:\/\/www.tvturk.com\/index.php\/wp-json\/wp\/v2\/posts"}],"about":[{"href":"http:\/\/www.tvturk.com\/index.php\/wp-json\/wp\/v2\/types\/post"}],"author":[{"embeddable":true,"href":"http:\/\/www.tvturk.com\/index.php\/wp-json\/wp\/v2\/users\/1"}],"replies":[{"embeddable":true,"href":"http:\/\/www.tvturk.com\/index.php\/wp-json\/wp\/v2\/comments?post=14162"}],"version-history":[{"count":1,"href":"http:\/\/www.tvturk.com\/index.php\/wp-json\/wp\/v2\/posts\/14162\/revisions"}],"predecessor-version":[{"id":14166,"href":"http:\/\/www.tvturk.com\/index.php\/wp-json\/wp\/v2\/posts\/14162\/revisions\/14166"}],"wp:featuredmedia":[{"embeddable":true,"href":"http:\/\/www.tvturk.com\/index.php\/wp-json\/wp\/v2\/media\/14163"}],"wp:attachment":[{"href":"http:\/\/www.tvturk.com\/index.php\/wp-json\/wp\/v2\/media?parent=14162"}],"wp:term":[{"taxonomy":"category","embeddable":true,"href":"http:\/\/www.tvturk.com\/index.php\/wp-json\/wp\/v2\/categories?post=14162"},{"taxonomy":"post_tag","embeddable":true,"href":"http:\/\/www.tvturk.com\/index.php\/wp-json\/wp\/v2\/tags?post=14162"}],"curies":[{"name":"wp","href":"https:\/\/api.w.org\/{rel}","templated":true}]}}