{"id":141675,"date":"2019-04-18T14:59:46","date_gmt":"2019-04-18T11:59:46","guid":{"rendered":"http:\/\/www.tvturk.com\/index.php\/anaokulunun-catisina-tarim-atolyesi-kuruldu\/"},"modified":"2019-04-18T14:59:51","modified_gmt":"2019-04-18T11:59:51","slug":"anaokulunun-catisina-tarim-atolyesi-kuruldu","status":"publish","type":"post","link":"http:\/\/www.tvturk.com\/index.php\/anaokulunun-catisina-tarim-atolyesi-kuruldu\/","title":{"rendered":"Anaokulunun \u00e7at\u0131s\u0131na \u2019Tar\u0131m At\u00f6lyesi\u2019 kuruldu"},"content":{"rendered":"<p>Afyonkarahisar\u2019\u0131n Sand\u0131kl\u0131 il\u00e7esinde bulunan \u015eehit Ahmet Yumak Anaokulunun \u00e7at\u0131s\u0131na \u2019Tar\u0131m At\u00f6lyesi\u2019 kurdu.<\/p>\n<p>2023 Vizyonu kapsam\u0131nda \u015eehit Ahmet Yumak Anaokulu y\u00f6netimi, okul b\u00fct\u00e7esi ve velilerin destekleri ile okulun \u00e7at\u0131s\u0131n\u0131n 30 metrekarelik kullan\u0131m alan\u0131na Tar\u0131m At\u00f6lyesi kurdu. Kurulan Tar\u0131m At\u00f6lyesi i\u00e7erisinde domates, biber, \u00e7ilek, marul, maydanoz, salatal\u0131k gibi \u00fcr\u00fcnler yeti\u015ftiriliyor. \u00d6\u011frenciler zaman zaman at\u00f6lyeye gelerek \u00f6\u011fretmenleri e\u015fli\u011finde \u00fcr\u00fcnleri sularken, bitkilerin yeti\u015fmesini g\u00f6zlemliyor.<\/p>\n<p>Okul M\u00fcd\u00fcr\u00fc Sel\u00e7uk Alt\u0131nta\u015f yap\u0131lan Tar\u0131m at\u00f6lyesi ile alakal\u0131 bilgi vererek, \u201cOkul olarak 2023 Vizyon Belgesi do\u011frultusunda okulumuzun at\u00f6lyesinin \u00e7at\u0131s\u0131nda tar\u0131m at\u00f6lyesi yapmaya karar verdik. Bakanl\u0131\u011f\u0131m\u0131za bu do\u011frultuda taahh\u00fctlerimizi bildirdik. Bunun sonucunda bir bu\u00e7uk ayl\u0131k \u00e7al\u0131\u015fmam\u0131z sonras\u0131nda b\u00f6yle bir tar\u0131m at\u00f6lyesi ortaya \u00e7\u0131kt\u0131. Tar\u0131m at\u00f6lyemizde maydanoz, marul, domates, salatal\u0131k ve \u00e7ilek gibi \u00e7ocuklar\u0131n normal zamanlarda g\u00f6rm\u00fc\u015f oldu\u011fu t\u00fcm meyve ve sebzeleri ekmeye karar verdik. Tabi bunu yapmam\u0131z\u0131n en b\u00fcy\u00fck amac\u0131 \u00e7ocuklar\u0131m\u0131z\u0131n yaparak ve g\u00f6rerek \u00f6\u011frenmeleriydi. \u00d6\u011frencilerimiz sal\u0131, \u00e7ar\u015famba, per\u015fembe ve cuma g\u00fcnlerinde tar\u0131m at\u00f6lyemize \u00e7\u0131k\u0131yorlar. Bitkilerin sulamas\u0131n\u0131 ger\u00e7ekle\u015ftiriyorlar. Ayn\u0131 zamanda bu bitkilerin yeti\u015fmesini burada inceleme f\u0131rsat\u0131 buluyorlar. Bu da \u00e7ocuklar\u0131n g\u00f6zlem yapma becerilerini geli\u015ftiriyor. Buradan elde etmi\u015f oldu\u011fumuz \u00fcr\u00fcnleri \u00e7ocuklar\u0131m\u0131z\u0131n kahvalt\u0131 zaman\u0131nda veriyoruz. Organik ve ila\u00e7s\u0131z oldu\u011fundan dolay\u0131 herhangi bir endi\u015femiz yok. Bu y\u00fczden de \u00e7ocuklar\u0131m\u0131za g\u00fcvenli bir \u015fekilde yedirebiliyoruz. Bu at\u00f6lyemiz 30 metrekarelik bir alanda yap\u0131ld\u0131. Merdivenleri ile birlikte 50 metrekarelik bir alana tekam\u00fcl ediyor. \u00d6\u011frenci kapasitemiz 100 \u00f6\u011frenci oldu\u011fu i\u00e7in yeterli oldu\u011funu d\u00fc\u015f\u00fcn\u00fcyoruz\u201d dedi.<\/p>\n<p>Anaokulu \u00f6\u011frencilerinden 5 ya\u015f\u0131ndaki Melek Naz T\u00fc\u015fice ise \u201cOkulumuzda sera olmas\u0131 \u00e7ok g\u00fczel. Bah\u00e7ede yapmak yerine \u00e7at\u0131da yapmak de\u011fi\u015fik geldi. Salatal\u0131k, domates, \u00e7ilek var. Suluyoruz onlar\u0131. Bak\u0131yoruz\u201d ifadelerini kulland\u0131.<div class=\"tiled-gallery type-rectangular tiled-gallery-unresized\" data-original-width=\"500\" data-carousel-extra='null' itemscope itemtype=\"http:\/\/schema.org\/ImageGallery\" > <div class=\"gallery-row\" style=\"width: 500px; height: 222px;\" data-original-width=\"500\" data-original-height=\"222\" > <div class=\"gallery-group images-1\" style=\"width: 331px; height: 222px;\" data-original-width=\"331\" data-original-height=\"222\" > <div class=\"tiled-gallery-item tiled-gallery-item-large\" itemprop=\"associatedMedia\" itemscope itemtype=\"http:\/\/schema.org\/ImageObject\"> <a href=\"http:\/\/www.tvturk.com\/index.php\/anaokulunun-catisina-tarim-atolyesi-kuruldu\/anaokulunun-catisina-tarim-atolyesi-kuruldu-3\/\" border=\"0\" itemprop=\"url\"> <meta itemprop=\"width\" content=\"327\"> <meta itemprop=\"height\" content=\"218\"> <img decoding=\"async\" class=\"\" data-attachment-id=\"141677\" data-orig-file=\"http:\/\/www.tvturk.com\/wp-content\/uploads\/2019\/04\/anaokulunun-catisina-tarim-atolyesi-kuruldu_ce5ac66.jpg\" data-orig-size=\"1000,666\" data-comments-opened=\"\" data-image-meta=\"{&quot;aperture&quot;:&quot;0&quot;,&quot;credit&quot;:&quot;IHA&quot;,&quot;camera&quot;:&quot;&quot;,&quot;caption&quot;:&quot;2023 V\\u0130ZYONU KAPSAMINDA \\u015eEH\\u0130T AHMET YUMAK ANAOKULU Y\\u00d6NET\\u0130M\\u0130, OKUL B\\u00dcT\\u00c7ES\\u0130 VE VEL\\u0130LER\\u0130N DESTEKLER\\u0130 \\u0130LE OKULUN \\u00c7ATISININ 30 METREKAREL\\u0130K KULLANIM ALANINA TARIM AT\\u00d6LYES\\u0130 KURDU. KURULAN TARIM AT\\u00d6LYES\\u0130 \\u0130\\u00c7ER\\u0130S\\u0130NDE DOMATES, B\\u0130BER, \\u00c7\\u0130LEK, MARUL, MAYDANOZ, SALATALIK G\\u0130B\\u0130 \\u00dcR\\u00dcNLER YET\\u0130\\u015eT\\u0130R\\u0130L\\u0130YOR. \\u00d6\\u011eRENC\\u0130LER ZAMAN ZAMAN AT\\u00d6LYEYE GELEREK \\u00d6\\u011eRETMENLER\\u0130 E\\u015eL\\u0130\\u011e\\u0130NDE \\u00dcR\\u00dcNLER\\u0130 SULARKEN, B\\u0130TK\\u0130LER\\u0130N YET\\u0130\\u015eMES\\u0130N\\u0130 G\\u00d6ZLEML\\u0130YOR. (AL\\u0130 BAYAR\\\/AFYONKARAH\\u0130SAR-\\u0130HA)&quot;,&quot;created_timestamp&quot;:&quot;0&quot;,&quot;copyright&quot;:&quot;\\u0130HLAS HABER AJANSI, www.iha.com.tr&quot;,&quot;focal_length&quot;:&quot;0&quot;,&quot;iso&quot;:&quot;0&quot;,&quot;shutter_speed&quot;:&quot;0&quot;,&quot;title&quot;:&quot;ANAOKULUNUN \\u00c7ATISINA \\u0027TARIM AT\\u00d6LYES\\u0130\\u0027 KURULDU&quot;,&quot;orientation&quot;:&quot;0&quot;}\" data-image-title=\"Anaokulunun \u00e7at\u0131s\u0131na \u2019Tar\u0131m At\u00f6lyesi\u2019 kuruldu\" data-image-description=\"&lt;p&gt;Anaokulunun \u00e7at\u0131s\u0131na \u2019Tar\u0131m At\u00f6lyesi\u2019 kuruldu&lt;\/p&gt; \" data-medium-file=\"https:\/\/i0.wp.com\/www.tvturk.com\/wp-content\/uploads\/2019\/04\/anaokulunun-catisina-tarim-atolyesi-kuruldu_ce5ac66.jpg?fit=300%2C200\" data-large-file=\"https:\/\/i0.wp.com\/www.tvturk.com\/wp-content\/uploads\/2019\/04\/anaokulunun-catisina-tarim-atolyesi-kuruldu_ce5ac66.jpg?fit=1000%2C666\" src=\"https:\/\/i0.wp.com\/www.tvturk.com\/wp-content\/uploads\/2019\/04\/anaokulunun-catisina-tarim-atolyesi-kuruldu_ce5ac66.jpg?w=327&#038;h=218\" srcset=\"https:\/\/i0.wp.com\/www.tvturk.com\/wp-content\/uploads\/2019\/04\/anaokulunun-catisina-tarim-atolyesi-kuruldu_ce5ac66.jpg?w=1000 1000w, https:\/\/i0.wp.com\/www.tvturk.com\/wp-content\/uploads\/2019\/04\/anaokulunun-catisina-tarim-atolyesi-kuruldu_ce5ac66.jpg?resize=150%2C100 150w, https:\/\/i0.wp.com\/www.tvturk.com\/wp-content\/uploads\/2019\/04\/anaokulunun-catisina-tarim-atolyesi-kuruldu_ce5ac66.jpg?resize=300%2C200 300w, https:\/\/i0.wp.com\/www.tvturk.com\/wp-content\/uploads\/2019\/04\/anaokulunun-catisina-tarim-atolyesi-kuruldu_ce5ac66.jpg?resize=768%2C511 768w, https:\/\/i0.wp.com\/www.tvturk.com\/wp-content\/uploads\/2019\/04\/anaokulunun-catisina-tarim-atolyesi-kuruldu_ce5ac66.jpg?resize=170%2C113 170w, https:\/\/i0.wp.com\/www.tvturk.com\/wp-content\/uploads\/2019\/04\/anaokulunun-catisina-tarim-atolyesi-kuruldu_ce5ac66.jpg?resize=120%2C80 120w\" width=\"327\" height=\"218\" loading=\"lazy\" data-original-width=\"327\" data-original-height=\"218\" itemprop=\"http:\/\/schema.org\/image\" title=\"Anaokulunun \u00e7at\u0131s\u0131na \u2019Tar\u0131m At\u00f6lyesi\u2019 kuruldu\" alt=\"Anaokulunun \u00e7at\u0131s\u0131na \u2019Tar\u0131m At\u00f6lyesi\u2019 kuruldu\" style=\"width: 327px; height: 218px;\" \/> <\/a> <\/div> <\/div> <!-- close group --> <div class=\"gallery-group images-2\" style=\"width: 169px; height: 222px;\" data-original-width=\"169\" data-original-height=\"222\" > <div class=\"tiled-gallery-item tiled-gallery-item-small\" itemprop=\"associatedMedia\" itemscope itemtype=\"http:\/\/schema.org\/ImageObject\"> <a href=\"http:\/\/www.tvturk.com\/index.php\/anaokulunun-catisina-tarim-atolyesi-kuruldu\/anaokulunun-catisina-tarim-atolyesi-kuruldu-4\/\" border=\"0\" itemprop=\"url\"> <meta itemprop=\"width\" content=\"165\"> <meta itemprop=\"height\" content=\"110\"> <img decoding=\"async\" class=\"\" data-attachment-id=\"141678\" data-orig-file=\"http:\/\/www.tvturk.com\/wp-content\/uploads\/2019\/04\/anaokulunun-catisina-tarim-atolyesi-kuruldu_7349035.jpg\" data-orig-size=\"1000,666\" data-comments-opened=\"\" data-image-meta=\"{&quot;aperture&quot;:&quot;0&quot;,&quot;credit&quot;:&quot;IHA&quot;,&quot;camera&quot;:&quot;&quot;,&quot;caption&quot;:&quot;2023 V\\u0130ZYONU KAPSAMINDA \\u015eEH\\u0130T AHMET YUMAK ANAOKULU Y\\u00d6NET\\u0130M\\u0130, OKUL B\\u00dcT\\u00c7ES\\u0130 VE VEL\\u0130LER\\u0130N DESTEKLER\\u0130 \\u0130LE OKULUN \\u00c7ATISININ 30 METREKAREL\\u0130K KULLANIM ALANINA TARIM AT\\u00d6LYES\\u0130 KURDU. KURULAN TARIM AT\\u00d6LYES\\u0130 \\u0130\\u00c7ER\\u0130S\\u0130NDE DOMATES, B\\u0130BER, \\u00c7\\u0130LEK, MARUL, MAYDANOZ, SALATALIK G\\u0130B\\u0130 \\u00dcR\\u00dcNLER YET\\u0130\\u015eT\\u0130R\\u0130L\\u0130YOR. \\u00d6\\u011eRENC\\u0130LER ZAMAN ZAMAN AT\\u00d6LYEYE GELEREK \\u00d6\\u011eRETMENLER\\u0130 E\\u015eL\\u0130\\u011e\\u0130NDE \\u00dcR\\u00dcNLER\\u0130 SULARKEN, B\\u0130TK\\u0130LER\\u0130N YET\\u0130\\u015eMES\\u0130N\\u0130 G\\u00d6ZLEML\\u0130YOR. (AL\\u0130 BAYAR\\\/AFYONKARAH\\u0130SAR-\\u0130HA)&quot;,&quot;created_timestamp&quot;:&quot;0&quot;,&quot;copyright&quot;:&quot;\\u0130HLAS HABER AJANSI, www.iha.com.tr&quot;,&quot;focal_length&quot;:&quot;0&quot;,&quot;iso&quot;:&quot;0&quot;,&quot;shutter_speed&quot;:&quot;0&quot;,&quot;title&quot;:&quot;ANAOKULUNUN \\u00c7ATISINA \\u0027TARIM AT\\u00d6LYES\\u0130\\u0027 KURULDU&quot;,&quot;orientation&quot;:&quot;0&quot;}\" data-image-title=\"Anaokulunun \u00e7at\u0131s\u0131na \u2019Tar\u0131m At\u00f6lyesi\u2019 kuruldu\" data-image-description=\"&lt;p&gt;Anaokulunun \u00e7at\u0131s\u0131na \u2019Tar\u0131m At\u00f6lyesi\u2019 kuruldu&lt;\/p&gt; \" data-medium-file=\"https:\/\/i0.wp.com\/www.tvturk.com\/wp-content\/uploads\/2019\/04\/anaokulunun-catisina-tarim-atolyesi-kuruldu_7349035.jpg?fit=300%2C200\" data-large-file=\"https:\/\/i0.wp.com\/www.tvturk.com\/wp-content\/uploads\/2019\/04\/anaokulunun-catisina-tarim-atolyesi-kuruldu_7349035.jpg?fit=1000%2C666\" src=\"https:\/\/i0.wp.com\/www.tvturk.com\/wp-content\/uploads\/2019\/04\/anaokulunun-catisina-tarim-atolyesi-kuruldu_7349035.jpg?w=165&#038;h=110\" srcset=\"https:\/\/i0.wp.com\/www.tvturk.com\/wp-content\/uploads\/2019\/04\/anaokulunun-catisina-tarim-atolyesi-kuruldu_7349035.jpg?w=1000 1000w, https:\/\/i0.wp.com\/www.tvturk.com\/wp-content\/uploads\/2019\/04\/anaokulunun-catisina-tarim-atolyesi-kuruldu_7349035.jpg?resize=150%2C100 150w, https:\/\/i0.wp.com\/www.tvturk.com\/wp-content\/uploads\/2019\/04\/anaokulunun-catisina-tarim-atolyesi-kuruldu_7349035.jpg?resize=300%2C200 300w, https:\/\/i0.wp.com\/www.tvturk.com\/wp-content\/uploads\/2019\/04\/anaokulunun-catisina-tarim-atolyesi-kuruldu_7349035.jpg?resize=768%2C511 768w, https:\/\/i0.wp.com\/www.tvturk.com\/wp-content\/uploads\/2019\/04\/anaokulunun-catisina-tarim-atolyesi-kuruldu_7349035.jpg?resize=170%2C113 170w, https:\/\/i0.wp.com\/www.tvturk.com\/wp-content\/uploads\/2019\/04\/anaokulunun-catisina-tarim-atolyesi-kuruldu_7349035.jpg?resize=120%2C80 120w\" width=\"165\" height=\"110\" loading=\"lazy\" data-original-width=\"165\" data-original-height=\"110\" itemprop=\"http:\/\/schema.org\/image\" title=\"Anaokulunun \u00e7at\u0131s\u0131na \u2019Tar\u0131m At\u00f6lyesi\u2019 kuruldu\" alt=\"Anaokulunun \u00e7at\u0131s\u0131na \u2019Tar\u0131m At\u00f6lyesi\u2019 kuruldu\" style=\"width: 165px; height: 110px;\" \/> <\/a> <\/div> <div class=\"tiled-gallery-item tiled-gallery-item-small\" itemprop=\"associatedMedia\" itemscope itemtype=\"http:\/\/schema.org\/ImageObject\"> <a href=\"http:\/\/www.tvturk.com\/index.php\/anaokulunun-catisina-tarim-atolyesi-kuruldu\/anaokulunun-catisina-tarim-atolyesi-kuruldu-5\/\" border=\"0\" itemprop=\"url\"> <meta itemprop=\"width\" content=\"165\"> <meta itemprop=\"height\" content=\"104\"> <img decoding=\"async\" class=\"\" data-attachment-id=\"141679\" data-orig-file=\"http:\/\/www.tvturk.com\/wp-content\/uploads\/2019\/04\/anaokulunun-catisina-tarim-atolyesi-kuruldu_e8fc195.jpg\" data-orig-size=\"1000,634\" data-comments-opened=\"\" data-image-meta=\"{&quot;aperture&quot;:&quot;0&quot;,&quot;credit&quot;:&quot;IHA&quot;,&quot;camera&quot;:&quot;&quot;,&quot;caption&quot;:&quot;2023 V\\u0130ZYONU KAPSAMINDA \\u015eEH\\u0130T AHMET YUMAK ANAOKULU Y\\u00d6NET\\u0130M\\u0130, OKUL B\\u00dcT\\u00c7ES\\u0130 VE VEL\\u0130LER\\u0130N DESTEKLER\\u0130 \\u0130LE OKULUN \\u00c7ATISININ 30 METREKAREL\\u0130K KULLANIM ALANINA TARIM AT\\u00d6LYES\\u0130 KURDU. KURULAN TARIM AT\\u00d6LYES\\u0130 \\u0130\\u00c7ER\\u0130S\\u0130NDE DOMATES, B\\u0130BER, \\u00c7\\u0130LEK, MARUL, MAYDANOZ, SALATALIK G\\u0130B\\u0130 \\u00dcR\\u00dcNLER YET\\u0130\\u015eT\\u0130R\\u0130L\\u0130YOR. \\u00d6\\u011eRENC\\u0130LER ZAMAN ZAMAN AT\\u00d6LYEYE GELEREK \\u00d6\\u011eRETMENLER\\u0130 E\\u015eL\\u0130\\u011e\\u0130NDE \\u00dcR\\u00dcNLER\\u0130 SULARKEN, B\\u0130TK\\u0130LER\\u0130N YET\\u0130\\u015eMES\\u0130N\\u0130 G\\u00d6ZLEML\\u0130YOR. (AL\\u0130 BAYAR\\\/AFYONKARAH\\u0130SAR-\\u0130HA)&quot;,&quot;created_timestamp&quot;:&quot;0&quot;,&quot;copyright&quot;:&quot;\\u0130HLAS HABER AJANSI, www.iha.com.tr&quot;,&quot;focal_length&quot;:&quot;0&quot;,&quot;iso&quot;:&quot;0&quot;,&quot;shutter_speed&quot;:&quot;0&quot;,&quot;title&quot;:&quot;ANAOKULUNUN \\u00c7ATISINA \\u0027TARIM AT\\u00d6LYES\\u0130\\u0027 KURULDU&quot;,&quot;orientation&quot;:&quot;0&quot;}\" data-image-title=\"Anaokulunun \u00e7at\u0131s\u0131na \u2019Tar\u0131m At\u00f6lyesi\u2019 kuruldu\" data-image-description=\"&lt;p&gt;Anaokulunun \u00e7at\u0131s\u0131na \u2019Tar\u0131m At\u00f6lyesi\u2019 kuruldu&lt;\/p&gt; \" data-medium-file=\"https:\/\/i0.wp.com\/www.tvturk.com\/wp-content\/uploads\/2019\/04\/anaokulunun-catisina-tarim-atolyesi-kuruldu_e8fc195.jpg?fit=300%2C190\" data-large-file=\"https:\/\/i0.wp.com\/www.tvturk.com\/wp-content\/uploads\/2019\/04\/anaokulunun-catisina-tarim-atolyesi-kuruldu_e8fc195.jpg?fit=1000%2C634\" src=\"https:\/\/i0.wp.com\/www.tvturk.com\/wp-content\/uploads\/2019\/04\/anaokulunun-catisina-tarim-atolyesi-kuruldu_e8fc195.jpg?w=165&#038;h=104\" srcset=\"https:\/\/i0.wp.com\/www.tvturk.com\/wp-content\/uploads\/2019\/04\/anaokulunun-catisina-tarim-atolyesi-kuruldu_e8fc195.jpg?w=1000 1000w, https:\/\/i0.wp.com\/www.tvturk.com\/wp-content\/uploads\/2019\/04\/anaokulunun-catisina-tarim-atolyesi-kuruldu_e8fc195.jpg?resize=150%2C95 150w, https:\/\/i0.wp.com\/www.tvturk.com\/wp-content\/uploads\/2019\/04\/anaokulunun-catisina-tarim-atolyesi-kuruldu_e8fc195.jpg?resize=300%2C190 300w, https:\/\/i0.wp.com\/www.tvturk.com\/wp-content\/uploads\/2019\/04\/anaokulunun-catisina-tarim-atolyesi-kuruldu_e8fc195.jpg?resize=768%2C487 768w, https:\/\/i0.wp.com\/www.tvturk.com\/wp-content\/uploads\/2019\/04\/anaokulunun-catisina-tarim-atolyesi-kuruldu_e8fc195.jpg?resize=460%2C290 460w\" width=\"165\" height=\"104\" loading=\"lazy\" data-original-width=\"165\" data-original-height=\"104\" itemprop=\"http:\/\/schema.org\/image\" title=\"Anaokulunun \u00e7at\u0131s\u0131na \u2019Tar\u0131m At\u00f6lyesi\u2019 kuruldu\" alt=\"Anaokulunun \u00e7at\u0131s\u0131na \u2019Tar\u0131m At\u00f6lyesi\u2019 kuruldu\" style=\"width: 165px; height: 104px;\" \/> <\/a> <\/div> <\/div> <!-- close group --> <\/div> <!-- close row --> <div class=\"gallery-row\" style=\"width: 500px; height: 171px;\" data-original-width=\"500\" data-original-height=\"171\" > <div class=\"gallery-group images-1\" style=\"width: 255px; height: 171px;\" data-original-width=\"255\" data-original-height=\"171\" > <div class=\"tiled-gallery-item tiled-gallery-item-large\" itemprop=\"associatedMedia\" itemscope itemtype=\"http:\/\/schema.org\/ImageObject\"> <a href=\"http:\/\/www.tvturk.com\/index.php\/anaokulunun-catisina-tarim-atolyesi-kuruldu\/anaokulunun-catisina-tarim-atolyesi-kuruldu-6\/\" border=\"0\" itemprop=\"url\"> <meta itemprop=\"width\" content=\"251\"> <meta itemprop=\"height\" content=\"167\"> <img decoding=\"async\" class=\"\" data-attachment-id=\"141680\" data-orig-file=\"http:\/\/www.tvturk.com\/wp-content\/uploads\/2019\/04\/anaokulunun-catisina-tarim-atolyesi-kuruldu_70712a2.jpg\" data-orig-size=\"1000,666\" data-comments-opened=\"\" data-image-meta=\"{&quot;aperture&quot;:&quot;0&quot;,&quot;credit&quot;:&quot;IHA&quot;,&quot;camera&quot;:&quot;&quot;,&quot;caption&quot;:&quot;2023 V\\u0130ZYONU KAPSAMINDA \\u015eEH\\u0130T AHMET YUMAK ANAOKULU Y\\u00d6NET\\u0130M\\u0130, OKUL B\\u00dcT\\u00c7ES\\u0130 VE VEL\\u0130LER\\u0130N DESTEKLER\\u0130 \\u0130LE OKULUN \\u00c7ATISININ 30 METREKAREL\\u0130K KULLANIM ALANINA TARIM AT\\u00d6LYES\\u0130 KURDU. KURULAN TARIM AT\\u00d6LYES\\u0130 \\u0130\\u00c7ER\\u0130S\\u0130NDE DOMATES, B\\u0130BER, \\u00c7\\u0130LEK, MARUL, MAYDANOZ, SALATALIK G\\u0130B\\u0130 \\u00dcR\\u00dcNLER YET\\u0130\\u015eT\\u0130R\\u0130L\\u0130YOR. \\u00d6\\u011eRENC\\u0130LER ZAMAN ZAMAN AT\\u00d6LYEYE GELEREK \\u00d6\\u011eRETMENLER\\u0130 E\\u015eL\\u0130\\u011e\\u0130NDE \\u00dcR\\u00dcNLER\\u0130 SULARKEN, B\\u0130TK\\u0130LER\\u0130N YET\\u0130\\u015eMES\\u0130N\\u0130 G\\u00d6ZLEML\\u0130YOR. (AL\\u0130 BAYAR\\\/AFYONKARAH\\u0130SAR-\\u0130HA)&quot;,&quot;created_timestamp&quot;:&quot;0&quot;,&quot;copyright&quot;:&quot;\\u0130HLAS HABER AJANSI, www.iha.com.tr&quot;,&quot;focal_length&quot;:&quot;0&quot;,&quot;iso&quot;:&quot;0&quot;,&quot;shutter_speed&quot;:&quot;0&quot;,&quot;title&quot;:&quot;ANAOKULUNUN \\u00c7ATISINA \\u0027TARIM AT\\u00d6LYES\\u0130\\u0027 KURULDU&quot;,&quot;orientation&quot;:&quot;0&quot;}\" data-image-title=\"Anaokulunun \u00e7at\u0131s\u0131na \u2019Tar\u0131m At\u00f6lyesi\u2019 kuruldu\" data-image-description=\"&lt;p&gt;Anaokulunun \u00e7at\u0131s\u0131na \u2019Tar\u0131m At\u00f6lyesi\u2019 kuruldu&lt;\/p&gt; \" data-medium-file=\"https:\/\/i0.wp.com\/www.tvturk.com\/wp-content\/uploads\/2019\/04\/anaokulunun-catisina-tarim-atolyesi-kuruldu_70712a2.jpg?fit=300%2C200\" data-large-file=\"https:\/\/i0.wp.com\/www.tvturk.com\/wp-content\/uploads\/2019\/04\/anaokulunun-catisina-tarim-atolyesi-kuruldu_70712a2.jpg?fit=1000%2C666\" src=\"https:\/\/i0.wp.com\/www.tvturk.com\/wp-content\/uploads\/2019\/04\/anaokulunun-catisina-tarim-atolyesi-kuruldu_70712a2.jpg?w=251&#038;h=167\" srcset=\"https:\/\/i0.wp.com\/www.tvturk.com\/wp-content\/uploads\/2019\/04\/anaokulunun-catisina-tarim-atolyesi-kuruldu_70712a2.jpg?w=1000 1000w, https:\/\/i0.wp.com\/www.tvturk.com\/wp-content\/uploads\/2019\/04\/anaokulunun-catisina-tarim-atolyesi-kuruldu_70712a2.jpg?resize=150%2C100 150w, https:\/\/i0.wp.com\/www.tvturk.com\/wp-content\/uploads\/2019\/04\/anaokulunun-catisina-tarim-atolyesi-kuruldu_70712a2.jpg?resize=300%2C200 300w, https:\/\/i0.wp.com\/www.tvturk.com\/wp-content\/uploads\/2019\/04\/anaokulunun-catisina-tarim-atolyesi-kuruldu_70712a2.jpg?resize=768%2C511 768w, https:\/\/i0.wp.com\/www.tvturk.com\/wp-content\/uploads\/2019\/04\/anaokulunun-catisina-tarim-atolyesi-kuruldu_70712a2.jpg?resize=170%2C113 170w, https:\/\/i0.wp.com\/www.tvturk.com\/wp-content\/uploads\/2019\/04\/anaokulunun-catisina-tarim-atolyesi-kuruldu_70712a2.jpg?resize=120%2C80 120w\" width=\"251\" height=\"167\" loading=\"lazy\" data-original-width=\"251\" data-original-height=\"167\" itemprop=\"http:\/\/schema.org\/image\" title=\"Anaokulunun \u00e7at\u0131s\u0131na \u2019Tar\u0131m At\u00f6lyesi\u2019 kuruldu\" alt=\"Anaokulunun \u00e7at\u0131s\u0131na \u2019Tar\u0131m At\u00f6lyesi\u2019 kuruldu\" style=\"width: 251px; height: 167px;\" \/> <\/a> <\/div> <\/div> <!-- close group --> <div class=\"gallery-group images-1\" style=\"width: 245px; height: 171px;\" data-original-width=\"245\" data-original-height=\"171\" > <div class=\"tiled-gallery-item tiled-gallery-item-small\" itemprop=\"associatedMedia\" itemscope itemtype=\"http:\/\/schema.org\/ImageObject\"> <a href=\"http:\/\/www.tvturk.com\/index.php\/anaokulunun-catisina-tarim-atolyesi-kuruldu\/anaokulunun-catisina-tarim-atolyesi-kuruldu-7\/\" border=\"0\" itemprop=\"url\"> <meta itemprop=\"width\" content=\"241\"> <meta itemprop=\"height\" content=\"167\"> <img decoding=\"async\" class=\"\" data-attachment-id=\"141681\" data-orig-file=\"http:\/\/www.tvturk.com\/wp-content\/uploads\/2019\/04\/anaokulunun-catisina-tarim-atolyesi-kuruldu_e3a1649.jpg\" data-orig-size=\"1000,694\" data-comments-opened=\"\" data-image-meta=\"{&quot;aperture&quot;:&quot;0&quot;,&quot;credit&quot;:&quot;IHA&quot;,&quot;camera&quot;:&quot;&quot;,&quot;caption&quot;:&quot;2023 V\\u0130ZYONU KAPSAMINDA \\u015eEH\\u0130T AHMET YUMAK ANAOKULU Y\\u00d6NET\\u0130M\\u0130, OKUL B\\u00dcT\\u00c7ES\\u0130 VE VEL\\u0130LER\\u0130N DESTEKLER\\u0130 \\u0130LE OKULUN \\u00c7ATISININ 30 METREKAREL\\u0130K KULLANIM ALANINA TARIM AT\\u00d6LYES\\u0130 KURDU. KURULAN TARIM AT\\u00d6LYES\\u0130 \\u0130\\u00c7ER\\u0130S\\u0130NDE DOMATES, B\\u0130BER, \\u00c7\\u0130LEK, MARUL, MAYDANOZ, SALATALIK G\\u0130B\\u0130 \\u00dcR\\u00dcNLER YET\\u0130\\u015eT\\u0130R\\u0130L\\u0130YOR. \\u00d6\\u011eRENC\\u0130LER ZAMAN ZAMAN AT\\u00d6LYEYE GELEREK \\u00d6\\u011eRETMENLER\\u0130 E\\u015eL\\u0130\\u011e\\u0130NDE \\u00dcR\\u00dcNLER\\u0130 SULARKEN, B\\u0130TK\\u0130LER\\u0130N YET\\u0130\\u015eMES\\u0130N\\u0130 G\\u00d6ZLEML\\u0130YOR. (AL\\u0130 BAYAR\\\/AFYONKARAH\\u0130SAR-\\u0130HA)&quot;,&quot;created_timestamp&quot;:&quot;0&quot;,&quot;copyright&quot;:&quot;\\u0130HLAS HABER AJANSI, www.iha.com.tr&quot;,&quot;focal_length&quot;:&quot;0&quot;,&quot;iso&quot;:&quot;0&quot;,&quot;shutter_speed&quot;:&quot;0&quot;,&quot;title&quot;:&quot;ANAOKULUNUN \\u00c7ATISINA \\u0027TARIM AT\\u00d6LYES\\u0130\\u0027 KURULDU&quot;,&quot;orientation&quot;:&quot;0&quot;}\" data-image-title=\"Anaokulunun \u00e7at\u0131s\u0131na \u2019Tar\u0131m At\u00f6lyesi\u2019 kuruldu\" data-image-description=\"&lt;p&gt;Anaokulunun \u00e7at\u0131s\u0131na \u2019Tar\u0131m At\u00f6lyesi\u2019 kuruldu&lt;\/p&gt; \" data-medium-file=\"https:\/\/i0.wp.com\/www.tvturk.com\/wp-content\/uploads\/2019\/04\/anaokulunun-catisina-tarim-atolyesi-kuruldu_e3a1649.jpg?fit=300%2C208\" data-large-file=\"https:\/\/i0.wp.com\/www.tvturk.com\/wp-content\/uploads\/2019\/04\/anaokulunun-catisina-tarim-atolyesi-kuruldu_e3a1649.jpg?fit=1000%2C694\" src=\"https:\/\/i0.wp.com\/www.tvturk.com\/wp-content\/uploads\/2019\/04\/anaokulunun-catisina-tarim-atolyesi-kuruldu_e3a1649.jpg?w=241&#038;h=167\" srcset=\"https:\/\/i0.wp.com\/www.tvturk.com\/wp-content\/uploads\/2019\/04\/anaokulunun-catisina-tarim-atolyesi-kuruldu_e3a1649.jpg?w=1000 1000w, https:\/\/i0.wp.com\/www.tvturk.com\/wp-content\/uploads\/2019\/04\/anaokulunun-catisina-tarim-atolyesi-kuruldu_e3a1649.jpg?resize=150%2C104 150w, https:\/\/i0.wp.com\/www.tvturk.com\/wp-content\/uploads\/2019\/04\/anaokulunun-catisina-tarim-atolyesi-kuruldu_e3a1649.jpg?resize=300%2C208 300w, https:\/\/i0.wp.com\/www.tvturk.com\/wp-content\/uploads\/2019\/04\/anaokulunun-catisina-tarim-atolyesi-kuruldu_e3a1649.jpg?resize=768%2C533 768w, https:\/\/i0.wp.com\/www.tvturk.com\/wp-content\/uploads\/2019\/04\/anaokulunun-catisina-tarim-atolyesi-kuruldu_e3a1649.jpg?resize=80%2C55 80w\" width=\"241\" height=\"167\" loading=\"lazy\" data-original-width=\"241\" data-original-height=\"167\" itemprop=\"http:\/\/schema.org\/image\" title=\"Anaokulunun \u00e7at\u0131s\u0131na \u2019Tar\u0131m At\u00f6lyesi\u2019 kuruldu\" alt=\"Anaokulunun \u00e7at\u0131s\u0131na \u2019Tar\u0131m At\u00f6lyesi\u2019 kuruldu\" style=\"width: 241px; height: 167px;\" \/> <\/a> <\/div> <\/div> <!-- close group --> <\/div> <!-- close row --> <\/div><\/p>\n","protected":false},"excerpt":{"rendered":"<p>2023 V\u0130ZYONU KAPSAMINDA \u015eEH\u0130T AHMET YUMAK ANAOKULU Y\u00d6NET\u0130M\u0130, OKUL B\u00dcT\u00c7ES\u0130 VE VEL\u0130LER\u0130N DESTEKLER\u0130 \u0130LE OKULUN \u00c7ATISININ 30 METREKAREL\u0130K KULLANIM ALANINA TARIM AT\u00d6LYES\u0130 KURDU. KURULAN TARIM AT\u00d6LYES\u0130 \u0130\u00c7ER\u0130S\u0130NDE DOMATES, B\u0130BER, \u00c7\u0130LEK, MARUL, MAYDANOZ, SALATALIK G\u0130B\u0130 \u00dcR\u00dcNLER YET\u0130\u015eT\u0130R\u0130L\u0130YOR. \u00d6\u011eRENC\u0130LER ZAMAN ZAMAN AT\u00d6LYEYE GELEREK \u00d6\u011eRETMENLER\u0130 E\u015eL\u0130\u011e\u0130NDE \u00dcR\u00dcNLER\u0130 SULARKEN, B\u0130TK\u0130LER\u0130N YET\u0130\u015eMES\u0130N\u0130 G\u00d6ZLEML\u0130YOR.<\/p>\n","protected":false},"author":1,"featured_media":141676,"comment_status":"closed","ping_status":"open","sticky":false,"template":"","format":"standard","meta":{"jetpack_post_was_ever_published":false,"_jetpack_newsletter_access":"","_jetpack_dont_email_post_to_subs":false,"_jetpack_newsletter_tier_id":0,"_jetpack_memberships_contains_paywalled_content":false,"_jetpack_memberships_contains_paid_content":false,"footnotes":"","jetpack_publicize_message":"","jetpack_publicize_feature_enabled":true,"jetpack_social_post_already_shared":true,"jetpack_social_options":{"image_generator_settings":{"template":"highway","default_image_id":0,"font":"","enabled":false},"version":2}},"categories":[1],"tags":[7793,7783,16597,415,2403],"class_list":["post-141675","post","type-post","status-publish","format-standard","has-post-thumbnail","hentry","category-genel","tag-anaokulunun","tag-atolyesi","tag-catisina","tag-kuruldu","tag-tarim"],"jetpack_publicize_connections":[],"jetpack_featured_media_url":"https:\/\/i0.wp.com\/www.tvturk.com\/wp-content\/uploads\/2019\/04\/anaokulunun-catisina-tarim-atolyesi-kuruldu_d7fbadf.jpg?fit=1000%2C666","jetpack_sharing_enabled":true,"jetpack_shortlink":"https:\/\/wp.me\/paKIfm-AR5","_links":{"self":[{"href":"http:\/\/www.tvturk.com\/index.php\/wp-json\/wp\/v2\/posts\/141675","targetHints":{"allow":["GET"]}}],"collection":[{"href":"http:\/\/www.tvturk.com\/index.php\/wp-json\/wp\/v2\/posts"}],"about":[{"href":"http:\/\/www.tvturk.com\/index.php\/wp-json\/wp\/v2\/types\/post"}],"author":[{"embeddable":true,"href":"http:\/\/www.tvturk.com\/index.php\/wp-json\/wp\/v2\/users\/1"}],"replies":[{"embeddable":true,"href":"http:\/\/www.tvturk.com\/index.php\/wp-json\/wp\/v2\/comments?post=141675"}],"version-history":[{"count":1,"href":"http:\/\/www.tvturk.com\/index.php\/wp-json\/wp\/v2\/posts\/141675\/revisions"}],"predecessor-version":[{"id":141682,"href":"http:\/\/www.tvturk.com\/index.php\/wp-json\/wp\/v2\/posts\/141675\/revisions\/141682"}],"wp:featuredmedia":[{"embeddable":true,"href":"http:\/\/www.tvturk.com\/index.php\/wp-json\/wp\/v2\/media\/141676"}],"wp:attachment":[{"href":"http:\/\/www.tvturk.com\/index.php\/wp-json\/wp\/v2\/media?parent=141675"}],"wp:term":[{"taxonomy":"category","embeddable":true,"href":"http:\/\/www.tvturk.com\/index.php\/wp-json\/wp\/v2\/categories?post=141675"},{"taxonomy":"post_tag","embeddable":true,"href":"http:\/\/www.tvturk.com\/index.php\/wp-json\/wp\/v2\/tags?post=141675"}],"curies":[{"name":"wp","href":"https:\/\/api.w.org\/{rel}","templated":true}]}}