{"id":14174,"date":"2019-02-09T07:54:44","date_gmt":"2019-02-09T04:54:44","guid":{"rendered":"http:\/\/www.tvturk.com\/index.php\/ucuz-kardesler-birlikte-ameliyat-oldu\/"},"modified":"2019-02-09T07:54:47","modified_gmt":"2019-02-09T04:54:47","slug":"ucuz-kardesler-birlikte-ameliyat-oldu","status":"publish","type":"post","link":"http:\/\/www.tvturk.com\/index.php\/ucuz-kardesler-birlikte-ameliyat-oldu\/","title":{"rendered":"\u00dc\u00e7\u00fcz karde\u015fler birlikte ameliyat oldu"},"content":{"rendered":"<p>Erzurum\u2019da ya\u015fayan \u00fc\u00e7\u00fcz karde\u015fler B\u00f6lge E\u011fitim ve Ara\u015ft\u0131rma Hastanesinde birlikte bademcik ve geniz ameliyat\u0131 oldu.<\/p>\n<p>Erzurum\u2019da Sema ve Ahmet Karata\u015f \u00e7iftinin 7 ya\u015flar\u0131nda ki \u00fc\u00e7\u00fcz \u00e7ocuklar\u0131 Hamza, H\u00fcseyin ve Hasan Karata\u015f karde\u015fler B\u00f6lge E\u011fitim ve Ara\u015ft\u0131rma hastanesinde Bademcik ve Geniz ameliyat\u0131 oldu.<\/p>\n<p>Evliya \u00c7elebi \u0130lk\u00f6\u011fretim okulunda okuyan 1. S\u0131n\u0131f \u00f6\u011frencileri \u00fc\u00e7\u00fcz karde\u015fler ayn\u0131 anda bademciklerinden rahats\u0131zl\u0131k ya\u015fayarak hastanede tedavi alt\u0131na al\u0131nd\u0131. Ameliyata karar verildikten sonra Kulak Burun Bo\u011faz ( KBB) Uzman\u0131 Dr. Sadettin Kalkandelen \u00fc\u00e7\u00fcz karde\u015fleri aral\u0131klarla s\u0131ras\u0131yla ameliyat etti.<\/p>\n<p>Genetik yatk\u0131nl\u0131klar nedeniyle \u00fc\u00e7\u00fcz karde\u015fleri birlikte ameliyat ettiklerini ifade eden Dr. Kalkandelen, \u201c Hastanemize m\u00fcracaat eden \u00fc\u00e7\u00fcz karde\u015fleri s\u0131ras\u0131yla ameliyat ettik. \u00c7ok ba\u015far\u0131l\u0131 bir ameliyat ge\u00e7irdik \u00fc\u00e7\u00fcz karde\u015flerin \u015fuan ki durumu gayet iyi durumda. Bundan sonra bademcik ve geniz etinden \u015fikayetleri olmayacak. \u00dc\u00e7\u00fcz karde\u015f olmalar\u0131 nedeniyle genetik yatk\u0131nl\u0131klar oluyor ve \u00fc\u00e7\u00fcnde birden ayn\u0131 soruna rastlan\u0131yor\u201d dedi.<\/p>\n<p>\u00dc\u00e7\u00fcz karde\u015fler bir m\u00fcddet daha kontrol alt\u0131nda tutulduktan sonra hastaneden taburcu edilecek.<div class=\"tiled-gallery type-rectangular tiled-gallery-unresized\" data-original-width=\"500\" data-carousel-extra='null' itemscope itemtype=\"http:\/\/schema.org\/ImageGallery\" > <div class=\"gallery-row\" style=\"width: 500px; height: 211px;\" data-original-width=\"500\" data-original-height=\"211\" > <div class=\"gallery-group images-1\" style=\"width: 315px; height: 211px;\" data-original-width=\"315\" data-original-height=\"211\" > <div class=\"tiled-gallery-item tiled-gallery-item-large\" itemprop=\"associatedMedia\" itemscope itemtype=\"http:\/\/schema.org\/ImageObject\"> <a href=\"http:\/\/www.tvturk.com\/index.php\/ucuz-kardesler-birlikte-ameliyat-oldu\/ucuz-kardesler-birlikte-ameliyat-oldu-3\/\" border=\"0\" itemprop=\"url\"> <meta itemprop=\"width\" content=\"311\"> <meta itemprop=\"height\" content=\"207\"> <img decoding=\"async\" class=\"\" data-attachment-id=\"14176\" data-orig-file=\"http:\/\/www.tvturk.com\/wp-content\/uploads\/2019\/02\/ucuz-kardesler-birlikte-ameliyat-oldu_3b775c9.jpg\" data-orig-size=\"1000,666\" data-comments-opened=\"\" data-image-meta=\"{&quot;aperture&quot;:&quot;0&quot;,&quot;credit&quot;:&quot;IHA&quot;,&quot;camera&quot;:&quot;&quot;,&quot;caption&quot;:&quot;ERZURUM\\u2019DA YA\\u015eAYAN \\u00dc\\u00c7\\u00dcZ KARDE\\u015eLER B\\u00d6LGE E\\u011e\\u0130T\\u0130M VE ARA\\u015eTIRMA HASTANES\\u0130NDE B\\u0130RL\\u0130KTE BADEMC\\u0130K VE GEN\\u0130Z AMEL\\u0130YATI OLDU. (\\u00d6ZGE BOZO - SEFA TET\\u0130K\\\/ERZURUM-\\u0130HA)&quot;,&quot;created_timestamp&quot;:&quot;0&quot;,&quot;copyright&quot;:&quot;\\u0130HLAS HABER AJANSI, www.iha.com.tr&quot;,&quot;focal_length&quot;:&quot;0&quot;,&quot;iso&quot;:&quot;0&quot;,&quot;shutter_speed&quot;:&quot;0&quot;,&quot;title&quot;:&quot;\\u00dc\\u00c7\\u00dcZ KARDE\\u015eLER B\\u0130RL\\u0130KTE AMEL\\u0130YAT OLDU&quot;,&quot;orientation&quot;:&quot;0&quot;}\" data-image-title=\"\u00dc\u00e7\u00fcz karde\u015fler birlikte ameliyat oldu\" data-image-description=\"&lt;p&gt;\u00dc\u00e7\u00fcz karde\u015fler birlikte ameliyat oldu&lt;\/p&gt; \" data-medium-file=\"https:\/\/i0.wp.com\/www.tvturk.com\/wp-content\/uploads\/2019\/02\/ucuz-kardesler-birlikte-ameliyat-oldu_3b775c9.jpg?fit=300%2C200\" data-large-file=\"https:\/\/i0.wp.com\/www.tvturk.com\/wp-content\/uploads\/2019\/02\/ucuz-kardesler-birlikte-ameliyat-oldu_3b775c9.jpg?fit=1000%2C666\" src=\"https:\/\/i0.wp.com\/www.tvturk.com\/wp-content\/uploads\/2019\/02\/ucuz-kardesler-birlikte-ameliyat-oldu_3b775c9.jpg?w=311&#038;h=207\" srcset=\"https:\/\/i0.wp.com\/www.tvturk.com\/wp-content\/uploads\/2019\/02\/ucuz-kardesler-birlikte-ameliyat-oldu_3b775c9.jpg?w=1000 1000w, https:\/\/i0.wp.com\/www.tvturk.com\/wp-content\/uploads\/2019\/02\/ucuz-kardesler-birlikte-ameliyat-oldu_3b775c9.jpg?resize=150%2C100 150w, https:\/\/i0.wp.com\/www.tvturk.com\/wp-content\/uploads\/2019\/02\/ucuz-kardesler-birlikte-ameliyat-oldu_3b775c9.jpg?resize=300%2C200 300w, https:\/\/i0.wp.com\/www.tvturk.com\/wp-content\/uploads\/2019\/02\/ucuz-kardesler-birlikte-ameliyat-oldu_3b775c9.jpg?resize=768%2C511 768w, https:\/\/i0.wp.com\/www.tvturk.com\/wp-content\/uploads\/2019\/02\/ucuz-kardesler-birlikte-ameliyat-oldu_3b775c9.jpg?resize=170%2C113 170w, https:\/\/i0.wp.com\/www.tvturk.com\/wp-content\/uploads\/2019\/02\/ucuz-kardesler-birlikte-ameliyat-oldu_3b775c9.jpg?resize=120%2C80 120w\" width=\"311\" height=\"207\" loading=\"lazy\" data-original-width=\"311\" data-original-height=\"207\" itemprop=\"http:\/\/schema.org\/image\" title=\"\u00dc\u00e7\u00fcz karde\u015fler birlikte ameliyat oldu\" alt=\"\u00dc\u00e7\u00fcz karde\u015fler birlikte ameliyat oldu\" style=\"width: 311px; height: 207px;\" \/> <\/a> <\/div> <\/div> <!-- close group --> <div class=\"gallery-group images-2\" style=\"width: 185px; height: 211px;\" data-original-width=\"185\" data-original-height=\"211\" > <div class=\"tiled-gallery-item tiled-gallery-item-small\" itemprop=\"associatedMedia\" itemscope itemtype=\"http:\/\/schema.org\/ImageObject\"> <a href=\"http:\/\/www.tvturk.com\/index.php\/ucuz-kardesler-birlikte-ameliyat-oldu\/ucuz-kardesler-birlikte-ameliyat-oldu-4\/\" border=\"0\" itemprop=\"url\"> <meta itemprop=\"width\" content=\"181\"> <meta itemprop=\"height\" content=\"102\"> <img decoding=\"async\" class=\"\" data-attachment-id=\"14177\" data-orig-file=\"http:\/\/www.tvturk.com\/wp-content\/uploads\/2019\/02\/ucuz-kardesler-birlikte-ameliyat-oldu_2172834.jpg\" data-orig-size=\"1000,562\" data-comments-opened=\"\" data-image-meta=\"{&quot;aperture&quot;:&quot;0&quot;,&quot;credit&quot;:&quot;IHA&quot;,&quot;camera&quot;:&quot;&quot;,&quot;caption&quot;:&quot;ERZURUM\\u2019DA YA\\u015eAYAN \\u00dc\\u00c7\\u00dcZ KARDE\\u015eLER B\\u00d6LGE E\\u011e\\u0130T\\u0130M VE ARA\\u015eTIRMA HASTANES\\u0130NDE B\\u0130RL\\u0130KTE BADEMC\\u0130K VE GEN\\u0130Z AMEL\\u0130YATI OLDU (\\u00d6ZGE BOZO - SEFA TET\\u0130K\\\/ERZURUM-\\u0130HA)&quot;,&quot;created_timestamp&quot;:&quot;0&quot;,&quot;copyright&quot;:&quot;\\u0130HLAS HABER AJANSI, www.iha.com.tr&quot;,&quot;focal_length&quot;:&quot;0&quot;,&quot;iso&quot;:&quot;0&quot;,&quot;shutter_speed&quot;:&quot;0&quot;,&quot;title&quot;:&quot;\\u00dc\\u00c7\\u00dcZ KARDE\\u015eLER B\\u0130RL\\u0130KTE AMEL\\u0130YAT OLDU&quot;,&quot;orientation&quot;:&quot;0&quot;}\" data-image-title=\"\u00dc\u00e7\u00fcz karde\u015fler birlikte ameliyat oldu\" data-image-description=\"&lt;p&gt;\u00dc\u00e7\u00fcz karde\u015fler birlikte ameliyat oldu&lt;\/p&gt; \" data-medium-file=\"https:\/\/i0.wp.com\/www.tvturk.com\/wp-content\/uploads\/2019\/02\/ucuz-kardesler-birlikte-ameliyat-oldu_2172834.jpg?fit=300%2C169\" data-large-file=\"https:\/\/i0.wp.com\/www.tvturk.com\/wp-content\/uploads\/2019\/02\/ucuz-kardesler-birlikte-ameliyat-oldu_2172834.jpg?fit=1000%2C562\" src=\"https:\/\/i0.wp.com\/www.tvturk.com\/wp-content\/uploads\/2019\/02\/ucuz-kardesler-birlikte-ameliyat-oldu_2172834.jpg?w=181&#038;h=102\" srcset=\"https:\/\/i0.wp.com\/www.tvturk.com\/wp-content\/uploads\/2019\/02\/ucuz-kardesler-birlikte-ameliyat-oldu_2172834.jpg?w=1000 1000w, https:\/\/i0.wp.com\/www.tvturk.com\/wp-content\/uploads\/2019\/02\/ucuz-kardesler-birlikte-ameliyat-oldu_2172834.jpg?resize=150%2C84 150w, https:\/\/i0.wp.com\/www.tvturk.com\/wp-content\/uploads\/2019\/02\/ucuz-kardesler-birlikte-ameliyat-oldu_2172834.jpg?resize=300%2C169 300w, https:\/\/i0.wp.com\/www.tvturk.com\/wp-content\/uploads\/2019\/02\/ucuz-kardesler-birlikte-ameliyat-oldu_2172834.jpg?resize=768%2C432 768w, https:\/\/i0.wp.com\/www.tvturk.com\/wp-content\/uploads\/2019\/02\/ucuz-kardesler-birlikte-ameliyat-oldu_2172834.jpg?resize=200%2C113 200w\" width=\"181\" height=\"102\" loading=\"lazy\" data-original-width=\"181\" data-original-height=\"102\" itemprop=\"http:\/\/schema.org\/image\" title=\"\u00dc\u00e7\u00fcz karde\u015fler birlikte ameliyat oldu\" alt=\"\u00dc\u00e7\u00fcz karde\u015fler birlikte ameliyat oldu\" style=\"width: 181px; height: 102px;\" \/> <\/a> <\/div> <div class=\"tiled-gallery-item tiled-gallery-item-small\" itemprop=\"associatedMedia\" itemscope itemtype=\"http:\/\/schema.org\/ImageObject\"> <a href=\"http:\/\/www.tvturk.com\/index.php\/ucuz-kardesler-birlikte-ameliyat-oldu\/ucuz-kardesler-birlikte-ameliyat-oldu-5\/\" border=\"0\" itemprop=\"url\"> <meta itemprop=\"width\" content=\"181\"> <meta itemprop=\"height\" content=\"101\"> <img decoding=\"async\" class=\"\" data-attachment-id=\"14178\" data-orig-file=\"http:\/\/www.tvturk.com\/wp-content\/uploads\/2019\/02\/ucuz-kardesler-birlikte-ameliyat-oldu_d5c17d4.jpg\" data-orig-size=\"1000,562\" data-comments-opened=\"\" data-image-meta=\"{&quot;aperture&quot;:&quot;0&quot;,&quot;credit&quot;:&quot;IHA&quot;,&quot;camera&quot;:&quot;&quot;,&quot;caption&quot;:&quot;ERZURUM\\u2019DA YA\\u015eAYAN \\u00dc\\u00c7\\u00dcZ KARDE\\u015eLER B\\u00d6LGE E\\u011e\\u0130T\\u0130M VE ARA\\u015eTIRMA HASTANES\\u0130NDE B\\u0130RL\\u0130KTE BADEMC\\u0130K VE GEN\\u0130Z AMEL\\u0130YATI OLDU (\\u00d6ZGE BOZO - SEFA TET\\u0130K\\\/ERZURUM-\\u0130HA)&quot;,&quot;created_timestamp&quot;:&quot;0&quot;,&quot;copyright&quot;:&quot;\\u0130HLAS HABER AJANSI, www.iha.com.tr&quot;,&quot;focal_length&quot;:&quot;0&quot;,&quot;iso&quot;:&quot;0&quot;,&quot;shutter_speed&quot;:&quot;0&quot;,&quot;title&quot;:&quot;\\u00dc\\u00c7\\u00dcZ KARDE\\u015eLER B\\u0130RL\\u0130KTE AMEL\\u0130YAT OLDU&quot;,&quot;orientation&quot;:&quot;0&quot;}\" data-image-title=\"\u00dc\u00e7\u00fcz karde\u015fler birlikte ameliyat oldu\" data-image-description=\"&lt;p&gt;\u00dc\u00e7\u00fcz karde\u015fler birlikte ameliyat oldu&lt;\/p&gt; \" data-medium-file=\"https:\/\/i0.wp.com\/www.tvturk.com\/wp-content\/uploads\/2019\/02\/ucuz-kardesler-birlikte-ameliyat-oldu_d5c17d4.jpg?fit=300%2C169\" data-large-file=\"https:\/\/i0.wp.com\/www.tvturk.com\/wp-content\/uploads\/2019\/02\/ucuz-kardesler-birlikte-ameliyat-oldu_d5c17d4.jpg?fit=1000%2C562\" src=\"https:\/\/i0.wp.com\/www.tvturk.com\/wp-content\/uploads\/2019\/02\/ucuz-kardesler-birlikte-ameliyat-oldu_d5c17d4.jpg?w=181&#038;h=101\" srcset=\"https:\/\/i0.wp.com\/www.tvturk.com\/wp-content\/uploads\/2019\/02\/ucuz-kardesler-birlikte-ameliyat-oldu_d5c17d4.jpg?w=1000 1000w, https:\/\/i0.wp.com\/www.tvturk.com\/wp-content\/uploads\/2019\/02\/ucuz-kardesler-birlikte-ameliyat-oldu_d5c17d4.jpg?resize=150%2C84 150w, https:\/\/i0.wp.com\/www.tvturk.com\/wp-content\/uploads\/2019\/02\/ucuz-kardesler-birlikte-ameliyat-oldu_d5c17d4.jpg?resize=300%2C169 300w, https:\/\/i0.wp.com\/www.tvturk.com\/wp-content\/uploads\/2019\/02\/ucuz-kardesler-birlikte-ameliyat-oldu_d5c17d4.jpg?resize=768%2C432 768w, https:\/\/i0.wp.com\/www.tvturk.com\/wp-content\/uploads\/2019\/02\/ucuz-kardesler-birlikte-ameliyat-oldu_d5c17d4.jpg?resize=200%2C113 200w\" width=\"181\" height=\"101\" loading=\"lazy\" data-original-width=\"181\" data-original-height=\"101\" itemprop=\"http:\/\/schema.org\/image\" title=\"\u00dc\u00e7\u00fcz karde\u015fler birlikte ameliyat oldu\" alt=\"\u00dc\u00e7\u00fcz karde\u015fler birlikte ameliyat oldu\" style=\"width: 181px; height: 101px;\" \/> <\/a> <\/div> <\/div> <!-- close group --> <\/div> <!-- close row --> <\/div><\/p>\n","protected":false},"excerpt":{"rendered":"<p>ERZURUM\u2019DA YA\u015eAYAN \u00dc\u00c7\u00dcZ KARDE\u015eLER B\u00d6LGE E\u011e\u0130T\u0130M VE ARA\u015eTIRMA HASTANES\u0130NDE B\u0130RL\u0130KTE BADEMC\u0130K VE GEN\u0130Z AMEL\u0130YATI OLDU.<\/p>\n","protected":false},"author":1,"featured_media":14175,"comment_status":"closed","ping_status":"open","sticky":false,"template":"","format":"standard","meta":{"jetpack_post_was_ever_published":false,"_jetpack_newsletter_access":"","_jetpack_dont_email_post_to_subs":false,"_jetpack_newsletter_tier_id":0,"_jetpack_memberships_contains_paywalled_content":false,"_jetpack_memberships_contains_paid_content":false,"footnotes":"","jetpack_publicize_message":"","jetpack_publicize_feature_enabled":true,"jetpack_social_post_already_shared":false,"jetpack_social_options":{"image_generator_settings":{"template":"highway","default_image_id":0,"font":"","enabled":false},"version":2}},"categories":[655],"tags":[571,3789,4874,77,5872],"class_list":["post-14174","post","type-post","status-publish","format-standard","has-post-thumbnail","hentry","category-son-dakika","tag-ameliyat","tag-birlikte","tag-kardesler","tag-oldu","tag-ucuz"],"jetpack_publicize_connections":[],"jetpack_featured_media_url":"https:\/\/i0.wp.com\/www.tvturk.com\/wp-content\/uploads\/2019\/02\/ucuz-kardesler-birlikte-ameliyat-oldu_a3dfb50.jpg?fit=1000%2C666","jetpack_sharing_enabled":true,"jetpack_shortlink":"https:\/\/wp.me\/paKIfm-3GC","_links":{"self":[{"href":"http:\/\/www.tvturk.com\/index.php\/wp-json\/wp\/v2\/posts\/14174","targetHints":{"allow":["GET"]}}],"collection":[{"href":"http:\/\/www.tvturk.com\/index.php\/wp-json\/wp\/v2\/posts"}],"about":[{"href":"http:\/\/www.tvturk.com\/index.php\/wp-json\/wp\/v2\/types\/post"}],"author":[{"embeddable":true,"href":"http:\/\/www.tvturk.com\/index.php\/wp-json\/wp\/v2\/users\/1"}],"replies":[{"embeddable":true,"href":"http:\/\/www.tvturk.com\/index.php\/wp-json\/wp\/v2\/comments?post=14174"}],"version-history":[{"count":1,"href":"http:\/\/www.tvturk.com\/index.php\/wp-json\/wp\/v2\/posts\/14174\/revisions"}],"predecessor-version":[{"id":14179,"href":"http:\/\/www.tvturk.com\/index.php\/wp-json\/wp\/v2\/posts\/14174\/revisions\/14179"}],"wp:featuredmedia":[{"embeddable":true,"href":"http:\/\/www.tvturk.com\/index.php\/wp-json\/wp\/v2\/media\/14175"}],"wp:attachment":[{"href":"http:\/\/www.tvturk.com\/index.php\/wp-json\/wp\/v2\/media?parent=14174"}],"wp:term":[{"taxonomy":"category","embeddable":true,"href":"http:\/\/www.tvturk.com\/index.php\/wp-json\/wp\/v2\/categories?post=14174"},{"taxonomy":"post_tag","embeddable":true,"href":"http:\/\/www.tvturk.com\/index.php\/wp-json\/wp\/v2\/tags?post=14174"}],"curies":[{"name":"wp","href":"https:\/\/api.w.org\/{rel}","templated":true}]}}