{"id":141807,"date":"2019-04-18T16:03:17","date_gmt":"2019-04-18T13:03:17","guid":{"rendered":"http:\/\/www.tvturk.com\/index.php\/orhan-gencebayin-doktorundan-aciklama\/"},"modified":"2019-04-18T16:03:17","modified_gmt":"2019-04-18T13:03:17","slug":"orhan-gencebayin-doktorundan-aciklama","status":"publish","type":"post","link":"http:\/\/www.tvturk.com\/index.php\/orhan-gencebayin-doktorundan-aciklama\/","title":{"rendered":"Orhan Gencebay\u2019\u0131n doktorundan a\u00e7\u0131klama"},"content":{"rendered":"<p>D\u00fcn g\u00f6\u011f\u00fcs a\u011fr\u0131s\u0131 \u015fikayetiyle kald\u0131r\u0131ld\u0131\u011f\u0131 hastanede usta sanat\u00e7\u0131 Orhan Gencebay\u2019a stent tak\u0131lm\u0131\u015ft\u0131. Gencebay\u2019\u0131n sa\u011fl\u0131k durumuyla ilgili konu\u015fan Kardiyoloji Uzman\u0131 Dr. Deniz \u015eener, \u201cHastam\u0131z\u0131n iki kalp damar\u0131nda darl\u0131k belirlendi ve 3 stent ile bu b\u00f6lgedeki sorun giderildi. Kendisinin sa\u011fl\u0131k durumu iyi ve servisteki odas\u0131nda takibi yap\u0131l\u0131yor. En k\u0131sa s\u00fcrede de taburcu edilmesi planlan\u0131yor\u201d dedi.<\/p>\n<p>Usta sanat\u00e7\u0131 Orhan Gencebay\u2019a d\u00fcn g\u00f6\u011f\u00fcs a\u011fr\u0131s\u0131 \u015fikayetiyle kald\u0131r\u0131ld\u0131\u011f\u0131 hastanede stent tak\u0131lm\u0131\u015ft\u0131. Gencebay\u2019\u0131n sa\u011fl\u0131k durumuna ili\u015fkin doktorundan a\u00e7\u0131klama geldi. \u015ei\u015fli Memorial Hastanesi Kardiyoloji Uzman\u0131 Dr. Deniz \u015eener yapt\u0131\u011f\u0131 a\u00e7\u0131klamada,&#8221; Hastam\u0131z\u0131n rutin sa\u011fl\u0131k kontrolleri sonras\u0131nda anjiyo yap\u0131lmas\u0131na karar verdik. Prof. Dr. Servet \u00d6zt\u00fcrk taraf\u0131ndan yap\u0131lan anjiyoda, hastam\u0131z\u0131n iki kalp damar\u0131nda darl\u0131k belirlendi ve 3 stent ile bu b\u00f6lgedeki sorun giderildi. Kendisinin sa\u011fl\u0131k durumu iyi ve servisteki odas\u0131nda takibi yap\u0131l\u0131yor. En k\u0131sa s\u00fcrede de taburcu edilmesi planlan\u0131yor\u201ddedi.<\/p>\n<p>\u00d6te yandan Beyo\u011flu Belediyesi eski Ba\u015fkan\u0131 Ahmet Misbah Demircan, usta sanat\u00e7\u0131y\u0131 hastanede ziyaret ederek sosyal medyadan foto\u011fraf\u0131n\u0131 payla\u015ft\u0131. Demircan, Gencebay ile birlikte poz payla\u015ft\u0131\u011f\u0131 foto\u011fraf\u0131n \u00fczerine, \u201c\u0130yi Hamd olsun, Soranlara selam\u0131 var. Berhudar olsunlar\u201d dedi\u201d notunu yazd\u0131.<\/p>\n","protected":false},"excerpt":{"rendered":"<p>ESK\u0130 BEYO\u011eLU BELED\u0130YES\u0130 BA\u015eKANI AHMET M\u0130SBAH DEM\u0130RCAN, ORHAN GENCEBAY&#8217;I HASTANEDE Z\u0130YARET EDEREK SOSYAL MEDYADAN FOTO\u011eRAFINI PAYLA\u015eTI.<\/p>\n","protected":false},"author":1,"featured_media":141808,"comment_status":"closed","ping_status":"open","sticky":false,"template":"","format":"standard","meta":{"jetpack_post_was_ever_published":false,"_jetpack_newsletter_access":"","_jetpack_dont_email_post_to_subs":false,"_jetpack_newsletter_tier_id":0,"_jetpack_memberships_contains_paywalled_content":false,"_jetpack_memberships_contains_paid_content":false,"footnotes":"","jetpack_publicize_message":"","jetpack_publicize_feature_enabled":true,"jetpack_social_post_already_shared":true,"jetpack_social_options":{"image_generator_settings":{"template":"highway","default_image_id":0,"font":"","enabled":false},"version":2}},"categories":[1],"tags":[3349,5748,31965,6648],"class_list":["post-141807","post","type-post","status-publish","format-standard","has-post-thumbnail","hentry","category-genel","tag-aciklama","tag-doktorundan","tag-gencebayin","tag-orhan"],"jetpack_publicize_connections":[],"jetpack_featured_media_url":"https:\/\/i0.wp.com\/www.tvturk.com\/wp-content\/uploads\/2019\/04\/orhan-gencebayin-doktorundan-aciklama_72be282.jpg?fit=1000%2C797","jetpack_sharing_enabled":true,"jetpack_shortlink":"https:\/\/wp.me\/paKIfm-ATd","_links":{"self":[{"href":"http:\/\/www.tvturk.com\/index.php\/wp-json\/wp\/v2\/posts\/141807","targetHints":{"allow":["GET"]}}],"collection":[{"href":"http:\/\/www.tvturk.com\/index.php\/wp-json\/wp\/v2\/posts"}],"about":[{"href":"http:\/\/www.tvturk.com\/index.php\/wp-json\/wp\/v2\/types\/post"}],"author":[{"embeddable":true,"href":"http:\/\/www.tvturk.com\/index.php\/wp-json\/wp\/v2\/users\/1"}],"replies":[{"embeddable":true,"href":"http:\/\/www.tvturk.com\/index.php\/wp-json\/wp\/v2\/comments?post=141807"}],"version-history":[{"count":0,"href":"http:\/\/www.tvturk.com\/index.php\/wp-json\/wp\/v2\/posts\/141807\/revisions"}],"wp:featuredmedia":[{"embeddable":true,"href":"http:\/\/www.tvturk.com\/index.php\/wp-json\/wp\/v2\/media\/141808"}],"wp:attachment":[{"href":"http:\/\/www.tvturk.com\/index.php\/wp-json\/wp\/v2\/media?parent=141807"}],"wp:term":[{"taxonomy":"category","embeddable":true,"href":"http:\/\/www.tvturk.com\/index.php\/wp-json\/wp\/v2\/categories?post=141807"},{"taxonomy":"post_tag","embeddable":true,"href":"http:\/\/www.tvturk.com\/index.php\/wp-json\/wp\/v2\/tags?post=141807"}],"curies":[{"name":"wp","href":"https:\/\/api.w.org\/{rel}","templated":true}]}}