{"id":142567,"date":"2019-04-19T11:33:07","date_gmt":"2019-04-19T08:33:07","guid":{"rendered":"http:\/\/www.tvturk.com\/index.php\/yer-altindaki-gizemli-dunya-karaca-magarasinda-sezon-basladi\/"},"modified":"2019-04-19T11:33:18","modified_gmt":"2019-04-19T08:33:18","slug":"yer-altindaki-gizemli-dunya-karaca-magarasinda-sezon-basladi","status":"publish","type":"post","link":"http:\/\/www.tvturk.com\/index.php\/yer-altindaki-gizemli-dunya-karaca-magarasinda-sezon-basladi\/","title":{"rendered":"Yer alt\u0131ndaki gizemli d\u00fcnya Karaca Ma\u011faras\u0131\u2019nda sezon ba\u015flad\u0131"},"content":{"rendered":"<p>D\u00fcnyan\u0131n say\u0131l\u0131 damlata\u015f\u0131 ma\u011faralar\u0131 aras\u0131nda yer alan ve \u2018Yer alt\u0131ndaki gizemli d\u00fcnya\u2019 olarak nitelendirilen 150 milyon y\u0131l ya\u015f\u0131ndaki Karaca Ma\u011faras\u0131\u2019nda turizm sezonu ba\u015flad\u0131.<\/p>\n<p>G\u00fcm\u00fc\u015fhane\u2019nin Torul il\u00e7esine ba\u011fl\u0131 Cebeli k\u00f6y\u00fc s\u0131n\u0131rlar\u0131 i\u00e7erisinde yer alan ve sark\u0131t, dikit, damlata\u015f\u0131 \u015fekillerinin en yo\u011fun, en g\u00fczel, en g\u00f6rkemli ve g\u00f6renleri b\u00fcy\u00fcleyici \u00f6rneklerine sahip olan Karaca Ma\u011faras\u0131 ge\u00e7ti\u011fimiz 15 Kas\u0131m\u2019da ziyarete kapat\u0131lm\u0131\u015ft\u0131.<\/p>\n<p>\u0130\u00e7erisinde sark\u0131t, dikit, s\u00fctun, org desenli duvarlar, bayrak \u015fekilleri, perde damlata\u015flar\u0131, ma\u011fara \u00e7i\u00e7ekleri, ma\u011fara incileri, fil kulaklar\u0131, traverten havuzlar\u0131, traverten basamaklar\u0131 ve ma\u011fara g\u00fclleri yer alan ma\u011faran\u0131n \u0131l\u0131k havas\u0131 ve y\u00fcksek nem oran\u0131yla solunum hastal\u0131klar\u0131na da iyi geldi\u011fi rivayet ediliyor.<\/p>\n<p>Bug\u00fcne kadar yakla\u015f\u0131k 1 milyon ki\u015finin ziyaret etti\u011fi ve son d\u00f6nemde y\u0131ll\u0131k 108 bin ziyaret\u00e7i say\u0131s\u0131na ula\u015fan tesiste incelemelerde bulunarak yap\u0131lan bak\u0131m \u00e7al\u0131\u015fmalar\u0131n\u0131 beraberinde \u0130l \u00d6zel \u0130daresi Genel Sekreteri Ekrem Akdo\u011fan\u2019la birlikte denetleyen G\u00fcm\u00fc\u015fhane Valisi Kamuran Ta\u015fbilek, \u201cKaraca Ma\u011faram\u0131z jeologlar\u0131n bizlere verdi\u011fi bilgiye g\u00f6re 150 milyonluk ge\u00e7mi\u015fe sahip muhte\u015fem bir yap\u0131. \u0130\u00e7erisinde karstik ve damla ta\u015f olu\u015fumuyla dikit ve sark\u0131tlar\u0131n oldu\u011fu bir ma\u011fara olarak b\u00f6lgemizin ve \u00fclkemizin turizmine hizmet etmektedir\u201d dedi.<\/p>\n<p>\u0130l \u00d6zel \u0130daresi \u015firketi taraf\u0131ndan i\u015fletilen ma\u011farada kapal\u0131 oldu\u011fu d\u00f6nemde y\u00fcr\u00fcy\u00fc\u015f parkurlar\u0131, ayd\u0131nlatma, elektrik ve g\u00fcvenlik kameras\u0131 bak\u0131mlar\u0131n\u0131n yap\u0131ld\u0131\u011f\u0131n\u0131 kaydeden Vali Ta\u015fbilek, \u201c15 Nisan tarihi itibariyle a\u00e7\u0131lan turizm sezonunda Karaca Ma\u011faram\u0131z\u0131 da ziyarete a\u00e7t\u0131k. Ge\u00e7ti\u011fimiz sezonda 100 binin \u00fczerinde ziyaret\u00e7i say\u0131s\u0131 olmu\u015ftu. \u0130n\u015fallah bu sezon bu say\u0131y\u0131 daha y\u00fckseklere ta\u015f\u0131yarak gerek yurt i\u00e7i gerek yurt d\u0131\u015f\u0131ndan gelen misafirlerimize b\u00f6ylesine \u00f6zellikli bir yap\u0131y\u0131 sunmak en b\u00fcy\u00fck arzu ve hedefimizdir\u201d diye konu\u015ftu.<\/p>\n<p>\u201cUNESCO D\u00fcnya Miras Ge\u00e7ici Listesine Karaca Ma\u011faram\u0131z\u0131 da ekleyebilmeyi hedefliyoruz\u201d<\/p>\n<p>Ge\u00e7ti\u011fimiz g\u00fcnlerde UNESCO\u2019nun d\u00fcnya miras ge\u00e7ici listesine al\u0131nan Tokat Ball\u0131ca Ma\u011faras\u0131nda oldu\u011fu gibi her y\u0131l onbinlerce yerli ve yabanc\u0131 turistin ziyaret etti\u011fi, G\u00fcm\u00fc\u015fhane\u2019nin ve b\u00f6lgenin en \u00f6nemli turizm potansiyellerinden birisi olan Karaca Ma\u011faras\u0131n\u0131n da bu listeye al\u0131nmas\u0131 i\u00e7in \u00e7al\u0131\u015fmalar\u0131n devam etti\u011fine vurgu yapan Vali Ta\u015fbilek, \u201cBirle\u015fmi\u015f Milletler, E\u011fitim, Bilim ve K\u00fclt\u00fcr \u00d6rg\u00fct\u00fc (UNESCO) D\u00fcnya Miras Ge\u00e7ici Listesine Karaca Ma\u011faram\u0131z\u0131 da ekleyebilmeyi hedefliyoruz.  Valilik, \u00f6zel idare ve turizm payda\u015flar\u0131 el birli\u011fi i\u00e7erisinde g\u00fczel bir \u00e7al\u0131\u015fma y\u00fcr\u00fctme arzusunday\u0131z. Bakanl\u0131\u011f\u0131m\u0131z vas\u0131tas\u0131yla in\u015fallah gerekli yerlere ba\u015fvurular\u0131 yapmak i\u00e7in b\u00fct\u00fcn haz\u0131rl\u0131klar\u0131 yap\u0131yoruz\u201d \u015feklinde konu\u015ftu.<\/p>\n<p>\u201cK\u0131\u015f\u0131n daha \u0131l\u0131k daha \u0131l\u0131man, yaz\u0131n ise d\u0131\u015far\u0131n\u0131n s\u0131cakl\u0131\u011f\u0131na g\u00f6re daha serin\u201d<\/p>\n<p>Karaca Ma\u011faras\u0131n\u0131n i\u00e7erisindeki nem oran\u0131n\u0131n giri\u015f k\u0131sm\u0131ndan i\u00e7eriye do\u011fru gidildik\u00e7e nispi bir art\u0131\u015f g\u00f6sterdi\u011fini, yap\u0131lan \u00f6l\u00e7\u00fcmlerde bu oran\u0131n y\u00fczde 65 ile y\u00fczde 75 aras\u0131nda oldu\u011funu hat\u0131rlatan Vali Ta\u015fbilek, \u201cKaraca ma\u011faram\u0131z\u0131n \u015f\u00f6yle bir \u00f6zelli\u011fi de var. Is\u0131s\u0131 \u00e7ok ho\u015f bir d\u00fczeyde, hi\u00e7 kimseyi rahats\u0131z etmiyor. K\u0131\u015f\u0131n daha \u0131l\u0131k daha \u0131l\u0131man, yaz\u0131n ise d\u0131\u015far\u0131n\u0131n s\u0131cakl\u0131\u011f\u0131na g\u00f6re daha serin. Yap\u0131s\u0131 itibariyle insanlar\u0131n daha rahat nefes ald\u0131klar\u0131 s\u00f6ylenmekte ve bizlerde buray\u0131 gezerken bunu hissetmekteyiz\u201d ifadelerini kulland\u0131.<\/p>\n<p>Karaca Ma\u011faras\u0131<\/p>\n<p>G\u00fcm\u00fc\u015fhane\u2019nin Torul \u0130l\u00e7esine ba\u011fl\u0131 Cebeli K\u00f6y\u00fc s\u0131n\u0131rlar\u0131 i\u00e7erisinde bulunan Karaca Ma\u011faras\u0131 \u015fehir merkezine 17 kilometre mesafede, denizden bin 550 metre y\u00fcksekliktedir. G\u00fcm\u00fc\u015fhane-Trabzon karayolunun 12. kilometresinden kuzeye ayr\u0131lan 4 kilometrelik yolu takiben ma\u011faraya ula\u015f\u0131l\u0131r. Ma\u011faran\u0131n bulundu\u011fu yerde k\u0131r kahvesi, dinlenme tesisleri gibi ziyaret\u00e7ilerin \u00e7e\u015fitli ihtiya\u00e7lar\u0131n\u0131 kar\u015f\u0131layacaklar\u0131 \u00f6nc\u00fcl tesisler mevcuttur. Damlata\u015f\u0131 olu\u015fumlar\u0131 bak\u0131ndan olduk\u00e7a zengin olan Karaca Ma\u011faras\u0131nda, damlata\u015flar\u0131 \u00e7ok \u00e7e\u015fitli renk ve \u015fekiller arz eder. Ma\u011fara i\u00e7erisindeki sark\u0131tlar, dikitler, s\u00fctunlar, org desenli duvarlar, bayrak \u015fekilleri ve perde damlata\u015flar\u0131, ma\u011fara \u00e7i\u00e7ekleri, ma\u011fara incileri, fil kulaklar\u0131, traverten havuzlar\u0131, traverten basamaklar\u0131, ma\u011fara g\u00fclleri yer almaktad\u0131r. Ma\u011fara yatay y\u00f6nde geli\u015fme g\u00f6stermi\u015f, elipse benzeyen d\u00f6rt ayr\u0131 salonun birbirine birle\u015fmesinden meydana gelmi\u015ftir. Bu salonlardan ikisi \u00e7atlak sistemlerinden s\u0131zan sular\u0131n olu\u015fturuldu\u011fu duvar damlata\u015flar\u0131 ile ikiye b\u00f6l\u00fcnm\u00fc\u015f ve salon say\u0131s\u0131 alt\u0131ya \u00e7\u0131km\u0131\u015ft\u0131r. Ma\u011faran\u0131n giri\u015fi bir insan boyu y\u00fckseklikte ba\u015flay\u0131p i\u00e7eriye do\u011fru gidildik\u00e7e bir huni \u015fekilde geni\u015flemektedir. Giri\u015f noktas\u0131ndan en u\u00e7 noktaya 150 metre uzunlukta, ortalama tavan y\u00fcksekli\u011fi 18 metre olan ma\u011faran\u0131n toplam i\u00e7 alan\u0131 yakla\u015f\u0131k bin 500 metrekaredir. Karaca Ma\u011faras\u0131n\u0131n i\u00e7erisinde belirgin bir hava hareketi s\u00f6z konusu de\u011fildir. Bu sebeple ma\u011fara havas\u0131n\u0131n nem oran\u0131 a\u011f\u0131z k\u0131sm\u0131ndan i\u00e7eriye do\u011fru gidildik\u00e7e nispi bir art\u0131\u015f g\u00f6sterir. Yap\u0131lan \u00f6l\u00e7\u00fcmlerde bu art\u0131\u015f oran\u0131 a\u011f\u0131z k\u0131sm\u0131nda y\u00fczde 65\u2019ten y\u00fczde 75\u2019e \u00e7\u0131kmaktad\u0131r. Ma\u011fara havas\u0131 yaz mevsiminde d\u0131\u015far\u0131ya g\u00f6re daha serin, k\u0131\u015f\u0131n biraz daha s\u0131cakt\u0131r. Bu \u00f6zellikleri ile ma\u011fara, k\u00fc\u00e7\u00fck bir mikroklima alan\u0131 olarak d\u00fc\u015f\u00fcn\u00fclmektedir.<div class=\"tiled-gallery type-rectangular tiled-gallery-unresized\" data-original-width=\"500\" data-carousel-extra='null' itemscope itemtype=\"http:\/\/schema.org\/ImageGallery\" > <div class=\"gallery-row\" style=\"width: 500px; height: 224px;\" data-original-width=\"500\" data-original-height=\"224\" > <div class=\"gallery-group images-1\" style=\"width: 334px; height: 224px;\" data-original-width=\"334\" data-original-height=\"224\" > <div class=\"tiled-gallery-item tiled-gallery-item-large\" itemprop=\"associatedMedia\" itemscope itemtype=\"http:\/\/schema.org\/ImageObject\"> <a href=\"http:\/\/www.tvturk.com\/index.php\/yer-altindaki-gizemli-dunya-karaca-magarasinda-sezon-basladi\/yer-altindaki-gizemli-dunya-karaca-magarasinda-sezon-basladi-3\/\" border=\"0\" itemprop=\"url\"> <meta itemprop=\"width\" content=\"330\"> <meta itemprop=\"height\" content=\"220\"> <img decoding=\"async\" class=\"\" data-attachment-id=\"142569\" data-orig-file=\"http:\/\/www.tvturk.com\/wp-content\/uploads\/2019\/04\/yer-altindaki-gizemli-dunya-karaca-magarasinda-sezon-basladi_61594b1.jpg\" data-orig-size=\"1000,666\" data-comments-opened=\"\" data-image-meta=\"{&quot;aperture&quot;:&quot;0&quot;,&quot;credit&quot;:&quot;IHA&quot;,&quot;camera&quot;:&quot;&quot;,&quot;caption&quot;:&quot;D\\u00dcNYANIN SAYILI DAMLATA\\u015eI MA\\u011eARALARINDAN B\\u0130R\\u0130S\\u0130 ARASINDA YER ALAN VE \\u2018YER ALTINDAK\\u0130 G\\u0130ZEML\\u0130 D\\u00dcNYA\\u2019 OLARAK N\\u0130TELEND\\u0130R\\u0130LEN 150 M\\u0130LYON YIL YA\\u015eINDAK\\u0130 KARACA MA\\u011eARASINDA TUR\\u0130ZM SEZONU BA\\u015eLADI. (RECEP ERG\\u0130N\\\/G\\u00dcM\\u00dc\\u015eHANE-\\u0130HA)&quot;,&quot;created_timestamp&quot;:&quot;0&quot;,&quot;copyright&quot;:&quot;\\u0130HLAS HABER AJANSI, www.iha.com.tr&quot;,&quot;focal_length&quot;:&quot;0&quot;,&quot;iso&quot;:&quot;0&quot;,&quot;shutter_speed&quot;:&quot;0&quot;,&quot;title&quot;:&quot;YER ALTINDAK\\u0130 G\\u0130ZEML\\u0130 D\\u00dcNYA KARACA MA\\u011eARASI\\u0027NDA SEZON BA\\u015eLADI G\\u00dcM\\u00dc\\u015eHANE\\u2019N\\u0130N TORUL \\u0130L\\u00c7ES\\u0130 SINIRLARINDAK\\u0130 150 M\\u0130LYON YIL YA\\u015eINDAK\\u0130 KARACA MA\\u011eARASI YERL\\u0130 VE YABANCI TUR\\u0130STLER\\u0130 BEKL\\u0130YOR&quot;,&quot;orientation&quot;:&quot;0&quot;}\" data-image-title=\"Yer alt\u0131ndaki gizemli d\u00fcnya Karaca Ma\u011faras\u0131\u2019nda sezon ba\u015flad\u0131\" data-image-description=\"&lt;p&gt;Yer alt\u0131ndaki gizemli d\u00fcnya Karaca Ma\u011faras\u0131\u2019nda sezon ba\u015flad\u0131&lt;\/p&gt; \" data-medium-file=\"https:\/\/i0.wp.com\/www.tvturk.com\/wp-content\/uploads\/2019\/04\/yer-altindaki-gizemli-dunya-karaca-magarasinda-sezon-basladi_61594b1.jpg?fit=300%2C200\" data-large-file=\"https:\/\/i0.wp.com\/www.tvturk.com\/wp-content\/uploads\/2019\/04\/yer-altindaki-gizemli-dunya-karaca-magarasinda-sezon-basladi_61594b1.jpg?fit=1000%2C666\" src=\"https:\/\/i0.wp.com\/www.tvturk.com\/wp-content\/uploads\/2019\/04\/yer-altindaki-gizemli-dunya-karaca-magarasinda-sezon-basladi_61594b1.jpg?w=330&#038;h=220\" srcset=\"https:\/\/i0.wp.com\/www.tvturk.com\/wp-content\/uploads\/2019\/04\/yer-altindaki-gizemli-dunya-karaca-magarasinda-sezon-basladi_61594b1.jpg?w=1000 1000w, https:\/\/i0.wp.com\/www.tvturk.com\/wp-content\/uploads\/2019\/04\/yer-altindaki-gizemli-dunya-karaca-magarasinda-sezon-basladi_61594b1.jpg?resize=150%2C100 150w, https:\/\/i0.wp.com\/www.tvturk.com\/wp-content\/uploads\/2019\/04\/yer-altindaki-gizemli-dunya-karaca-magarasinda-sezon-basladi_61594b1.jpg?resize=300%2C200 300w, https:\/\/i0.wp.com\/www.tvturk.com\/wp-content\/uploads\/2019\/04\/yer-altindaki-gizemli-dunya-karaca-magarasinda-sezon-basladi_61594b1.jpg?resize=768%2C511 768w, https:\/\/i0.wp.com\/www.tvturk.com\/wp-content\/uploads\/2019\/04\/yer-altindaki-gizemli-dunya-karaca-magarasinda-sezon-basladi_61594b1.jpg?resize=170%2C113 170w, https:\/\/i0.wp.com\/www.tvturk.com\/wp-content\/uploads\/2019\/04\/yer-altindaki-gizemli-dunya-karaca-magarasinda-sezon-basladi_61594b1.jpg?resize=120%2C80 120w\" width=\"330\" height=\"220\" loading=\"lazy\" data-original-width=\"330\" data-original-height=\"220\" itemprop=\"http:\/\/schema.org\/image\" title=\"Yer alt\u0131ndaki gizemli d\u00fcnya Karaca Ma\u011faras\u0131\u2019nda sezon ba\u015flad\u0131\" alt=\"Yer alt\u0131ndaki gizemli d\u00fcnya Karaca Ma\u011faras\u0131\u2019nda sezon ba\u015flad\u0131\" style=\"width: 330px; height: 220px;\" \/> <\/a> <\/div> <\/div> <!-- close group --> <div class=\"gallery-group images-2\" style=\"width: 166px; height: 224px;\" data-original-width=\"166\" data-original-height=\"224\" > <div class=\"tiled-gallery-item tiled-gallery-item-small\" itemprop=\"associatedMedia\" itemscope itemtype=\"http:\/\/schema.org\/ImageObject\"> <a href=\"http:\/\/www.tvturk.com\/index.php\/yer-altindaki-gizemli-dunya-karaca-magarasinda-sezon-basladi\/yer-altindaki-gizemli-dunya-karaca-magarasinda-sezon-basladi-4\/\" border=\"0\" itemprop=\"url\"> <meta itemprop=\"width\" content=\"162\"> <meta itemprop=\"height\" content=\"108\"> <img decoding=\"async\" class=\"\" data-attachment-id=\"142570\" data-orig-file=\"http:\/\/www.tvturk.com\/wp-content\/uploads\/2019\/04\/yer-altindaki-gizemli-dunya-karaca-magarasinda-sezon-basladi_22aa198.jpg\" data-orig-size=\"1000,666\" data-comments-opened=\"\" data-image-meta=\"{&quot;aperture&quot;:&quot;0&quot;,&quot;credit&quot;:&quot;IHA&quot;,&quot;camera&quot;:&quot;&quot;,&quot;caption&quot;:&quot;D\\u00dcNYANIN SAYILI DAMLATA\\u015eI MA\\u011eARALARINDAN B\\u0130R\\u0130S\\u0130 ARASINDA YER ALAN VE \\u2018YER ALTINDAK\\u0130 G\\u0130ZEML\\u0130 D\\u00dcNYA\\u2019 OLARAK N\\u0130TELEND\\u0130R\\u0130LEN 150 M\\u0130LYON YIL YA\\u015eINDAK\\u0130 KARACA MA\\u011eARASINDA TUR\\u0130ZM SEZONU BA\\u015eLADI. (RECEP ERG\\u0130N\\\/G\\u00dcM\\u00dc\\u015eHANE-\\u0130HA)&quot;,&quot;created_timestamp&quot;:&quot;0&quot;,&quot;copyright&quot;:&quot;\\u0130HLAS HABER AJANSI, www.iha.com.tr&quot;,&quot;focal_length&quot;:&quot;0&quot;,&quot;iso&quot;:&quot;0&quot;,&quot;shutter_speed&quot;:&quot;0&quot;,&quot;title&quot;:&quot;YER ALTINDAK\\u0130 G\\u0130ZEML\\u0130 D\\u00dcNYA KARACA MA\\u011eARASI\\u0027NDA SEZON BA\\u015eLADI G\\u00dcM\\u00dc\\u015eHANE\\u2019N\\u0130N TORUL \\u0130L\\u00c7ES\\u0130 SINIRLARINDAK\\u0130 150 M\\u0130LYON YIL YA\\u015eINDAK\\u0130 KARACA MA\\u011eARASI YERL\\u0130 VE YABANCI TUR\\u0130STLER\\u0130 BEKL\\u0130YOR&quot;,&quot;orientation&quot;:&quot;0&quot;}\" data-image-title=\"Yer alt\u0131ndaki gizemli d\u00fcnya Karaca Ma\u011faras\u0131\u2019nda sezon ba\u015flad\u0131\" data-image-description=\"&lt;p&gt;Yer alt\u0131ndaki gizemli d\u00fcnya Karaca Ma\u011faras\u0131\u2019nda sezon ba\u015flad\u0131&lt;\/p&gt; \" data-medium-file=\"https:\/\/i0.wp.com\/www.tvturk.com\/wp-content\/uploads\/2019\/04\/yer-altindaki-gizemli-dunya-karaca-magarasinda-sezon-basladi_22aa198.jpg?fit=300%2C200\" data-large-file=\"https:\/\/i0.wp.com\/www.tvturk.com\/wp-content\/uploads\/2019\/04\/yer-altindaki-gizemli-dunya-karaca-magarasinda-sezon-basladi_22aa198.jpg?fit=1000%2C666\" src=\"https:\/\/i0.wp.com\/www.tvturk.com\/wp-content\/uploads\/2019\/04\/yer-altindaki-gizemli-dunya-karaca-magarasinda-sezon-basladi_22aa198.jpg?w=162&#038;h=108\" srcset=\"https:\/\/i0.wp.com\/www.tvturk.com\/wp-content\/uploads\/2019\/04\/yer-altindaki-gizemli-dunya-karaca-magarasinda-sezon-basladi_22aa198.jpg?w=1000 1000w, https:\/\/i0.wp.com\/www.tvturk.com\/wp-content\/uploads\/2019\/04\/yer-altindaki-gizemli-dunya-karaca-magarasinda-sezon-basladi_22aa198.jpg?resize=150%2C100 150w, https:\/\/i0.wp.com\/www.tvturk.com\/wp-content\/uploads\/2019\/04\/yer-altindaki-gizemli-dunya-karaca-magarasinda-sezon-basladi_22aa198.jpg?resize=300%2C200 300w, https:\/\/i0.wp.com\/www.tvturk.com\/wp-content\/uploads\/2019\/04\/yer-altindaki-gizemli-dunya-karaca-magarasinda-sezon-basladi_22aa198.jpg?resize=768%2C511 768w, https:\/\/i0.wp.com\/www.tvturk.com\/wp-content\/uploads\/2019\/04\/yer-altindaki-gizemli-dunya-karaca-magarasinda-sezon-basladi_22aa198.jpg?resize=170%2C113 170w, https:\/\/i0.wp.com\/www.tvturk.com\/wp-content\/uploads\/2019\/04\/yer-altindaki-gizemli-dunya-karaca-magarasinda-sezon-basladi_22aa198.jpg?resize=120%2C80 120w\" width=\"162\" height=\"108\" loading=\"lazy\" data-original-width=\"162\" data-original-height=\"108\" itemprop=\"http:\/\/schema.org\/image\" title=\"Yer alt\u0131ndaki gizemli d\u00fcnya Karaca Ma\u011faras\u0131\u2019nda sezon ba\u015flad\u0131\" alt=\"Yer alt\u0131ndaki gizemli d\u00fcnya Karaca Ma\u011faras\u0131\u2019nda sezon ba\u015flad\u0131\" style=\"width: 162px; height: 108px;\" \/> <\/a> <\/div> <div class=\"tiled-gallery-item tiled-gallery-item-small\" itemprop=\"associatedMedia\" itemscope itemtype=\"http:\/\/schema.org\/ImageObject\"> <a href=\"http:\/\/www.tvturk.com\/index.php\/yer-altindaki-gizemli-dunya-karaca-magarasinda-sezon-basladi\/yer-altindaki-gizemli-dunya-karaca-magarasinda-sezon-basladi-5\/\" border=\"0\" itemprop=\"url\"> <meta itemprop=\"width\" content=\"162\"> <meta itemprop=\"height\" content=\"108\"> <img decoding=\"async\" class=\"\" data-attachment-id=\"142571\" data-orig-file=\"http:\/\/www.tvturk.com\/wp-content\/uploads\/2019\/04\/yer-altindaki-gizemli-dunya-karaca-magarasinda-sezon-basladi_3c407f8.jpg\" data-orig-size=\"1000,666\" data-comments-opened=\"\" data-image-meta=\"{&quot;aperture&quot;:&quot;0&quot;,&quot;credit&quot;:&quot;IHA&quot;,&quot;camera&quot;:&quot;&quot;,&quot;caption&quot;:&quot;D\\u00dcNYANIN SAYILI DAMLATA\\u015eI MA\\u011eARALARINDAN B\\u0130R\\u0130S\\u0130 ARASINDA YER ALAN VE \\u2018YER ALTINDAK\\u0130 G\\u0130ZEML\\u0130 D\\u00dcNYA\\u2019 OLARAK N\\u0130TELEND\\u0130R\\u0130LEN 150 M\\u0130LYON YIL YA\\u015eINDAK\\u0130 KARACA MA\\u011eARASINDA TUR\\u0130ZM SEZONU BA\\u015eLADI. (RECEP ERG\\u0130N\\\/G\\u00dcM\\u00dc\\u015eHANE-\\u0130HA)&quot;,&quot;created_timestamp&quot;:&quot;0&quot;,&quot;copyright&quot;:&quot;\\u0130HLAS HABER AJANSI, www.iha.com.tr&quot;,&quot;focal_length&quot;:&quot;0&quot;,&quot;iso&quot;:&quot;0&quot;,&quot;shutter_speed&quot;:&quot;0&quot;,&quot;title&quot;:&quot;YER ALTINDAK\\u0130 G\\u0130ZEML\\u0130 D\\u00dcNYA KARACA MA\\u011eARASI\\u0027NDA SEZON BA\\u015eLADI G\\u00dcM\\u00dc\\u015eHANE\\u2019N\\u0130N TORUL \\u0130L\\u00c7ES\\u0130 SINIRLARINDAK\\u0130 150 M\\u0130LYON YIL YA\\u015eINDAK\\u0130 KARACA MA\\u011eARASI YERL\\u0130 VE YABANCI TUR\\u0130STLER\\u0130 BEKL\\u0130YOR&quot;,&quot;orientation&quot;:&quot;0&quot;}\" data-image-title=\"Yer alt\u0131ndaki gizemli d\u00fcnya Karaca Ma\u011faras\u0131\u2019nda sezon ba\u015flad\u0131\" data-image-description=\"&lt;p&gt;Yer alt\u0131ndaki gizemli d\u00fcnya Karaca Ma\u011faras\u0131\u2019nda sezon ba\u015flad\u0131&lt;\/p&gt; \" data-medium-file=\"https:\/\/i0.wp.com\/www.tvturk.com\/wp-content\/uploads\/2019\/04\/yer-altindaki-gizemli-dunya-karaca-magarasinda-sezon-basladi_3c407f8.jpg?fit=300%2C200\" data-large-file=\"https:\/\/i0.wp.com\/www.tvturk.com\/wp-content\/uploads\/2019\/04\/yer-altindaki-gizemli-dunya-karaca-magarasinda-sezon-basladi_3c407f8.jpg?fit=1000%2C666\" src=\"https:\/\/i0.wp.com\/www.tvturk.com\/wp-content\/uploads\/2019\/04\/yer-altindaki-gizemli-dunya-karaca-magarasinda-sezon-basladi_3c407f8.jpg?w=162&#038;h=108\" srcset=\"https:\/\/i0.wp.com\/www.tvturk.com\/wp-content\/uploads\/2019\/04\/yer-altindaki-gizemli-dunya-karaca-magarasinda-sezon-basladi_3c407f8.jpg?w=1000 1000w, https:\/\/i0.wp.com\/www.tvturk.com\/wp-content\/uploads\/2019\/04\/yer-altindaki-gizemli-dunya-karaca-magarasinda-sezon-basladi_3c407f8.jpg?resize=150%2C100 150w, https:\/\/i0.wp.com\/www.tvturk.com\/wp-content\/uploads\/2019\/04\/yer-altindaki-gizemli-dunya-karaca-magarasinda-sezon-basladi_3c407f8.jpg?resize=300%2C200 300w, https:\/\/i0.wp.com\/www.tvturk.com\/wp-content\/uploads\/2019\/04\/yer-altindaki-gizemli-dunya-karaca-magarasinda-sezon-basladi_3c407f8.jpg?resize=768%2C511 768w, https:\/\/i0.wp.com\/www.tvturk.com\/wp-content\/uploads\/2019\/04\/yer-altindaki-gizemli-dunya-karaca-magarasinda-sezon-basladi_3c407f8.jpg?resize=170%2C113 170w, https:\/\/i0.wp.com\/www.tvturk.com\/wp-content\/uploads\/2019\/04\/yer-altindaki-gizemli-dunya-karaca-magarasinda-sezon-basladi_3c407f8.jpg?resize=120%2C80 120w\" width=\"162\" height=\"108\" loading=\"lazy\" data-original-width=\"162\" data-original-height=\"108\" itemprop=\"http:\/\/schema.org\/image\" title=\"Yer alt\u0131ndaki gizemli d\u00fcnya Karaca Ma\u011faras\u0131\u2019nda sezon ba\u015flad\u0131\" alt=\"Yer alt\u0131ndaki gizemli d\u00fcnya Karaca Ma\u011faras\u0131\u2019nda sezon ba\u015flad\u0131\" style=\"width: 162px; height: 108px;\" \/> <\/a> <\/div> <\/div> <!-- close group --> <\/div> <!-- close row --> <div class=\"gallery-row\" style=\"width: 500px; height: 112px;\" data-original-width=\"500\" data-original-height=\"112\" > <div class=\"gallery-group images-1\" style=\"width: 167px; height: 112px;\" data-original-width=\"167\" data-original-height=\"112\" > <div class=\"tiled-gallery-item tiled-gallery-item-small\" itemprop=\"associatedMedia\" itemscope itemtype=\"http:\/\/schema.org\/ImageObject\"> <a href=\"http:\/\/www.tvturk.com\/index.php\/yer-altindaki-gizemli-dunya-karaca-magarasinda-sezon-basladi\/yer-altindaki-gizemli-dunya-karaca-magarasinda-sezon-basladi-6\/\" border=\"0\" itemprop=\"url\"> <meta itemprop=\"width\" content=\"163\"> <meta itemprop=\"height\" content=\"108\"> <img decoding=\"async\" class=\"\" data-attachment-id=\"142572\" data-orig-file=\"http:\/\/www.tvturk.com\/wp-content\/uploads\/2019\/04\/yer-altindaki-gizemli-dunya-karaca-magarasinda-sezon-basladi_49df56e.jpg\" data-orig-size=\"1000,666\" data-comments-opened=\"\" data-image-meta=\"{&quot;aperture&quot;:&quot;0&quot;,&quot;credit&quot;:&quot;IHA&quot;,&quot;camera&quot;:&quot;&quot;,&quot;caption&quot;:&quot;D\\u00dcNYANIN SAYILI DAMLATA\\u015eI MA\\u011eARALARINDAN B\\u0130R\\u0130S\\u0130 ARASINDA YER ALAN VE \\u2018YER ALTINDAK\\u0130 G\\u0130ZEML\\u0130 D\\u00dcNYA\\u2019 OLARAK N\\u0130TELEND\\u0130R\\u0130LEN 150 M\\u0130LYON YIL YA\\u015eINDAK\\u0130 KARACA MA\\u011eARASINDA TUR\\u0130ZM SEZONU BA\\u015eLADI. (RECEP ERG\\u0130N\\\/G\\u00dcM\\u00dc\\u015eHANE-\\u0130HA)&quot;,&quot;created_timestamp&quot;:&quot;0&quot;,&quot;copyright&quot;:&quot;\\u0130HLAS HABER AJANSI, www.iha.com.tr&quot;,&quot;focal_length&quot;:&quot;0&quot;,&quot;iso&quot;:&quot;0&quot;,&quot;shutter_speed&quot;:&quot;0&quot;,&quot;title&quot;:&quot;YER ALTINDAK\\u0130 G\\u0130ZEML\\u0130 D\\u00dcNYA KARACA MA\\u011eARASI\\u0027NDA SEZON BA\\u015eLADI G\\u00dcM\\u00dc\\u015eHANE\\u2019N\\u0130N TORUL \\u0130L\\u00c7ES\\u0130 SINIRLARINDAK\\u0130 150 M\\u0130LYON YIL YA\\u015eINDAK\\u0130 KARACA MA\\u011eARASI YERL\\u0130 VE YABANCI TUR\\u0130STLER\\u0130 BEKL\\u0130YOR&quot;,&quot;orientation&quot;:&quot;0&quot;}\" data-image-title=\"Yer alt\u0131ndaki gizemli d\u00fcnya Karaca Ma\u011faras\u0131\u2019nda sezon ba\u015flad\u0131\" data-image-description=\"&lt;p&gt;Yer alt\u0131ndaki gizemli d\u00fcnya Karaca Ma\u011faras\u0131\u2019nda sezon ba\u015flad\u0131&lt;\/p&gt; \" data-medium-file=\"https:\/\/i0.wp.com\/www.tvturk.com\/wp-content\/uploads\/2019\/04\/yer-altindaki-gizemli-dunya-karaca-magarasinda-sezon-basladi_49df56e.jpg?fit=300%2C200\" data-large-file=\"https:\/\/i0.wp.com\/www.tvturk.com\/wp-content\/uploads\/2019\/04\/yer-altindaki-gizemli-dunya-karaca-magarasinda-sezon-basladi_49df56e.jpg?fit=1000%2C666\" src=\"https:\/\/i0.wp.com\/www.tvturk.com\/wp-content\/uploads\/2019\/04\/yer-altindaki-gizemli-dunya-karaca-magarasinda-sezon-basladi_49df56e.jpg?w=163&#038;h=108\" srcset=\"https:\/\/i0.wp.com\/www.tvturk.com\/wp-content\/uploads\/2019\/04\/yer-altindaki-gizemli-dunya-karaca-magarasinda-sezon-basladi_49df56e.jpg?w=1000 1000w, https:\/\/i0.wp.com\/www.tvturk.com\/wp-content\/uploads\/2019\/04\/yer-altindaki-gizemli-dunya-karaca-magarasinda-sezon-basladi_49df56e.jpg?resize=150%2C100 150w, https:\/\/i0.wp.com\/www.tvturk.com\/wp-content\/uploads\/2019\/04\/yer-altindaki-gizemli-dunya-karaca-magarasinda-sezon-basladi_49df56e.jpg?resize=300%2C200 300w, https:\/\/i0.wp.com\/www.tvturk.com\/wp-content\/uploads\/2019\/04\/yer-altindaki-gizemli-dunya-karaca-magarasinda-sezon-basladi_49df56e.jpg?resize=768%2C511 768w, https:\/\/i0.wp.com\/www.tvturk.com\/wp-content\/uploads\/2019\/04\/yer-altindaki-gizemli-dunya-karaca-magarasinda-sezon-basladi_49df56e.jpg?resize=170%2C113 170w, https:\/\/i0.wp.com\/www.tvturk.com\/wp-content\/uploads\/2019\/04\/yer-altindaki-gizemli-dunya-karaca-magarasinda-sezon-basladi_49df56e.jpg?resize=120%2C80 120w\" width=\"163\" height=\"108\" loading=\"lazy\" data-original-width=\"163\" data-original-height=\"108\" itemprop=\"http:\/\/schema.org\/image\" title=\"Yer alt\u0131ndaki gizemli d\u00fcnya Karaca Ma\u011faras\u0131\u2019nda sezon ba\u015flad\u0131\" alt=\"Yer alt\u0131ndaki gizemli d\u00fcnya Karaca Ma\u011faras\u0131\u2019nda sezon ba\u015flad\u0131\" style=\"width: 163px; height: 108px;\" \/> <\/a> <\/div> <\/div> <!-- close group --> <div class=\"gallery-group images-1\" style=\"width: 167px; height: 112px;\" data-original-width=\"167\" data-original-height=\"112\" > <div class=\"tiled-gallery-item tiled-gallery-item-small\" itemprop=\"associatedMedia\" itemscope itemtype=\"http:\/\/schema.org\/ImageObject\"> <a href=\"http:\/\/www.tvturk.com\/index.php\/yer-altindaki-gizemli-dunya-karaca-magarasinda-sezon-basladi\/yer-altindaki-gizemli-dunya-karaca-magarasinda-sezon-basladi-7\/\" border=\"0\" itemprop=\"url\"> <meta itemprop=\"width\" content=\"163\"> <meta itemprop=\"height\" content=\"108\"> <img decoding=\"async\" class=\"\" data-attachment-id=\"142573\" data-orig-file=\"http:\/\/www.tvturk.com\/wp-content\/uploads\/2019\/04\/yer-altindaki-gizemli-dunya-karaca-magarasinda-sezon-basladi_842e0a2.jpg\" data-orig-size=\"1000,666\" data-comments-opened=\"\" data-image-meta=\"{&quot;aperture&quot;:&quot;0&quot;,&quot;credit&quot;:&quot;IHA&quot;,&quot;camera&quot;:&quot;&quot;,&quot;caption&quot;:&quot;D\\u00dcNYANIN SAYILI DAMLATA\\u015eI MA\\u011eARALARINDAN B\\u0130R\\u0130S\\u0130 ARASINDA YER ALAN VE \\u2018YER ALTINDAK\\u0130 G\\u0130ZEML\\u0130 D\\u00dcNYA\\u2019 OLARAK N\\u0130TELEND\\u0130R\\u0130LEN 150 M\\u0130LYON YIL YA\\u015eINDAK\\u0130 KARACA MA\\u011eARASINDA TUR\\u0130ZM SEZONU BA\\u015eLADI. (RECEP ERG\\u0130N\\\/G\\u00dcM\\u00dc\\u015eHANE-\\u0130HA)&quot;,&quot;created_timestamp&quot;:&quot;0&quot;,&quot;copyright&quot;:&quot;\\u0130HLAS HABER AJANSI, www.iha.com.tr&quot;,&quot;focal_length&quot;:&quot;0&quot;,&quot;iso&quot;:&quot;0&quot;,&quot;shutter_speed&quot;:&quot;0&quot;,&quot;title&quot;:&quot;YER ALTINDAK\\u0130 G\\u0130ZEML\\u0130 D\\u00dcNYA KARACA MA\\u011eARASI\\u0027NDA SEZON BA\\u015eLADI G\\u00dcM\\u00dc\\u015eHANE\\u2019N\\u0130N TORUL \\u0130L\\u00c7ES\\u0130 SINIRLARINDAK\\u0130 150 M\\u0130LYON YIL YA\\u015eINDAK\\u0130 KARACA MA\\u011eARASI YERL\\u0130 VE YABANCI TUR\\u0130STLER\\u0130 BEKL\\u0130YOR&quot;,&quot;orientation&quot;:&quot;0&quot;}\" data-image-title=\"Yer alt\u0131ndaki gizemli d\u00fcnya Karaca Ma\u011faras\u0131\u2019nda sezon ba\u015flad\u0131\" data-image-description=\"&lt;p&gt;Yer alt\u0131ndaki gizemli d\u00fcnya Karaca Ma\u011faras\u0131\u2019nda sezon ba\u015flad\u0131&lt;\/p&gt; \" data-medium-file=\"https:\/\/i0.wp.com\/www.tvturk.com\/wp-content\/uploads\/2019\/04\/yer-altindaki-gizemli-dunya-karaca-magarasinda-sezon-basladi_842e0a2.jpg?fit=300%2C200\" data-large-file=\"https:\/\/i0.wp.com\/www.tvturk.com\/wp-content\/uploads\/2019\/04\/yer-altindaki-gizemli-dunya-karaca-magarasinda-sezon-basladi_842e0a2.jpg?fit=1000%2C666\" src=\"https:\/\/i0.wp.com\/www.tvturk.com\/wp-content\/uploads\/2019\/04\/yer-altindaki-gizemli-dunya-karaca-magarasinda-sezon-basladi_842e0a2.jpg?w=163&#038;h=108\" srcset=\"https:\/\/i0.wp.com\/www.tvturk.com\/wp-content\/uploads\/2019\/04\/yer-altindaki-gizemli-dunya-karaca-magarasinda-sezon-basladi_842e0a2.jpg?w=1000 1000w, https:\/\/i0.wp.com\/www.tvturk.com\/wp-content\/uploads\/2019\/04\/yer-altindaki-gizemli-dunya-karaca-magarasinda-sezon-basladi_842e0a2.jpg?resize=150%2C100 150w, https:\/\/i0.wp.com\/www.tvturk.com\/wp-content\/uploads\/2019\/04\/yer-altindaki-gizemli-dunya-karaca-magarasinda-sezon-basladi_842e0a2.jpg?resize=300%2C200 300w, https:\/\/i0.wp.com\/www.tvturk.com\/wp-content\/uploads\/2019\/04\/yer-altindaki-gizemli-dunya-karaca-magarasinda-sezon-basladi_842e0a2.jpg?resize=768%2C511 768w, https:\/\/i0.wp.com\/www.tvturk.com\/wp-content\/uploads\/2019\/04\/yer-altindaki-gizemli-dunya-karaca-magarasinda-sezon-basladi_842e0a2.jpg?resize=170%2C113 170w, https:\/\/i0.wp.com\/www.tvturk.com\/wp-content\/uploads\/2019\/04\/yer-altindaki-gizemli-dunya-karaca-magarasinda-sezon-basladi_842e0a2.jpg?resize=120%2C80 120w\" width=\"163\" height=\"108\" loading=\"lazy\" data-original-width=\"163\" data-original-height=\"108\" itemprop=\"http:\/\/schema.org\/image\" title=\"Yer alt\u0131ndaki gizemli d\u00fcnya Karaca Ma\u011faras\u0131\u2019nda sezon ba\u015flad\u0131\" alt=\"Yer alt\u0131ndaki gizemli d\u00fcnya Karaca Ma\u011faras\u0131\u2019nda sezon ba\u015flad\u0131\" style=\"width: 163px; height: 108px;\" \/> <\/a> <\/div> <\/div> <!-- close group --> <div class=\"gallery-group images-1\" style=\"width: 166px; height: 112px;\" data-original-width=\"166\" data-original-height=\"112\" > <div class=\"tiled-gallery-item tiled-gallery-item-small\" itemprop=\"associatedMedia\" itemscope itemtype=\"http:\/\/schema.org\/ImageObject\"> <a href=\"http:\/\/www.tvturk.com\/index.php\/yer-altindaki-gizemli-dunya-karaca-magarasinda-sezon-basladi\/yer-altindaki-gizemli-dunya-karaca-magarasinda-sezon-basladi-8\/\" border=\"0\" itemprop=\"url\"> <meta itemprop=\"width\" content=\"162\"> <meta itemprop=\"height\" content=\"108\"> <img decoding=\"async\" class=\"\" data-attachment-id=\"142574\" data-orig-file=\"http:\/\/www.tvturk.com\/wp-content\/uploads\/2019\/04\/yer-altindaki-gizemli-dunya-karaca-magarasinda-sezon-basladi_4b112a4.jpg\" data-orig-size=\"1000,666\" data-comments-opened=\"\" data-image-meta=\"{&quot;aperture&quot;:&quot;0&quot;,&quot;credit&quot;:&quot;IHA&quot;,&quot;camera&quot;:&quot;&quot;,&quot;caption&quot;:&quot;D\\u00dcNYANIN SAYILI DAMLATA\\u015eI MA\\u011eARALARINDAN B\\u0130R\\u0130S\\u0130 ARASINDA YER ALAN VE \\u2018YER ALTINDAK\\u0130 G\\u0130ZEML\\u0130 D\\u00dcNYA\\u2019 OLARAK N\\u0130TELEND\\u0130R\\u0130LEN 150 M\\u0130LYON YIL YA\\u015eINDAK\\u0130 KARACA MA\\u011eARASINDA TUR\\u0130ZM SEZONU BA\\u015eLADI. (RECEP ERG\\u0130N\\\/G\\u00dcM\\u00dc\\u015eHANE-\\u0130HA)&quot;,&quot;created_timestamp&quot;:&quot;0&quot;,&quot;copyright&quot;:&quot;\\u0130HLAS HABER AJANSI, www.iha.com.tr&quot;,&quot;focal_length&quot;:&quot;0&quot;,&quot;iso&quot;:&quot;0&quot;,&quot;shutter_speed&quot;:&quot;0&quot;,&quot;title&quot;:&quot;YER ALTINDAK\\u0130 G\\u0130ZEML\\u0130 D\\u00dcNYA KARACA MA\\u011eARASI\\u0027NDA SEZON BA\\u015eLADI G\\u00dcM\\u00dc\\u015eHANE\\u2019N\\u0130N TORUL \\u0130L\\u00c7ES\\u0130 SINIRLARINDAK\\u0130 150 M\\u0130LYON YIL YA\\u015eINDAK\\u0130 KARACA MA\\u011eARASI YERL\\u0130 VE YABANCI TUR\\u0130STLER\\u0130 BEKL\\u0130YOR&quot;,&quot;orientation&quot;:&quot;0&quot;}\" data-image-title=\"Yer alt\u0131ndaki gizemli d\u00fcnya Karaca Ma\u011faras\u0131\u2019nda sezon ba\u015flad\u0131\" data-image-description=\"&lt;p&gt;Yer alt\u0131ndaki gizemli d\u00fcnya Karaca Ma\u011faras\u0131\u2019nda sezon ba\u015flad\u0131&lt;\/p&gt; \" data-medium-file=\"https:\/\/i0.wp.com\/www.tvturk.com\/wp-content\/uploads\/2019\/04\/yer-altindaki-gizemli-dunya-karaca-magarasinda-sezon-basladi_4b112a4.jpg?fit=300%2C200\" data-large-file=\"https:\/\/i0.wp.com\/www.tvturk.com\/wp-content\/uploads\/2019\/04\/yer-altindaki-gizemli-dunya-karaca-magarasinda-sezon-basladi_4b112a4.jpg?fit=1000%2C666\" src=\"https:\/\/i0.wp.com\/www.tvturk.com\/wp-content\/uploads\/2019\/04\/yer-altindaki-gizemli-dunya-karaca-magarasinda-sezon-basladi_4b112a4.jpg?w=162&#038;h=108\" srcset=\"https:\/\/i0.wp.com\/www.tvturk.com\/wp-content\/uploads\/2019\/04\/yer-altindaki-gizemli-dunya-karaca-magarasinda-sezon-basladi_4b112a4.jpg?w=1000 1000w, https:\/\/i0.wp.com\/www.tvturk.com\/wp-content\/uploads\/2019\/04\/yer-altindaki-gizemli-dunya-karaca-magarasinda-sezon-basladi_4b112a4.jpg?resize=150%2C100 150w, https:\/\/i0.wp.com\/www.tvturk.com\/wp-content\/uploads\/2019\/04\/yer-altindaki-gizemli-dunya-karaca-magarasinda-sezon-basladi_4b112a4.jpg?resize=300%2C200 300w, https:\/\/i0.wp.com\/www.tvturk.com\/wp-content\/uploads\/2019\/04\/yer-altindaki-gizemli-dunya-karaca-magarasinda-sezon-basladi_4b112a4.jpg?resize=768%2C511 768w, https:\/\/i0.wp.com\/www.tvturk.com\/wp-content\/uploads\/2019\/04\/yer-altindaki-gizemli-dunya-karaca-magarasinda-sezon-basladi_4b112a4.jpg?resize=170%2C113 170w, https:\/\/i0.wp.com\/www.tvturk.com\/wp-content\/uploads\/2019\/04\/yer-altindaki-gizemli-dunya-karaca-magarasinda-sezon-basladi_4b112a4.jpg?resize=120%2C80 120w\" width=\"162\" height=\"108\" loading=\"lazy\" data-original-width=\"162\" data-original-height=\"108\" itemprop=\"http:\/\/schema.org\/image\" title=\"Yer alt\u0131ndaki gizemli d\u00fcnya Karaca Ma\u011faras\u0131\u2019nda sezon ba\u015flad\u0131\" alt=\"Yer alt\u0131ndaki gizemli d\u00fcnya Karaca Ma\u011faras\u0131\u2019nda sezon ba\u015flad\u0131\" style=\"width: 162px; height: 108px;\" \/> <\/a> <\/div> <\/div> <!-- close group --> <\/div> <!-- close row --> <div class=\"gallery-row\" style=\"width: 500px; height: 224px;\" data-original-width=\"500\" data-original-height=\"224\" > <div class=\"gallery-group images-2\" style=\"width: 166px; height: 224px;\" data-original-width=\"166\" data-original-height=\"224\" > <div class=\"tiled-gallery-item tiled-gallery-item-small\" itemprop=\"associatedMedia\" itemscope itemtype=\"http:\/\/schema.org\/ImageObject\"> <a href=\"http:\/\/www.tvturk.com\/index.php\/yer-altindaki-gizemli-dunya-karaca-magarasinda-sezon-basladi\/yer-altindaki-gizemli-dunya-karaca-magarasinda-sezon-basladi-9\/\" border=\"0\" itemprop=\"url\"> <meta itemprop=\"width\" content=\"162\"> <meta itemprop=\"height\" content=\"108\"> <img decoding=\"async\" class=\"\" data-attachment-id=\"142575\" data-orig-file=\"http:\/\/www.tvturk.com\/wp-content\/uploads\/2019\/04\/yer-altindaki-gizemli-dunya-karaca-magarasinda-sezon-basladi_b15733f.jpg\" data-orig-size=\"1000,666\" data-comments-opened=\"\" data-image-meta=\"{&quot;aperture&quot;:&quot;0&quot;,&quot;credit&quot;:&quot;IHA&quot;,&quot;camera&quot;:&quot;&quot;,&quot;caption&quot;:&quot;D\\u00dcNYANIN SAYILI DAMLATA\\u015eI MA\\u011eARALARINDAN B\\u0130R\\u0130S\\u0130 ARASINDA YER ALAN VE \\u2018YER ALTINDAK\\u0130 G\\u0130ZEML\\u0130 D\\u00dcNYA\\u2019 OLARAK N\\u0130TELEND\\u0130R\\u0130LEN 150 M\\u0130LYON YIL YA\\u015eINDAK\\u0130 KARACA MA\\u011eARASINDA TUR\\u0130ZM SEZONU BA\\u015eLADI. (RECEP ERG\\u0130N\\\/G\\u00dcM\\u00dc\\u015eHANE-\\u0130HA)&quot;,&quot;created_timestamp&quot;:&quot;0&quot;,&quot;copyright&quot;:&quot;\\u0130HLAS HABER AJANSI, www.iha.com.tr&quot;,&quot;focal_length&quot;:&quot;0&quot;,&quot;iso&quot;:&quot;0&quot;,&quot;shutter_speed&quot;:&quot;0&quot;,&quot;title&quot;:&quot;YER ALTINDAK\\u0130 G\\u0130ZEML\\u0130 D\\u00dcNYA KARACA MA\\u011eARASI\\u0027NDA SEZON BA\\u015eLADI G\\u00dcM\\u00dc\\u015eHANE\\u2019N\\u0130N TORUL \\u0130L\\u00c7ES\\u0130 SINIRLARINDAK\\u0130 150 M\\u0130LYON YIL YA\\u015eINDAK\\u0130 KARACA MA\\u011eARASI YERL\\u0130 VE YABANCI TUR\\u0130STLER\\u0130 BEKL\\u0130YOR&quot;,&quot;orientation&quot;:&quot;0&quot;}\" data-image-title=\"Yer alt\u0131ndaki gizemli d\u00fcnya Karaca Ma\u011faras\u0131\u2019nda sezon ba\u015flad\u0131\" data-image-description=\"&lt;p&gt;Yer alt\u0131ndaki gizemli d\u00fcnya Karaca Ma\u011faras\u0131\u2019nda sezon ba\u015flad\u0131&lt;\/p&gt; \" data-medium-file=\"https:\/\/i0.wp.com\/www.tvturk.com\/wp-content\/uploads\/2019\/04\/yer-altindaki-gizemli-dunya-karaca-magarasinda-sezon-basladi_b15733f.jpg?fit=300%2C200\" data-large-file=\"https:\/\/i0.wp.com\/www.tvturk.com\/wp-content\/uploads\/2019\/04\/yer-altindaki-gizemli-dunya-karaca-magarasinda-sezon-basladi_b15733f.jpg?fit=1000%2C666\" src=\"https:\/\/i0.wp.com\/www.tvturk.com\/wp-content\/uploads\/2019\/04\/yer-altindaki-gizemli-dunya-karaca-magarasinda-sezon-basladi_b15733f.jpg?w=162&#038;h=108\" srcset=\"https:\/\/i0.wp.com\/www.tvturk.com\/wp-content\/uploads\/2019\/04\/yer-altindaki-gizemli-dunya-karaca-magarasinda-sezon-basladi_b15733f.jpg?w=1000 1000w, https:\/\/i0.wp.com\/www.tvturk.com\/wp-content\/uploads\/2019\/04\/yer-altindaki-gizemli-dunya-karaca-magarasinda-sezon-basladi_b15733f.jpg?resize=150%2C100 150w, https:\/\/i0.wp.com\/www.tvturk.com\/wp-content\/uploads\/2019\/04\/yer-altindaki-gizemli-dunya-karaca-magarasinda-sezon-basladi_b15733f.jpg?resize=300%2C200 300w, https:\/\/i0.wp.com\/www.tvturk.com\/wp-content\/uploads\/2019\/04\/yer-altindaki-gizemli-dunya-karaca-magarasinda-sezon-basladi_b15733f.jpg?resize=768%2C511 768w, https:\/\/i0.wp.com\/www.tvturk.com\/wp-content\/uploads\/2019\/04\/yer-altindaki-gizemli-dunya-karaca-magarasinda-sezon-basladi_b15733f.jpg?resize=170%2C113 170w, https:\/\/i0.wp.com\/www.tvturk.com\/wp-content\/uploads\/2019\/04\/yer-altindaki-gizemli-dunya-karaca-magarasinda-sezon-basladi_b15733f.jpg?resize=120%2C80 120w\" width=\"162\" height=\"108\" loading=\"lazy\" data-original-width=\"162\" data-original-height=\"108\" itemprop=\"http:\/\/schema.org\/image\" title=\"Yer alt\u0131ndaki gizemli d\u00fcnya Karaca Ma\u011faras\u0131\u2019nda sezon ba\u015flad\u0131\" alt=\"Yer alt\u0131ndaki gizemli d\u00fcnya Karaca Ma\u011faras\u0131\u2019nda sezon ba\u015flad\u0131\" style=\"width: 162px; height: 108px;\" \/> <\/a> <\/div> <div class=\"tiled-gallery-item tiled-gallery-item-small\" itemprop=\"associatedMedia\" itemscope itemtype=\"http:\/\/schema.org\/ImageObject\"> <a href=\"http:\/\/www.tvturk.com\/index.php\/yer-altindaki-gizemli-dunya-karaca-magarasinda-sezon-basladi\/yer-altindaki-gizemli-dunya-karaca-magarasinda-sezon-basladi-10\/\" border=\"0\" itemprop=\"url\"> <meta itemprop=\"width\" content=\"162\"> <meta itemprop=\"height\" content=\"108\"> <img decoding=\"async\" class=\"\" data-attachment-id=\"142576\" data-orig-file=\"http:\/\/www.tvturk.com\/wp-content\/uploads\/2019\/04\/yer-altindaki-gizemli-dunya-karaca-magarasinda-sezon-basladi_843a472.jpg\" data-orig-size=\"1000,666\" data-comments-opened=\"\" data-image-meta=\"{&quot;aperture&quot;:&quot;0&quot;,&quot;credit&quot;:&quot;IHA&quot;,&quot;camera&quot;:&quot;&quot;,&quot;caption&quot;:&quot;D\\u00dcNYANIN SAYILI DAMLATA\\u015eI MA\\u011eARALARINDAN B\\u0130R\\u0130S\\u0130 ARASINDA YER ALAN VE \\u2018YER ALTINDAK\\u0130 G\\u0130ZEML\\u0130 D\\u00dcNYA\\u2019 OLARAK N\\u0130TELEND\\u0130R\\u0130LEN 150 M\\u0130LYON YIL YA\\u015eINDAK\\u0130 KARACA MA\\u011eARASINDA TUR\\u0130ZM SEZONU BA\\u015eLADI. (RECEP ERG\\u0130N\\\/G\\u00dcM\\u00dc\\u015eHANE-\\u0130HA)&quot;,&quot;created_timestamp&quot;:&quot;0&quot;,&quot;copyright&quot;:&quot;\\u0130HLAS HABER AJANSI, www.iha.com.tr&quot;,&quot;focal_length&quot;:&quot;0&quot;,&quot;iso&quot;:&quot;0&quot;,&quot;shutter_speed&quot;:&quot;0&quot;,&quot;title&quot;:&quot;YER ALTINDAK\\u0130 G\\u0130ZEML\\u0130 D\\u00dcNYA KARACA MA\\u011eARASI\\u0027NDA SEZON BA\\u015eLADI G\\u00dcM\\u00dc\\u015eHANE\\u2019N\\u0130N TORUL \\u0130L\\u00c7ES\\u0130 SINIRLARINDAK\\u0130 150 M\\u0130LYON YIL YA\\u015eINDAK\\u0130 KARACA MA\\u011eARASI YERL\\u0130 VE YABANCI TUR\\u0130STLER\\u0130 BEKL\\u0130YOR&quot;,&quot;orientation&quot;:&quot;0&quot;}\" data-image-title=\"Yer alt\u0131ndaki gizemli d\u00fcnya Karaca Ma\u011faras\u0131\u2019nda sezon ba\u015flad\u0131\" data-image-description=\"&lt;p&gt;Yer alt\u0131ndaki gizemli d\u00fcnya Karaca Ma\u011faras\u0131\u2019nda sezon ba\u015flad\u0131&lt;\/p&gt; \" data-medium-file=\"https:\/\/i0.wp.com\/www.tvturk.com\/wp-content\/uploads\/2019\/04\/yer-altindaki-gizemli-dunya-karaca-magarasinda-sezon-basladi_843a472.jpg?fit=300%2C200\" data-large-file=\"https:\/\/i0.wp.com\/www.tvturk.com\/wp-content\/uploads\/2019\/04\/yer-altindaki-gizemli-dunya-karaca-magarasinda-sezon-basladi_843a472.jpg?fit=1000%2C666\" src=\"https:\/\/i0.wp.com\/www.tvturk.com\/wp-content\/uploads\/2019\/04\/yer-altindaki-gizemli-dunya-karaca-magarasinda-sezon-basladi_843a472.jpg?w=162&#038;h=108\" srcset=\"https:\/\/i0.wp.com\/www.tvturk.com\/wp-content\/uploads\/2019\/04\/yer-altindaki-gizemli-dunya-karaca-magarasinda-sezon-basladi_843a472.jpg?w=1000 1000w, https:\/\/i0.wp.com\/www.tvturk.com\/wp-content\/uploads\/2019\/04\/yer-altindaki-gizemli-dunya-karaca-magarasinda-sezon-basladi_843a472.jpg?resize=150%2C100 150w, https:\/\/i0.wp.com\/www.tvturk.com\/wp-content\/uploads\/2019\/04\/yer-altindaki-gizemli-dunya-karaca-magarasinda-sezon-basladi_843a472.jpg?resize=300%2C200 300w, https:\/\/i0.wp.com\/www.tvturk.com\/wp-content\/uploads\/2019\/04\/yer-altindaki-gizemli-dunya-karaca-magarasinda-sezon-basladi_843a472.jpg?resize=768%2C511 768w, https:\/\/i0.wp.com\/www.tvturk.com\/wp-content\/uploads\/2019\/04\/yer-altindaki-gizemli-dunya-karaca-magarasinda-sezon-basladi_843a472.jpg?resize=170%2C113 170w, https:\/\/i0.wp.com\/www.tvturk.com\/wp-content\/uploads\/2019\/04\/yer-altindaki-gizemli-dunya-karaca-magarasinda-sezon-basladi_843a472.jpg?resize=120%2C80 120w\" width=\"162\" height=\"108\" loading=\"lazy\" data-original-width=\"162\" data-original-height=\"108\" itemprop=\"http:\/\/schema.org\/image\" title=\"Yer alt\u0131ndaki gizemli d\u00fcnya Karaca Ma\u011faras\u0131\u2019nda sezon ba\u015flad\u0131\" alt=\"Yer alt\u0131ndaki gizemli d\u00fcnya Karaca Ma\u011faras\u0131\u2019nda sezon ba\u015flad\u0131\" style=\"width: 162px; height: 108px;\" \/> <\/a> <\/div> <\/div> <!-- close group --> <div class=\"gallery-group images-1\" style=\"width: 334px; height: 224px;\" data-original-width=\"334\" data-original-height=\"224\" > <div class=\"tiled-gallery-item tiled-gallery-item-large\" itemprop=\"associatedMedia\" itemscope itemtype=\"http:\/\/schema.org\/ImageObject\"> <a href=\"http:\/\/www.tvturk.com\/index.php\/yer-altindaki-gizemli-dunya-karaca-magarasinda-sezon-basladi\/yer-altindaki-gizemli-dunya-karaca-magarasinda-sezon-basladi-11\/\" border=\"0\" itemprop=\"url\"> <meta itemprop=\"width\" content=\"330\"> <meta itemprop=\"height\" content=\"220\"> <img decoding=\"async\" class=\"\" data-attachment-id=\"142577\" data-orig-file=\"http:\/\/www.tvturk.com\/wp-content\/uploads\/2019\/04\/yer-altindaki-gizemli-dunya-karaca-magarasinda-sezon-basladi_59ad045.jpg\" data-orig-size=\"1000,666\" data-comments-opened=\"\" data-image-meta=\"{&quot;aperture&quot;:&quot;0&quot;,&quot;credit&quot;:&quot;IHA&quot;,&quot;camera&quot;:&quot;&quot;,&quot;caption&quot;:&quot;D\\u00dcNYANIN SAYILI DAMLATA\\u015eI MA\\u011eARALARINDAN B\\u0130R\\u0130S\\u0130 ARASINDA YER ALAN VE \\u2018YER ALTINDAK\\u0130 G\\u0130ZEML\\u0130 D\\u00dcNYA\\u2019 OLARAK N\\u0130TELEND\\u0130R\\u0130LEN 150 M\\u0130LYON YIL YA\\u015eINDAK\\u0130 KARACA MA\\u011eARASINDA TUR\\u0130ZM SEZONU BA\\u015eLADI. (RECEP ERG\\u0130N\\\/G\\u00dcM\\u00dc\\u015eHANE-\\u0130HA)&quot;,&quot;created_timestamp&quot;:&quot;0&quot;,&quot;copyright&quot;:&quot;\\u0130HLAS HABER AJANSI, www.iha.com.tr&quot;,&quot;focal_length&quot;:&quot;0&quot;,&quot;iso&quot;:&quot;0&quot;,&quot;shutter_speed&quot;:&quot;0&quot;,&quot;title&quot;:&quot;YER ALTINDAK\\u0130 G\\u0130ZEML\\u0130 D\\u00dcNYA KARACA MA\\u011eARASI\\u0027NDA SEZON BA\\u015eLADI G\\u00dcM\\u00dc\\u015eHANE\\u2019N\\u0130N TORUL \\u0130L\\u00c7ES\\u0130 SINIRLARINDAK\\u0130 150 M\\u0130LYON YIL YA\\u015eINDAK\\u0130 KARACA MA\\u011eARASI YERL\\u0130 VE YABANCI TUR\\u0130STLER\\u0130 BEKL\\u0130YOR&quot;,&quot;orientation&quot;:&quot;0&quot;}\" data-image-title=\"Yer alt\u0131ndaki gizemli d\u00fcnya Karaca Ma\u011faras\u0131\u2019nda sezon ba\u015flad\u0131\" data-image-description=\"&lt;p&gt;Yer alt\u0131ndaki gizemli d\u00fcnya Karaca Ma\u011faras\u0131\u2019nda sezon ba\u015flad\u0131&lt;\/p&gt; \" data-medium-file=\"https:\/\/i0.wp.com\/www.tvturk.com\/wp-content\/uploads\/2019\/04\/yer-altindaki-gizemli-dunya-karaca-magarasinda-sezon-basladi_59ad045.jpg?fit=300%2C200\" data-large-file=\"https:\/\/i0.wp.com\/www.tvturk.com\/wp-content\/uploads\/2019\/04\/yer-altindaki-gizemli-dunya-karaca-magarasinda-sezon-basladi_59ad045.jpg?fit=1000%2C666\" src=\"https:\/\/i0.wp.com\/www.tvturk.com\/wp-content\/uploads\/2019\/04\/yer-altindaki-gizemli-dunya-karaca-magarasinda-sezon-basladi_59ad045.jpg?w=330&#038;h=220\" srcset=\"https:\/\/i0.wp.com\/www.tvturk.com\/wp-content\/uploads\/2019\/04\/yer-altindaki-gizemli-dunya-karaca-magarasinda-sezon-basladi_59ad045.jpg?w=1000 1000w, https:\/\/i0.wp.com\/www.tvturk.com\/wp-content\/uploads\/2019\/04\/yer-altindaki-gizemli-dunya-karaca-magarasinda-sezon-basladi_59ad045.jpg?resize=150%2C100 150w, https:\/\/i0.wp.com\/www.tvturk.com\/wp-content\/uploads\/2019\/04\/yer-altindaki-gizemli-dunya-karaca-magarasinda-sezon-basladi_59ad045.jpg?resize=300%2C200 300w, https:\/\/i0.wp.com\/www.tvturk.com\/wp-content\/uploads\/2019\/04\/yer-altindaki-gizemli-dunya-karaca-magarasinda-sezon-basladi_59ad045.jpg?resize=768%2C511 768w, https:\/\/i0.wp.com\/www.tvturk.com\/wp-content\/uploads\/2019\/04\/yer-altindaki-gizemli-dunya-karaca-magarasinda-sezon-basladi_59ad045.jpg?resize=170%2C113 170w, https:\/\/i0.wp.com\/www.tvturk.com\/wp-content\/uploads\/2019\/04\/yer-altindaki-gizemli-dunya-karaca-magarasinda-sezon-basladi_59ad045.jpg?resize=120%2C80 120w\" width=\"330\" height=\"220\" loading=\"lazy\" data-original-width=\"330\" data-original-height=\"220\" itemprop=\"http:\/\/schema.org\/image\" title=\"Yer alt\u0131ndaki gizemli d\u00fcnya Karaca Ma\u011faras\u0131\u2019nda sezon ba\u015flad\u0131\" alt=\"Yer alt\u0131ndaki gizemli d\u00fcnya Karaca Ma\u011faras\u0131\u2019nda sezon ba\u015flad\u0131\" style=\"width: 330px; height: 220px;\" \/> <\/a> <\/div> <\/div> <!-- close group --> <\/div> <!-- close row --> <div class=\"gallery-row\" style=\"width: 500px; height: 168px;\" data-original-width=\"500\" data-original-height=\"168\" > <div class=\"gallery-group images-1\" style=\"width: 250px; height: 168px;\" data-original-width=\"250\" data-original-height=\"168\" > <div class=\"tiled-gallery-item tiled-gallery-item-small\" itemprop=\"associatedMedia\" itemscope itemtype=\"http:\/\/schema.org\/ImageObject\"> <a href=\"http:\/\/www.tvturk.com\/index.php\/yer-altindaki-gizemli-dunya-karaca-magarasinda-sezon-basladi\/yer-altindaki-gizemli-dunya-karaca-magarasinda-sezon-basladi-12\/\" border=\"0\" itemprop=\"url\"> <meta itemprop=\"width\" content=\"246\"> <meta itemprop=\"height\" content=\"164\"> <img decoding=\"async\" class=\"\" data-attachment-id=\"142578\" data-orig-file=\"http:\/\/www.tvturk.com\/wp-content\/uploads\/2019\/04\/yer-altindaki-gizemli-dunya-karaca-magarasinda-sezon-basladi_5320fa4.jpg\" data-orig-size=\"1000,666\" data-comments-opened=\"\" data-image-meta=\"{&quot;aperture&quot;:&quot;0&quot;,&quot;credit&quot;:&quot;IHA&quot;,&quot;camera&quot;:&quot;&quot;,&quot;caption&quot;:&quot;D\\u00dcNYANIN SAYILI DAMLATA\\u015eI MA\\u011eARALARINDAN B\\u0130R\\u0130S\\u0130 ARASINDA YER ALAN VE \\u2018YER ALTINDAK\\u0130 G\\u0130ZEML\\u0130 D\\u00dcNYA\\u2019 OLARAK N\\u0130TELEND\\u0130R\\u0130LEN 150 M\\u0130LYON YIL YA\\u015eINDAK\\u0130 KARACA MA\\u011eARASINDA TUR\\u0130ZM SEZONU BA\\u015eLADI. (RECEP ERG\\u0130N\\\/G\\u00dcM\\u00dc\\u015eHANE-\\u0130HA)&quot;,&quot;created_timestamp&quot;:&quot;0&quot;,&quot;copyright&quot;:&quot;\\u0130HLAS HABER AJANSI, www.iha.com.tr&quot;,&quot;focal_length&quot;:&quot;0&quot;,&quot;iso&quot;:&quot;0&quot;,&quot;shutter_speed&quot;:&quot;0&quot;,&quot;title&quot;:&quot;YER ALTINDAK\\u0130 G\\u0130ZEML\\u0130 D\\u00dcNYA KARACA MA\\u011eARASI\\u0027NDA SEZON BA\\u015eLADI G\\u00dcM\\u00dc\\u015eHANE\\u2019N\\u0130N TORUL \\u0130L\\u00c7ES\\u0130 SINIRLARINDAK\\u0130 150 M\\u0130LYON YIL YA\\u015eINDAK\\u0130 KARACA MA\\u011eARASI YERL\\u0130 VE YABANCI TUR\\u0130STLER\\u0130 BEKL\\u0130YOR&quot;,&quot;orientation&quot;:&quot;0&quot;}\" data-image-title=\"Yer alt\u0131ndaki gizemli d\u00fcnya Karaca Ma\u011faras\u0131\u2019nda sezon ba\u015flad\u0131\" data-image-description=\"&lt;p&gt;Yer alt\u0131ndaki gizemli d\u00fcnya Karaca Ma\u011faras\u0131\u2019nda sezon ba\u015flad\u0131&lt;\/p&gt; \" data-medium-file=\"https:\/\/i0.wp.com\/www.tvturk.com\/wp-content\/uploads\/2019\/04\/yer-altindaki-gizemli-dunya-karaca-magarasinda-sezon-basladi_5320fa4.jpg?fit=300%2C200\" data-large-file=\"https:\/\/i0.wp.com\/www.tvturk.com\/wp-content\/uploads\/2019\/04\/yer-altindaki-gizemli-dunya-karaca-magarasinda-sezon-basladi_5320fa4.jpg?fit=1000%2C666\" src=\"https:\/\/i0.wp.com\/www.tvturk.com\/wp-content\/uploads\/2019\/04\/yer-altindaki-gizemli-dunya-karaca-magarasinda-sezon-basladi_5320fa4.jpg?w=246&#038;h=164\" srcset=\"https:\/\/i0.wp.com\/www.tvturk.com\/wp-content\/uploads\/2019\/04\/yer-altindaki-gizemli-dunya-karaca-magarasinda-sezon-basladi_5320fa4.jpg?w=1000 1000w, https:\/\/i0.wp.com\/www.tvturk.com\/wp-content\/uploads\/2019\/04\/yer-altindaki-gizemli-dunya-karaca-magarasinda-sezon-basladi_5320fa4.jpg?resize=150%2C100 150w, https:\/\/i0.wp.com\/www.tvturk.com\/wp-content\/uploads\/2019\/04\/yer-altindaki-gizemli-dunya-karaca-magarasinda-sezon-basladi_5320fa4.jpg?resize=300%2C200 300w, https:\/\/i0.wp.com\/www.tvturk.com\/wp-content\/uploads\/2019\/04\/yer-altindaki-gizemli-dunya-karaca-magarasinda-sezon-basladi_5320fa4.jpg?resize=768%2C511 768w, https:\/\/i0.wp.com\/www.tvturk.com\/wp-content\/uploads\/2019\/04\/yer-altindaki-gizemli-dunya-karaca-magarasinda-sezon-basladi_5320fa4.jpg?resize=170%2C113 170w, https:\/\/i0.wp.com\/www.tvturk.com\/wp-content\/uploads\/2019\/04\/yer-altindaki-gizemli-dunya-karaca-magarasinda-sezon-basladi_5320fa4.jpg?resize=120%2C80 120w\" width=\"246\" height=\"164\" loading=\"lazy\" data-original-width=\"246\" data-original-height=\"164\" itemprop=\"http:\/\/schema.org\/image\" title=\"Yer alt\u0131ndaki gizemli d\u00fcnya Karaca Ma\u011faras\u0131\u2019nda sezon ba\u015flad\u0131\" alt=\"Yer alt\u0131ndaki gizemli d\u00fcnya Karaca Ma\u011faras\u0131\u2019nda sezon ba\u015flad\u0131\" style=\"width: 246px; height: 164px;\" \/> <\/a> <\/div> <\/div> <!-- close group --> <div class=\"gallery-group images-1\" style=\"width: 250px; height: 168px;\" data-original-width=\"250\" data-original-height=\"168\" > <div class=\"tiled-gallery-item tiled-gallery-item-small\" itemprop=\"associatedMedia\" itemscope itemtype=\"http:\/\/schema.org\/ImageObject\"> <a href=\"http:\/\/www.tvturk.com\/index.php\/yer-altindaki-gizemli-dunya-karaca-magarasinda-sezon-basladi\/yer-altindaki-gizemli-dunya-karaca-magarasinda-sezon-basladi-13\/\" border=\"0\" itemprop=\"url\"> <meta itemprop=\"width\" content=\"246\"> <meta itemprop=\"height\" content=\"164\"> <img decoding=\"async\" class=\"\" data-attachment-id=\"142579\" data-orig-file=\"http:\/\/www.tvturk.com\/wp-content\/uploads\/2019\/04\/yer-altindaki-gizemli-dunya-karaca-magarasinda-sezon-basladi_3aed920.jpg\" data-orig-size=\"1000,666\" data-comments-opened=\"\" data-image-meta=\"{&quot;aperture&quot;:&quot;0&quot;,&quot;credit&quot;:&quot;IHA&quot;,&quot;camera&quot;:&quot;&quot;,&quot;caption&quot;:&quot;D\\u00dcNYANIN SAYILI DAMLATA\\u015eI MA\\u011eARALARINDAN B\\u0130R\\u0130S\\u0130 ARASINDA YER ALAN VE \\u2018YER ALTINDAK\\u0130 G\\u0130ZEML\\u0130 D\\u00dcNYA\\u2019 OLARAK N\\u0130TELEND\\u0130R\\u0130LEN 150 M\\u0130LYON YIL YA\\u015eINDAK\\u0130 KARACA MA\\u011eARASINDA TUR\\u0130ZM SEZONU BA\\u015eLADI. (RECEP ERG\\u0130N\\\/G\\u00dcM\\u00dc\\u015eHANE-\\u0130HA)&quot;,&quot;created_timestamp&quot;:&quot;0&quot;,&quot;copyright&quot;:&quot;\\u0130HLAS HABER AJANSI, www.iha.com.tr&quot;,&quot;focal_length&quot;:&quot;0&quot;,&quot;iso&quot;:&quot;0&quot;,&quot;shutter_speed&quot;:&quot;0&quot;,&quot;title&quot;:&quot;YER ALTINDAK\\u0130 G\\u0130ZEML\\u0130 D\\u00dcNYA KARACA MA\\u011eARASI\\u0027NDA SEZON BA\\u015eLADI G\\u00dcM\\u00dc\\u015eHANE\\u2019N\\u0130N TORUL \\u0130L\\u00c7ES\\u0130 SINIRLARINDAK\\u0130 150 M\\u0130LYON YIL YA\\u015eINDAK\\u0130 KARACA MA\\u011eARASI YERL\\u0130 VE YABANCI TUR\\u0130STLER\\u0130 BEKL\\u0130YOR&quot;,&quot;orientation&quot;:&quot;0&quot;}\" data-image-title=\"Yer alt\u0131ndaki gizemli d\u00fcnya Karaca Ma\u011faras\u0131\u2019nda sezon ba\u015flad\u0131\" data-image-description=\"&lt;p&gt;Yer alt\u0131ndaki gizemli d\u00fcnya Karaca Ma\u011faras\u0131\u2019nda sezon ba\u015flad\u0131&lt;\/p&gt; \" data-medium-file=\"https:\/\/i0.wp.com\/www.tvturk.com\/wp-content\/uploads\/2019\/04\/yer-altindaki-gizemli-dunya-karaca-magarasinda-sezon-basladi_3aed920.jpg?fit=300%2C200\" data-large-file=\"https:\/\/i0.wp.com\/www.tvturk.com\/wp-content\/uploads\/2019\/04\/yer-altindaki-gizemli-dunya-karaca-magarasinda-sezon-basladi_3aed920.jpg?fit=1000%2C666\" src=\"https:\/\/i0.wp.com\/www.tvturk.com\/wp-content\/uploads\/2019\/04\/yer-altindaki-gizemli-dunya-karaca-magarasinda-sezon-basladi_3aed920.jpg?w=246&#038;h=164\" srcset=\"https:\/\/i0.wp.com\/www.tvturk.com\/wp-content\/uploads\/2019\/04\/yer-altindaki-gizemli-dunya-karaca-magarasinda-sezon-basladi_3aed920.jpg?w=1000 1000w, https:\/\/i0.wp.com\/www.tvturk.com\/wp-content\/uploads\/2019\/04\/yer-altindaki-gizemli-dunya-karaca-magarasinda-sezon-basladi_3aed920.jpg?resize=150%2C100 150w, https:\/\/i0.wp.com\/www.tvturk.com\/wp-content\/uploads\/2019\/04\/yer-altindaki-gizemli-dunya-karaca-magarasinda-sezon-basladi_3aed920.jpg?resize=300%2C200 300w, https:\/\/i0.wp.com\/www.tvturk.com\/wp-content\/uploads\/2019\/04\/yer-altindaki-gizemli-dunya-karaca-magarasinda-sezon-basladi_3aed920.jpg?resize=768%2C511 768w, https:\/\/i0.wp.com\/www.tvturk.com\/wp-content\/uploads\/2019\/04\/yer-altindaki-gizemli-dunya-karaca-magarasinda-sezon-basladi_3aed920.jpg?resize=170%2C113 170w, https:\/\/i0.wp.com\/www.tvturk.com\/wp-content\/uploads\/2019\/04\/yer-altindaki-gizemli-dunya-karaca-magarasinda-sezon-basladi_3aed920.jpg?resize=120%2C80 120w\" width=\"246\" height=\"164\" loading=\"lazy\" data-original-width=\"246\" data-original-height=\"164\" itemprop=\"http:\/\/schema.org\/image\" title=\"Yer alt\u0131ndaki gizemli d\u00fcnya Karaca Ma\u011faras\u0131\u2019nda sezon ba\u015flad\u0131\" alt=\"Yer alt\u0131ndaki gizemli d\u00fcnya Karaca Ma\u011faras\u0131\u2019nda sezon ba\u015flad\u0131\" style=\"width: 246px; height: 164px;\" \/> <\/a> <\/div> <\/div> <!-- close group --> <\/div> <!-- close row --> <div class=\"gallery-row\" style=\"width: 500px; height: 224px;\" data-original-width=\"500\" data-original-height=\"224\" > <div class=\"gallery-group images-1\" style=\"width: 334px; height: 224px;\" data-original-width=\"334\" data-original-height=\"224\" > <div class=\"tiled-gallery-item tiled-gallery-item-large\" itemprop=\"associatedMedia\" itemscope itemtype=\"http:\/\/schema.org\/ImageObject\"> <a href=\"http:\/\/www.tvturk.com\/index.php\/yer-altindaki-gizemli-dunya-karaca-magarasinda-sezon-basladi\/yer-altindaki-gizemli-dunya-karaca-magarasinda-sezon-basladi-14\/\" border=\"0\" itemprop=\"url\"> <meta itemprop=\"width\" content=\"330\"> <meta itemprop=\"height\" content=\"220\"> <img decoding=\"async\" class=\"\" data-attachment-id=\"142580\" data-orig-file=\"http:\/\/www.tvturk.com\/wp-content\/uploads\/2019\/04\/yer-altindaki-gizemli-dunya-karaca-magarasinda-sezon-basladi_e7e1bca.jpg\" data-orig-size=\"1000,666\" data-comments-opened=\"\" data-image-meta=\"{&quot;aperture&quot;:&quot;0&quot;,&quot;credit&quot;:&quot;IHA&quot;,&quot;camera&quot;:&quot;&quot;,&quot;caption&quot;:&quot;D\\u00dcNYANIN SAYILI DAMLATA\\u015eI MA\\u011eARALARINDAN B\\u0130R\\u0130S\\u0130 ARASINDA YER ALAN VE \\u2018YER ALTINDAK\\u0130 G\\u0130ZEML\\u0130 D\\u00dcNYA\\u2019 OLARAK N\\u0130TELEND\\u0130R\\u0130LEN 150 M\\u0130LYON YIL YA\\u015eINDAK\\u0130 KARACA MA\\u011eARASINDA TUR\\u0130ZM SEZONU BA\\u015eLADI. (RECEP ERG\\u0130N\\\/G\\u00dcM\\u00dc\\u015eHANE-\\u0130HA)&quot;,&quot;created_timestamp&quot;:&quot;0&quot;,&quot;copyright&quot;:&quot;\\u0130HLAS HABER AJANSI, www.iha.com.tr&quot;,&quot;focal_length&quot;:&quot;0&quot;,&quot;iso&quot;:&quot;0&quot;,&quot;shutter_speed&quot;:&quot;0&quot;,&quot;title&quot;:&quot;YER ALTINDAK\\u0130 G\\u0130ZEML\\u0130 D\\u00dcNYA KARACA MA\\u011eARASI\\u0027NDA SEZON BA\\u015eLADI G\\u00dcM\\u00dc\\u015eHANE\\u2019N\\u0130N TORUL \\u0130L\\u00c7ES\\u0130 SINIRLARINDAK\\u0130 150 M\\u0130LYON YIL YA\\u015eINDAK\\u0130 KARACA MA\\u011eARASI YERL\\u0130 VE YABANCI TUR\\u0130STLER\\u0130 BEKL\\u0130YOR&quot;,&quot;orientation&quot;:&quot;0&quot;}\" data-image-title=\"Yer alt\u0131ndaki gizemli d\u00fcnya Karaca Ma\u011faras\u0131\u2019nda sezon ba\u015flad\u0131\" data-image-description=\"&lt;p&gt;Yer alt\u0131ndaki gizemli d\u00fcnya Karaca Ma\u011faras\u0131\u2019nda sezon ba\u015flad\u0131&lt;\/p&gt; \" data-medium-file=\"https:\/\/i0.wp.com\/www.tvturk.com\/wp-content\/uploads\/2019\/04\/yer-altindaki-gizemli-dunya-karaca-magarasinda-sezon-basladi_e7e1bca.jpg?fit=300%2C200\" data-large-file=\"https:\/\/i0.wp.com\/www.tvturk.com\/wp-content\/uploads\/2019\/04\/yer-altindaki-gizemli-dunya-karaca-magarasinda-sezon-basladi_e7e1bca.jpg?fit=1000%2C666\" src=\"https:\/\/i0.wp.com\/www.tvturk.com\/wp-content\/uploads\/2019\/04\/yer-altindaki-gizemli-dunya-karaca-magarasinda-sezon-basladi_e7e1bca.jpg?w=330&#038;h=220\" srcset=\"https:\/\/i0.wp.com\/www.tvturk.com\/wp-content\/uploads\/2019\/04\/yer-altindaki-gizemli-dunya-karaca-magarasinda-sezon-basladi_e7e1bca.jpg?w=1000 1000w, https:\/\/i0.wp.com\/www.tvturk.com\/wp-content\/uploads\/2019\/04\/yer-altindaki-gizemli-dunya-karaca-magarasinda-sezon-basladi_e7e1bca.jpg?resize=150%2C100 150w, https:\/\/i0.wp.com\/www.tvturk.com\/wp-content\/uploads\/2019\/04\/yer-altindaki-gizemli-dunya-karaca-magarasinda-sezon-basladi_e7e1bca.jpg?resize=300%2C200 300w, https:\/\/i0.wp.com\/www.tvturk.com\/wp-content\/uploads\/2019\/04\/yer-altindaki-gizemli-dunya-karaca-magarasinda-sezon-basladi_e7e1bca.jpg?resize=768%2C511 768w, https:\/\/i0.wp.com\/www.tvturk.com\/wp-content\/uploads\/2019\/04\/yer-altindaki-gizemli-dunya-karaca-magarasinda-sezon-basladi_e7e1bca.jpg?resize=170%2C113 170w, https:\/\/i0.wp.com\/www.tvturk.com\/wp-content\/uploads\/2019\/04\/yer-altindaki-gizemli-dunya-karaca-magarasinda-sezon-basladi_e7e1bca.jpg?resize=120%2C80 120w\" width=\"330\" height=\"220\" loading=\"lazy\" data-original-width=\"330\" data-original-height=\"220\" itemprop=\"http:\/\/schema.org\/image\" title=\"Yer alt\u0131ndaki gizemli d\u00fcnya Karaca Ma\u011faras\u0131\u2019nda sezon ba\u015flad\u0131\" alt=\"Yer alt\u0131ndaki gizemli d\u00fcnya Karaca Ma\u011faras\u0131\u2019nda sezon ba\u015flad\u0131\" style=\"width: 330px; height: 220px;\" \/> <\/a> <\/div> <\/div> <!-- close group --> <div class=\"gallery-group images-2\" style=\"width: 166px; height: 224px;\" data-original-width=\"166\" data-original-height=\"224\" > <div class=\"tiled-gallery-item tiled-gallery-item-small\" itemprop=\"associatedMedia\" itemscope itemtype=\"http:\/\/schema.org\/ImageObject\"> <a href=\"http:\/\/www.tvturk.com\/index.php\/yer-altindaki-gizemli-dunya-karaca-magarasinda-sezon-basladi\/yer-altindaki-gizemli-dunya-karaca-magarasinda-sezon-basladi-15\/\" border=\"0\" itemprop=\"url\"> <meta itemprop=\"width\" content=\"162\"> <meta itemprop=\"height\" content=\"108\"> <img decoding=\"async\" class=\"\" data-attachment-id=\"142581\" data-orig-file=\"http:\/\/www.tvturk.com\/wp-content\/uploads\/2019\/04\/yer-altindaki-gizemli-dunya-karaca-magarasinda-sezon-basladi_34a7f98.jpg\" data-orig-size=\"1000,666\" data-comments-opened=\"\" data-image-meta=\"{&quot;aperture&quot;:&quot;0&quot;,&quot;credit&quot;:&quot;IHA&quot;,&quot;camera&quot;:&quot;&quot;,&quot;caption&quot;:&quot;D\\u00dcNYANIN SAYILI DAMLATA\\u015eI MA\\u011eARALARINDAN B\\u0130R\\u0130S\\u0130 ARASINDA YER ALAN VE \\u2018YER ALTINDAK\\u0130 G\\u0130ZEML\\u0130 D\\u00dcNYA\\u2019 OLARAK N\\u0130TELEND\\u0130R\\u0130LEN 150 M\\u0130LYON YIL YA\\u015eINDAK\\u0130 KARACA MA\\u011eARASINDA TUR\\u0130ZM SEZONU BA\\u015eLADI. (RECEP ERG\\u0130N\\\/G\\u00dcM\\u00dc\\u015eHANE-\\u0130HA)&quot;,&quot;created_timestamp&quot;:&quot;0&quot;,&quot;copyright&quot;:&quot;\\u0130HLAS HABER AJANSI, www.iha.com.tr&quot;,&quot;focal_length&quot;:&quot;0&quot;,&quot;iso&quot;:&quot;0&quot;,&quot;shutter_speed&quot;:&quot;0&quot;,&quot;title&quot;:&quot;YER ALTINDAK\\u0130 G\\u0130ZEML\\u0130 D\\u00dcNYA KARACA MA\\u011eARASI\\u0027NDA SEZON BA\\u015eLADI G\\u00dcM\\u00dc\\u015eHANE\\u2019N\\u0130N TORUL \\u0130L\\u00c7ES\\u0130 SINIRLARINDAK\\u0130 150 M\\u0130LYON YIL YA\\u015eINDAK\\u0130 KARACA MA\\u011eARASI YERL\\u0130 VE YABANCI TUR\\u0130STLER\\u0130 BEKL\\u0130YOR&quot;,&quot;orientation&quot;:&quot;0&quot;}\" data-image-title=\"Yer alt\u0131ndaki gizemli d\u00fcnya Karaca Ma\u011faras\u0131\u2019nda sezon ba\u015flad\u0131\" data-image-description=\"&lt;p&gt;Yer alt\u0131ndaki gizemli d\u00fcnya Karaca Ma\u011faras\u0131\u2019nda sezon ba\u015flad\u0131&lt;\/p&gt; \" data-medium-file=\"https:\/\/i0.wp.com\/www.tvturk.com\/wp-content\/uploads\/2019\/04\/yer-altindaki-gizemli-dunya-karaca-magarasinda-sezon-basladi_34a7f98.jpg?fit=300%2C200\" data-large-file=\"https:\/\/i0.wp.com\/www.tvturk.com\/wp-content\/uploads\/2019\/04\/yer-altindaki-gizemli-dunya-karaca-magarasinda-sezon-basladi_34a7f98.jpg?fit=1000%2C666\" src=\"https:\/\/i0.wp.com\/www.tvturk.com\/wp-content\/uploads\/2019\/04\/yer-altindaki-gizemli-dunya-karaca-magarasinda-sezon-basladi_34a7f98.jpg?w=162&#038;h=108\" srcset=\"https:\/\/i0.wp.com\/www.tvturk.com\/wp-content\/uploads\/2019\/04\/yer-altindaki-gizemli-dunya-karaca-magarasinda-sezon-basladi_34a7f98.jpg?w=1000 1000w, https:\/\/i0.wp.com\/www.tvturk.com\/wp-content\/uploads\/2019\/04\/yer-altindaki-gizemli-dunya-karaca-magarasinda-sezon-basladi_34a7f98.jpg?resize=150%2C100 150w, https:\/\/i0.wp.com\/www.tvturk.com\/wp-content\/uploads\/2019\/04\/yer-altindaki-gizemli-dunya-karaca-magarasinda-sezon-basladi_34a7f98.jpg?resize=300%2C200 300w, https:\/\/i0.wp.com\/www.tvturk.com\/wp-content\/uploads\/2019\/04\/yer-altindaki-gizemli-dunya-karaca-magarasinda-sezon-basladi_34a7f98.jpg?resize=768%2C511 768w, https:\/\/i0.wp.com\/www.tvturk.com\/wp-content\/uploads\/2019\/04\/yer-altindaki-gizemli-dunya-karaca-magarasinda-sezon-basladi_34a7f98.jpg?resize=170%2C113 170w, https:\/\/i0.wp.com\/www.tvturk.com\/wp-content\/uploads\/2019\/04\/yer-altindaki-gizemli-dunya-karaca-magarasinda-sezon-basladi_34a7f98.jpg?resize=120%2C80 120w\" width=\"162\" height=\"108\" loading=\"lazy\" data-original-width=\"162\" data-original-height=\"108\" itemprop=\"http:\/\/schema.org\/image\" title=\"Yer alt\u0131ndaki gizemli d\u00fcnya Karaca Ma\u011faras\u0131\u2019nda sezon ba\u015flad\u0131\" alt=\"Yer alt\u0131ndaki gizemli d\u00fcnya Karaca Ma\u011faras\u0131\u2019nda sezon ba\u015flad\u0131\" style=\"width: 162px; height: 108px;\" \/> <\/a> <\/div> <div class=\"tiled-gallery-item tiled-gallery-item-small\" itemprop=\"associatedMedia\" itemscope itemtype=\"http:\/\/schema.org\/ImageObject\"> <a href=\"http:\/\/www.tvturk.com\/index.php\/yer-altindaki-gizemli-dunya-karaca-magarasinda-sezon-basladi\/yer-altindaki-gizemli-dunya-karaca-magarasinda-sezon-basladi-16\/\" border=\"0\" itemprop=\"url\"> <meta itemprop=\"width\" content=\"162\"> <meta itemprop=\"height\" content=\"108\"> <img decoding=\"async\" class=\"\" data-attachment-id=\"142582\" data-orig-file=\"http:\/\/www.tvturk.com\/wp-content\/uploads\/2019\/04\/yer-altindaki-gizemli-dunya-karaca-magarasinda-sezon-basladi_fd5c927.jpg\" data-orig-size=\"1000,666\" data-comments-opened=\"\" data-image-meta=\"{&quot;aperture&quot;:&quot;0&quot;,&quot;credit&quot;:&quot;IHA&quot;,&quot;camera&quot;:&quot;&quot;,&quot;caption&quot;:&quot;D\\u00dcNYANIN SAYILI DAMLATA\\u015eI MA\\u011eARALARINDAN B\\u0130R\\u0130S\\u0130 ARASINDA YER ALAN VE \\u2018YER ALTINDAK\\u0130 G\\u0130ZEML\\u0130 D\\u00dcNYA\\u2019 OLARAK N\\u0130TELEND\\u0130R\\u0130LEN 150 M\\u0130LYON YIL YA\\u015eINDAK\\u0130 KARACA MA\\u011eARASINDA TUR\\u0130ZM SEZONU BA\\u015eLADI. (RECEP ERG\\u0130N\\\/G\\u00dcM\\u00dc\\u015eHANE-\\u0130HA)&quot;,&quot;created_timestamp&quot;:&quot;0&quot;,&quot;copyright&quot;:&quot;\\u0130HLAS HABER AJANSI, www.iha.com.tr&quot;,&quot;focal_length&quot;:&quot;0&quot;,&quot;iso&quot;:&quot;0&quot;,&quot;shutter_speed&quot;:&quot;0&quot;,&quot;title&quot;:&quot;YER ALTINDAK\\u0130 G\\u0130ZEML\\u0130 D\\u00dcNYA KARACA MA\\u011eARASI\\u0027NDA SEZON BA\\u015eLADI G\\u00dcM\\u00dc\\u015eHANE\\u2019N\\u0130N TORUL \\u0130L\\u00c7ES\\u0130 SINIRLARINDAK\\u0130 150 M\\u0130LYON YIL YA\\u015eINDAK\\u0130 KARACA MA\\u011eARASI YERL\\u0130 VE YABANCI TUR\\u0130STLER\\u0130 BEKL\\u0130YOR&quot;,&quot;orientation&quot;:&quot;0&quot;}\" data-image-title=\"Yer alt\u0131ndaki gizemli d\u00fcnya Karaca Ma\u011faras\u0131\u2019nda sezon ba\u015flad\u0131\" data-image-description=\"&lt;p&gt;Yer alt\u0131ndaki gizemli d\u00fcnya Karaca Ma\u011faras\u0131\u2019nda sezon ba\u015flad\u0131&lt;\/p&gt; \" data-medium-file=\"https:\/\/i0.wp.com\/www.tvturk.com\/wp-content\/uploads\/2019\/04\/yer-altindaki-gizemli-dunya-karaca-magarasinda-sezon-basladi_fd5c927.jpg?fit=300%2C200\" data-large-file=\"https:\/\/i0.wp.com\/www.tvturk.com\/wp-content\/uploads\/2019\/04\/yer-altindaki-gizemli-dunya-karaca-magarasinda-sezon-basladi_fd5c927.jpg?fit=1000%2C666\" src=\"https:\/\/i0.wp.com\/www.tvturk.com\/wp-content\/uploads\/2019\/04\/yer-altindaki-gizemli-dunya-karaca-magarasinda-sezon-basladi_fd5c927.jpg?w=162&#038;h=108\" srcset=\"https:\/\/i0.wp.com\/www.tvturk.com\/wp-content\/uploads\/2019\/04\/yer-altindaki-gizemli-dunya-karaca-magarasinda-sezon-basladi_fd5c927.jpg?w=1000 1000w, https:\/\/i0.wp.com\/www.tvturk.com\/wp-content\/uploads\/2019\/04\/yer-altindaki-gizemli-dunya-karaca-magarasinda-sezon-basladi_fd5c927.jpg?resize=150%2C100 150w, https:\/\/i0.wp.com\/www.tvturk.com\/wp-content\/uploads\/2019\/04\/yer-altindaki-gizemli-dunya-karaca-magarasinda-sezon-basladi_fd5c927.jpg?resize=300%2C200 300w, https:\/\/i0.wp.com\/www.tvturk.com\/wp-content\/uploads\/2019\/04\/yer-altindaki-gizemli-dunya-karaca-magarasinda-sezon-basladi_fd5c927.jpg?resize=768%2C511 768w, https:\/\/i0.wp.com\/www.tvturk.com\/wp-content\/uploads\/2019\/04\/yer-altindaki-gizemli-dunya-karaca-magarasinda-sezon-basladi_fd5c927.jpg?resize=170%2C113 170w, https:\/\/i0.wp.com\/www.tvturk.com\/wp-content\/uploads\/2019\/04\/yer-altindaki-gizemli-dunya-karaca-magarasinda-sezon-basladi_fd5c927.jpg?resize=120%2C80 120w\" width=\"162\" height=\"108\" loading=\"lazy\" data-original-width=\"162\" data-original-height=\"108\" itemprop=\"http:\/\/schema.org\/image\" title=\"Yer alt\u0131ndaki gizemli d\u00fcnya Karaca Ma\u011faras\u0131\u2019nda sezon ba\u015flad\u0131\" alt=\"Yer alt\u0131ndaki gizemli d\u00fcnya Karaca Ma\u011faras\u0131\u2019nda sezon ba\u015flad\u0131\" style=\"width: 162px; height: 108px;\" \/> <\/a> <\/div> <\/div> <!-- close group --> <\/div> <!-- close row --> <\/div><\/p>\n","protected":false},"excerpt":{"rendered":"<p>D\u00dcNYANIN SAYILI DAMLATA\u015eI MA\u011eARALARINDAN B\u0130R\u0130S\u0130 ARASINDA YER ALAN VE \u2018YER ALTINDAK\u0130 G\u0130ZEML\u0130 D\u00dcNYA\u2019 OLARAK N\u0130TELEND\u0130R\u0130LEN 150 M\u0130LYON YIL YA\u015eINDAK\u0130 KARACA MA\u011eARASINDA TUR\u0130ZM SEZONU BA\u015eLADI.<\/p>\n","protected":false},"author":1,"featured_media":142568,"comment_status":"closed","ping_status":"open","sticky":false,"template":"","format":"standard","meta":{"jetpack_post_was_ever_published":false,"_jetpack_newsletter_access":"","_jetpack_dont_email_post_to_subs":false,"_jetpack_newsletter_tier_id":0,"_jetpack_memberships_contains_paywalled_content":false,"_jetpack_memberships_contains_paid_content":false,"footnotes":"","jetpack_publicize_message":"","jetpack_publicize_feature_enabled":true,"jetpack_social_post_already_shared":true,"jetpack_social_options":{"image_generator_settings":{"template":"highway","default_image_id":0,"font":"","enabled":false},"version":2}},"categories":[1],"tags":[349,4041,55,32095,238,32096,4954,4243],"class_list":["post-142567","post","type-post","status-publish","format-standard","has-post-thumbnail","hentry","category-genel","tag-dunya","tag-altindaki","tag-basladi","tag-gizemli","tag-karaca","tag-magarasinda","tag-sezon","tag-yer"],"jetpack_publicize_connections":[],"jetpack_featured_media_url":"https:\/\/i0.wp.com\/www.tvturk.com\/wp-content\/uploads\/2019\/04\/yer-altindaki-gizemli-dunya-karaca-magarasinda-sezon-basladi_2bdd0b7.jpg?fit=1000%2C666","jetpack_sharing_enabled":true,"jetpack_shortlink":"https:\/\/wp.me\/paKIfm-B5t","_links":{"self":[{"href":"http:\/\/www.tvturk.com\/index.php\/wp-json\/wp\/v2\/posts\/142567","targetHints":{"allow":["GET"]}}],"collection":[{"href":"http:\/\/www.tvturk.com\/index.php\/wp-json\/wp\/v2\/posts"}],"about":[{"href":"http:\/\/www.tvturk.com\/index.php\/wp-json\/wp\/v2\/types\/post"}],"author":[{"embeddable":true,"href":"http:\/\/www.tvturk.com\/index.php\/wp-json\/wp\/v2\/users\/1"}],"replies":[{"embeddable":true,"href":"http:\/\/www.tvturk.com\/index.php\/wp-json\/wp\/v2\/comments?post=142567"}],"version-history":[{"count":1,"href":"http:\/\/www.tvturk.com\/index.php\/wp-json\/wp\/v2\/posts\/142567\/revisions"}],"predecessor-version":[{"id":142583,"href":"http:\/\/www.tvturk.com\/index.php\/wp-json\/wp\/v2\/posts\/142567\/revisions\/142583"}],"wp:featuredmedia":[{"embeddable":true,"href":"http:\/\/www.tvturk.com\/index.php\/wp-json\/wp\/v2\/media\/142568"}],"wp:attachment":[{"href":"http:\/\/www.tvturk.com\/index.php\/wp-json\/wp\/v2\/media?parent=142567"}],"wp:term":[{"taxonomy":"category","embeddable":true,"href":"http:\/\/www.tvturk.com\/index.php\/wp-json\/wp\/v2\/categories?post=142567"},{"taxonomy":"post_tag","embeddable":true,"href":"http:\/\/www.tvturk.com\/index.php\/wp-json\/wp\/v2\/tags?post=142567"}],"curies":[{"name":"wp","href":"https:\/\/api.w.org\/{rel}","templated":true}]}}