{"id":142599,"date":"2019-04-19T11:41:18","date_gmt":"2019-04-19T08:41:18","guid":{"rendered":"http:\/\/www.tvturk.com\/index.php\/damat-tween-ve-ds-damat-istanbul-havalimaninda-yerini-aldi\/"},"modified":"2019-04-19T11:41:20","modified_gmt":"2019-04-19T08:41:20","slug":"damat-tween-ve-ds-damat-istanbul-havalimaninda-yerini-aldi","status":"publish","type":"post","link":"http:\/\/www.tvturk.com\/index.php\/damat-tween-ve-ds-damat-istanbul-havalimaninda-yerini-aldi\/","title":{"rendered":"Damat Tween ve D\u2019S Damat \u0130stanbul Havaliman\u0131\u2019nda yerini ald\u0131"},"content":{"rendered":"<p>Damat Tween ve D\u2019S Damat markalar\u0131 ile 2018 y\u0131l\u0131 sonunda yurt d\u0131\u015f\u0131nda 180 ma\u011fazaya ula\u015fan Orka Holding global yolculu\u011funa h\u0131z kesmeden devam ediyor.<\/p>\n<p>Y\u0131lba\u015f\u0131ndan bu yana yurt d\u0131\u015f\u0131nda ma\u011fazala\u015fmaya devam eden ve Nisan ay\u0131 ba\u015f\u0131nda \u0130stanbul Yeni Havaliman\u0131\u2019nda yerini alan Orka Holding, Nisan ay\u0131n\u0131n ortas\u0131nda 5 yeni yurt d\u0131\u015f\u0131 ma\u011fazas\u0131na merhaba dedi. 2018 y\u0131l\u0131 sonunda yurt d\u0131\u015f\u0131nda 180 ma\u011fazaya ula\u015ft\u0131klar\u0131n\u0131 ve 2019 y\u0131l\u0131 i\u00e7in 40\u2019tan fazla yurt d\u0131\u015f\u0131 ma\u011fazas\u0131n\u0131n da a\u00e7\u0131l\u0131\u015f\u0131n\u0131 garantilediklerini belirten Orka Holding Y\u00f6netim Kurulu Ba\u015fkan\u0131 S\u00fcleyman Orak\u00e7\u0131o\u011flu, Damat Tween ve D\u2019S Damat ile b\u00fcy\u00fcmeye devam ettiklerini s\u00f6yledi. Orak\u00e7\u0131o\u011flu, \u201cD\u00fcnyan\u0131n d\u00f6rt bir yan\u0131ndan gelecek yolcular kendi \u00fclkelerinden markalar\u0131m\u0131z\u0131 tan\u0131yor ve biliyor olarak gelip, yeni havaliman\u0131nda tan\u0131d\u0131klar\u0131 bir marka ile kar\u015f\u0131lanacaklar\u201d dedi.<\/p>\n<p>Nisan ortas\u0131na 5 yeni ma\u011faza<\/p>\n<p>Y\u0131lba\u015f\u0131ndan bu yana yurt d\u0131\u015f\u0131nda ma\u011fazala\u015fmaya devam eden holding, yaln\u0131zca Nisan ay\u0131n\u0131n ilk 15 g\u00fcn\u00fcnde Kiev, \u00dcsk\u00fcp, Erivan ve Bosna\u2019n\u0131n yan\u0131nda Avrupa\u2019n\u0131n moda ba\u015fkentlerinden biri olan \u0130talya\u2019n\u0131n Floransa kentinde de yeni ma\u011fazas\u0131na merhaba dedi. Orak\u00e7\u0131o\u011flu, \u201cSanat\u0131n ve modan\u0131n kalbi Floransa\u2019da ma\u011fazam\u0131z\u0131 a\u00e7t\u0131k. Bundan sonra da yolumuza \u0131\u015f\u0131k h\u0131z\u0131 ile devam edece\u011fiz. 2019 y\u0131l\u0131nda yepyeni bir at\u0131l\u0131m yaparak ABD\u2019de ilk ma\u011fazalar\u0131m\u0131z\u0131 Washington DC ve Ohio eyaletlerinde a\u00e7aca\u011f\u0131z. Yine Kanada\u2019da Ottowa\u2019da bu y\u0131l ilk ma\u011fazam\u0131z a\u00e7\u0131lacak. Balkanlarda ve Rusya\u2019da ise etkinli\u011fimiz giderek art\u0131yor\u201d dedi.<div class=\"tiled-gallery type-rectangular tiled-gallery-unresized\" data-original-width=\"500\" data-carousel-extra='null' itemscope itemtype=\"http:\/\/schema.org\/ImageGallery\" > <div class=\"gallery-row\" style=\"width: 500px; height: 376px;\" data-original-width=\"500\" data-original-height=\"376\" > <div class=\"gallery-group images-1\" style=\"width: 500px; height: 376px;\" data-original-width=\"500\" data-original-height=\"376\" > <div class=\"tiled-gallery-item tiled-gallery-item-large\" itemprop=\"associatedMedia\" itemscope itemtype=\"http:\/\/schema.org\/ImageObject\"> <a href=\"http:\/\/www.tvturk.com\/index.php\/damat-tween-ve-ds-damat-istanbul-havalimaninda-yerini-aldi\/damat-tween-ve-ds-damat-istanbul-havalimaninda-yerini-aldi-3\/\" border=\"0\" itemprop=\"url\"> <meta itemprop=\"width\" content=\"496\"> <meta itemprop=\"height\" content=\"372\"> <img decoding=\"async\" class=\"\" data-attachment-id=\"142601\" data-orig-file=\"http:\/\/www.tvturk.com\/wp-content\/uploads\/2019\/04\/damat-tween-ve-ds-damat-istanbul-havalimaninda-yerini-aldi_ead94f5.jpg\" data-orig-size=\"1000,750\" data-comments-opened=\"\" data-image-meta=\"{&quot;aperture&quot;:&quot;0&quot;,&quot;credit&quot;:&quot;IHA&quot;,&quot;camera&quot;:&quot;&quot;,&quot;caption&quot;:&quot;DAMAT TWEEN VE D\\u2019S DAMAT \\u0130STANBUL HAVAL\\u0130MANI\\u2019NDA YER\\u0130N\\u0130 ALDI (\\u0130HA\\\/\\u0130STANBUL-\\u0130HA)&quot;,&quot;created_timestamp&quot;:&quot;0&quot;,&quot;copyright&quot;:&quot;\\u0130HLAS HABER AJANSI, www.iha.com.tr&quot;,&quot;focal_length&quot;:&quot;0&quot;,&quot;iso&quot;:&quot;0&quot;,&quot;shutter_speed&quot;:&quot;0&quot;,&quot;title&quot;:&quot;DAMAT TWEEN VE D\\u2019S DAMAT \\u0130STANBUL HAVAL\\u0130MANI\\u2019NDA YER\\u0130N\\u0130 ALDI&quot;,&quot;orientation&quot;:&quot;0&quot;}\" data-image-title=\"Damat Tween ve D\u2019S Damat \u0130stanbul Havaliman\u0131\u2019nda yerini ald\u0131\" data-image-description=\"&lt;p&gt;Damat Tween ve D\u2019S Damat \u0130stanbul Havaliman\u0131\u2019nda yerini ald\u0131&lt;\/p&gt; \" data-medium-file=\"https:\/\/i0.wp.com\/www.tvturk.com\/wp-content\/uploads\/2019\/04\/damat-tween-ve-ds-damat-istanbul-havalimaninda-yerini-aldi_ead94f5.jpg?fit=300%2C225\" data-large-file=\"https:\/\/i0.wp.com\/www.tvturk.com\/wp-content\/uploads\/2019\/04\/damat-tween-ve-ds-damat-istanbul-havalimaninda-yerini-aldi_ead94f5.jpg?fit=1000%2C750\" src=\"https:\/\/i0.wp.com\/www.tvturk.com\/wp-content\/uploads\/2019\/04\/damat-tween-ve-ds-damat-istanbul-havalimaninda-yerini-aldi_ead94f5.jpg?w=496&#038;h=372\" srcset=\"https:\/\/i0.wp.com\/www.tvturk.com\/wp-content\/uploads\/2019\/04\/damat-tween-ve-ds-damat-istanbul-havalimaninda-yerini-aldi_ead94f5.jpg?w=1000 1000w, https:\/\/i0.wp.com\/www.tvturk.com\/wp-content\/uploads\/2019\/04\/damat-tween-ve-ds-damat-istanbul-havalimaninda-yerini-aldi_ead94f5.jpg?resize=150%2C113 150w, https:\/\/i0.wp.com\/www.tvturk.com\/wp-content\/uploads\/2019\/04\/damat-tween-ve-ds-damat-istanbul-havalimaninda-yerini-aldi_ead94f5.jpg?resize=300%2C225 300w, https:\/\/i0.wp.com\/www.tvturk.com\/wp-content\/uploads\/2019\/04\/damat-tween-ve-ds-damat-istanbul-havalimaninda-yerini-aldi_ead94f5.jpg?resize=768%2C576 768w\" width=\"496\" height=\"372\" loading=\"lazy\" data-original-width=\"496\" data-original-height=\"372\" itemprop=\"http:\/\/schema.org\/image\" title=\"Damat Tween ve D\u2019S Damat \u0130stanbul Havaliman\u0131\u2019nda yerini ald\u0131\" alt=\"Damat Tween ve D\u2019S Damat \u0130stanbul Havaliman\u0131\u2019nda yerini ald\u0131\" style=\"width: 496px; height: 372px;\" \/> <\/a> <\/div> <\/div> <!-- close group --> <\/div> <!-- close row --> <\/div><\/p>\n","protected":false},"excerpt":{"rendered":"<p>DAMAT TWEEN VE D\u2019S DAMAT \u0130STANBUL HAVAL\u0130MANI\u2019NDA YER\u0130N\u0130 ALDI<\/p>\n","protected":false},"author":1,"featured_media":142600,"comment_status":"closed","ping_status":"open","sticky":false,"template":"","format":"standard","meta":{"jetpack_post_was_ever_published":false,"_jetpack_newsletter_access":"","_jetpack_dont_email_post_to_subs":false,"_jetpack_newsletter_tier_id":0,"_jetpack_memberships_contains_paywalled_content":false,"_jetpack_memberships_contains_paid_content":false,"footnotes":"","jetpack_publicize_message":"","jetpack_publicize_feature_enabled":true,"jetpack_social_post_already_shared":true,"jetpack_social_options":{"image_generator_settings":{"template":"highway","default_image_id":0,"font":"","enabled":false},"version":2}},"categories":[1],"tags":[1075,32099,9696,6033,730,32098,1469],"class_list":["post-142599","post","type-post","status-publish","format-standard","has-post-thumbnail","hentry","category-genel","tag-aldi","tag-ds","tag-damat","tag-havalimaninda","tag-istanbul","tag-tween","tag-yerini"],"jetpack_publicize_connections":[],"jetpack_featured_media_url":"https:\/\/i0.wp.com\/www.tvturk.com\/wp-content\/uploads\/2019\/04\/damat-tween-ve-ds-damat-istanbul-havalimaninda-yerini-aldi_e78f80b.jpg?fit=1000%2C750","jetpack_sharing_enabled":true,"jetpack_shortlink":"https:\/\/wp.me\/paKIfm-B5Z","_links":{"self":[{"href":"http:\/\/www.tvturk.com\/index.php\/wp-json\/wp\/v2\/posts\/142599","targetHints":{"allow":["GET"]}}],"collection":[{"href":"http:\/\/www.tvturk.com\/index.php\/wp-json\/wp\/v2\/posts"}],"about":[{"href":"http:\/\/www.tvturk.com\/index.php\/wp-json\/wp\/v2\/types\/post"}],"author":[{"embeddable":true,"href":"http:\/\/www.tvturk.com\/index.php\/wp-json\/wp\/v2\/users\/1"}],"replies":[{"embeddable":true,"href":"http:\/\/www.tvturk.com\/index.php\/wp-json\/wp\/v2\/comments?post=142599"}],"version-history":[{"count":1,"href":"http:\/\/www.tvturk.com\/index.php\/wp-json\/wp\/v2\/posts\/142599\/revisions"}],"predecessor-version":[{"id":142602,"href":"http:\/\/www.tvturk.com\/index.php\/wp-json\/wp\/v2\/posts\/142599\/revisions\/142602"}],"wp:featuredmedia":[{"embeddable":true,"href":"http:\/\/www.tvturk.com\/index.php\/wp-json\/wp\/v2\/media\/142600"}],"wp:attachment":[{"href":"http:\/\/www.tvturk.com\/index.php\/wp-json\/wp\/v2\/media?parent=142599"}],"wp:term":[{"taxonomy":"category","embeddable":true,"href":"http:\/\/www.tvturk.com\/index.php\/wp-json\/wp\/v2\/categories?post=142599"},{"taxonomy":"post_tag","embeddable":true,"href":"http:\/\/www.tvturk.com\/index.php\/wp-json\/wp\/v2\/tags?post=142599"}],"curies":[{"name":"wp","href":"https:\/\/api.w.org\/{rel}","templated":true}]}}