{"id":142731,"date":"2019-04-19T13:06:09","date_gmt":"2019-04-19T10:06:09","guid":{"rendered":"http:\/\/www.tvturk.com\/index.php\/eris-odemis-tarimda-marka-olmali\/"},"modified":"2019-04-19T13:06:11","modified_gmt":"2019-04-19T10:06:11","slug":"eris-odemis-tarimda-marka-olmali","status":"publish","type":"post","link":"http:\/\/www.tvturk.com\/index.php\/eris-odemis-tarimda-marka-olmali\/","title":{"rendered":"Eri\u015f: \u2019\u00d6demi\u015f, tar\u0131mda marka olmal\u0131\u2019"},"content":{"rendered":"<p>\u00d6demi\u015f Ticaret Odas\u0131 (\u00d6TO) Ba\u015fkan\u0131 R\u0131fat Eri\u015f, K\u00fc\u00e7\u00fckmenderes havzas\u0131n\u0131n T\u00fcrkiye tar\u0131m\u0131nda ve hayvanc\u0131l\u0131\u011f\u0131nda s\u00f6z sahibi bir b\u00f6lge oldu\u011funa dikkat \u00e7ekerek, \u00d6demi\u015f\u2019in tar\u0131mda marka haline getirilebilece\u011fini belirtti.<\/p>\n<p>\u00d6TO Y\u00f6netim Kurulu ve meclis \u00fcyeleri, G\u0131da Tar\u0131m Ve Hayvanc\u0131l\u0131k \u0130l\u00e7e M\u00fcd\u00fcrl\u00fc\u011f\u00fc taraf\u0131ndan d\u00fczenlenen kahvalt\u0131ya kat\u0131ld\u0131. \u00d6demi\u015f Kaymamam\u0131 Kas\u0131m Fikret Day\u0131o\u011flu, \u00d6demi\u015f Belediye Ba\u015fkan\u0131 Mehmet Eri\u015f\u2019in de kat\u0131ld\u0131\u011f\u0131 kahvalt\u0131da il\u00e7enin ekonomik potansiyeli de\u011ferlendirildi.<\/p>\n<p>\u00d6TO Ba\u015fkan\u0131 R\u0131fat Eri\u015f, yapt\u0131\u011f\u0131 de\u011ferlendirmede, \u201cKurumlar aras\u0131 ileti\u015fim ve ortak \u00e7al\u0131\u015fma her zaman hem \u00fcyelerimize hem b\u00f6lgemize faydal\u0131 olacakt\u0131r. \u0130l\u00e7emizdeki her kurum ile her zaman dayan\u0131\u015fma ve i\u015f birli\u011fi i\u00e7erisinde olmaktan memnuniyet duyar\u0131z\u201d dedi.<\/p>\n<p>B\u00f6yle bir davetten dolay\u0131 \u00d6demi\u015f G\u0131da Tar\u0131m ve Hayvanc\u0131l\u0131k \u0130l\u00e7e M\u00fcd\u00fcrl\u00fc\u011f\u00fc ad\u0131na m\u00fcd\u00fcr \u0130brahim Alt\u0131nta\u015f\u2019a te\u015fekk\u00fcr eden Eri\u015f, \u201cK\u00fc\u00e7\u00fckmenderes havzas\u0131, T\u00fcrkiye tar\u0131m\u0131nda ve hayvanc\u0131l\u0131\u011f\u0131nda s\u00f6z sahibi bir b\u00f6lgedir. \u00d6demi\u015f olarak bu b\u00f6lgede \u00f6nemli bir merkez durumunday\u0131z. Yapaca\u011f\u0131m\u0131z ortak \u00e7al\u0131\u015fmalarla \u00d6demi\u015f ve K\u00fc\u00e7\u00fckmenderes havzas\u0131n\u0131 marka haline getirebiliriz\u201d dedi.<div class=\"tiled-gallery type-rectangular tiled-gallery-unresized\" data-original-width=\"500\" data-carousel-extra='null' itemscope itemtype=\"http:\/\/schema.org\/ImageGallery\" > <div class=\"gallery-row\" style=\"width: 500px; height: 260px;\" data-original-width=\"500\" data-original-height=\"260\" > <div class=\"gallery-group images-1\" style=\"width: 500px; height: 260px;\" data-original-width=\"500\" data-original-height=\"260\" > <div class=\"tiled-gallery-item tiled-gallery-item-large\" itemprop=\"associatedMedia\" itemscope itemtype=\"http:\/\/schema.org\/ImageObject\"> <a href=\"http:\/\/www.tvturk.com\/index.php\/eris-odemis-tarimda-marka-olmali\/eris-odemis-tarimda-marka-olmali-3\/\" border=\"0\" itemprop=\"url\"> <meta itemprop=\"width\" content=\"496\"> <meta itemprop=\"height\" content=\"256\"> <img decoding=\"async\" class=\"\" data-attachment-id=\"142733\" data-orig-file=\"http:\/\/www.tvturk.com\/wp-content\/uploads\/2019\/04\/eris-odemis-tarimda-marka-olmali_bce66e4.jpg\" data-orig-size=\"1000,517\" data-comments-opened=\"\" data-image-meta=\"{&quot;aperture&quot;:&quot;0&quot;,&quot;credit&quot;:&quot;IHA&quot;,&quot;camera&quot;:&quot;&quot;,&quot;caption&quot;:&quot;\\u00d6DEM\\u0130\\u015e PROTOKOL\\u00dc, \\u0130L\\u00c7E TARIMIN KAHVALTISINDA BULU\\u015eTU (ONUR \\u015eAHAN\\\/\\u0130ZM\\u0130R-\\u0130HA)&quot;,&quot;created_timestamp&quot;:&quot;0&quot;,&quot;copyright&quot;:&quot;\\u0130HLAS HABER AJANSI, www.iha.com.tr&quot;,&quot;focal_length&quot;:&quot;0&quot;,&quot;iso&quot;:&quot;0&quot;,&quot;shutter_speed&quot;:&quot;0&quot;,&quot;title&quot;:&quot;ER\\u0130\\u015e: \\u0027\\u00d6DEM\\u0130\\u015e, TARIMDA MARKA OLMALI\\u0027&quot;,&quot;orientation&quot;:&quot;0&quot;}\" data-image-title=\"Eri\u015f: \u2019\u00d6demi\u015f, tar\u0131mda marka olmal\u0131\u2019\" data-image-description=\"&lt;p&gt;Eri\u015f: \u2019\u00d6demi\u015f, tar\u0131mda marka olmal\u0131\u2019&lt;\/p&gt; \" data-medium-file=\"https:\/\/i0.wp.com\/www.tvturk.com\/wp-content\/uploads\/2019\/04\/eris-odemis-tarimda-marka-olmali_bce66e4.jpg?fit=300%2C155\" data-large-file=\"https:\/\/i0.wp.com\/www.tvturk.com\/wp-content\/uploads\/2019\/04\/eris-odemis-tarimda-marka-olmali_bce66e4.jpg?fit=1000%2C517\" src=\"https:\/\/i0.wp.com\/www.tvturk.com\/wp-content\/uploads\/2019\/04\/eris-odemis-tarimda-marka-olmali_bce66e4.jpg?w=496&#038;h=256\" srcset=\"https:\/\/i0.wp.com\/www.tvturk.com\/wp-content\/uploads\/2019\/04\/eris-odemis-tarimda-marka-olmali_bce66e4.jpg?w=1000 1000w, https:\/\/i0.wp.com\/www.tvturk.com\/wp-content\/uploads\/2019\/04\/eris-odemis-tarimda-marka-olmali_bce66e4.jpg?resize=150%2C78 150w, https:\/\/i0.wp.com\/www.tvturk.com\/wp-content\/uploads\/2019\/04\/eris-odemis-tarimda-marka-olmali_bce66e4.jpg?resize=300%2C155 300w, https:\/\/i0.wp.com\/www.tvturk.com\/wp-content\/uploads\/2019\/04\/eris-odemis-tarimda-marka-olmali_bce66e4.jpg?resize=768%2C397 768w\" width=\"496\" height=\"256\" loading=\"lazy\" data-original-width=\"496\" data-original-height=\"256\" itemprop=\"http:\/\/schema.org\/image\" title=\"Eri\u015f: \u2019\u00d6demi\u015f, tar\u0131mda marka olmal\u0131\u2019\" alt=\"Eri\u015f: \u2019\u00d6demi\u015f, tar\u0131mda marka olmal\u0131\u2019\" style=\"width: 496px; height: 256px;\" \/> <\/a> <\/div> <\/div> <!-- close group --> <\/div> <!-- close row --> <\/div><\/p>\n","protected":false},"excerpt":{"rendered":"<p>\u00d6DEM\u0130\u015e PROTOKOL\u00dc, \u0130L\u00c7E TARIMIN KAHVALTISINDA BULU\u015eTU<\/p>\n","protected":false},"author":1,"featured_media":142732,"comment_status":"closed","ping_status":"open","sticky":false,"template":"","format":"standard","meta":{"jetpack_post_was_ever_published":false,"_jetpack_newsletter_access":"","_jetpack_dont_email_post_to_subs":false,"_jetpack_newsletter_tier_id":0,"_jetpack_memberships_contains_paywalled_content":false,"_jetpack_memberships_contains_paid_content":false,"footnotes":"","jetpack_publicize_message":"","jetpack_publicize_feature_enabled":true,"jetpack_social_post_already_shared":true,"jetpack_social_options":{"image_generator_settings":{"template":"highway","default_image_id":0,"font":"","enabled":false},"version":2}},"categories":[19],"tags":[12014,3997,3373,3815,107],"class_list":["post-142731","post","type-post","status-publish","format-standard","has-post-thumbnail","hentry","category-ekonomi","tag-eris","tag-marka","tag-odemis","tag-olmali","tag-tarimda"],"jetpack_publicize_connections":[],"jetpack_featured_media_url":"https:\/\/i0.wp.com\/www.tvturk.com\/wp-content\/uploads\/2019\/04\/eris-odemis-tarimda-marka-olmali_807e1f5.jpg?fit=1000%2C534","jetpack_sharing_enabled":true,"jetpack_shortlink":"https:\/\/wp.me\/paKIfm-B87","_links":{"self":[{"href":"http:\/\/www.tvturk.com\/index.php\/wp-json\/wp\/v2\/posts\/142731","targetHints":{"allow":["GET"]}}],"collection":[{"href":"http:\/\/www.tvturk.com\/index.php\/wp-json\/wp\/v2\/posts"}],"about":[{"href":"http:\/\/www.tvturk.com\/index.php\/wp-json\/wp\/v2\/types\/post"}],"author":[{"embeddable":true,"href":"http:\/\/www.tvturk.com\/index.php\/wp-json\/wp\/v2\/users\/1"}],"replies":[{"embeddable":true,"href":"http:\/\/www.tvturk.com\/index.php\/wp-json\/wp\/v2\/comments?post=142731"}],"version-history":[{"count":1,"href":"http:\/\/www.tvturk.com\/index.php\/wp-json\/wp\/v2\/posts\/142731\/revisions"}],"predecessor-version":[{"id":142734,"href":"http:\/\/www.tvturk.com\/index.php\/wp-json\/wp\/v2\/posts\/142731\/revisions\/142734"}],"wp:featuredmedia":[{"embeddable":true,"href":"http:\/\/www.tvturk.com\/index.php\/wp-json\/wp\/v2\/media\/142732"}],"wp:attachment":[{"href":"http:\/\/www.tvturk.com\/index.php\/wp-json\/wp\/v2\/media?parent=142731"}],"wp:term":[{"taxonomy":"category","embeddable":true,"href":"http:\/\/www.tvturk.com\/index.php\/wp-json\/wp\/v2\/categories?post=142731"},{"taxonomy":"post_tag","embeddable":true,"href":"http:\/\/www.tvturk.com\/index.php\/wp-json\/wp\/v2\/tags?post=142731"}],"curies":[{"name":"wp","href":"https:\/\/api.w.org\/{rel}","templated":true}]}}