{"id":142828,"date":"2019-04-19T13:58:08","date_gmt":"2019-04-19T10:58:08","guid":{"rendered":"http:\/\/www.tvturk.com\/index.php\/15-temmuz-sehitler-koprusu-magdurlari-cezalari-protesto-etti\/"},"modified":"2019-04-19T13:58:12","modified_gmt":"2019-04-19T10:58:12","slug":"15-temmuz-sehitler-koprusu-magdurlari-cezalari-protesto-etti","status":"publish","type":"post","link":"http:\/\/www.tvturk.com\/index.php\/15-temmuz-sehitler-koprusu-magdurlari-cezalari-protesto-etti\/","title":{"rendered":"15 Temmuz \u015eehitler K\u00f6pr\u00fcs\u00fc ma\u011fdurlar\u0131 cezalar\u0131 protesto etti"},"content":{"rendered":"<p>\u0130stanbul B\u00fcy\u00fck\u015fehir Belediyesi Ula\u015f\u0131m Koordinasyon M\u00fcd\u00fcrl\u00fc\u011f\u00fc (UKOME) taraf\u0131ndan al\u0131nan kararla baz\u0131 ara\u00e7lar\u0131n 15 Temmuz \u015eehitler K\u00f6pr\u00fcs\u00fc\u2019nden ge\u00e7i\u015fi yasakland\u0131. Uygulamaya dair bilgileri olmad\u0131\u011f\u0131 i\u00e7in binlerce lira para cezas\u0131 yediklerini ileri s\u00fcren vatanda\u015flar cezalar\u0131 protesto etti. Ma\u011fdur olduklar\u0131n\u0131 belirten vatanda\u015flar, Kamu Denet\u00e7isi Kuruluna itiraz dilek\u00e7elerini verdi. T\u00fcketici Ba\u015fvuru Merkezi Onursal Ba\u015fkan\u0131 Ayd\u0131n A\u011fao\u011flu, \u201c\u0130nan\u0131yoruz ki devlet vatanda\u015f\u0131na tuzak kurmaz. Biz bunun Ba\u011fdat\u2019tan de\u011fil, ilgili kurumlardan d\u00f6nece\u011fi kanaatindeyiz\u201d dedi.<\/p>\n<p>\u0130stanbul B\u00fcy\u00fck\u015fehir Belediyesine ba\u011fl\u0131 Ula\u015f\u0131m Koordinasyon M\u00fcd\u00fcrl\u00fc\u011f\u00fc (UKOME) taraf\u0131ndan al\u0131nan kararla 1 Ocak 2019 tarihinden itibaren baz\u0131 ara\u00e7lar\u0131n 15 Temmuz \u015eehitler K\u00f6pr\u00fcs\u00fc\u2019nden ge\u00e7i\u015fi yasaklanm\u0131\u015ft\u0131. Ancak yap\u0131lan d\u00fczenlemenin kamuoyuna etkin bir \u015fekilde duyurulamamas\u0131, k\u00f6pr\u00fc ge\u00e7i\u015flerinde uyar\u0131 i\u015faretlerinin bulunmamas\u0131 ve cezalar\u0131n kesilmesinden aylar sonra tebli\u011f edilmesi nedeniyle ma\u011fdur olan vatanda\u015flar bu duruma itiraz etti. T\u00fcketici Ba\u015fvuru Merkezi Onursal Ba\u015fkan\u0131 Ayd\u0131n A\u011fao\u011flu\u2019nun da aralar\u0131nda bulundu\u011fu t\u00fcketici dernekleri temsilcileri ve uygulamadan ceza yiyen vatanda\u015flar bir araya gelerek, Kamu Denet\u00e7ili\u011fi Kurumuna itiraz dilek\u00e7elerini sundu. K\u00f6pr\u00fcden her ge\u00e7i\u015f i\u00e7in bin 132 TL idari para cezas\u0131 kesilen vatanda\u015flar, \u015ei\u015fli Camii \u00f6n\u00fcnde toplanarak bas\u0131n a\u00e7\u0131klamas\u0131 yap\u0131p uygulamay\u0131 protesto etti.<\/p>\n<p>\u201c10 bin lira ceza geldi\u201d<\/p>\n<p>Uygulama sebebiyle arac\u0131na ceza kesilen Se\u00e7il G\u00fcne\u015f, \u201cK\u00f6pr\u00fc ihlali cezas\u0131 i\u00e7in buraday\u0131z. Bana ceza Ocak ay\u0131nda kesilmi\u015f ama Ocak ay\u0131nda gelmedi, Nisan ay\u0131nda geldi. Daha \u00f6nceden bilseydim e\u011fer ge\u00e7mezdim. 10 bin lira ceza geldi. \u0130ptalini istiyoruz, \u00e7\u00fcnk\u00fc bilgimiz yoktu\u201d dedi.<\/p>\n<p>T\u00fcketici Ba\u015fvuru Merkezi Onursal Ba\u015fkan\u0131 Ayd\u0131n A\u011fao\u011flu ise t\u00fcketici haklar\u0131n\u0131n ihlal edildi\u011fini belirterek, \u201c15 Temmuz \u015eehitler K\u00f6pr\u00fcs\u00fc\u2019nden ge\u00e7i\u015f yasa\u011f\u0131n\u0131 bilmeyen binlerce birinci s\u0131n\u0131f ara\u00e7 sahibine biriktirilerek 3-3,5 ay sonra g\u00f6nderilen ceza makbuzlar\u0131 10 binleri, 100 binleri bulunca bu ma\u011fdurlar halk\u0131n avukat\u0131na yani Kamu Denet\u00e7ili\u011fi Kurumuna ba\u015fvurdular. \u00c7\u00fcnk\u00fc inan\u0131yoruz ki devlet vatanda\u015f\u0131na tuzak kurmaz. Devlet, kendisine verilen imkanlar\u0131 kamu d\u00fczeni ve vatanda\u015f\u0131n huzuru, refah\u0131 i\u00e7in kullan\u0131r. Burada devlet, vatanda\u015f\u0131n\u0131 zor duruma d\u00fc\u015f\u00fcrm\u00fc\u015ft\u00fcr. Bu iyi idare kurallar\u0131na ayk\u0131r\u0131d\u0131r. Biz bunun Ba\u011fdat\u2019tan de\u011fil, ilgili kurumlardan d\u00f6nece\u011fi kanaatindeyiz\u201d ifadelerini kulland\u0131.<\/p>\n<p>\u201cArac\u0131n de\u011feri 73 bin 500 lira, 78 bin lira ceza ile kar\u015f\u0131 kar\u015f\u0131ya kal\u0131yorlar\u201d<\/p>\n<p>Uygulaman\u0131n ayn\u0131 zamanda hukuka ayk\u0131r\u0131 oldu\u011funu vurgulayan A\u011fao\u011flu, \u201cKarayollar\u0131nda getirilen yasaklamalar, k\u0131s\u0131tlamalar\u0131n Resmi Gazete\u2019de yay\u0131nlanmas\u0131 \u015fart\u0131 olmas\u0131na ra\u011fmen bu karar Resmi Gazete\u2019de de yay\u0131nlanmam\u0131\u015ft\u0131r. Vatanda\u015flara da tebli\u011f edilmemi\u015ftir. Ara\u00e7 sahiplerine ceza tebli\u011f etmi\u015flerdir. O cezay\u0131 tebli\u011f edeceklerine, \u2018Sizin arac\u0131n\u0131z 15 Temmuz \u015eehitler K\u00f6pr\u00fcs\u00fc\u2019n\u00fc kullanmaktan men edilmi\u015ftir\u2019 diye bildirim yap\u0131lsayd\u0131 bu cezalar olmayacakt\u0131. Arac\u0131n de\u011feri 73 bin 500 lira, 78 bin lira ceza ile kar\u015f\u0131 kar\u015f\u0131ya kal\u0131yorlar. Pek \u00e7ok vatanda\u015f\u0131m\u0131z hakikaten \u00e7ok zor durumda\u201d dedi.<\/p>\n<p>\u201cBu yap\u0131lan adil de\u011fildir, haks\u0131zd\u0131r\u201d<\/p>\n<p>Baz\u0131 \u015firket \u00e7al\u0131\u015fanlar\u0131n\u0131n \u015firket arac\u0131yla bu ihlali yap\u0131p, cezalar \u015firket arac\u0131na geldi\u011fi i\u00e7in i\u015ften \u00e7\u0131kart\u0131ld\u0131\u011f\u0131n\u0131 s\u00f6yleyen Ayd\u0131n A\u011fao\u011flu, \u00e7al\u0131\u015fanlar\u0131n tazminatlar\u0131n\u0131n da bu cezalara say\u0131ld\u0131\u011f\u0131n\u0131 belirtti. Yap\u0131lan d\u00fczenlemenin anayasaya da ayk\u0131r\u0131 oldu\u011funu belirten A\u011fao\u011flu, \u201cBurada anayasan\u0131n cezalar\u0131n \u015fahsili\u011fi ilkesi de ayaklar alt\u0131na al\u0131nm\u0131\u015ft\u0131r. \u00dcstelik birinci s\u0131n\u0131f t\u00fcm ara\u00e7lar\u0131n b\u00fct\u00fcn k\u00f6pr\u00fclerden ge\u00e7ebilece\u011fine dair devletin resmi ajans\u0131 Anadolu Ajans\u0131 a\u00e7\u0131klama yapm\u0131\u015ft\u0131r. Biz Kamu Denet\u00e7ili\u011fi Kurumuna ba\u015fvurduk. Bu yap\u0131lan adil de\u011fildir, haks\u0131zd\u0131r. T\u00fcrkiye\u2019nin de taraf oldu\u011fu Birle\u015fmi\u015f Milletler taraf\u0131ndan da kabul edilmi\u015f evrensel 8 t\u00fcketici hakk\u0131ndan bilgi edinme hakk\u0131 ihlal edilmi\u015ftir. Bu cezalarda ceza ile ilgili ilkelerden cayd\u0131r\u0131c\u0131l\u0131k, hukuki g\u00fcvenlik, \u00f6ng\u00f6r\u00fclebilirlik ve orant\u0131s\u0131zl\u0131kla ilgili sorunlar vard\u0131r\u201d ifadelerini kulland\u0131.<\/p>\n<p>\u201cTelafisi olmayan zararlara yol a\u00e7acak\u201d<\/p>\n<p>\u0130yi idare kurallar\u0131na vurgu yaparak cezalar\u0131 ele\u015ftiren Avukat Aybars Karak\u0131r\u0131k ise, \u201c\u0130dare, kamu d\u00fczenini ama\u00e7lar. Kamu yarar\u0131na i\u015flemler yapar ve vatanda\u015f\u0131n huzuru i\u00e7in hareket eder. Burada pek \u00e7ok insan\u0131n ara\u00e7lar\u0131n\u0131n bedellerinden \u00e7ok daha fazla idari para cezas\u0131yla kar\u015f\u0131 kar\u015f\u0131ya kald\u0131\u011f\u0131n\u0131 g\u00f6r\u00fcyoruz. Bu da telafisi olmayan zararlara yol a\u00e7acak. Bug\u00fcn bu y\u00f6nde yap\u0131lan Kamu Denet\u00e7isi ba\u015fvurusunun sonucunda Kamu Denet\u00e7isinin idareye bir tavsiye niteli\u011finde karar sunarak bu cezalar\u0131n geri al\u0131nmas\u0131 yolunda harekete ge\u00e7mesini \u00f6nerece\u011fini planl\u0131yoruz\u201d \u015feklinde konu\u015ftu.<div class=\"tiled-gallery type-rectangular tiled-gallery-unresized\" data-original-width=\"500\" data-carousel-extra='null' itemscope itemtype=\"http:\/\/schema.org\/ImageGallery\" > <div class=\"gallery-row\" style=\"width: 500px; height: 282px;\" data-original-width=\"500\" data-original-height=\"282\" > <div class=\"gallery-group images-1\" style=\"width: 500px; height: 282px;\" data-original-width=\"500\" data-original-height=\"282\" > <div class=\"tiled-gallery-item tiled-gallery-item-large\" itemprop=\"associatedMedia\" itemscope itemtype=\"http:\/\/schema.org\/ImageObject\"> <a href=\"http:\/\/www.tvturk.com\/index.php\/15-temmuz-sehitler-koprusu-magdurlari-cezalari-protesto-etti\/15-temmuz-sehitler-koprusu-magdurlari-cezalari-protesto-etti-3\/\" border=\"0\" itemprop=\"url\"> <meta itemprop=\"width\" content=\"496\"> <meta itemprop=\"height\" content=\"278\"> <img decoding=\"async\" class=\"\" data-attachment-id=\"142830\" data-orig-file=\"http:\/\/www.tvturk.com\/wp-content\/uploads\/2019\/04\/15-temmuz-sehitler-koprusu-magdurlari-cezalari-protesto-etti_2e41ee7.jpg\" data-orig-size=\"1000,561\" data-comments-opened=\"\" data-image-meta=\"{&quot;aperture&quot;:&quot;0&quot;,&quot;credit&quot;:&quot;IHA&quot;,&quot;camera&quot;:&quot;&quot;,&quot;caption&quot;:&quot;KEND\\u0130LER\\u0130N\\u0130 \\u002215 TEMMUZ \\u015eEH\\u0130TLER K\\u00d6PR\\u00dcS\\u00dc\\u0022 MA\\u011eDURLARI OLARAK DUYURAN VATANDA\\u015eLAR, YED\\u0130KLER\\u0130 CEZALARI PROTESTO ETT\\u0130 (MURAT HOROZ - \\u015eEYDA K\\u00dcBRA AYAZ\\\/\\u0130STANBUL-\\u0130HA)&quot;,&quot;created_timestamp&quot;:&quot;0&quot;,&quot;copyright&quot;:&quot;\\u0130HLAS HABER AJANSI, www.iha.com.tr&quot;,&quot;focal_length&quot;:&quot;0&quot;,&quot;iso&quot;:&quot;0&quot;,&quot;shutter_speed&quot;:&quot;0&quot;,&quot;title&quot;:&quot;15 TEMMUZ \\u015eEH\\u0130TLER K\\u00d6PR\\u00dcS\\u00dc MA\\u011eDURLARI CEZALARI PROTESTO ETT\\u0130&quot;,&quot;orientation&quot;:&quot;0&quot;}\" data-image-title=\"15 Temmuz \u015eehitler K\u00f6pr\u00fcs\u00fc ma\u011fdurlar\u0131 cezalar\u0131 protesto etti\" data-image-description=\"&lt;p&gt;15 Temmuz \u015eehitler K\u00f6pr\u00fcs\u00fc ma\u011fdurlar\u0131 cezalar\u0131 protesto etti&lt;\/p&gt; \" data-medium-file=\"https:\/\/i0.wp.com\/www.tvturk.com\/wp-content\/uploads\/2019\/04\/15-temmuz-sehitler-koprusu-magdurlari-cezalari-protesto-etti_2e41ee7.jpg?fit=300%2C168\" data-large-file=\"https:\/\/i0.wp.com\/www.tvturk.com\/wp-content\/uploads\/2019\/04\/15-temmuz-sehitler-koprusu-magdurlari-cezalari-protesto-etti_2e41ee7.jpg?fit=1000%2C561\" src=\"https:\/\/i0.wp.com\/www.tvturk.com\/wp-content\/uploads\/2019\/04\/15-temmuz-sehitler-koprusu-magdurlari-cezalari-protesto-etti_2e41ee7.jpg?w=496&#038;h=278\" srcset=\"https:\/\/i0.wp.com\/www.tvturk.com\/wp-content\/uploads\/2019\/04\/15-temmuz-sehitler-koprusu-magdurlari-cezalari-protesto-etti_2e41ee7.jpg?w=1000 1000w, https:\/\/i0.wp.com\/www.tvturk.com\/wp-content\/uploads\/2019\/04\/15-temmuz-sehitler-koprusu-magdurlari-cezalari-protesto-etti_2e41ee7.jpg?resize=150%2C84 150w, https:\/\/i0.wp.com\/www.tvturk.com\/wp-content\/uploads\/2019\/04\/15-temmuz-sehitler-koprusu-magdurlari-cezalari-protesto-etti_2e41ee7.jpg?resize=300%2C168 300w, https:\/\/i0.wp.com\/www.tvturk.com\/wp-content\/uploads\/2019\/04\/15-temmuz-sehitler-koprusu-magdurlari-cezalari-protesto-etti_2e41ee7.jpg?resize=768%2C431 768w, https:\/\/i0.wp.com\/www.tvturk.com\/wp-content\/uploads\/2019\/04\/15-temmuz-sehitler-koprusu-magdurlari-cezalari-protesto-etti_2e41ee7.jpg?resize=200%2C113 200w\" width=\"496\" height=\"278\" loading=\"lazy\" data-original-width=\"496\" data-original-height=\"278\" itemprop=\"http:\/\/schema.org\/image\" title=\"15 Temmuz \u015eehitler K\u00f6pr\u00fcs\u00fc ma\u011fdurlar\u0131 cezalar\u0131 protesto etti\" alt=\"15 Temmuz \u015eehitler K\u00f6pr\u00fcs\u00fc ma\u011fdurlar\u0131 cezalar\u0131 protesto etti\" style=\"width: 496px; height: 278px;\" \/> <\/a> <\/div> <\/div> <!-- close group --> <\/div> <!-- close row --> <\/div><\/p>\n","protected":false},"excerpt":{"rendered":"<p>KEND\u0130LER\u0130N\u0130 &#8220;15 TEMMUZ \u015eEH\u0130TLER K\u00d6PR\u00dcS\u00dc&#8221; MA\u011eDURLARI OLARAK DUYURAN VATANDA\u015eLAR, YED\u0130KLER\u0130 CEZALARI PROTESTO ETT\u0130<\/p>\n","protected":false},"author":1,"featured_media":142829,"comment_status":"closed","ping_status":"open","sticky":false,"template":"","format":"standard","meta":{"jetpack_post_was_ever_published":false,"_jetpack_newsletter_access":"","_jetpack_dont_email_post_to_subs":false,"_jetpack_newsletter_tier_id":0,"_jetpack_memberships_contains_paywalled_content":false,"_jetpack_memberships_contains_paid_content":false,"footnotes":"","jetpack_publicize_message":"","jetpack_publicize_feature_enabled":true,"jetpack_social_post_already_shared":true,"jetpack_social_options":{"image_generator_settings":{"template":"highway","default_image_id":0,"font":"","enabled":false},"version":2}},"categories":[1],"tags":[21058,207,2524,10772,831,9214,1148],"class_list":["post-142828","post","type-post","status-publish","format-standard","has-post-thumbnail","hentry","category-genel","tag-cezalari","tag-etti","tag-koprusu","tag-magdurlari","tag-protesto","tag-sehitler","tag-temmuz"],"jetpack_publicize_connections":[],"jetpack_featured_media_url":"https:\/\/i0.wp.com\/www.tvturk.com\/wp-content\/uploads\/2019\/04\/15-temmuz-sehitler-koprusu-magdurlari-cezalari-protesto-etti_408e3af.jpg?fit=1000%2C561","jetpack_sharing_enabled":true,"jetpack_shortlink":"https:\/\/wp.me\/paKIfm-B9G","_links":{"self":[{"href":"http:\/\/www.tvturk.com\/index.php\/wp-json\/wp\/v2\/posts\/142828","targetHints":{"allow":["GET"]}}],"collection":[{"href":"http:\/\/www.tvturk.com\/index.php\/wp-json\/wp\/v2\/posts"}],"about":[{"href":"http:\/\/www.tvturk.com\/index.php\/wp-json\/wp\/v2\/types\/post"}],"author":[{"embeddable":true,"href":"http:\/\/www.tvturk.com\/index.php\/wp-json\/wp\/v2\/users\/1"}],"replies":[{"embeddable":true,"href":"http:\/\/www.tvturk.com\/index.php\/wp-json\/wp\/v2\/comments?post=142828"}],"version-history":[{"count":1,"href":"http:\/\/www.tvturk.com\/index.php\/wp-json\/wp\/v2\/posts\/142828\/revisions"}],"predecessor-version":[{"id":142831,"href":"http:\/\/www.tvturk.com\/index.php\/wp-json\/wp\/v2\/posts\/142828\/revisions\/142831"}],"wp:featuredmedia":[{"embeddable":true,"href":"http:\/\/www.tvturk.com\/index.php\/wp-json\/wp\/v2\/media\/142829"}],"wp:attachment":[{"href":"http:\/\/www.tvturk.com\/index.php\/wp-json\/wp\/v2\/media?parent=142828"}],"wp:term":[{"taxonomy":"category","embeddable":true,"href":"http:\/\/www.tvturk.com\/index.php\/wp-json\/wp\/v2\/categories?post=142828"},{"taxonomy":"post_tag","embeddable":true,"href":"http:\/\/www.tvturk.com\/index.php\/wp-json\/wp\/v2\/tags?post=142828"}],"curies":[{"name":"wp","href":"https:\/\/api.w.org\/{rel}","templated":true}]}}