{"id":142865,"date":"2019-04-19T14:09:15","date_gmt":"2019-04-19T11:09:15","guid":{"rendered":"http:\/\/www.tvturk.com\/index.php\/46-tirdan-olusan-yardim-konvoyu-kilisten-yola-cikti\/"},"modified":"2019-04-19T14:09:20","modified_gmt":"2019-04-19T11:09:20","slug":"46-tirdan-olusan-yardim-konvoyu-kilisten-yola-cikti","status":"publish","type":"post","link":"http:\/\/www.tvturk.com\/index.php\/46-tirdan-olusan-yardim-konvoyu-kilisten-yola-cikti\/","title":{"rendered":"46 t\u0131rdan olu\u015fan yard\u0131m konvoyu Kilis\u2019ten yola \u00e7\u0131kt\u0131"},"content":{"rendered":"<p>\u0130HH \u0130nsani Yard\u0131m Vakf\u0131\u2019n\u0131n Ramazan \u00e7al\u0131\u015fmalar\u0131 kapsam\u0131nda hay\u0131rseverlerin destekleriyle haz\u0131rlanan 77 bin 500 adet kumanya paketi, yurt i\u00e7indeki ihtiya\u00e7 sahiplerine g\u00f6nderilmek \u00fczere Kilis\u2019ten yola \u00e7\u0131kar\u0131ld\u0131.<\/p>\n<p>\u201cRamazan Birlikte G\u00fczel\u201d slogan\u0131yla d\u00fcnyan\u0131n d\u00f6rt bir yan\u0131nda faaliyetlerini s\u00fcrd\u00fcren \u0130HH \u0130nsani Yard\u0131m Vakf\u0131, yurt i\u00e7indeki ihtiya\u00e7 sahiplerini de unutmayarak, kumanya ve g\u0131da da\u011f\u0131t\u0131mlar\u0131 yapacak, ba\u011f\u0131\u015f\u00e7\u0131lar\u0131n zek\u00e2t, sadaka, fitre ve ba\u011f\u0131\u015flar\u0131n\u0131 on binlerce ki\u015fiye ula\u015ft\u0131racak.<\/p>\n<p>\u0130HH \u0130nsani Yard\u0131m Vakf\u0131\u2019n\u0131n Kilis\u2019te bulunan deposunda, hay\u0131rseverlerin ba\u011f\u0131\u015flar\u0131yla al\u0131nan g\u0131da malzemeleri paketlenerek haz\u0131r hale getirildi. Toplamda 46 t\u0131rda y\u00fcklenen 77 bin 500 adet g\u0131da kolisi T\u00fcrkiye\u2019nin 81 ilindeki ihtiya\u00e7 sahibi ailelere ula\u015ft\u0131r\u0131lmak \u00fczere Kilis\u2019ten yola \u00e7\u0131kt\u0131.<\/p>\n<p>81 ilde iftar sofralar\u0131na destek olunacak<\/p>\n<p>Haz\u0131rlanan erzak kolilerinin i\u00e7inde her aileye Ramazan ay\u0131 boyunca yetecek \u015fekilde g\u0131da malzemesi bulunuyor. \u0130\u00e7inde kuru bakliyat, ya\u011f, un, \u015feker, pirin\u00e7, bulgur, tel \u015fehriye, irmik, mercimek, makarna gibi mutfak i\u00e7in gerekli temel malzemeler bulunan kolilerde \u00e7ocuklar i\u00e7in de \u00e7e\u015fitli hediyeler bulunuyor.<\/p>\n<p>Her Ramazan oldu\u011fu gibi bu Ramazan\u2019da da T\u00fcrkiye\u2019de yetim ailelerine destek olunacak, yetimlere e\u011fitim yard\u0131mlar\u0131 yap\u0131lacak, bayraml\u0131k giysiler hediye edilecek, kumanyalar da\u011f\u0131t\u0131lacak, iftar sofralar\u0131 kurulacak ve yetimler i\u00e7in nakdi yard\u0131mlarda bulunulacak. Her biri 120 liraya mal olan 77 bin 500 adet kumanya paketi ihtiya\u00e7 sahiplerine ula\u015ft\u0131r\u0131lacak. G\u0131da yard\u0131mlar\u0131n\u0131n d\u0131\u015f\u0131nda temizlik malzemeleri, elbise, \u00e7ocuklar i\u00e7in \u00e7ikolata, \u015feker, balon oyuncak ve bayraml\u0131k k\u0131yafet da\u011f\u0131t\u0131lacak.<div class=\"tiled-gallery type-rectangular tiled-gallery-unresized\" data-original-width=\"500\" data-carousel-extra='null' itemscope itemtype=\"http:\/\/schema.org\/ImageGallery\" > <div class=\"gallery-row\" style=\"width: 500px; height: 224px;\" data-original-width=\"500\" data-original-height=\"224\" > <div class=\"gallery-group images-1\" style=\"width: 334px; height: 224px;\" data-original-width=\"334\" data-original-height=\"224\" > <div class=\"tiled-gallery-item tiled-gallery-item-large\" itemprop=\"associatedMedia\" itemscope itemtype=\"http:\/\/schema.org\/ImageObject\"> <a href=\"http:\/\/www.tvturk.com\/index.php\/46-tirdan-olusan-yardim-konvoyu-kilisten-yola-cikti\/46-tirdan-olusan-yardim-konvoyu-kilisten-yola-cikti-3\/\" border=\"0\" itemprop=\"url\"> <meta itemprop=\"width\" content=\"330\"> <meta itemprop=\"height\" content=\"220\"> <img decoding=\"async\" class=\"\" data-attachment-id=\"142867\" data-orig-file=\"http:\/\/www.tvturk.com\/wp-content\/uploads\/2019\/04\/46-tirdan-olusan-yardim-konvoyu-kilisten-yola-cikti_8bc5af6.jpg\" data-orig-size=\"1000,666\" data-comments-opened=\"\" data-image-meta=\"{&quot;aperture&quot;:&quot;0&quot;,&quot;credit&quot;:&quot;IHA&quot;,&quot;camera&quot;:&quot;&quot;,&quot;caption&quot;:&quot;\\u0130HH \\u0130NSAN\\u0130 YARDIM VAKFI\\u2019NIN RAMAZAN 2019 \\u00c7ALI\\u015eMALARI KAPSAMINDA HAYIRSEVERLER\\u0130N DESTEKLER\\u0130YLE HAZIRLANAN 77 B\\u0130N 500 ADET KUMANYA PAKET\\u0130, YURT \\u0130\\u00c7\\u0130NDEK\\u0130 \\u0130HT\\u0130YA\\u00c7 SAH\\u0130PLER\\u0130NE G\\u00d6NDER\\u0130LMEK \\u00dcZERE YOLA \\u00c7IKTI. (MEHMET AL\\u0130 DA\\u011e\\\/K\\u0130L\\u0130S-\\u0130HA)&quot;,&quot;created_timestamp&quot;:&quot;0&quot;,&quot;copyright&quot;:&quot;\\u0130HLAS HABER AJANSI, www.iha.com.tr&quot;,&quot;focal_length&quot;:&quot;0&quot;,&quot;iso&quot;:&quot;0&quot;,&quot;shutter_speed&quot;:&quot;0&quot;,&quot;title&quot;:&quot;46 TIRDAN OLU\\u015eAN YARDIM KONVOYU K\\u0130L\\u0130S\\u0027TEN YOLA \\u00c7IKTI 77 B\\u0130N 500 KUMANYA PAKET\\u0130 YURDUN D\\u00d6RT B\\u0130R YANINDA \\u0130HT\\u0130YA\\u00c7 SAH\\u0130PLER\\u0130NE DA\\u011eITILACAK&quot;,&quot;orientation&quot;:&quot;0&quot;}\" data-image-title=\"46 t\u0131rdan olu\u015fan yard\u0131m konvoyu Kilis\u2019ten yola \u00e7\u0131kt\u0131\" data-image-description=\"&lt;p&gt;46 t\u0131rdan olu\u015fan yard\u0131m konvoyu Kilis\u2019ten yola \u00e7\u0131kt\u0131&lt;\/p&gt; \" data-medium-file=\"https:\/\/i0.wp.com\/www.tvturk.com\/wp-content\/uploads\/2019\/04\/46-tirdan-olusan-yardim-konvoyu-kilisten-yola-cikti_8bc5af6.jpg?fit=300%2C200\" data-large-file=\"https:\/\/i0.wp.com\/www.tvturk.com\/wp-content\/uploads\/2019\/04\/46-tirdan-olusan-yardim-konvoyu-kilisten-yola-cikti_8bc5af6.jpg?fit=1000%2C666\" src=\"https:\/\/i0.wp.com\/www.tvturk.com\/wp-content\/uploads\/2019\/04\/46-tirdan-olusan-yardim-konvoyu-kilisten-yola-cikti_8bc5af6.jpg?w=330&#038;h=220\" srcset=\"https:\/\/i0.wp.com\/www.tvturk.com\/wp-content\/uploads\/2019\/04\/46-tirdan-olusan-yardim-konvoyu-kilisten-yola-cikti_8bc5af6.jpg?w=1000 1000w, https:\/\/i0.wp.com\/www.tvturk.com\/wp-content\/uploads\/2019\/04\/46-tirdan-olusan-yardim-konvoyu-kilisten-yola-cikti_8bc5af6.jpg?resize=150%2C100 150w, https:\/\/i0.wp.com\/www.tvturk.com\/wp-content\/uploads\/2019\/04\/46-tirdan-olusan-yardim-konvoyu-kilisten-yola-cikti_8bc5af6.jpg?resize=300%2C200 300w, https:\/\/i0.wp.com\/www.tvturk.com\/wp-content\/uploads\/2019\/04\/46-tirdan-olusan-yardim-konvoyu-kilisten-yola-cikti_8bc5af6.jpg?resize=768%2C511 768w, https:\/\/i0.wp.com\/www.tvturk.com\/wp-content\/uploads\/2019\/04\/46-tirdan-olusan-yardim-konvoyu-kilisten-yola-cikti_8bc5af6.jpg?resize=170%2C113 170w, https:\/\/i0.wp.com\/www.tvturk.com\/wp-content\/uploads\/2019\/04\/46-tirdan-olusan-yardim-konvoyu-kilisten-yola-cikti_8bc5af6.jpg?resize=120%2C80 120w\" width=\"330\" height=\"220\" loading=\"lazy\" data-original-width=\"330\" data-original-height=\"220\" itemprop=\"http:\/\/schema.org\/image\" title=\"46 t\u0131rdan olu\u015fan yard\u0131m konvoyu Kilis\u2019ten yola \u00e7\u0131kt\u0131\" alt=\"46 t\u0131rdan olu\u015fan yard\u0131m konvoyu Kilis\u2019ten yola \u00e7\u0131kt\u0131\" style=\"width: 330px; height: 220px;\" \/> <\/a> <\/div> <\/div> <!-- close group --> <div class=\"gallery-group images-2\" style=\"width: 166px; height: 224px;\" data-original-width=\"166\" data-original-height=\"224\" > <div class=\"tiled-gallery-item tiled-gallery-item-small\" itemprop=\"associatedMedia\" itemscope itemtype=\"http:\/\/schema.org\/ImageObject\"> <a href=\"http:\/\/www.tvturk.com\/index.php\/46-tirdan-olusan-yardim-konvoyu-kilisten-yola-cikti\/46-tirdan-olusan-yardim-konvoyu-kilisten-yola-cikti-4\/\" border=\"0\" itemprop=\"url\"> <meta itemprop=\"width\" content=\"162\"> <meta itemprop=\"height\" content=\"108\"> <img decoding=\"async\" class=\"\" data-attachment-id=\"142868\" data-orig-file=\"http:\/\/www.tvturk.com\/wp-content\/uploads\/2019\/04\/46-tirdan-olusan-yardim-konvoyu-kilisten-yola-cikti_5f89a81.jpg\" data-orig-size=\"1000,666\" data-comments-opened=\"\" data-image-meta=\"{&quot;aperture&quot;:&quot;0&quot;,&quot;credit&quot;:&quot;IHA&quot;,&quot;camera&quot;:&quot;&quot;,&quot;caption&quot;:&quot;\\u0130HH \\u0130NSAN\\u0130 YARDIM VAKFI\\u2019NIN RAMAZAN 2019 \\u00c7ALI\\u015eMALARI KAPSAMINDA HAYIRSEVERLER\\u0130N DESTEKLER\\u0130YLE HAZIRLANAN 77 B\\u0130N 500 ADET KUMANYA PAKET\\u0130, YURT \\u0130\\u00c7\\u0130NDEK\\u0130 \\u0130HT\\u0130YA\\u00c7 SAH\\u0130PLER\\u0130NE G\\u00d6NDER\\u0130LMEK \\u00dcZERE YOLA \\u00c7IKTI. (MEHMET AL\\u0130 DA\\u011e\\\/K\\u0130L\\u0130S-\\u0130HA)&quot;,&quot;created_timestamp&quot;:&quot;0&quot;,&quot;copyright&quot;:&quot;\\u0130HLAS HABER AJANSI, www.iha.com.tr&quot;,&quot;focal_length&quot;:&quot;0&quot;,&quot;iso&quot;:&quot;0&quot;,&quot;shutter_speed&quot;:&quot;0&quot;,&quot;title&quot;:&quot;46 TIRDAN OLU\\u015eAN YARDIM KONVOYU K\\u0130L\\u0130S\\u0027TEN YOLA \\u00c7IKTI 77 B\\u0130N 500 KUMANYA PAKET\\u0130 YURDUN D\\u00d6RT B\\u0130R YANINDA \\u0130HT\\u0130YA\\u00c7 SAH\\u0130PLER\\u0130NE DA\\u011eITILACAK&quot;,&quot;orientation&quot;:&quot;0&quot;}\" data-image-title=\"46 t\u0131rdan olu\u015fan yard\u0131m konvoyu Kilis\u2019ten yola \u00e7\u0131kt\u0131\" data-image-description=\"&lt;p&gt;46 t\u0131rdan olu\u015fan yard\u0131m konvoyu Kilis\u2019ten yola \u00e7\u0131kt\u0131&lt;\/p&gt; \" data-medium-file=\"https:\/\/i0.wp.com\/www.tvturk.com\/wp-content\/uploads\/2019\/04\/46-tirdan-olusan-yardim-konvoyu-kilisten-yola-cikti_5f89a81.jpg?fit=300%2C200\" data-large-file=\"https:\/\/i0.wp.com\/www.tvturk.com\/wp-content\/uploads\/2019\/04\/46-tirdan-olusan-yardim-konvoyu-kilisten-yola-cikti_5f89a81.jpg?fit=1000%2C666\" src=\"https:\/\/i0.wp.com\/www.tvturk.com\/wp-content\/uploads\/2019\/04\/46-tirdan-olusan-yardim-konvoyu-kilisten-yola-cikti_5f89a81.jpg?w=162&#038;h=108\" srcset=\"https:\/\/i0.wp.com\/www.tvturk.com\/wp-content\/uploads\/2019\/04\/46-tirdan-olusan-yardim-konvoyu-kilisten-yola-cikti_5f89a81.jpg?w=1000 1000w, https:\/\/i0.wp.com\/www.tvturk.com\/wp-content\/uploads\/2019\/04\/46-tirdan-olusan-yardim-konvoyu-kilisten-yola-cikti_5f89a81.jpg?resize=150%2C100 150w, https:\/\/i0.wp.com\/www.tvturk.com\/wp-content\/uploads\/2019\/04\/46-tirdan-olusan-yardim-konvoyu-kilisten-yola-cikti_5f89a81.jpg?resize=300%2C200 300w, https:\/\/i0.wp.com\/www.tvturk.com\/wp-content\/uploads\/2019\/04\/46-tirdan-olusan-yardim-konvoyu-kilisten-yola-cikti_5f89a81.jpg?resize=768%2C511 768w, https:\/\/i0.wp.com\/www.tvturk.com\/wp-content\/uploads\/2019\/04\/46-tirdan-olusan-yardim-konvoyu-kilisten-yola-cikti_5f89a81.jpg?resize=170%2C113 170w, https:\/\/i0.wp.com\/www.tvturk.com\/wp-content\/uploads\/2019\/04\/46-tirdan-olusan-yardim-konvoyu-kilisten-yola-cikti_5f89a81.jpg?resize=120%2C80 120w\" width=\"162\" height=\"108\" loading=\"lazy\" data-original-width=\"162\" data-original-height=\"108\" itemprop=\"http:\/\/schema.org\/image\" title=\"46 t\u0131rdan olu\u015fan yard\u0131m konvoyu Kilis\u2019ten yola \u00e7\u0131kt\u0131\" alt=\"46 t\u0131rdan olu\u015fan yard\u0131m konvoyu Kilis\u2019ten yola \u00e7\u0131kt\u0131\" style=\"width: 162px; height: 108px;\" \/> <\/a> <\/div> <div class=\"tiled-gallery-item tiled-gallery-item-small\" itemprop=\"associatedMedia\" itemscope itemtype=\"http:\/\/schema.org\/ImageObject\"> <a href=\"http:\/\/www.tvturk.com\/index.php\/46-tirdan-olusan-yardim-konvoyu-kilisten-yola-cikti\/46-tirdan-olusan-yardim-konvoyu-kilisten-yola-cikti-5\/\" border=\"0\" itemprop=\"url\"> <meta itemprop=\"width\" content=\"162\"> <meta itemprop=\"height\" content=\"108\"> <img decoding=\"async\" class=\"\" data-attachment-id=\"142869\" data-orig-file=\"http:\/\/www.tvturk.com\/wp-content\/uploads\/2019\/04\/46-tirdan-olusan-yardim-konvoyu-kilisten-yola-cikti_398643c.jpg\" data-orig-size=\"1000,666\" data-comments-opened=\"\" data-image-meta=\"{&quot;aperture&quot;:&quot;0&quot;,&quot;credit&quot;:&quot;IHA&quot;,&quot;camera&quot;:&quot;&quot;,&quot;caption&quot;:&quot;\\u0130HH \\u0130NSAN\\u0130 YARDIM VAKFI\\u2019NIN RAMAZAN 2019 \\u00c7ALI\\u015eMALARI KAPSAMINDA HAYIRSEVERLER\\u0130N DESTEKLER\\u0130YLE HAZIRLANAN 77 B\\u0130N 500 ADET KUMANYA PAKET\\u0130, YURT \\u0130\\u00c7\\u0130NDEK\\u0130 \\u0130HT\\u0130YA\\u00c7 SAH\\u0130PLER\\u0130NE G\\u00d6NDER\\u0130LMEK \\u00dcZERE YOLA \\u00c7IKTI. (MEHMET AL\\u0130 DA\\u011e\\\/K\\u0130L\\u0130S-\\u0130HA)&quot;,&quot;created_timestamp&quot;:&quot;0&quot;,&quot;copyright&quot;:&quot;\\u0130HLAS HABER AJANSI, www.iha.com.tr&quot;,&quot;focal_length&quot;:&quot;0&quot;,&quot;iso&quot;:&quot;0&quot;,&quot;shutter_speed&quot;:&quot;0&quot;,&quot;title&quot;:&quot;46 TIRDAN OLU\\u015eAN YARDIM KONVOYU K\\u0130L\\u0130S\\u0027TEN YOLA \\u00c7IKTI 77 B\\u0130N 500 KUMANYA PAKET\\u0130 YURDUN D\\u00d6RT B\\u0130R YANINDA \\u0130HT\\u0130YA\\u00c7 SAH\\u0130PLER\\u0130NE DA\\u011eITILACAK&quot;,&quot;orientation&quot;:&quot;0&quot;}\" data-image-title=\"46 t\u0131rdan olu\u015fan yard\u0131m konvoyu Kilis\u2019ten yola \u00e7\u0131kt\u0131\" data-image-description=\"&lt;p&gt;46 t\u0131rdan olu\u015fan yard\u0131m konvoyu Kilis\u2019ten yola \u00e7\u0131kt\u0131&lt;\/p&gt; \" data-medium-file=\"https:\/\/i0.wp.com\/www.tvturk.com\/wp-content\/uploads\/2019\/04\/46-tirdan-olusan-yardim-konvoyu-kilisten-yola-cikti_398643c.jpg?fit=300%2C200\" data-large-file=\"https:\/\/i0.wp.com\/www.tvturk.com\/wp-content\/uploads\/2019\/04\/46-tirdan-olusan-yardim-konvoyu-kilisten-yola-cikti_398643c.jpg?fit=1000%2C666\" src=\"https:\/\/i0.wp.com\/www.tvturk.com\/wp-content\/uploads\/2019\/04\/46-tirdan-olusan-yardim-konvoyu-kilisten-yola-cikti_398643c.jpg?w=162&#038;h=108\" srcset=\"https:\/\/i0.wp.com\/www.tvturk.com\/wp-content\/uploads\/2019\/04\/46-tirdan-olusan-yardim-konvoyu-kilisten-yola-cikti_398643c.jpg?w=1000 1000w, https:\/\/i0.wp.com\/www.tvturk.com\/wp-content\/uploads\/2019\/04\/46-tirdan-olusan-yardim-konvoyu-kilisten-yola-cikti_398643c.jpg?resize=150%2C100 150w, https:\/\/i0.wp.com\/www.tvturk.com\/wp-content\/uploads\/2019\/04\/46-tirdan-olusan-yardim-konvoyu-kilisten-yola-cikti_398643c.jpg?resize=300%2C200 300w, https:\/\/i0.wp.com\/www.tvturk.com\/wp-content\/uploads\/2019\/04\/46-tirdan-olusan-yardim-konvoyu-kilisten-yola-cikti_398643c.jpg?resize=768%2C511 768w, https:\/\/i0.wp.com\/www.tvturk.com\/wp-content\/uploads\/2019\/04\/46-tirdan-olusan-yardim-konvoyu-kilisten-yola-cikti_398643c.jpg?resize=170%2C113 170w, https:\/\/i0.wp.com\/www.tvturk.com\/wp-content\/uploads\/2019\/04\/46-tirdan-olusan-yardim-konvoyu-kilisten-yola-cikti_398643c.jpg?resize=120%2C80 120w\" width=\"162\" height=\"108\" loading=\"lazy\" data-original-width=\"162\" data-original-height=\"108\" itemprop=\"http:\/\/schema.org\/image\" title=\"46 t\u0131rdan olu\u015fan yard\u0131m konvoyu Kilis\u2019ten yola \u00e7\u0131kt\u0131\" alt=\"46 t\u0131rdan olu\u015fan yard\u0131m konvoyu Kilis\u2019ten yola \u00e7\u0131kt\u0131\" style=\"width: 162px; height: 108px;\" \/> <\/a> <\/div> <\/div> <!-- close group --> <\/div> <!-- close row --> <div class=\"gallery-row\" style=\"width: 500px; height: 168px;\" data-original-width=\"500\" data-original-height=\"168\" > <div class=\"gallery-group images-1\" style=\"width: 250px; height: 168px;\" data-original-width=\"250\" data-original-height=\"168\" > <div class=\"tiled-gallery-item tiled-gallery-item-small\" itemprop=\"associatedMedia\" itemscope itemtype=\"http:\/\/schema.org\/ImageObject\"> <a href=\"http:\/\/www.tvturk.com\/index.php\/46-tirdan-olusan-yardim-konvoyu-kilisten-yola-cikti\/46-tirdan-olusan-yardim-konvoyu-kilisten-yola-cikti-6\/\" border=\"0\" itemprop=\"url\"> <meta itemprop=\"width\" content=\"246\"> <meta itemprop=\"height\" content=\"164\"> <img decoding=\"async\" class=\"\" data-attachment-id=\"142870\" data-orig-file=\"http:\/\/www.tvturk.com\/wp-content\/uploads\/2019\/04\/46-tirdan-olusan-yardim-konvoyu-kilisten-yola-cikti_00279ee.jpg\" data-orig-size=\"1000,666\" data-comments-opened=\"\" data-image-meta=\"{&quot;aperture&quot;:&quot;0&quot;,&quot;credit&quot;:&quot;IHA&quot;,&quot;camera&quot;:&quot;&quot;,&quot;caption&quot;:&quot;\\u0130HH \\u0130NSAN\\u0130 YARDIM VAKFI\\u2019NIN RAMAZAN 2019 \\u00c7ALI\\u015eMALARI KAPSAMINDA HAYIRSEVERLER\\u0130N DESTEKLER\\u0130YLE HAZIRLANAN 77 B\\u0130N 500 ADET KUMANYA PAKET\\u0130, YURT \\u0130\\u00c7\\u0130NDEK\\u0130 \\u0130HT\\u0130YA\\u00c7 SAH\\u0130PLER\\u0130NE G\\u00d6NDER\\u0130LMEK \\u00dcZERE YOLA \\u00c7IKTI. (MEHMET AL\\u0130 DA\\u011e\\\/K\\u0130L\\u0130S-\\u0130HA)&quot;,&quot;created_timestamp&quot;:&quot;0&quot;,&quot;copyright&quot;:&quot;\\u0130HLAS HABER AJANSI, www.iha.com.tr&quot;,&quot;focal_length&quot;:&quot;0&quot;,&quot;iso&quot;:&quot;0&quot;,&quot;shutter_speed&quot;:&quot;0&quot;,&quot;title&quot;:&quot;46 TIRDAN OLU\\u015eAN YARDIM KONVOYU K\\u0130L\\u0130S\\u0027TEN YOLA \\u00c7IKTI 77 B\\u0130N 500 KUMANYA PAKET\\u0130 YURDUN D\\u00d6RT B\\u0130R YANINDA \\u0130HT\\u0130YA\\u00c7 SAH\\u0130PLER\\u0130NE DA\\u011eITILACAK&quot;,&quot;orientation&quot;:&quot;0&quot;}\" data-image-title=\"46 t\u0131rdan olu\u015fan yard\u0131m konvoyu Kilis\u2019ten yola \u00e7\u0131kt\u0131\" data-image-description=\"&lt;p&gt;46 t\u0131rdan olu\u015fan yard\u0131m konvoyu Kilis\u2019ten yola \u00e7\u0131kt\u0131&lt;\/p&gt; \" data-medium-file=\"https:\/\/i0.wp.com\/www.tvturk.com\/wp-content\/uploads\/2019\/04\/46-tirdan-olusan-yardim-konvoyu-kilisten-yola-cikti_00279ee.jpg?fit=300%2C200\" data-large-file=\"https:\/\/i0.wp.com\/www.tvturk.com\/wp-content\/uploads\/2019\/04\/46-tirdan-olusan-yardim-konvoyu-kilisten-yola-cikti_00279ee.jpg?fit=1000%2C666\" src=\"https:\/\/i0.wp.com\/www.tvturk.com\/wp-content\/uploads\/2019\/04\/46-tirdan-olusan-yardim-konvoyu-kilisten-yola-cikti_00279ee.jpg?w=246&#038;h=164\" srcset=\"https:\/\/i0.wp.com\/www.tvturk.com\/wp-content\/uploads\/2019\/04\/46-tirdan-olusan-yardim-konvoyu-kilisten-yola-cikti_00279ee.jpg?w=1000 1000w, https:\/\/i0.wp.com\/www.tvturk.com\/wp-content\/uploads\/2019\/04\/46-tirdan-olusan-yardim-konvoyu-kilisten-yola-cikti_00279ee.jpg?resize=150%2C100 150w, https:\/\/i0.wp.com\/www.tvturk.com\/wp-content\/uploads\/2019\/04\/46-tirdan-olusan-yardim-konvoyu-kilisten-yola-cikti_00279ee.jpg?resize=300%2C200 300w, https:\/\/i0.wp.com\/www.tvturk.com\/wp-content\/uploads\/2019\/04\/46-tirdan-olusan-yardim-konvoyu-kilisten-yola-cikti_00279ee.jpg?resize=768%2C511 768w, https:\/\/i0.wp.com\/www.tvturk.com\/wp-content\/uploads\/2019\/04\/46-tirdan-olusan-yardim-konvoyu-kilisten-yola-cikti_00279ee.jpg?resize=170%2C113 170w, https:\/\/i0.wp.com\/www.tvturk.com\/wp-content\/uploads\/2019\/04\/46-tirdan-olusan-yardim-konvoyu-kilisten-yola-cikti_00279ee.jpg?resize=120%2C80 120w\" width=\"246\" height=\"164\" loading=\"lazy\" data-original-width=\"246\" data-original-height=\"164\" itemprop=\"http:\/\/schema.org\/image\" title=\"46 t\u0131rdan olu\u015fan yard\u0131m konvoyu Kilis\u2019ten yola \u00e7\u0131kt\u0131\" alt=\"46 t\u0131rdan olu\u015fan yard\u0131m konvoyu Kilis\u2019ten yola \u00e7\u0131kt\u0131\" style=\"width: 246px; height: 164px;\" \/> <\/a> <\/div> <\/div> <!-- close group --> <div class=\"gallery-group images-1\" style=\"width: 250px; height: 168px;\" data-original-width=\"250\" data-original-height=\"168\" > <div class=\"tiled-gallery-item tiled-gallery-item-small\" itemprop=\"associatedMedia\" itemscope itemtype=\"http:\/\/schema.org\/ImageObject\"> <a href=\"http:\/\/www.tvturk.com\/index.php\/46-tirdan-olusan-yardim-konvoyu-kilisten-yola-cikti\/46-tirdan-olusan-yardim-konvoyu-kilisten-yola-cikti-7\/\" border=\"0\" itemprop=\"url\"> <meta itemprop=\"width\" content=\"246\"> <meta itemprop=\"height\" content=\"164\"> <img decoding=\"async\" class=\"\" data-attachment-id=\"142871\" data-orig-file=\"http:\/\/www.tvturk.com\/wp-content\/uploads\/2019\/04\/46-tirdan-olusan-yardim-konvoyu-kilisten-yola-cikti_df2ec9b.jpg\" data-orig-size=\"1000,666\" data-comments-opened=\"\" data-image-meta=\"{&quot;aperture&quot;:&quot;0&quot;,&quot;credit&quot;:&quot;IHA&quot;,&quot;camera&quot;:&quot;&quot;,&quot;caption&quot;:&quot;\\u0130HH \\u0130NSAN\\u0130 YARDIM VAKFI\\u2019NIN RAMAZAN 2019 \\u00c7ALI\\u015eMALARI KAPSAMINDA HAYIRSEVERLER\\u0130N DESTEKLER\\u0130YLE HAZIRLANAN 77 B\\u0130N 500 ADET KUMANYA PAKET\\u0130, YURT \\u0130\\u00c7\\u0130NDEK\\u0130 \\u0130HT\\u0130YA\\u00c7 SAH\\u0130PLER\\u0130NE G\\u00d6NDER\\u0130LMEK \\u00dcZERE YOLA \\u00c7IKTI. (MEHMET AL\\u0130 DA\\u011e\\\/K\\u0130L\\u0130S-\\u0130HA)&quot;,&quot;created_timestamp&quot;:&quot;0&quot;,&quot;copyright&quot;:&quot;\\u0130HLAS HABER AJANSI, www.iha.com.tr&quot;,&quot;focal_length&quot;:&quot;0&quot;,&quot;iso&quot;:&quot;0&quot;,&quot;shutter_speed&quot;:&quot;0&quot;,&quot;title&quot;:&quot;46 TIRDAN OLU\\u015eAN YARDIM KONVOYU K\\u0130L\\u0130S\\u0027TEN YOLA \\u00c7IKTI 77 B\\u0130N 500 KUMANYA PAKET\\u0130 YURDUN D\\u00d6RT B\\u0130R YANINDA \\u0130HT\\u0130YA\\u00c7 SAH\\u0130PLER\\u0130NE DA\\u011eITILACAK&quot;,&quot;orientation&quot;:&quot;0&quot;}\" data-image-title=\"46 t\u0131rdan olu\u015fan yard\u0131m konvoyu Kilis\u2019ten yola \u00e7\u0131kt\u0131\" data-image-description=\"&lt;p&gt;46 t\u0131rdan olu\u015fan yard\u0131m konvoyu Kilis\u2019ten yola \u00e7\u0131kt\u0131&lt;\/p&gt; \" data-medium-file=\"https:\/\/i0.wp.com\/www.tvturk.com\/wp-content\/uploads\/2019\/04\/46-tirdan-olusan-yardim-konvoyu-kilisten-yola-cikti_df2ec9b.jpg?fit=300%2C200\" data-large-file=\"https:\/\/i0.wp.com\/www.tvturk.com\/wp-content\/uploads\/2019\/04\/46-tirdan-olusan-yardim-konvoyu-kilisten-yola-cikti_df2ec9b.jpg?fit=1000%2C666\" src=\"https:\/\/i0.wp.com\/www.tvturk.com\/wp-content\/uploads\/2019\/04\/46-tirdan-olusan-yardim-konvoyu-kilisten-yola-cikti_df2ec9b.jpg?w=246&#038;h=164\" srcset=\"https:\/\/i0.wp.com\/www.tvturk.com\/wp-content\/uploads\/2019\/04\/46-tirdan-olusan-yardim-konvoyu-kilisten-yola-cikti_df2ec9b.jpg?w=1000 1000w, https:\/\/i0.wp.com\/www.tvturk.com\/wp-content\/uploads\/2019\/04\/46-tirdan-olusan-yardim-konvoyu-kilisten-yola-cikti_df2ec9b.jpg?resize=150%2C100 150w, https:\/\/i0.wp.com\/www.tvturk.com\/wp-content\/uploads\/2019\/04\/46-tirdan-olusan-yardim-konvoyu-kilisten-yola-cikti_df2ec9b.jpg?resize=300%2C200 300w, https:\/\/i0.wp.com\/www.tvturk.com\/wp-content\/uploads\/2019\/04\/46-tirdan-olusan-yardim-konvoyu-kilisten-yola-cikti_df2ec9b.jpg?resize=768%2C511 768w, https:\/\/i0.wp.com\/www.tvturk.com\/wp-content\/uploads\/2019\/04\/46-tirdan-olusan-yardim-konvoyu-kilisten-yola-cikti_df2ec9b.jpg?resize=170%2C113 170w, https:\/\/i0.wp.com\/www.tvturk.com\/wp-content\/uploads\/2019\/04\/46-tirdan-olusan-yardim-konvoyu-kilisten-yola-cikti_df2ec9b.jpg?resize=120%2C80 120w\" width=\"246\" height=\"164\" loading=\"lazy\" data-original-width=\"246\" data-original-height=\"164\" itemprop=\"http:\/\/schema.org\/image\" title=\"46 t\u0131rdan olu\u015fan yard\u0131m konvoyu Kilis\u2019ten yola \u00e7\u0131kt\u0131\" alt=\"46 t\u0131rdan olu\u015fan yard\u0131m konvoyu Kilis\u2019ten yola \u00e7\u0131kt\u0131\" style=\"width: 246px; height: 164px;\" \/> <\/a> <\/div> <\/div> <!-- close group --> <\/div> <!-- close row --> <\/div><\/p>\n","protected":false},"excerpt":{"rendered":"<p>\u0130HH \u0130NSAN\u0130 YARDIM VAKFI\u2019NIN RAMAZAN 2019 \u00c7ALI\u015eMALARI KAPSAMINDA HAYIRSEVERLER\u0130N DESTEKLER\u0130YLE HAZIRLANAN 77 B\u0130N 500 ADET KUMANYA PAKET\u0130, YURT \u0130\u00c7\u0130NDEK\u0130 \u0130HT\u0130YA\u00c7 SAH\u0130PLER\u0130NE G\u00d6NDER\u0130LMEK \u00dcZERE YOLA \u00c7IKTI.<\/p>\n","protected":false},"author":1,"featured_media":142866,"comment_status":"closed","ping_status":"open","sticky":false,"template":"","format":"standard","meta":{"jetpack_post_was_ever_published":false,"_jetpack_newsletter_access":"","_jetpack_dont_email_post_to_subs":false,"_jetpack_newsletter_tier_id":0,"_jetpack_memberships_contains_paywalled_content":false,"_jetpack_memberships_contains_paid_content":false,"footnotes":"","jetpack_publicize_message":"","jetpack_publicize_feature_enabled":true,"jetpack_social_post_already_shared":true,"jetpack_social_options":{"image_generator_settings":{"template":"highway","default_image_id":0,"font":"","enabled":false},"version":2}},"categories":[1],"tags":[1202,32141,15053,17373,14465,1736,1535],"class_list":["post-142865","post","type-post","status-publish","format-standard","has-post-thumbnail","hentry","category-genel","tag-cikti","tag-kilisten","tag-konvoyu","tag-olusan","tag-tirdan","tag-yardim","tag-yola"],"jetpack_publicize_connections":[],"jetpack_featured_media_url":"https:\/\/i0.wp.com\/www.tvturk.com\/wp-content\/uploads\/2019\/04\/46-tirdan-olusan-yardim-konvoyu-kilisten-yola-cikti_e69969d.jpg?fit=1000%2C666","jetpack_sharing_enabled":true,"jetpack_shortlink":"https:\/\/wp.me\/paKIfm-Bah","_links":{"self":[{"href":"http:\/\/www.tvturk.com\/index.php\/wp-json\/wp\/v2\/posts\/142865","targetHints":{"allow":["GET"]}}],"collection":[{"href":"http:\/\/www.tvturk.com\/index.php\/wp-json\/wp\/v2\/posts"}],"about":[{"href":"http:\/\/www.tvturk.com\/index.php\/wp-json\/wp\/v2\/types\/post"}],"author":[{"embeddable":true,"href":"http:\/\/www.tvturk.com\/index.php\/wp-json\/wp\/v2\/users\/1"}],"replies":[{"embeddable":true,"href":"http:\/\/www.tvturk.com\/index.php\/wp-json\/wp\/v2\/comments?post=142865"}],"version-history":[{"count":1,"href":"http:\/\/www.tvturk.com\/index.php\/wp-json\/wp\/v2\/posts\/142865\/revisions"}],"predecessor-version":[{"id":142872,"href":"http:\/\/www.tvturk.com\/index.php\/wp-json\/wp\/v2\/posts\/142865\/revisions\/142872"}],"wp:featuredmedia":[{"embeddable":true,"href":"http:\/\/www.tvturk.com\/index.php\/wp-json\/wp\/v2\/media\/142866"}],"wp:attachment":[{"href":"http:\/\/www.tvturk.com\/index.php\/wp-json\/wp\/v2\/media?parent=142865"}],"wp:term":[{"taxonomy":"category","embeddable":true,"href":"http:\/\/www.tvturk.com\/index.php\/wp-json\/wp\/v2\/categories?post=142865"},{"taxonomy":"post_tag","embeddable":true,"href":"http:\/\/www.tvturk.com\/index.php\/wp-json\/wp\/v2\/tags?post=142865"}],"curies":[{"name":"wp","href":"https:\/\/api.w.org\/{rel}","templated":true}]}}