{"id":142873,"date":"2019-04-19T14:15:22","date_gmt":"2019-04-19T11:15:22","guid":{"rendered":"http:\/\/www.tvturk.com\/index.php\/kayaliklardan-dusen-dag-kecisi-tedavi-altina-alindi\/"},"modified":"2019-04-19T14:15:26","modified_gmt":"2019-04-19T11:15:26","slug":"kayaliklardan-dusen-dag-kecisi-tedavi-altina-alindi","status":"publish","type":"post","link":"http:\/\/www.tvturk.com\/index.php\/kayaliklardan-dusen-dag-kecisi-tedavi-altina-alindi\/","title":{"rendered":"Kayal\u0131klardan d\u00fc\u015fen da\u011f ke\u00e7isi tedavi alt\u0131na al\u0131nd\u0131"},"content":{"rendered":"<p>Tunceli\u2019de kayal\u0131klardan d\u00fc\u015ft\u00fc\u011f\u00fc i\u00e7in baca\u011f\u0131nda doku zedelenmesi olu\u015fan da\u011f ke\u00e7isi tedavi alt\u0131na al\u0131nd\u0131.<\/p>\n<p>Munzur Vadisi Milli Park\u0131\u2019nda kayal\u0131klardan d\u00fc\u015fen da\u011f ke\u00e7isinin sol arka baca\u011f\u0131nda doku zedelenmesi olu\u015ftu. Da\u011f ke\u00e7isini fark edenlerin haber vermesi ile Do\u011fa Koruma ve Milli Parklar Tunceli \u015eubesi ekipleri b\u00f6lgeye gitti. B\u00f6lgeden ekipler taraf\u0131ndan al\u0131nan 1 ya\u015f\u0131ndaki erkek da\u011f ke\u00e7isi tedavi alt\u0131na al\u0131nd\u0131.<\/p>\n<p>Da\u011f ke\u00e7isinin tedavisini ger\u00e7ekle\u015ftiren Veteriner Hekim Baran Kar, ke\u00e7inin kayadan d\u00fc\u015fmesi sonucu sol arka baca\u011f\u0131nda doku zedelenmesi oldu\u011funu aktard\u0131. Hayvanda k\u0131r\u0131k \u00e7\u0131k\u0131k olmad\u0131\u011f\u0131n\u0131 belirten Kar, &#8220;Gerekli tedaviyi yapt\u0131k. Be\u015f g\u00fcn boyunca tedavi edece\u011fiz. Sonra genel durumunu de\u011ferlendirip yeniden do\u011fal ortam\u0131na b\u0131rakaca\u011f\u0131z&#8221; dedi.<div class=\"tiled-gallery type-rectangular tiled-gallery-unresized\" data-original-width=\"500\" data-carousel-extra='null' itemscope itemtype=\"http:\/\/schema.org\/ImageGallery\" > <div class=\"gallery-row\" style=\"width: 500px; height: 224px;\" data-original-width=\"500\" data-original-height=\"224\" > <div class=\"gallery-group images-1\" style=\"width: 334px; height: 224px;\" data-original-width=\"334\" data-original-height=\"224\" > <div class=\"tiled-gallery-item tiled-gallery-item-large\" itemprop=\"associatedMedia\" itemscope itemtype=\"http:\/\/schema.org\/ImageObject\"> <a href=\"http:\/\/www.tvturk.com\/index.php\/kayaliklardan-dusen-dag-kecisi-tedavi-altina-alindi\/kayaliklardan-dusen-dag-kecisi-tedavi-altina-alindi-3\/\" border=\"0\" itemprop=\"url\"> <meta itemprop=\"width\" content=\"330\"> <meta itemprop=\"height\" content=\"220\"> <img decoding=\"async\" class=\"\" data-attachment-id=\"142875\" data-orig-file=\"http:\/\/www.tvturk.com\/wp-content\/uploads\/2019\/04\/kayaliklardan-dusen-dag-kecisi-tedavi-altina-alindi_9bbbf98.jpg\" data-orig-size=\"1000,666\" data-comments-opened=\"\" data-image-meta=\"{&quot;aperture&quot;:&quot;0&quot;,&quot;credit&quot;:&quot;IHA&quot;,&quot;camera&quot;:&quot;&quot;,&quot;caption&quot;:&quot;TUNCEL\\u0130\\u0027DE KAYADAN D\\u00dc\\u015eT\\u00dc\\u011e\\u00dc \\u0130\\u00c7\\u0130N BACA\\u011eINDA DOKU ZEDELENMES\\u0130 OLU\\u015eAN DA\\u011e KE\\u00c7\\u0130S\\u0130 TEDAV\\u0130 ALTINA ALINDI. (ERCAN TOPA\\u00c7\\\/TUNCEL\\u0130-\\u0130HA)&quot;,&quot;created_timestamp&quot;:&quot;0&quot;,&quot;copyright&quot;:&quot;\\u0130HLAS HABER AJANSI, www.iha.com.tr&quot;,&quot;focal_length&quot;:&quot;0&quot;,&quot;iso&quot;:&quot;0&quot;,&quot;shutter_speed&quot;:&quot;0&quot;,&quot;title&quot;:&quot;KAYALIKLARDAN D\\u00dc\\u015eEN DA\\u011e KE\\u00c7\\u0130S\\u0130 TEDAV\\u0130 ALTINA ALINDI&quot;,&quot;orientation&quot;:&quot;0&quot;}\" data-image-title=\"Kayal\u0131klardan d\u00fc\u015fen da\u011f ke\u00e7isi tedavi alt\u0131na al\u0131nd\u0131\" data-image-description=\"&lt;p&gt;Kayal\u0131klardan d\u00fc\u015fen da\u011f ke\u00e7isi tedavi alt\u0131na al\u0131nd\u0131&lt;\/p&gt; \" data-medium-file=\"https:\/\/i0.wp.com\/www.tvturk.com\/wp-content\/uploads\/2019\/04\/kayaliklardan-dusen-dag-kecisi-tedavi-altina-alindi_9bbbf98.jpg?fit=300%2C200\" data-large-file=\"https:\/\/i0.wp.com\/www.tvturk.com\/wp-content\/uploads\/2019\/04\/kayaliklardan-dusen-dag-kecisi-tedavi-altina-alindi_9bbbf98.jpg?fit=1000%2C666\" src=\"https:\/\/i0.wp.com\/www.tvturk.com\/wp-content\/uploads\/2019\/04\/kayaliklardan-dusen-dag-kecisi-tedavi-altina-alindi_9bbbf98.jpg?w=330&#038;h=220\" srcset=\"https:\/\/i0.wp.com\/www.tvturk.com\/wp-content\/uploads\/2019\/04\/kayaliklardan-dusen-dag-kecisi-tedavi-altina-alindi_9bbbf98.jpg?w=1000 1000w, https:\/\/i0.wp.com\/www.tvturk.com\/wp-content\/uploads\/2019\/04\/kayaliklardan-dusen-dag-kecisi-tedavi-altina-alindi_9bbbf98.jpg?resize=150%2C100 150w, https:\/\/i0.wp.com\/www.tvturk.com\/wp-content\/uploads\/2019\/04\/kayaliklardan-dusen-dag-kecisi-tedavi-altina-alindi_9bbbf98.jpg?resize=300%2C200 300w, https:\/\/i0.wp.com\/www.tvturk.com\/wp-content\/uploads\/2019\/04\/kayaliklardan-dusen-dag-kecisi-tedavi-altina-alindi_9bbbf98.jpg?resize=768%2C511 768w, https:\/\/i0.wp.com\/www.tvturk.com\/wp-content\/uploads\/2019\/04\/kayaliklardan-dusen-dag-kecisi-tedavi-altina-alindi_9bbbf98.jpg?resize=170%2C113 170w, https:\/\/i0.wp.com\/www.tvturk.com\/wp-content\/uploads\/2019\/04\/kayaliklardan-dusen-dag-kecisi-tedavi-altina-alindi_9bbbf98.jpg?resize=120%2C80 120w\" width=\"330\" height=\"220\" loading=\"lazy\" data-original-width=\"330\" data-original-height=\"220\" itemprop=\"http:\/\/schema.org\/image\" title=\"Kayal\u0131klardan d\u00fc\u015fen da\u011f ke\u00e7isi tedavi alt\u0131na al\u0131nd\u0131\" alt=\"Kayal\u0131klardan d\u00fc\u015fen da\u011f ke\u00e7isi tedavi alt\u0131na al\u0131nd\u0131\" style=\"width: 330px; height: 220px;\" \/> <\/a> <\/div> <\/div> <!-- close group --> <div class=\"gallery-group images-2\" style=\"width: 166px; height: 224px;\" data-original-width=\"166\" data-original-height=\"224\" > <div class=\"tiled-gallery-item tiled-gallery-item-small\" itemprop=\"associatedMedia\" itemscope itemtype=\"http:\/\/schema.org\/ImageObject\"> <a href=\"http:\/\/www.tvturk.com\/index.php\/kayaliklardan-dusen-dag-kecisi-tedavi-altina-alindi\/kayaliklardan-dusen-dag-kecisi-tedavi-altina-alindi-4\/\" border=\"0\" itemprop=\"url\"> <meta itemprop=\"width\" content=\"162\"> <meta itemprop=\"height\" content=\"108\"> <img decoding=\"async\" class=\"\" data-attachment-id=\"142876\" data-orig-file=\"http:\/\/www.tvturk.com\/wp-content\/uploads\/2019\/04\/kayaliklardan-dusen-dag-kecisi-tedavi-altina-alindi_08dd322.jpg\" data-orig-size=\"1000,666\" data-comments-opened=\"\" data-image-meta=\"{&quot;aperture&quot;:&quot;0&quot;,&quot;credit&quot;:&quot;IHA&quot;,&quot;camera&quot;:&quot;&quot;,&quot;caption&quot;:&quot;TUNCEL\\u0130\\u0027DE KAYADAN D\\u00dc\\u015eT\\u00dc\\u011e\\u00dc \\u0130\\u00c7\\u0130N BACA\\u011eINDA DOKU ZEDELENMES\\u0130 OLU\\u015eAN DA\\u011e KE\\u00c7\\u0130S\\u0130 TEDAV\\u0130 ALTINA ALINDI. (ERCAN TOPA\\u00c7\\\/TUNCEL\\u0130-\\u0130HA)&quot;,&quot;created_timestamp&quot;:&quot;0&quot;,&quot;copyright&quot;:&quot;\\u0130HLAS HABER AJANSI, www.iha.com.tr&quot;,&quot;focal_length&quot;:&quot;0&quot;,&quot;iso&quot;:&quot;0&quot;,&quot;shutter_speed&quot;:&quot;0&quot;,&quot;title&quot;:&quot;KAYALIKLARDAN D\\u00dc\\u015eEN DA\\u011e KE\\u00c7\\u0130S\\u0130 TEDAV\\u0130 ALTINA ALINDI&quot;,&quot;orientation&quot;:&quot;0&quot;}\" data-image-title=\"Kayal\u0131klardan d\u00fc\u015fen da\u011f ke\u00e7isi tedavi alt\u0131na al\u0131nd\u0131\" data-image-description=\"&lt;p&gt;Kayal\u0131klardan d\u00fc\u015fen da\u011f ke\u00e7isi tedavi alt\u0131na al\u0131nd\u0131&lt;\/p&gt; \" data-medium-file=\"https:\/\/i0.wp.com\/www.tvturk.com\/wp-content\/uploads\/2019\/04\/kayaliklardan-dusen-dag-kecisi-tedavi-altina-alindi_08dd322.jpg?fit=300%2C200\" data-large-file=\"https:\/\/i0.wp.com\/www.tvturk.com\/wp-content\/uploads\/2019\/04\/kayaliklardan-dusen-dag-kecisi-tedavi-altina-alindi_08dd322.jpg?fit=1000%2C666\" src=\"https:\/\/i0.wp.com\/www.tvturk.com\/wp-content\/uploads\/2019\/04\/kayaliklardan-dusen-dag-kecisi-tedavi-altina-alindi_08dd322.jpg?w=162&#038;h=108\" srcset=\"https:\/\/i0.wp.com\/www.tvturk.com\/wp-content\/uploads\/2019\/04\/kayaliklardan-dusen-dag-kecisi-tedavi-altina-alindi_08dd322.jpg?w=1000 1000w, https:\/\/i0.wp.com\/www.tvturk.com\/wp-content\/uploads\/2019\/04\/kayaliklardan-dusen-dag-kecisi-tedavi-altina-alindi_08dd322.jpg?resize=150%2C100 150w, https:\/\/i0.wp.com\/www.tvturk.com\/wp-content\/uploads\/2019\/04\/kayaliklardan-dusen-dag-kecisi-tedavi-altina-alindi_08dd322.jpg?resize=300%2C200 300w, https:\/\/i0.wp.com\/www.tvturk.com\/wp-content\/uploads\/2019\/04\/kayaliklardan-dusen-dag-kecisi-tedavi-altina-alindi_08dd322.jpg?resize=768%2C511 768w, https:\/\/i0.wp.com\/www.tvturk.com\/wp-content\/uploads\/2019\/04\/kayaliklardan-dusen-dag-kecisi-tedavi-altina-alindi_08dd322.jpg?resize=170%2C113 170w, https:\/\/i0.wp.com\/www.tvturk.com\/wp-content\/uploads\/2019\/04\/kayaliklardan-dusen-dag-kecisi-tedavi-altina-alindi_08dd322.jpg?resize=120%2C80 120w\" width=\"162\" height=\"108\" loading=\"lazy\" data-original-width=\"162\" data-original-height=\"108\" itemprop=\"http:\/\/schema.org\/image\" title=\"Kayal\u0131klardan d\u00fc\u015fen da\u011f ke\u00e7isi tedavi alt\u0131na al\u0131nd\u0131\" alt=\"Kayal\u0131klardan d\u00fc\u015fen da\u011f ke\u00e7isi tedavi alt\u0131na al\u0131nd\u0131\" style=\"width: 162px; height: 108px;\" \/> <\/a> <\/div> <div class=\"tiled-gallery-item tiled-gallery-item-small\" itemprop=\"associatedMedia\" itemscope itemtype=\"http:\/\/schema.org\/ImageObject\"> <a href=\"http:\/\/www.tvturk.com\/index.php\/kayaliklardan-dusen-dag-kecisi-tedavi-altina-alindi\/kayaliklardan-dusen-dag-kecisi-tedavi-altina-alindi-5\/\" border=\"0\" itemprop=\"url\"> <meta itemprop=\"width\" content=\"162\"> <meta itemprop=\"height\" content=\"108\"> <img decoding=\"async\" class=\"\" data-attachment-id=\"142877\" data-orig-file=\"http:\/\/www.tvturk.com\/wp-content\/uploads\/2019\/04\/kayaliklardan-dusen-dag-kecisi-tedavi-altina-alindi_306d976.jpg\" data-orig-size=\"1000,666\" data-comments-opened=\"\" data-image-meta=\"{&quot;aperture&quot;:&quot;0&quot;,&quot;credit&quot;:&quot;IHA&quot;,&quot;camera&quot;:&quot;&quot;,&quot;caption&quot;:&quot;TUNCEL\\u0130\\u0027DE KAYADAN D\\u00dc\\u015eT\\u00dc\\u011e\\u00dc \\u0130\\u00c7\\u0130N BACA\\u011eINDA DOKU ZEDELENMES\\u0130 OLU\\u015eAN DA\\u011e KE\\u00c7\\u0130S\\u0130 TEDAV\\u0130 ALTINA ALINDI. (ERCAN TOPA\\u00c7\\\/TUNCEL\\u0130-\\u0130HA)&quot;,&quot;created_timestamp&quot;:&quot;0&quot;,&quot;copyright&quot;:&quot;\\u0130HLAS HABER AJANSI, www.iha.com.tr&quot;,&quot;focal_length&quot;:&quot;0&quot;,&quot;iso&quot;:&quot;0&quot;,&quot;shutter_speed&quot;:&quot;0&quot;,&quot;title&quot;:&quot;KAYALIKLARDAN D\\u00dc\\u015eEN DA\\u011e KE\\u00c7\\u0130S\\u0130 TEDAV\\u0130 ALTINA ALINDI&quot;,&quot;orientation&quot;:&quot;0&quot;}\" data-image-title=\"Kayal\u0131klardan d\u00fc\u015fen da\u011f ke\u00e7isi tedavi alt\u0131na al\u0131nd\u0131\" data-image-description=\"&lt;p&gt;Kayal\u0131klardan d\u00fc\u015fen da\u011f ke\u00e7isi tedavi alt\u0131na al\u0131nd\u0131&lt;\/p&gt; \" data-medium-file=\"https:\/\/i0.wp.com\/www.tvturk.com\/wp-content\/uploads\/2019\/04\/kayaliklardan-dusen-dag-kecisi-tedavi-altina-alindi_306d976.jpg?fit=300%2C200\" data-large-file=\"https:\/\/i0.wp.com\/www.tvturk.com\/wp-content\/uploads\/2019\/04\/kayaliklardan-dusen-dag-kecisi-tedavi-altina-alindi_306d976.jpg?fit=1000%2C666\" src=\"https:\/\/i0.wp.com\/www.tvturk.com\/wp-content\/uploads\/2019\/04\/kayaliklardan-dusen-dag-kecisi-tedavi-altina-alindi_306d976.jpg?w=162&#038;h=108\" srcset=\"https:\/\/i0.wp.com\/www.tvturk.com\/wp-content\/uploads\/2019\/04\/kayaliklardan-dusen-dag-kecisi-tedavi-altina-alindi_306d976.jpg?w=1000 1000w, https:\/\/i0.wp.com\/www.tvturk.com\/wp-content\/uploads\/2019\/04\/kayaliklardan-dusen-dag-kecisi-tedavi-altina-alindi_306d976.jpg?resize=150%2C100 150w, https:\/\/i0.wp.com\/www.tvturk.com\/wp-content\/uploads\/2019\/04\/kayaliklardan-dusen-dag-kecisi-tedavi-altina-alindi_306d976.jpg?resize=300%2C200 300w, https:\/\/i0.wp.com\/www.tvturk.com\/wp-content\/uploads\/2019\/04\/kayaliklardan-dusen-dag-kecisi-tedavi-altina-alindi_306d976.jpg?resize=768%2C511 768w, https:\/\/i0.wp.com\/www.tvturk.com\/wp-content\/uploads\/2019\/04\/kayaliklardan-dusen-dag-kecisi-tedavi-altina-alindi_306d976.jpg?resize=170%2C113 170w, https:\/\/i0.wp.com\/www.tvturk.com\/wp-content\/uploads\/2019\/04\/kayaliklardan-dusen-dag-kecisi-tedavi-altina-alindi_306d976.jpg?resize=120%2C80 120w\" width=\"162\" height=\"108\" loading=\"lazy\" data-original-width=\"162\" data-original-height=\"108\" itemprop=\"http:\/\/schema.org\/image\" title=\"Kayal\u0131klardan d\u00fc\u015fen da\u011f ke\u00e7isi tedavi alt\u0131na al\u0131nd\u0131\" alt=\"Kayal\u0131klardan d\u00fc\u015fen da\u011f ke\u00e7isi tedavi alt\u0131na al\u0131nd\u0131\" style=\"width: 162px; height: 108px;\" \/> <\/a> <\/div> <\/div> <!-- close group --> <\/div> <!-- close row --> <div class=\"gallery-row\" style=\"width: 500px; height: 366px;\" data-original-width=\"500\" data-original-height=\"366\" > <div class=\"gallery-group images-1\" style=\"width: 500px; height: 366px;\" data-original-width=\"500\" data-original-height=\"366\" > <div class=\"tiled-gallery-item tiled-gallery-item-large\" itemprop=\"associatedMedia\" itemscope itemtype=\"http:\/\/schema.org\/ImageObject\"> <a href=\"http:\/\/www.tvturk.com\/index.php\/kayaliklardan-dusen-dag-kecisi-tedavi-altina-alindi\/kayaliklardan-dusen-dag-kecisi-tedavi-altina-alindi-6\/\" border=\"0\" itemprop=\"url\"> <meta itemprop=\"width\" content=\"496\"> <meta itemprop=\"height\" content=\"362\"> <img decoding=\"async\" class=\"\" data-attachment-id=\"142878\" data-orig-file=\"http:\/\/www.tvturk.com\/wp-content\/uploads\/2019\/04\/kayaliklardan-dusen-dag-kecisi-tedavi-altina-alindi_b06952c.jpg\" data-orig-size=\"1000,730\" data-comments-opened=\"\" data-image-meta=\"{&quot;aperture&quot;:&quot;0&quot;,&quot;credit&quot;:&quot;IHA&quot;,&quot;camera&quot;:&quot;&quot;,&quot;caption&quot;:&quot;TUNCEL\\u0130\\u0027DE KAYADAN D\\u00dc\\u015eT\\u00dc\\u011e\\u00dc \\u0130\\u00c7\\u0130N BACA\\u011eINDA DOKU ZEDELENMES\\u0130 OLU\\u015eAN DA\\u011e KE\\u00c7\\u0130S\\u0130 TEDAV\\u0130 ALTINA ALINDI. (ERCAN TOPA\\u00c7\\\/TUNCEL\\u0130-\\u0130HA)&quot;,&quot;created_timestamp&quot;:&quot;0&quot;,&quot;copyright&quot;:&quot;\\u0130HLAS HABER AJANSI, www.iha.com.tr&quot;,&quot;focal_length&quot;:&quot;0&quot;,&quot;iso&quot;:&quot;0&quot;,&quot;shutter_speed&quot;:&quot;0&quot;,&quot;title&quot;:&quot;KAYALIKLARDAN D\\u00dc\\u015eEN DA\\u011e KE\\u00c7\\u0130S\\u0130 TEDAV\\u0130 ALTINA ALINDI&quot;,&quot;orientation&quot;:&quot;0&quot;}\" data-image-title=\"Kayal\u0131klardan d\u00fc\u015fen da\u011f ke\u00e7isi tedavi alt\u0131na al\u0131nd\u0131\" data-image-description=\"&lt;p&gt;Kayal\u0131klardan d\u00fc\u015fen da\u011f ke\u00e7isi tedavi alt\u0131na al\u0131nd\u0131&lt;\/p&gt; \" data-medium-file=\"https:\/\/i0.wp.com\/www.tvturk.com\/wp-content\/uploads\/2019\/04\/kayaliklardan-dusen-dag-kecisi-tedavi-altina-alindi_b06952c.jpg?fit=300%2C219\" data-large-file=\"https:\/\/i0.wp.com\/www.tvturk.com\/wp-content\/uploads\/2019\/04\/kayaliklardan-dusen-dag-kecisi-tedavi-altina-alindi_b06952c.jpg?fit=1000%2C730\" src=\"https:\/\/i0.wp.com\/www.tvturk.com\/wp-content\/uploads\/2019\/04\/kayaliklardan-dusen-dag-kecisi-tedavi-altina-alindi_b06952c.jpg?w=496&#038;h=362\" srcset=\"https:\/\/i0.wp.com\/www.tvturk.com\/wp-content\/uploads\/2019\/04\/kayaliklardan-dusen-dag-kecisi-tedavi-altina-alindi_b06952c.jpg?w=1000 1000w, https:\/\/i0.wp.com\/www.tvturk.com\/wp-content\/uploads\/2019\/04\/kayaliklardan-dusen-dag-kecisi-tedavi-altina-alindi_b06952c.jpg?resize=150%2C110 150w, https:\/\/i0.wp.com\/www.tvturk.com\/wp-content\/uploads\/2019\/04\/kayaliklardan-dusen-dag-kecisi-tedavi-altina-alindi_b06952c.jpg?resize=300%2C219 300w, https:\/\/i0.wp.com\/www.tvturk.com\/wp-content\/uploads\/2019\/04\/kayaliklardan-dusen-dag-kecisi-tedavi-altina-alindi_b06952c.jpg?resize=768%2C561 768w\" width=\"496\" height=\"362\" loading=\"lazy\" data-original-width=\"496\" data-original-height=\"362\" itemprop=\"http:\/\/schema.org\/image\" title=\"Kayal\u0131klardan d\u00fc\u015fen da\u011f ke\u00e7isi tedavi alt\u0131na al\u0131nd\u0131\" alt=\"Kayal\u0131klardan d\u00fc\u015fen da\u011f ke\u00e7isi tedavi alt\u0131na al\u0131nd\u0131\" style=\"width: 496px; height: 362px;\" \/> <\/a> <\/div> <\/div> <!-- close group --> <\/div> <!-- close row --> <\/div><\/p>\n","protected":false},"excerpt":{"rendered":"<p>TUNCEL\u0130&#8217;DE KAYADAN D\u00dc\u015eT\u00dc\u011e\u00dc \u0130\u00c7\u0130N BACA\u011eINDA DOKU ZEDELENMES\u0130 OLU\u015eAN DA\u011e KE\u00c7\u0130S\u0130 TEDAV\u0130 ALTINA ALINDI.<\/p>\n","protected":false},"author":1,"featured_media":142874,"comment_status":"closed","ping_status":"open","sticky":false,"template":"","format":"standard","meta":{"jetpack_post_was_ever_published":false,"_jetpack_newsletter_access":"","_jetpack_dont_email_post_to_subs":false,"_jetpack_newsletter_tier_id":0,"_jetpack_memberships_contains_paywalled_content":false,"_jetpack_memberships_contains_paid_content":false,"footnotes":"","jetpack_publicize_message":"","jetpack_publicize_feature_enabled":true,"jetpack_social_post_already_shared":true,"jetpack_social_options":{"image_generator_settings":{"template":"highway","default_image_id":0,"font":"","enabled":false},"version":2}},"categories":[1],"tags":[1014,1186,384,762,9902,10262,144],"class_list":["post-142873","post","type-post","status-publish","format-standard","has-post-thumbnail","hentry","category-genel","tag-alindi","tag-altina","tag-dag","tag-dusen","tag-kayaliklardan","tag-kecisi","tag-tedavi"],"jetpack_publicize_connections":[],"jetpack_featured_media_url":"https:\/\/i0.wp.com\/www.tvturk.com\/wp-content\/uploads\/2019\/04\/kayaliklardan-dusen-dag-kecisi-tedavi-altina-alindi_e4c1d7c.jpg?fit=1000%2C739","jetpack_sharing_enabled":true,"jetpack_shortlink":"https:\/\/wp.me\/paKIfm-Bap","_links":{"self":[{"href":"http:\/\/www.tvturk.com\/index.php\/wp-json\/wp\/v2\/posts\/142873","targetHints":{"allow":["GET"]}}],"collection":[{"href":"http:\/\/www.tvturk.com\/index.php\/wp-json\/wp\/v2\/posts"}],"about":[{"href":"http:\/\/www.tvturk.com\/index.php\/wp-json\/wp\/v2\/types\/post"}],"author":[{"embeddable":true,"href":"http:\/\/www.tvturk.com\/index.php\/wp-json\/wp\/v2\/users\/1"}],"replies":[{"embeddable":true,"href":"http:\/\/www.tvturk.com\/index.php\/wp-json\/wp\/v2\/comments?post=142873"}],"version-history":[{"count":1,"href":"http:\/\/www.tvturk.com\/index.php\/wp-json\/wp\/v2\/posts\/142873\/revisions"}],"predecessor-version":[{"id":142879,"href":"http:\/\/www.tvturk.com\/index.php\/wp-json\/wp\/v2\/posts\/142873\/revisions\/142879"}],"wp:featuredmedia":[{"embeddable":true,"href":"http:\/\/www.tvturk.com\/index.php\/wp-json\/wp\/v2\/media\/142874"}],"wp:attachment":[{"href":"http:\/\/www.tvturk.com\/index.php\/wp-json\/wp\/v2\/media?parent=142873"}],"wp:term":[{"taxonomy":"category","embeddable":true,"href":"http:\/\/www.tvturk.com\/index.php\/wp-json\/wp\/v2\/categories?post=142873"},{"taxonomy":"post_tag","embeddable":true,"href":"http:\/\/www.tvturk.com\/index.php\/wp-json\/wp\/v2\/tags?post=142873"}],"curies":[{"name":"wp","href":"https:\/\/api.w.org\/{rel}","templated":true}]}}