{"id":142974,"date":"2019-04-19T15:04:07","date_gmt":"2019-04-19T12:04:07","guid":{"rendered":"http:\/\/www.tvturk.com\/index.php\/orduda-heyelan-soncu-yollar-goctu-bahceler-zarar-gordu\/"},"modified":"2019-04-19T15:04:09","modified_gmt":"2019-04-19T12:04:09","slug":"orduda-heyelan-soncu-yollar-goctu-bahceler-zarar-gordu","status":"publish","type":"post","link":"http:\/\/www.tvturk.com\/index.php\/orduda-heyelan-soncu-yollar-goctu-bahceler-zarar-gordu\/","title":{"rendered":"Ordu\u2019da heyelan soncu yollar g\u00f6\u00e7t\u00fc, bah\u00e7eler zarar g\u00f6rd\u00fc"},"content":{"rendered":"<p>Ordu\u2019nun Korgan il\u00e7esinde a\u015f\u0131r\u0131 ya\u011f\u0131\u015flar\u0131n ard\u0131ndan meydana gelen heyelan sonucu baz\u0131 yollar u\u00e7tu, f\u0131nd\u0131k bah\u00e7elerinde de hasar meydana geldi.<\/p>\n<p>Edinilen bilgilere g\u00f6re, il\u00e7eye ba\u011fl\u0131 Karak\u0131\u015fla, So\u011fukp\u0131nar, Tepealan, \u00c7iftlik ve Ko\u00e7cu\u011faz Mahallelerinde, a\u015f\u0131r\u0131 ya\u011f\u0131\u015flar sonucu heyelan meydana geldi. Heyelan nedeniyle yollarda ve f\u0131nd\u0131k bah\u00e7elerinde hasar meydana gelirken, 29 mahalle yolunun stabilize yollar\u0131nda da bozulmalar ya\u015fand\u0131. Bir\u00e7ok yolun kapand\u0131\u011f\u0131, beton yollar\u0131n b\u00f6l\u00fcnd\u00fc\u011f\u00fc, istinat duvarlar\u0131n\u0131n y\u0131k\u0131ld\u0131\u011f\u0131 ve f\u0131nd\u0131k bah\u00e7elerinin zarar g\u00f6rd\u00fc\u011f\u00fc b\u00f6lgede, Ordu B\u00fcy\u00fck\u015fehir Belediyesi ve Korgan Belediyesi\u2019ne ba\u011fl\u0131 ekipler, ma\u011fduriyetleri gidermek i\u00e7in \u00e7al\u0131\u015fmalar\u0131 s\u00fcrd\u00fcr\u00fcyor.<\/p>\n<p>Ko\u00e7cu\u011faz Mahalle Muhtar\u0131 Zekeriya Duzak, 10 y\u0131ldan beri ilk kez bu kadar \u015fiddetli olan ya\u011fmur ya\u011f\u0131\u015f\u0131 sonras\u0131 beton perdenin a\u015fa\u011f\u0131ya u\u00e7tu\u011funu s\u00f6yledi. Ekiplerin b\u00f6lgede \u00e7al\u0131\u015fmalar\u0131 s\u00fcrd\u00fcrd\u00fc\u011f\u00fcn\u00fc belirten Muhtar Duzak, gerekenin yap\u0131laca\u011f\u0131n\u0131 belirtti.<\/p>\n<p>Korgan Fen \u0130\u015fleri M\u00fcd\u00fcr\u00fc Muhammet G\u00f6zc\u00fc de a\u015f\u0131r\u0131 ya\u011f\u0131\u015flar sonras\u0131 heyelan ve g\u00f6\u00e7\u00fcklerin meydana geldi\u011fini belirterek, \u00e7al\u0131\u015fmalar\u0131n s\u00fcrd\u00fc\u011f\u00fcn\u00fc belirtti. 29 mahallenin genelinde stabilize yollarda bozulma oldu\u011funu aktaran G\u00f6zc\u00fc, acil durumlarda vatanda\u015flar\u0131n kendilerine ula\u015fabilece\u011fini aktard\u0131.<div class=\"tiled-gallery type-rectangular tiled-gallery-unresized\" data-original-width=\"500\" data-carousel-extra='null' itemscope itemtype=\"http:\/\/schema.org\/ImageGallery\" > <div class=\"gallery-row\" style=\"width: 500px; height: 189px;\" data-original-width=\"500\" data-original-height=\"189\" > <div class=\"gallery-group images-1\" style=\"width: 250px; height: 189px;\" data-original-width=\"250\" data-original-height=\"189\" > <div class=\"tiled-gallery-item tiled-gallery-item-small\" itemprop=\"associatedMedia\" itemscope itemtype=\"http:\/\/schema.org\/ImageObject\"> <a href=\"http:\/\/www.tvturk.com\/index.php\/orduda-heyelan-soncu-yollar-goctu-bahceler-zarar-gordu\/orduda-heyelan-soncu-yollar-goctu-bahceler-zarar-gordu-3\/\" border=\"0\" itemprop=\"url\"> <meta itemprop=\"width\" content=\"246\"> <meta itemprop=\"height\" content=\"185\"> <img decoding=\"async\" class=\"\" data-attachment-id=\"142976\" data-orig-file=\"http:\/\/www.tvturk.com\/wp-content\/uploads\/2019\/04\/orduda-heyelan-soncu-yollar-goctu-bahceler-zarar-gordu_b532570.jpg\" data-orig-size=\"1000,750\" data-comments-opened=\"\" data-image-meta=\"{&quot;aperture&quot;:&quot;0&quot;,&quot;credit&quot;:&quot;IHA&quot;,&quot;camera&quot;:&quot;&quot;,&quot;caption&quot;:&quot;ORDU\\u2019NUN KORGAN \\u0130L\\u00c7ES\\u0130NDE A\\u015eIRI YA\\u011eI\\u015eLARIN ARDINDAN MEYDANA GELEN HEYELAN SONUCU, BAZI YOLLAR U\\u00c7TU, FINDIK BAH\\u00c7ELER\\u0130NDE DE HASAR MEYDANA GELD\\u0130. (SEL\\u0130M KU\\u015eCU\\\/ORDU-\\u0130HA)&quot;,&quot;created_timestamp&quot;:&quot;0&quot;,&quot;copyright&quot;:&quot;\\u0130HLAS HABER AJANSI, www.iha.com.tr&quot;,&quot;focal_length&quot;:&quot;0&quot;,&quot;iso&quot;:&quot;0&quot;,&quot;shutter_speed&quot;:&quot;0&quot;,&quot;title&quot;:&quot;ORDU\\u2019DA HEYELAN SONCU YOLLAR G\\u00d6\\u00c7T\\u00dc, BAH\\u00c7ELER ZARAR G\\u00d6RD\\u00dc KORGAN \\u0130L\\u00c7ES\\u0130NDE BAZI YOLLAR U\\u00c7TU, FINDIK BAH\\u00c7ELER\\u0130 VE TARLALAR HASAR G\\u00d6RD\\u00dc&quot;,&quot;orientation&quot;:&quot;0&quot;}\" data-image-title=\"Ordu\u2019da heyelan soncu yollar g\u00f6\u00e7t\u00fc, bah\u00e7eler zarar g\u00f6rd\u00fc\" data-image-description=\"&lt;p&gt;Ordu\u2019da heyelan soncu yollar g\u00f6\u00e7t\u00fc, bah\u00e7eler zarar g\u00f6rd\u00fc&lt;\/p&gt; \" data-medium-file=\"https:\/\/i0.wp.com\/www.tvturk.com\/wp-content\/uploads\/2019\/04\/orduda-heyelan-soncu-yollar-goctu-bahceler-zarar-gordu_b532570.jpg?fit=300%2C225\" data-large-file=\"https:\/\/i0.wp.com\/www.tvturk.com\/wp-content\/uploads\/2019\/04\/orduda-heyelan-soncu-yollar-goctu-bahceler-zarar-gordu_b532570.jpg?fit=1000%2C750\" src=\"https:\/\/i0.wp.com\/www.tvturk.com\/wp-content\/uploads\/2019\/04\/orduda-heyelan-soncu-yollar-goctu-bahceler-zarar-gordu_b532570.jpg?w=246&#038;h=185\" srcset=\"https:\/\/i0.wp.com\/www.tvturk.com\/wp-content\/uploads\/2019\/04\/orduda-heyelan-soncu-yollar-goctu-bahceler-zarar-gordu_b532570.jpg?w=1000 1000w, https:\/\/i0.wp.com\/www.tvturk.com\/wp-content\/uploads\/2019\/04\/orduda-heyelan-soncu-yollar-goctu-bahceler-zarar-gordu_b532570.jpg?resize=150%2C113 150w, https:\/\/i0.wp.com\/www.tvturk.com\/wp-content\/uploads\/2019\/04\/orduda-heyelan-soncu-yollar-goctu-bahceler-zarar-gordu_b532570.jpg?resize=300%2C225 300w, https:\/\/i0.wp.com\/www.tvturk.com\/wp-content\/uploads\/2019\/04\/orduda-heyelan-soncu-yollar-goctu-bahceler-zarar-gordu_b532570.jpg?resize=768%2C576 768w\" width=\"246\" height=\"185\" loading=\"lazy\" data-original-width=\"246\" data-original-height=\"185\" itemprop=\"http:\/\/schema.org\/image\" title=\"Ordu\u2019da heyelan soncu yollar g\u00f6\u00e7t\u00fc, bah\u00e7eler zarar g\u00f6rd\u00fc\" alt=\"Ordu\u2019da heyelan soncu yollar g\u00f6\u00e7t\u00fc, bah\u00e7eler zarar g\u00f6rd\u00fc\" style=\"width: 246px; height: 185px;\" \/> <\/a> <\/div> <\/div> <!-- close group --> <div class=\"gallery-group images-1\" style=\"width: 250px; height: 189px;\" data-original-width=\"250\" data-original-height=\"189\" > <div class=\"tiled-gallery-item tiled-gallery-item-small\" itemprop=\"associatedMedia\" itemscope itemtype=\"http:\/\/schema.org\/ImageObject\"> <a href=\"http:\/\/www.tvturk.com\/index.php\/orduda-heyelan-soncu-yollar-goctu-bahceler-zarar-gordu\/orduda-heyelan-soncu-yollar-goctu-bahceler-zarar-gordu-4\/\" border=\"0\" itemprop=\"url\"> <meta itemprop=\"width\" content=\"246\"> <meta itemprop=\"height\" content=\"185\"> <img decoding=\"async\" class=\"\" data-attachment-id=\"142977\" data-orig-file=\"http:\/\/www.tvturk.com\/wp-content\/uploads\/2019\/04\/orduda-heyelan-soncu-yollar-goctu-bahceler-zarar-gordu_2ab2bfa.jpg\" data-orig-size=\"1000,750\" data-comments-opened=\"\" data-image-meta=\"{&quot;aperture&quot;:&quot;0&quot;,&quot;credit&quot;:&quot;IHA&quot;,&quot;camera&quot;:&quot;&quot;,&quot;caption&quot;:&quot;EK\\u0130PLER\\u0130N \\u00c7ALI\\u015eMASI S\\u00dcR\\u00dcYOR (SEL\\u0130M KU\\u015eCU\\\/ORDU-\\u0130HA)&quot;,&quot;created_timestamp&quot;:&quot;0&quot;,&quot;copyright&quot;:&quot;\\u0130HLAS HABER AJANSI, www.iha.com.tr&quot;,&quot;focal_length&quot;:&quot;0&quot;,&quot;iso&quot;:&quot;0&quot;,&quot;shutter_speed&quot;:&quot;0&quot;,&quot;title&quot;:&quot;ORDU\\u2019DA HEYELAN SONCU YOLLAR G\\u00d6\\u00c7T\\u00dc, BAH\\u00c7ELER ZARAR G\\u00d6RD\\u00dc KORGAN \\u0130L\\u00c7ES\\u0130NDE BAZI YOLLAR U\\u00c7TU, FINDIK BAH\\u00c7ELER\\u0130 VE TARLALAR HASAR G\\u00d6RD\\u00dc&quot;,&quot;orientation&quot;:&quot;0&quot;}\" data-image-title=\"Ordu\u2019da heyelan soncu yollar g\u00f6\u00e7t\u00fc, bah\u00e7eler zarar g\u00f6rd\u00fc\" data-image-description=\"&lt;p&gt;Ordu\u2019da heyelan soncu yollar g\u00f6\u00e7t\u00fc, bah\u00e7eler zarar g\u00f6rd\u00fc&lt;\/p&gt; \" data-medium-file=\"https:\/\/i0.wp.com\/www.tvturk.com\/wp-content\/uploads\/2019\/04\/orduda-heyelan-soncu-yollar-goctu-bahceler-zarar-gordu_2ab2bfa.jpg?fit=300%2C225\" data-large-file=\"https:\/\/i0.wp.com\/www.tvturk.com\/wp-content\/uploads\/2019\/04\/orduda-heyelan-soncu-yollar-goctu-bahceler-zarar-gordu_2ab2bfa.jpg?fit=1000%2C750\" src=\"https:\/\/i0.wp.com\/www.tvturk.com\/wp-content\/uploads\/2019\/04\/orduda-heyelan-soncu-yollar-goctu-bahceler-zarar-gordu_2ab2bfa.jpg?w=246&#038;h=185\" srcset=\"https:\/\/i0.wp.com\/www.tvturk.com\/wp-content\/uploads\/2019\/04\/orduda-heyelan-soncu-yollar-goctu-bahceler-zarar-gordu_2ab2bfa.jpg?w=1000 1000w, https:\/\/i0.wp.com\/www.tvturk.com\/wp-content\/uploads\/2019\/04\/orduda-heyelan-soncu-yollar-goctu-bahceler-zarar-gordu_2ab2bfa.jpg?resize=150%2C113 150w, https:\/\/i0.wp.com\/www.tvturk.com\/wp-content\/uploads\/2019\/04\/orduda-heyelan-soncu-yollar-goctu-bahceler-zarar-gordu_2ab2bfa.jpg?resize=300%2C225 300w, https:\/\/i0.wp.com\/www.tvturk.com\/wp-content\/uploads\/2019\/04\/orduda-heyelan-soncu-yollar-goctu-bahceler-zarar-gordu_2ab2bfa.jpg?resize=768%2C576 768w\" width=\"246\" height=\"185\" loading=\"lazy\" data-original-width=\"246\" data-original-height=\"185\" itemprop=\"http:\/\/schema.org\/image\" title=\"Ordu\u2019da heyelan soncu yollar g\u00f6\u00e7t\u00fc, bah\u00e7eler zarar g\u00f6rd\u00fc\" alt=\"Ordu\u2019da heyelan soncu yollar g\u00f6\u00e7t\u00fc, bah\u00e7eler zarar g\u00f6rd\u00fc\" style=\"width: 246px; height: 185px;\" \/> <\/a> <\/div> <\/div> <!-- close group --> <\/div> <!-- close row --> <\/div><\/p>\n","protected":false},"excerpt":{"rendered":"<p>ORDU\u2019NUN KORGAN \u0130L\u00c7ES\u0130NDE A\u015eIRI YA\u011eI\u015eLARIN ARDINDAN MEYDANA GELEN HEYELAN SONUCU, BAZI YOLLAR U\u00c7TU, FINDIK BAH\u00c7ELER\u0130NDE DE HASAR MEYDANA GELD\u0130.<\/p>\n","protected":false},"author":1,"featured_media":142975,"comment_status":"closed","ping_status":"open","sticky":false,"template":"","format":"standard","meta":{"jetpack_post_was_ever_published":false,"_jetpack_newsletter_access":"","_jetpack_dont_email_post_to_subs":false,"_jetpack_newsletter_tier_id":0,"_jetpack_memberships_contains_paywalled_content":false,"_jetpack_memberships_contains_paid_content":false,"footnotes":"","jetpack_publicize_message":"","jetpack_publicize_feature_enabled":true,"jetpack_social_post_already_shared":true,"jetpack_social_options":{"image_generator_settings":{"template":"highway","default_image_id":0,"font":"","enabled":false},"version":2}},"categories":[1],"tags":[3001,27356,17266,244,8768,363,21867,900],"class_list":["post-142974","post","type-post","status-publish","format-standard","has-post-thumbnail","hentry","category-genel","tag-yollar","tag-bahceler","tag-goctu","tag-gordu","tag-heyelan","tag-orduda","tag-soncu","tag-zarar"],"jetpack_publicize_connections":[],"jetpack_featured_media_url":"https:\/\/i0.wp.com\/www.tvturk.com\/wp-content\/uploads\/2019\/04\/orduda-heyelan-soncu-yollar-goctu-bahceler-zarar-gordu_d924899.jpg?fit=960%2C466","jetpack_sharing_enabled":true,"jetpack_shortlink":"https:\/\/wp.me\/paKIfm-Bc2","_links":{"self":[{"href":"http:\/\/www.tvturk.com\/index.php\/wp-json\/wp\/v2\/posts\/142974","targetHints":{"allow":["GET"]}}],"collection":[{"href":"http:\/\/www.tvturk.com\/index.php\/wp-json\/wp\/v2\/posts"}],"about":[{"href":"http:\/\/www.tvturk.com\/index.php\/wp-json\/wp\/v2\/types\/post"}],"author":[{"embeddable":true,"href":"http:\/\/www.tvturk.com\/index.php\/wp-json\/wp\/v2\/users\/1"}],"replies":[{"embeddable":true,"href":"http:\/\/www.tvturk.com\/index.php\/wp-json\/wp\/v2\/comments?post=142974"}],"version-history":[{"count":1,"href":"http:\/\/www.tvturk.com\/index.php\/wp-json\/wp\/v2\/posts\/142974\/revisions"}],"predecessor-version":[{"id":142978,"href":"http:\/\/www.tvturk.com\/index.php\/wp-json\/wp\/v2\/posts\/142974\/revisions\/142978"}],"wp:featuredmedia":[{"embeddable":true,"href":"http:\/\/www.tvturk.com\/index.php\/wp-json\/wp\/v2\/media\/142975"}],"wp:attachment":[{"href":"http:\/\/www.tvturk.com\/index.php\/wp-json\/wp\/v2\/media?parent=142974"}],"wp:term":[{"taxonomy":"category","embeddable":true,"href":"http:\/\/www.tvturk.com\/index.php\/wp-json\/wp\/v2\/categories?post=142974"},{"taxonomy":"post_tag","embeddable":true,"href":"http:\/\/www.tvturk.com\/index.php\/wp-json\/wp\/v2\/tags?post=142974"}],"curies":[{"name":"wp","href":"https:\/\/api.w.org\/{rel}","templated":true}]}}