{"id":143109,"date":"2019-04-19T16:10:18","date_gmt":"2019-04-19T13:10:18","guid":{"rendered":"http:\/\/www.tvturk.com\/index.php\/buyuk-fikir-adami-semseddin-sami\/"},"modified":"2019-04-19T16:10:21","modified_gmt":"2019-04-19T13:10:21","slug":"buyuk-fikir-adami-semseddin-sami","status":"publish","type":"post","link":"http:\/\/www.tvturk.com\/index.php\/buyuk-fikir-adami-semseddin-sami\/","title":{"rendered":"B\u00fcy\u00fck fikir adam\u0131 \u015eemseddin Sami"},"content":{"rendered":"<p>Bursa G\u00f6\u00e7 Tarihi M\u00fczesi\u2019nde, &#8220;\u015eemseddin Sami\u2019nin T\u00fcrk ve Arnavut k\u00fclt\u00fcr\u00fcndeki \u00f6nemi&#8221; adl\u0131 panel ilgi g\u00f6rd\u00fc.<\/p>\n<p>Galatasaray Spor Kul\u00fcb\u00fc\u2019n\u00fcn ve Galatasaray M\u00fczesi\u2019nin kurucusu, ayn\u0131 zamanda ilk T\u00fcrk hakemi Ali Sami Yen\u2019in babas\u0131, Arnavut as\u0131ll\u0131 Osmanl\u0131 fikir insan\u0131 ve s\u00f6zl\u00fck yazar\u0131 \u015eemseddin Sami, Bursa G\u00f6\u00e7 Tarihi M\u00fczesi\u2019nde ger\u00e7ekle\u015ftirilen panelde an\u0131ld\u0131.<\/p>\n<p>Panel, ara\u015ft\u0131rmac\u0131 yazar Raif Kaplano\u011flu\u2019nun y\u00f6netiminde Uluda\u011f \u00dcniversitesi \u0130lahiyat Fak\u00fcltesi \u00d6\u011fretim \u00dcyesi Prof. Dr. Mefail H\u0131zl\u0131, Trakya \u00dcniversitesi \u00d6\u011fretim \u00dcyesi Rijete S\u0131m\u0131t\u00e7\u0131u\u2019nun i\u015ftir\u00e2kiyle ger\u00e7ekle\u015fti. PaneleRumelili Y\u00f6netici Sanayici ve \u0130\u015fadamlar\u0131 Derne\u011fi (RUMEL\u0130S\u0130AD) Ba\u015fkan\u0131 \u00d6mer Kumova, \u0130stanbul Kosova K\u00fclt\u00fcr Merkezi M\u00fcd\u00fcr\u00fc Kamil Biti\u015f, Bursa B\u00fcy\u00fck\u015fehir Belediyesi M\u00fczeler \u015eube M\u00fcd\u00fcr\u00fc Muhterem \u00c7evik ile \u00e7ok say\u0131da akademisyen ve dernek \u00fcyesi kat\u0131ld\u0131. Bursa B\u00fcy\u00fck\u015fehir Belediyesi\u2019nin katk\u0131lar\u0131yla Arnavut K\u00fclt\u00fcr Derne\u011fi taraf\u0131ndan d\u00fczenlenen panelin a\u00e7\u0131l\u0131\u015f\u0131nda konu\u015fan Dernek Ba\u015fkan\u0131 Muhammed \u015eerif, Tanzimat devri yazarlar\u0131ndan \u015eemseddin Sami\u2019nin, T\u00fcrk ve Arnavut tarihi, k\u00fclt\u00fcr ve edebiyat\u0131 i\u00e7in \u00f6nemini anlatt\u0131. \u015eemseddin Sami\u2019nin hem Arnavutluk hem de T\u00fcrkiye i\u00e7in \u00f6nemli bir \u015fahsiyet oldu\u011fu vurgulanan panelde, T\u00fcrk tarihi ara\u015ft\u0131rmalar\u0131nda yazar\u0131n \u2018K\u00e2m\u00fbs-i T\u00fcrk\u00ee\u2019 adl\u0131 eserinin h\u00e2l\u00e2 \u00f6nemli kaynaklar aras\u0131nda oldu\u011fu ifade edildi.<\/p>\n<p>Panelin ard\u0131ndan Bursa G\u00f6\u00e7 Tarihi M\u00fczesi sergi alan\u0131nda \u015eemseddin Sami\u2019nin hayat\u0131 ve eserlerini konu alan serginin a\u00e7\u0131l\u0131\u015f\u0131 ger\u00e7ekle\u015ftirildi. Sergi 13 May\u0131s 2019 tarihine kadar ziyaret edilebilecek.<div class=\"tiled-gallery type-rectangular tiled-gallery-unresized\" data-original-width=\"500\" data-carousel-extra='null' itemscope itemtype=\"http:\/\/schema.org\/ImageGallery\" > <div class=\"gallery-row\" style=\"width: 500px; height: 178px;\" data-original-width=\"500\" data-original-height=\"178\" > <div class=\"gallery-group images-1\" style=\"width: 265px; height: 178px;\" data-original-width=\"265\" data-original-height=\"178\" > <div class=\"tiled-gallery-item tiled-gallery-item-large\" itemprop=\"associatedMedia\" itemscope itemtype=\"http:\/\/schema.org\/ImageObject\"> <a href=\"http:\/\/www.tvturk.com\/index.php\/buyuk-fikir-adami-semseddin-sami\/buyuk-fikir-adami-semseddin-sami-3\/\" border=\"0\" itemprop=\"url\"> <meta itemprop=\"width\" content=\"261\"> <meta itemprop=\"height\" content=\"174\"> <img decoding=\"async\" class=\"\" data-attachment-id=\"143111\" data-orig-file=\"http:\/\/www.tvturk.com\/wp-content\/uploads\/2019\/04\/buyuk-fikir-adami-semseddin-sami_4bdb65b.jpg\" data-orig-size=\"1000,666\" data-comments-opened=\"\" data-image-meta=\"{&quot;aperture&quot;:&quot;0&quot;,&quot;credit&quot;:&quot;IHA&quot;,&quot;camera&quot;:&quot;&quot;,&quot;caption&quot;:&quot;BURSA G\\u00d6\\u00c7 TAR\\u0130H\\u0130 M\\u00dcZES\\u0130\\u2019NDE, \\u0022\\u015eEMSEDD\\u0130N SAM\\u0130\\u0027N\\u0130N T\\u00dcRK VE ARNAVUT K\\u00dcLT\\u00dcR\\u00dcNDEK\\u0130 \\u00d6NEM\\u0130\\u0022 ADLI PANEL \\u0130LG\\u0130 G\\u00d6RD\\u00dc. (\\u0130HA\\\/BURSA-\\u0130HA)&quot;,&quot;created_timestamp&quot;:&quot;0&quot;,&quot;copyright&quot;:&quot;\\u0130HLAS HABER AJANSI, www.iha.com.tr&quot;,&quot;focal_length&quot;:&quot;0&quot;,&quot;iso&quot;:&quot;0&quot;,&quot;shutter_speed&quot;:&quot;0&quot;,&quot;title&quot;:&quot;B\\u00dcY\\u00dcK F\\u0130K\\u0130R ADAMI \\u015eEMSEDD\\u0130N SAM\\u0130&quot;,&quot;orientation&quot;:&quot;0&quot;}\" data-image-title=\"B\u00fcy\u00fck fikir adam\u0131 \u015eemseddin Sami\" data-image-description=\"&lt;p&gt;B\u00fcy\u00fck fikir adam\u0131 \u015eemseddin Sami&lt;\/p&gt; \" data-medium-file=\"https:\/\/i0.wp.com\/www.tvturk.com\/wp-content\/uploads\/2019\/04\/buyuk-fikir-adami-semseddin-sami_4bdb65b.jpg?fit=300%2C200\" data-large-file=\"https:\/\/i0.wp.com\/www.tvturk.com\/wp-content\/uploads\/2019\/04\/buyuk-fikir-adami-semseddin-sami_4bdb65b.jpg?fit=1000%2C666\" src=\"https:\/\/i0.wp.com\/www.tvturk.com\/wp-content\/uploads\/2019\/04\/buyuk-fikir-adami-semseddin-sami_4bdb65b.jpg?w=261&#038;h=174\" srcset=\"https:\/\/i0.wp.com\/www.tvturk.com\/wp-content\/uploads\/2019\/04\/buyuk-fikir-adami-semseddin-sami_4bdb65b.jpg?w=1000 1000w, https:\/\/i0.wp.com\/www.tvturk.com\/wp-content\/uploads\/2019\/04\/buyuk-fikir-adami-semseddin-sami_4bdb65b.jpg?resize=150%2C100 150w, https:\/\/i0.wp.com\/www.tvturk.com\/wp-content\/uploads\/2019\/04\/buyuk-fikir-adami-semseddin-sami_4bdb65b.jpg?resize=300%2C200 300w, https:\/\/i0.wp.com\/www.tvturk.com\/wp-content\/uploads\/2019\/04\/buyuk-fikir-adami-semseddin-sami_4bdb65b.jpg?resize=768%2C511 768w, https:\/\/i0.wp.com\/www.tvturk.com\/wp-content\/uploads\/2019\/04\/buyuk-fikir-adami-semseddin-sami_4bdb65b.jpg?resize=170%2C113 170w, https:\/\/i0.wp.com\/www.tvturk.com\/wp-content\/uploads\/2019\/04\/buyuk-fikir-adami-semseddin-sami_4bdb65b.jpg?resize=120%2C80 120w\" width=\"261\" height=\"174\" loading=\"lazy\" data-original-width=\"261\" data-original-height=\"174\" itemprop=\"http:\/\/schema.org\/image\" title=\"B\u00fcy\u00fck fikir adam\u0131 \u015eemseddin Sami\" alt=\"B\u00fcy\u00fck fikir adam\u0131 \u015eemseddin Sami\" style=\"width: 261px; height: 174px;\" \/> <\/a> <\/div> <\/div> <!-- close group --> <div class=\"gallery-group images-1\" style=\"width: 235px; height: 178px;\" data-original-width=\"235\" data-original-height=\"178\" > <div class=\"tiled-gallery-item tiled-gallery-item-small\" itemprop=\"associatedMedia\" itemscope itemtype=\"http:\/\/schema.org\/ImageObject\"> <a href=\"http:\/\/www.tvturk.com\/index.php\/buyuk-fikir-adami-semseddin-sami\/buyuk-fikir-adami-semseddin-sami-4\/\" border=\"0\" itemprop=\"url\"> <meta itemprop=\"width\" content=\"231\"> <meta itemprop=\"height\" content=\"174\"> <img decoding=\"async\" class=\"\" data-attachment-id=\"143112\" data-orig-file=\"http:\/\/www.tvturk.com\/wp-content\/uploads\/2019\/04\/buyuk-fikir-adami-semseddin-sami_121cd9c.jpg\" data-orig-size=\"1000,750\" data-comments-opened=\"\" data-image-meta=\"{&quot;aperture&quot;:&quot;0&quot;,&quot;credit&quot;:&quot;IHA&quot;,&quot;camera&quot;:&quot;&quot;,&quot;caption&quot;:&quot;BURSA G\\u00d6\\u00c7 TAR\\u0130H\\u0130 M\\u00dcZES\\u0130\\u2019NDE, \\u0022\\u015eEMSEDD\\u0130N SAM\\u0130\\u0027N\\u0130N T\\u00dcRK VE ARNAVUT K\\u00dcLT\\u00dcR\\u00dcNDEK\\u0130 \\u00d6NEM\\u0130\\u0022 ADLI PANEL \\u0130LG\\u0130 G\\u00d6RD\\u00dc. (\\u0130HA\\\/BURSA-\\u0130HA)&quot;,&quot;created_timestamp&quot;:&quot;0&quot;,&quot;copyright&quot;:&quot;\\u0130HLAS HABER AJANSI, www.iha.com.tr&quot;,&quot;focal_length&quot;:&quot;0&quot;,&quot;iso&quot;:&quot;0&quot;,&quot;shutter_speed&quot;:&quot;0&quot;,&quot;title&quot;:&quot;B\\u00dcY\\u00dcK F\\u0130K\\u0130R ADAMI \\u015eEMSEDD\\u0130N SAM\\u0130&quot;,&quot;orientation&quot;:&quot;0&quot;}\" data-image-title=\"B\u00fcy\u00fck fikir adam\u0131 \u015eemseddin Sami\" data-image-description=\"&lt;p&gt;B\u00fcy\u00fck fikir adam\u0131 \u015eemseddin Sami&lt;\/p&gt; \" data-medium-file=\"https:\/\/i0.wp.com\/www.tvturk.com\/wp-content\/uploads\/2019\/04\/buyuk-fikir-adami-semseddin-sami_121cd9c.jpg?fit=300%2C225\" data-large-file=\"https:\/\/i0.wp.com\/www.tvturk.com\/wp-content\/uploads\/2019\/04\/buyuk-fikir-adami-semseddin-sami_121cd9c.jpg?fit=1000%2C750\" src=\"https:\/\/i0.wp.com\/www.tvturk.com\/wp-content\/uploads\/2019\/04\/buyuk-fikir-adami-semseddin-sami_121cd9c.jpg?w=231&#038;h=174\" srcset=\"https:\/\/i0.wp.com\/www.tvturk.com\/wp-content\/uploads\/2019\/04\/buyuk-fikir-adami-semseddin-sami_121cd9c.jpg?w=1000 1000w, https:\/\/i0.wp.com\/www.tvturk.com\/wp-content\/uploads\/2019\/04\/buyuk-fikir-adami-semseddin-sami_121cd9c.jpg?resize=150%2C113 150w, https:\/\/i0.wp.com\/www.tvturk.com\/wp-content\/uploads\/2019\/04\/buyuk-fikir-adami-semseddin-sami_121cd9c.jpg?resize=300%2C225 300w, https:\/\/i0.wp.com\/www.tvturk.com\/wp-content\/uploads\/2019\/04\/buyuk-fikir-adami-semseddin-sami_121cd9c.jpg?resize=768%2C576 768w\" width=\"231\" height=\"174\" loading=\"lazy\" data-original-width=\"231\" data-original-height=\"174\" itemprop=\"http:\/\/schema.org\/image\" title=\"B\u00fcy\u00fck fikir adam\u0131 \u015eemseddin Sami\" alt=\"B\u00fcy\u00fck fikir adam\u0131 \u015eemseddin Sami\" style=\"width: 231px; height: 174px;\" \/> <\/a> <\/div> <\/div> <!-- close group --> <\/div> <!-- close row --> <\/div><\/p>\n","protected":false},"excerpt":{"rendered":"<p>BURSA G\u00d6\u00c7 TAR\u0130H\u0130 M\u00dcZES\u0130\u2019NDE, &#8220;\u015eEMSEDD\u0130N SAM\u0130&#8217;N\u0130N T\u00dcRK VE ARNAVUT K\u00dcLT\u00dcR\u00dcNDEK\u0130 \u00d6NEM\u0130&#8221; ADLI PANEL \u0130LG\u0130 G\u00d6RD\u00dc.<\/p>\n","protected":false},"author":1,"featured_media":143110,"comment_status":"closed","ping_status":"open","sticky":false,"template":"","format":"standard","meta":{"jetpack_post_was_ever_published":false,"_jetpack_newsletter_access":"","_jetpack_dont_email_post_to_subs":false,"_jetpack_newsletter_tier_id":0,"_jetpack_memberships_contains_paywalled_content":false,"_jetpack_memberships_contains_paid_content":false,"footnotes":"","jetpack_publicize_message":"","jetpack_publicize_feature_enabled":true,"jetpack_social_post_already_shared":true,"jetpack_social_options":{"image_generator_settings":{"template":"highway","default_image_id":0,"font":"","enabled":false},"version":2}},"categories":[1],"tags":[433,545,32169,6252,32170],"class_list":["post-143109","post","type-post","status-publish","format-standard","has-post-thumbnail","hentry","category-genel","tag-adami","tag-buyuk","tag-fikir","tag-sami","tag-semseddin"],"jetpack_publicize_connections":[],"jetpack_featured_media_url":"https:\/\/i0.wp.com\/www.tvturk.com\/wp-content\/uploads\/2019\/04\/buyuk-fikir-adami-semseddin-sami_90e8976.jpg?fit=1000%2C666","jetpack_sharing_enabled":true,"jetpack_shortlink":"https:\/\/wp.me\/paKIfm-Bed","_links":{"self":[{"href":"http:\/\/www.tvturk.com\/index.php\/wp-json\/wp\/v2\/posts\/143109","targetHints":{"allow":["GET"]}}],"collection":[{"href":"http:\/\/www.tvturk.com\/index.php\/wp-json\/wp\/v2\/posts"}],"about":[{"href":"http:\/\/www.tvturk.com\/index.php\/wp-json\/wp\/v2\/types\/post"}],"author":[{"embeddable":true,"href":"http:\/\/www.tvturk.com\/index.php\/wp-json\/wp\/v2\/users\/1"}],"replies":[{"embeddable":true,"href":"http:\/\/www.tvturk.com\/index.php\/wp-json\/wp\/v2\/comments?post=143109"}],"version-history":[{"count":1,"href":"http:\/\/www.tvturk.com\/index.php\/wp-json\/wp\/v2\/posts\/143109\/revisions"}],"predecessor-version":[{"id":143113,"href":"http:\/\/www.tvturk.com\/index.php\/wp-json\/wp\/v2\/posts\/143109\/revisions\/143113"}],"wp:featuredmedia":[{"embeddable":true,"href":"http:\/\/www.tvturk.com\/index.php\/wp-json\/wp\/v2\/media\/143110"}],"wp:attachment":[{"href":"http:\/\/www.tvturk.com\/index.php\/wp-json\/wp\/v2\/media?parent=143109"}],"wp:term":[{"taxonomy":"category","embeddable":true,"href":"http:\/\/www.tvturk.com\/index.php\/wp-json\/wp\/v2\/categories?post=143109"},{"taxonomy":"post_tag","embeddable":true,"href":"http:\/\/www.tvturk.com\/index.php\/wp-json\/wp\/v2\/tags?post=143109"}],"curies":[{"name":"wp","href":"https:\/\/api.w.org\/{rel}","templated":true}]}}