{"id":143341,"date":"2019-04-19T19:05:15","date_gmt":"2019-04-19T16:05:15","guid":{"rendered":"http:\/\/www.tvturk.com\/index.php\/kamu-sen-toplu-sozlesmeden-en-az-yuzde-26-zam-bekliyor\/"},"modified":"2019-04-19T19:05:18","modified_gmt":"2019-04-19T16:05:18","slug":"kamu-sen-toplu-sozlesmeden-en-az-yuzde-26-zam-bekliyor","status":"publish","type":"post","link":"http:\/\/www.tvturk.com\/index.php\/kamu-sen-toplu-sozlesmeden-en-az-yuzde-26-zam-bekliyor\/","title":{"rendered":"Kamu Sen, toplu s\u00f6zle\u015fmeden en az y\u00fczde 26 zam bekliyor"},"content":{"rendered":"<p>Kamu Sen Genel Ba\u015fkan Yard\u0131mc\u0131s\u0131 ve T\u00fcrk E\u011fitim Sen Genel Ba\u015fkan\u0131 Talip Geylan, T\u00fcrk E\u011fitim Sen Nev\u015fehir \u015eube Ba\u015fkanl\u0131\u011f\u0131n\u0131 ziyaret etti.<\/p>\n<p>Kamu Sen Genel Ba\u015fkan Yard\u0131mc\u0131s\u0131 ve T\u00fcrk E\u011fitim Sen Genel Ba\u015fkan\u0131 Talip Geylan, T\u00fcrk E\u011fitim Sen Nev\u015fehir \u015eube Ba\u015fkanl\u0131\u011f\u0131n\u0131 ziyaret ederek \u015fube ba\u015fkan\u0131 Tayfur Urgen\u00e7\u2019ten sendika \u00e7al\u0131\u015fmalar\u0131 hakk\u0131nda bilgiler ald\u0131. Geylan burada yapt\u0131\u011f\u0131 a\u00e7\u0131klamada, Milli E\u011fitim Bakanl\u0131\u011f\u0131 taraf\u0131ndan \u00e7\u0131kart\u0131lacak olan \u00f6\u011fretmen meslek tasla\u011f\u0131na destek verdiklerini ifade ederken bu yasayla birlikte \u00f6\u011fretmenlere olan \u015fiddetin sonland\u0131r\u0131lmas\u0131n\u0131 beklediklerini s\u00f6yledi. Geylan, \u201c\u015eu an Milli E\u011fitim Bakanl\u0131\u011f\u0131 taraf\u0131ndan \u00f6\u011fretmen meslek tasla\u011f\u0131 haz\u0131rlan\u0131p Mali Bakanl\u0131\u011f\u0131na g\u00f6nderildi\u011fini biliyoruz. Se\u00e7imlerden yakla\u015f\u0131k 1 ay \u00f6nce Milli E\u011fitim Bakanl\u0131\u011f\u0131 yetkililerinin ifadesine g\u00f6re kanunla alakal\u0131 \u00e7al\u0131\u015fmalar bitmi\u015f durumda. \u00d6ncelikle \u015funu belirtmeliyim biz T\u00fcrk E\u011fitim Sen olarak \u00f6\u011fretmenlik mesle\u011finin stat\u00fcs\u00fcn\u00fc sa\u011flam bir zemine kavu\u015fturan ve \u00f6\u011fretmenlik mesle\u011finin sayg\u0131nl\u0131\u011f\u0131n\u0131 art\u0131ran bir meslek talebini y\u0131llard\u0131r ortaya koyuyoruz. Bu anlamda Milli E\u011fitim Bakanl\u0131\u011f\u0131\u2019n\u0131n bu kanun \u00e7al\u0131\u015fmas\u0131n\u0131 olumlu buldu\u011fumuzu, destekledi\u011fimizi s\u00f6yl\u00fcyoruz. Bak\u0131n art\u0131k g\u00fcn ge\u00e7miyor ki \u00f6\u011fretmenlerimize y\u00f6nelik, e\u011fitim \u00e7al\u0131\u015fanlar\u0131m\u0131za y\u00f6nelik bir \u015fiddet hadisesi haber b\u00fcltenlerine yans\u0131mam\u0131\u015f olsun. Daha iki hafta \u00f6nce Gebze il\u00e7esinde Necmettin Kuyucu arkada\u015f\u0131m\u0131z bir \u00f6\u011frencisinin b\u0131\u00e7akl\u0131 sald\u0131r\u0131s\u0131 neticesinde hayat\u0131n\u0131 kaybetti. Birka\u00e7 g\u00fcn taziye mesajlar\u0131 yay\u0131nland\u0131 unutuldu gitti. Art\u0131k bunlar\u0131n son bulmas\u0131n\u0131 istiyoruz. Bundan dolay\u0131 \u00f6\u011fretmenlerimize, e\u011fitim \u00e7al\u0131\u015fanlar\u0131m\u0131za y\u00f6nelik \u015fiddeti \u00f6nleyici tedbirlerin, cayd\u0131r\u0131c\u0131 m\u00fcyedelerin bu kanunda mutlaka yer almas\u0131n\u0131 \u0131srarla talep ediyoruz\u201d dedi.<\/p>\n<p>\u201cKamu Sen 1 May\u0131s\u2019\u0131 Samsun\u2019da kutlayacak\u201d<\/p>\n<p>Kamu Sen Genel Ba\u015fkan Yard\u0131mc\u0131s\u0131 Talip Geylan, yakla\u015fan 1 May\u0131s Emek ve Dayan\u0131\u015fma g\u00fcn\u00fcn\u00fc Kamu Sen olarak Samsun\u2019da kutlayacaklar\u0131n\u0131 s\u00f6yledi Geylan, \u201cBiliyorsunuz 1 May\u0131s tarihi yakla\u015f\u0131yor. 1 May\u0131s resmi olarak emek ve dayan\u0131\u015fma g\u00fcn\u00fc olarak bir s\u00fcredir kutlan\u0131yor. Biz T\u00fcrkiye Kamu Sen olarak bu sene 1 May\u0131s etkinli\u011fimizi Samsun\u2019da yapaca\u011f\u0131z. Biliyorsunuz 2019 T\u00fcrk milli m\u00fccadelesinin ba\u015flang\u0131c\u0131n\u0131n y\u00fcz\u00fcn\u00fc y\u0131l d\u00f6n\u00fcm\u00fc. 19 May\u0131s 1919\u2019da Samsun\u2019a \u00e7\u0131karak T\u00fcrk milletini esaretten kurtaran, i\u015fgalden kurtaran ve milli m\u00fccadele ba\u015flatan ba\u015fta b\u00fcy\u00fck \u00f6nder Mustafa Kemal Atat\u00fcrk\u2019\u00fcn olmak \u00fczere b\u00fct\u00fcn \u015fehitlerimizin, b\u00fct\u00fcn ecdad\u0131m\u0131z\u0131 hem minnetle yad edece\u011fiz hem de kamu \u00e7al\u0131\u015fanlar\u0131n\u0131n hak m\u00fccadelesini Samsun\u2019dan b\u00fct\u00fcn T\u00fcrkiye\u2019ye ifade edece\u011fiz\u201d diye konu\u015ftu.<\/p>\n<p>Geylan: \u201cKamu Sen olarak toplu s\u00f6zle\u015fmede y\u00fczde 26\u2019n\u0131n alt\u0131nda zam oran\u0131n\u0131 kabul etmiyoruz\u201d<\/p>\n<p>Kamu Sen Genel Ba\u015fkan Yard\u0131mc\u0131s\u0131 Talip Geylan, h\u00fck\u00fcmet ile yap\u0131lacak olan toplu s\u00f6zle\u015fmenin 1 A\u011fustos-31 A\u011fustos tarihleri aras\u0131nda yap\u0131laca\u011f\u0131n\u0131 ifade ederken Kamu Sen olarak y\u00fczde 26 zam oran\u0131n\u0131n alt\u0131nda bir zam oran\u0131n\u0131 kabul etmeyeceklerini belirtti. Geylan, \u201cToplu s\u00f6zle\u015fme d\u00f6nemi yakla\u015f\u0131yor. 1 A\u011fustos ile 31 A\u011fustos tarihleri aras\u0131nda bir ayl\u0131k s\u00fcrede kamu \u00e7al\u0131\u015fanlar\u0131n\u0131 temsil eden sendikalar\u0131m\u0131z h\u00fck\u00fcmet ile masaya oturacak ve \u00f6n\u00fcm\u00fczdeki iki y\u0131l\u0131n \u00f6zl\u00fck ve mali haklar\u0131n\u0131 masaya yat\u0131racaklar. \u015eu anda 2019 y\u0131l\u0131 i\u00e7erisinde kamu \u00e7al\u0131\u015fanlar\u0131n\u0131n alm\u0131\u015f oldu\u011fu maa\u015f zamm\u0131 y\u00fczde 9.  Ge\u00e7ti\u011fimiz hafta Mart ay\u0131 enflasyon rakamlar\u0131 y\u00fczde 19.31 a\u00e7\u0131kland\u0131. 2019 y\u0131l\u0131 sonu itibar\u0131yla h\u00fck\u00fcmetin ve Merkez Bankas\u0131\u2019n\u0131n enflasyon beklentisi y\u00fczde 14 bu\u00e7uktur. Yani y\u0131l sonunda hedeflenen enflasyon tutmu\u015f olsa dahi kamu \u00e7al\u0131\u015fanlar\u0131 2019 y\u0131l\u0131nda y\u00fczde 5 bu\u00e7uk cepten yiyecek. Dolay\u0131s\u0131yla T\u00fcrkiye Kamu Sen olarak enflasyon art\u0131 2 puan refah puan\u0131n\u0131 talep ederek kamu \u00e7al\u0131\u015fanlar\u0131m\u0131z\u0131n, memurlar\u0131m\u0131z\u0131n ve emeklilerin enflasyon kar\u015f\u0131s\u0131nda ezilmelerini \u00f6nlemek istiyoruz. Beklentimiz ortaya \u00e7\u0131kan ekonomik ko\u015fullar\u0131n alt\u0131nda ezilen, ekonomi alt\u0131nda ezilen insanca ya\u015fayabilme \u00fccretinden mahrum olan kamu \u00e7al\u0131\u015fanlar\u0131n\u0131n bu toplu s\u00f6zle\u015fme bitti\u011finde \u00f6n\u00fcm\u00fczdeki 2 y\u0131l i\u00e7in insanca ya\u015fayabilecekleri \u00fccrete kavu\u015fmalar\u0131n\u0131 istiyoruz.  \u015eimdi y\u00fczde ka\u00e7 zamm\u0131 bekliyorsunuz sorusuna ise \u015funu ifade etmek istiyorum. Biliyorsunuz h\u00fck\u00fcmet bu y\u0131lba\u015f\u0131nda asgari \u00fccrete y\u00fczde 26 zam yapt\u0131. Dolay\u0131s\u0131yla kamu \u00e7al\u0131\u015fanlar\u0131 i\u00e7in bu bazd\u0131r. Bunun alt\u0131nda bir zam oran\u0131n\u0131n kabul edilmesi m\u00fcmk\u00fcn de\u011fildir. Biz ekonomik de\u011ferleri masaya yat\u0131raca\u011f\u0131z, ekonomik \u00f6n g\u00f6r\u00fcleri masaya yat\u0131raca\u011f\u0131z ve h\u00fck\u00fcmete diyece\u011fi ki de\u011ferler bunlar, \u00f6ng\u00f6r\u00fclerimiz bunlar ve talebimiz budur\u201d \u015feklinde konu\u015ftu.<div class=\"tiled-gallery type-rectangular tiled-gallery-unresized\" data-original-width=\"500\" data-carousel-extra='null' itemscope itemtype=\"http:\/\/schema.org\/ImageGallery\" > <div class=\"gallery-row\" style=\"width: 500px; height: 168px;\" data-original-width=\"500\" data-original-height=\"168\" > <div class=\"gallery-group images-1\" style=\"width: 250px; height: 168px;\" data-original-width=\"250\" data-original-height=\"168\" > <div class=\"tiled-gallery-item tiled-gallery-item-small\" itemprop=\"associatedMedia\" itemscope itemtype=\"http:\/\/schema.org\/ImageObject\"> <a href=\"http:\/\/www.tvturk.com\/index.php\/kamu-sen-toplu-sozlesmeden-en-az-yuzde-26-zam-bekliyor\/kamu-sen-toplu-sozlesmeden-en-az-yuzde-26-zam-bekliyor-3\/\" border=\"0\" itemprop=\"url\"> <meta itemprop=\"width\" content=\"246\"> <meta itemprop=\"height\" content=\"164\"> <img decoding=\"async\" class=\"\" data-attachment-id=\"143343\" data-orig-file=\"http:\/\/www.tvturk.com\/wp-content\/uploads\/2019\/04\/kamu-sen-toplu-sozlesmeden-en-az-yuzde-26-zam-bekliyor_2f557b0.jpg\" data-orig-size=\"1000,666\" data-comments-opened=\"\" data-image-meta=\"{&quot;aperture&quot;:&quot;0&quot;,&quot;credit&quot;:&quot;IHA&quot;,&quot;camera&quot;:&quot;&quot;,&quot;caption&quot;:&quot;KAMU SEN GENEL BA\\u015eKAN YARDIMCISI VE T\\u00dcRK E\\u011e\\u0130T\\u0130M SEN GENEL BA\\u015eKANI TAL\\u0130P GEYLAN, T\\u00dcRK E\\u011e\\u0130T\\u0130M SEN NEV\\u015eEH\\u0130R \\u015eUBE BA\\u015eKANLI\\u011eINI Z\\u0130YARET ETT\\u0130. (CO\\u015eKUN SA\\u011eLAMD\\u0130N\\\/NEV\\u015eEH\\u0130R-\\u0130HA)&quot;,&quot;created_timestamp&quot;:&quot;0&quot;,&quot;copyright&quot;:&quot;\\u0130HLAS HABER AJANSI, www.iha.com.tr&quot;,&quot;focal_length&quot;:&quot;0&quot;,&quot;iso&quot;:&quot;0&quot;,&quot;shutter_speed&quot;:&quot;0&quot;,&quot;title&quot;:&quot;KAMU SEN, TOPLU S\\u00d6ZLE\\u015eMEDEN EN AZ Y\\u00dcZDE 26 ZAM BEKL\\u0130YOR KAMU SEN 1 MAYIS\\u2019I SAMSUN\\u2019DA KUTLAYACAK T\\u00dcRK E\\u011e\\u0130T\\u0130M SEN GENEL BA\\u015eKANI TAL\\u0130P GEYLAN: \\u201c\\u00d6\\u011eRETMENE \\u015e\\u0130DDET\\u0130N SON BULMASINI \\u0130ST\\u0130YORUZ\\u201d&quot;,&quot;orientation&quot;:&quot;0&quot;}\" data-image-title=\"Kamu Sen, toplu s\u00f6zle\u015fmeden en az y\u00fczde 26 zam bekliyor\" data-image-description=\"&lt;p&gt;Kamu Sen, toplu s\u00f6zle\u015fmeden en az y\u00fczde 26 zam bekliyor&lt;\/p&gt; \" data-medium-file=\"https:\/\/i0.wp.com\/www.tvturk.com\/wp-content\/uploads\/2019\/04\/kamu-sen-toplu-sozlesmeden-en-az-yuzde-26-zam-bekliyor_2f557b0.jpg?fit=300%2C200\" data-large-file=\"https:\/\/i0.wp.com\/www.tvturk.com\/wp-content\/uploads\/2019\/04\/kamu-sen-toplu-sozlesmeden-en-az-yuzde-26-zam-bekliyor_2f557b0.jpg?fit=1000%2C666\" src=\"https:\/\/i0.wp.com\/www.tvturk.com\/wp-content\/uploads\/2019\/04\/kamu-sen-toplu-sozlesmeden-en-az-yuzde-26-zam-bekliyor_2f557b0.jpg?w=246&#038;h=164\" srcset=\"https:\/\/i0.wp.com\/www.tvturk.com\/wp-content\/uploads\/2019\/04\/kamu-sen-toplu-sozlesmeden-en-az-yuzde-26-zam-bekliyor_2f557b0.jpg?w=1000 1000w, https:\/\/i0.wp.com\/www.tvturk.com\/wp-content\/uploads\/2019\/04\/kamu-sen-toplu-sozlesmeden-en-az-yuzde-26-zam-bekliyor_2f557b0.jpg?resize=150%2C100 150w, https:\/\/i0.wp.com\/www.tvturk.com\/wp-content\/uploads\/2019\/04\/kamu-sen-toplu-sozlesmeden-en-az-yuzde-26-zam-bekliyor_2f557b0.jpg?resize=300%2C200 300w, https:\/\/i0.wp.com\/www.tvturk.com\/wp-content\/uploads\/2019\/04\/kamu-sen-toplu-sozlesmeden-en-az-yuzde-26-zam-bekliyor_2f557b0.jpg?resize=768%2C511 768w, https:\/\/i0.wp.com\/www.tvturk.com\/wp-content\/uploads\/2019\/04\/kamu-sen-toplu-sozlesmeden-en-az-yuzde-26-zam-bekliyor_2f557b0.jpg?resize=170%2C113 170w, https:\/\/i0.wp.com\/www.tvturk.com\/wp-content\/uploads\/2019\/04\/kamu-sen-toplu-sozlesmeden-en-az-yuzde-26-zam-bekliyor_2f557b0.jpg?resize=120%2C80 120w\" width=\"246\" height=\"164\" loading=\"lazy\" data-original-width=\"246\" data-original-height=\"164\" itemprop=\"http:\/\/schema.org\/image\" title=\"Kamu Sen, toplu s\u00f6zle\u015fmeden en az y\u00fczde 26 zam bekliyor\" alt=\"Kamu Sen, toplu s\u00f6zle\u015fmeden en az y\u00fczde 26 zam bekliyor\" style=\"width: 246px; height: 164px;\" \/> <\/a> <\/div> <\/div> <!-- close group --> <div class=\"gallery-group images-1\" style=\"width: 250px; height: 168px;\" data-original-width=\"250\" data-original-height=\"168\" > <div class=\"tiled-gallery-item tiled-gallery-item-small\" itemprop=\"associatedMedia\" itemscope itemtype=\"http:\/\/schema.org\/ImageObject\"> <a href=\"http:\/\/www.tvturk.com\/index.php\/kamu-sen-toplu-sozlesmeden-en-az-yuzde-26-zam-bekliyor\/kamu-sen-toplu-sozlesmeden-en-az-yuzde-26-zam-bekliyor-4\/\" border=\"0\" itemprop=\"url\"> <meta itemprop=\"width\" content=\"246\"> <meta itemprop=\"height\" content=\"164\"> <img decoding=\"async\" class=\"\" data-attachment-id=\"143344\" data-orig-file=\"http:\/\/www.tvturk.com\/wp-content\/uploads\/2019\/04\/kamu-sen-toplu-sozlesmeden-en-az-yuzde-26-zam-bekliyor_82bbac1.jpg\" data-orig-size=\"1000,666\" data-comments-opened=\"\" data-image-meta=\"{&quot;aperture&quot;:&quot;0&quot;,&quot;credit&quot;:&quot;IHA&quot;,&quot;camera&quot;:&quot;&quot;,&quot;caption&quot;:&quot;KAMU SEN GENEL BA\\u015eKAN YARDIMCISI VE T\\u00dcRK E\\u011e\\u0130T\\u0130M SEN GENEL BA\\u015eKANI TAL\\u0130P GEYLAN, T\\u00dcRK E\\u011e\\u0130T\\u0130M SEN NEV\\u015eEH\\u0130R \\u015eUBE BA\\u015eKANLI\\u011eINI Z\\u0130YARET ETT\\u0130. (CO\\u015eKUN SA\\u011eLAMD\\u0130N\\\/NEV\\u015eEH\\u0130R-\\u0130HA)&quot;,&quot;created_timestamp&quot;:&quot;0&quot;,&quot;copyright&quot;:&quot;\\u0130HLAS HABER AJANSI, www.iha.com.tr&quot;,&quot;focal_length&quot;:&quot;0&quot;,&quot;iso&quot;:&quot;0&quot;,&quot;shutter_speed&quot;:&quot;0&quot;,&quot;title&quot;:&quot;KAMU SEN, TOPLU S\\u00d6ZLE\\u015eMEDEN EN AZ Y\\u00dcZDE 26 ZAM BEKL\\u0130YOR KAMU SEN 1 MAYIS\\u2019I SAMSUN\\u2019DA KUTLAYACAK T\\u00dcRK E\\u011e\\u0130T\\u0130M SEN GENEL BA\\u015eKANI TAL\\u0130P GEYLAN: \\u201c\\u00d6\\u011eRETMENE \\u015e\\u0130DDET\\u0130N SON BULMASINI \\u0130ST\\u0130YORUZ\\u201d&quot;,&quot;orientation&quot;:&quot;0&quot;}\" data-image-title=\"Kamu Sen, toplu s\u00f6zle\u015fmeden en az y\u00fczde 26 zam bekliyor\" data-image-description=\"&lt;p&gt;Kamu Sen, toplu s\u00f6zle\u015fmeden en az y\u00fczde 26 zam bekliyor&lt;\/p&gt; \" data-medium-file=\"https:\/\/i0.wp.com\/www.tvturk.com\/wp-content\/uploads\/2019\/04\/kamu-sen-toplu-sozlesmeden-en-az-yuzde-26-zam-bekliyor_82bbac1.jpg?fit=300%2C200\" data-large-file=\"https:\/\/i0.wp.com\/www.tvturk.com\/wp-content\/uploads\/2019\/04\/kamu-sen-toplu-sozlesmeden-en-az-yuzde-26-zam-bekliyor_82bbac1.jpg?fit=1000%2C666\" src=\"https:\/\/i0.wp.com\/www.tvturk.com\/wp-content\/uploads\/2019\/04\/kamu-sen-toplu-sozlesmeden-en-az-yuzde-26-zam-bekliyor_82bbac1.jpg?w=246&#038;h=164\" srcset=\"https:\/\/i0.wp.com\/www.tvturk.com\/wp-content\/uploads\/2019\/04\/kamu-sen-toplu-sozlesmeden-en-az-yuzde-26-zam-bekliyor_82bbac1.jpg?w=1000 1000w, https:\/\/i0.wp.com\/www.tvturk.com\/wp-content\/uploads\/2019\/04\/kamu-sen-toplu-sozlesmeden-en-az-yuzde-26-zam-bekliyor_82bbac1.jpg?resize=150%2C100 150w, https:\/\/i0.wp.com\/www.tvturk.com\/wp-content\/uploads\/2019\/04\/kamu-sen-toplu-sozlesmeden-en-az-yuzde-26-zam-bekliyor_82bbac1.jpg?resize=300%2C200 300w, https:\/\/i0.wp.com\/www.tvturk.com\/wp-content\/uploads\/2019\/04\/kamu-sen-toplu-sozlesmeden-en-az-yuzde-26-zam-bekliyor_82bbac1.jpg?resize=768%2C511 768w, https:\/\/i0.wp.com\/www.tvturk.com\/wp-content\/uploads\/2019\/04\/kamu-sen-toplu-sozlesmeden-en-az-yuzde-26-zam-bekliyor_82bbac1.jpg?resize=170%2C113 170w, https:\/\/i0.wp.com\/www.tvturk.com\/wp-content\/uploads\/2019\/04\/kamu-sen-toplu-sozlesmeden-en-az-yuzde-26-zam-bekliyor_82bbac1.jpg?resize=120%2C80 120w\" width=\"246\" height=\"164\" loading=\"lazy\" data-original-width=\"246\" data-original-height=\"164\" itemprop=\"http:\/\/schema.org\/image\" title=\"Kamu Sen, toplu s\u00f6zle\u015fmeden en az y\u00fczde 26 zam bekliyor\" alt=\"Kamu Sen, toplu s\u00f6zle\u015fmeden en az y\u00fczde 26 zam bekliyor\" style=\"width: 246px; height: 164px;\" \/> <\/a> <\/div> <\/div> <!-- close group --> <\/div> <!-- close row --> <\/div><\/p>\n","protected":false},"excerpt":{"rendered":"<p>KAMU SEN GENEL BA\u015eKAN YARDIMCISI TAL\u0130P GEYLAN H\u00dcK\u00dcMET \u0130LE YAPILACAK OLAN TOPLU S\u00d6ZLE\u015eMEN\u0130N 1 A\u011eUSTOS-31 A\u011eUSTOS TAR\u0130HLER\u0130 ARASINDA YAPILACA\u011eINI \u0130FADE EDERKEN KAMU SEN OLARAK Y\u00dcZDE 26 ZAM ORANININ ALTINDA B\u0130R ZAM ORANINI KABUL ETMEYECEKLER\u0130N\u0130 BEL\u0130RTT\u0130.<\/p>\n","protected":false},"author":1,"featured_media":143342,"comment_status":"closed","ping_status":"open","sticky":false,"template":"","format":"standard","meta":{"jetpack_post_was_ever_published":false,"_jetpack_newsletter_access":"","_jetpack_dont_email_post_to_subs":false,"_jetpack_newsletter_tier_id":0,"_jetpack_memberships_contains_paywalled_content":false,"_jetpack_memberships_contains_paid_content":false,"footnotes":"","jetpack_publicize_message":"","jetpack_publicize_feature_enabled":true,"jetpack_social_post_already_shared":true,"jetpack_social_options":{"image_generator_settings":{"template":"highway","default_image_id":0,"font":"","enabled":false},"version":2}},"categories":[1],"tags":[7388,4378,226,32204,1349,3480,4652],"class_list":["post-143341","post","type-post","status-publish","format-standard","has-post-thumbnail","hentry","category-genel","tag-sen","tag-bekliyor","tag-kamu","tag-sozlesmeden","tag-toplu","tag-yuzde","tag-zam"],"jetpack_publicize_connections":[],"jetpack_featured_media_url":"https:\/\/i0.wp.com\/www.tvturk.com\/wp-content\/uploads\/2019\/04\/kamu-sen-toplu-sozlesmeden-en-az-yuzde-26-zam-bekliyor_dd6ec85.jpg?fit=1000%2C666","jetpack_sharing_enabled":true,"jetpack_shortlink":"https:\/\/wp.me\/paKIfm-BhX","_links":{"self":[{"href":"http:\/\/www.tvturk.com\/index.php\/wp-json\/wp\/v2\/posts\/143341","targetHints":{"allow":["GET"]}}],"collection":[{"href":"http:\/\/www.tvturk.com\/index.php\/wp-json\/wp\/v2\/posts"}],"about":[{"href":"http:\/\/www.tvturk.com\/index.php\/wp-json\/wp\/v2\/types\/post"}],"author":[{"embeddable":true,"href":"http:\/\/www.tvturk.com\/index.php\/wp-json\/wp\/v2\/users\/1"}],"replies":[{"embeddable":true,"href":"http:\/\/www.tvturk.com\/index.php\/wp-json\/wp\/v2\/comments?post=143341"}],"version-history":[{"count":1,"href":"http:\/\/www.tvturk.com\/index.php\/wp-json\/wp\/v2\/posts\/143341\/revisions"}],"predecessor-version":[{"id":143345,"href":"http:\/\/www.tvturk.com\/index.php\/wp-json\/wp\/v2\/posts\/143341\/revisions\/143345"}],"wp:featuredmedia":[{"embeddable":true,"href":"http:\/\/www.tvturk.com\/index.php\/wp-json\/wp\/v2\/media\/143342"}],"wp:attachment":[{"href":"http:\/\/www.tvturk.com\/index.php\/wp-json\/wp\/v2\/media?parent=143341"}],"wp:term":[{"taxonomy":"category","embeddable":true,"href":"http:\/\/www.tvturk.com\/index.php\/wp-json\/wp\/v2\/categories?post=143341"},{"taxonomy":"post_tag","embeddable":true,"href":"http:\/\/www.tvturk.com\/index.php\/wp-json\/wp\/v2\/tags?post=143341"}],"curies":[{"name":"wp","href":"https:\/\/api.w.org\/{rel}","templated":true}]}}